{"id":249353,"date":"2025-06-20T15:01:30","date_gmt":"2025-06-20T13:01:30","guid":{"rendered":"https:\/\/www.prijedordanas.com\/?p=249353"},"modified":"2025-06-20T15:01:30","modified_gmt":"2025-06-20T13:01:30","slug":"kud-kozara-prijedor-u-petak-i-subotu-11-medunarodni-festival-folklora-kozara-i-prijatelji","status":"publish","type":"post","link":"https:\/\/www.prijedordanas.com\/?p=249353","title":{"rendered":"KUD \u201cKozara\u201d Prijedor: U petak i subotu 11. Me\u0111unarodni festival folklora \u201cKozara i prijatelji\u201d"},"content":{"rendered":"<p><a href=\"https:\/\/www.prijedordanas.com\/wp-content\/uploads\/2025\/06\/kozara-i-prijatelji-plakat2025.jpg\"><img loading=\"lazy\" decoding=\"async\" src=\"https:\/\/www.prijedordanas.com\/wp-content\/uploads\/2025\/06\/kozara-i-prijatelji-plakat2025-225x300.jpg\" alt=\"\" width=\"225\" height=\"300\" class=\"alignleft size-medium wp-image-249354\" srcset=\"https:\/\/www.prijedordanas.com\/wp-content\/uploads\/2025\/06\/kozara-i-prijatelji-plakat2025-225x300.jpg 225w, https:\/\/www.prijedordanas.com\/wp-content\/uploads\/2025\/06\/kozara-i-prijatelji-plakat2025.jpg 450w\" sizes=\"(max-width: 225px) 100vw, 225px\" \/><\/a>U organizaciji kulturno-umjetni\u010dkog dru\u0161tva \u201cKozara\u201d iz Prijedora ovog petka i subote, 20-21. juna 2025. godine, u na\u0161em gradu \u0107e biti odr\u017ean tradicionalni, 11. Me\u0111unarodni festival folklora \u201cKozara i prijatelji\u201d.<\/p>\n<p>Ovoga puta mjesto odr\u017eavanja festivala je Mali trg u centru Prijedora a program obje ve\u010deri po\u010dinje od 20 \u010dasova.<\/p>\n<p>Osim doma\u0107ina nastupac\u0301e i njihovi dragi prijatelji iz Hrvatske, Slovenije, Srbije i Republike Srpske.<\/p>\n<p>U petak, 20. juna bi\u0107e odr\u017eano &#8220;Ve\u010de izvornog pjevanja&#8221; a u programu \u0107e u\u010destvovati KUD &#8220;Piskavica&#8221;, KUD &#8220;Una&#8221; Novi Grad, Udru\u017eenje &#8220;Sana&#8221; Stara Pazova, SKD &#8220;Vreteno&#8221; Rijeka, SKD &#8220;Prosvjeta&#8221; Slavonski Brod, Udru\u017eenje guslara Slovenije, KUD &#8220;Milan Egi\u0107&#8221; Brezi\u010dani i KUD &#8220;Kozara&#8221; Prijedor.<\/p>\n<p>U subotu, 21. juna je &#8220;Ve\u010de folklora&#8221; a nastupi\u0107e SKD &#8220;Novo Mesto&#8221;, SKUD &#8220;Ra\u017eljevo&#8221;, KUD &#8220;Vaso Pelagi\u0107&#8221; Pelagi\u0107evo, SKUD &#8220;Dr Mladen Stojanovi\u0107&#8221; Prijedor, KUD &#8220;Milan Egi\u0107&#8221; Brezi\u010dani i KUD &#8220;Kozara&#8221; Prijedor.<\/p>\n<p>O\u010dekuje Vas bogat program.<\/p>\n<p>Kulturno-umjetni\u010dko dru\u0161tvo &#8220;Kozara&#8221; iz Prijedora osnovano je 1974. godine.<\/p>\n<p>Tekst &#8211; Aleksandar Drakuli\u0107 \u2013 <a href=\"https:\/\/www.prijedordanas.com\" target=\"_blank\" rel=\"noopener noreferrer\">www.prijedordanas.com<\/a><br \/>\nFoto &#8211; KUD Kozara<\/p>\n","protected":false},"excerpt":{"rendered":"<p>U organizaciji kulturno-umjetni\u010dkog dru\u0161tva \u201cKozara\u201d iz Prijedora ovog petka i subote, 20-21. juna 2025. godine, u na\u0161em gradu \u0107e biti odr\u017ean tradicionalni, 11. Me\u0111unarodni festival folklora \u201cKozara i prijatelji\u201d. Ovoga [&hellip;]<\/p>\n","protected":false},"author":1,"featured_media":0,"comment_status":"closed","ping_status":"open","sticky":false,"template":"","format":"standard","meta":{"_monsterinsights_skip_tracking":false,"_monsterinsights_sitenote_active":false,"_monsterinsights_sitenote_note":"","_monsterinsights_sitenote_category":0,"footnotes":""},"categories":[6],"tags":[],"yoast_head":"<!-- This site is optimized with the Yoast SEO plugin v21.6 - https:\/\/yoast.com\/wordpress\/plugins\/seo\/ -->\n<title>KUD \u201cKozara\u201d Prijedor: U petak i subotu 11. Me\u0111unarodni festival folklora \u201cKozara i prijatelji\u201d - PrijedorDanas.com - Prijedorski gradski portal<\/title>\n<meta name=\"robots\" content=\"index, follow, max-snippet:-1, max-image-preview:large, max-video-preview:-1\" \/>\n<link rel=\"canonical\" href=\"https:\/\/www.prijedordanas.com\/?p=249353\" \/>\n<meta property=\"og:locale\" content=\"en_US\" \/>\n<meta property=\"og:type\" content=\"article\" \/>\n<meta property=\"og:title\" content=\"KUD \u201cKozara\u201d Prijedor: U petak i subotu 11. Me\u0111unarodni festival folklora \u201cKozara i prijatelji\u201d - PrijedorDanas.com - Prijedorski gradski portal\" \/>\n<meta property=\"og:description\" content=\"U organizaciji kulturno-umjetni\u010dkog dru\u0161tva \u201cKozara\u201d iz Prijedora ovog petka i subote, 20-21. juna 2025. godine, u na\u0161em gradu \u0107e biti odr\u017ean tradicionalni, 11. Me\u0111unarodni festival folklora \u201cKozara i prijatelji\u201d. Ovoga [&hellip;]\" \/>\n<meta property=\"og:url\" content=\"https:\/\/www.prijedordanas.com\/?p=249353\" \/>\n<meta property=\"og:site_name\" content=\"PrijedorDanas.com - Prijedorski gradski portal\" \/>\n<meta property=\"article:publisher\" content=\"https:\/\/www.facebook.com\/PrijedorDanasCom\/\" \/>\n<meta property=\"article:published_time\" content=\"2025-06-20T13:01:30+00:00\" \/>\n<meta property=\"og:image\" content=\"https:\/\/www.prijedordanas.com\/wp-content\/uploads\/2025\/06\/kozara-i-prijatelji-plakat2025-225x300.jpg\" \/>\n<meta name=\"author\" content=\"admin\" \/>\n<meta name=\"twitter:card\" content=\"summary_large_image\" \/>\n<meta name=\"twitter:label1\" content=\"Written by\" \/>\n\t<meta name=\"twitter:data1\" content=\"admin\" \/>\n<script type=\"application\/ld+json\" class=\"yoast-schema-graph\">{\"@context\":\"https:\/\/schema.org\",\"@graph\":[{\"@type\":\"Article\",\"@id\":\"https:\/\/www.prijedordanas.com\/?p=249353#article\",\"isPartOf\":{\"@id\":\"https:\/\/www.prijedordanas.com\/?p=249353\"},\"author\":{\"name\":\"admin\",\"@id\":\"https:\/\/www.prijedordanas.com\/#\/schema\/person\/4e08ccf29b506ca916ff86d46bb700e6\"},\"headline\":\"KUD \u201cKozara\u201d Prijedor: U petak i subotu 11. Me\u0111unarodni festival folklora \u201cKozara i prijatelji\u201d\",\"datePublished\":\"2025-06-20T13:01:30+00:00\",\"dateModified\":\"2025-06-20T13:01:30+00:00\",\"mainEntityOfPage\":{\"@id\":\"https:\/\/www.prijedordanas.com\/?p=249353\"},\"wordCount\":192,\"publisher\":{\"@id\":\"https:\/\/www.prijedordanas.com\/#organization\"},\"articleSection\":[\"Kultura\"],\"inLanguage\":\"en-US\"},{\"@type\":\"WebPage\",\"@id\":\"https:\/\/www.prijedordanas.com\/?p=249353\",\"url\":\"https:\/\/www.prijedordanas.com\/?p=249353\",\"name\":\"KUD \u201cKozara\u201d Prijedor: U petak i subotu 11. Me\u0111unarodni festival folklora \u201cKozara i prijatelji\u201d - PrijedorDanas.com - Prijedorski gradski portal\",\"isPartOf\":{\"@id\":\"https:\/\/www.prijedordanas.com\/#website\"},\"datePublished\":\"2025-06-20T13:01:30+00:00\",\"dateModified\":\"2025-06-20T13:01:30+00:00\",\"breadcrumb\":{\"@id\":\"https:\/\/www.prijedordanas.com\/?p=249353#breadcrumb\"},\"inLanguage\":\"en-US\",\"potentialAction\":[{\"@type\":\"ReadAction\",\"target\":[\"https:\/\/www.prijedordanas.com\/?p=249353\"]}]},{\"@type\":\"BreadcrumbList\",\"@id\":\"https:\/\/www.prijedordanas.com\/?p=249353#breadcrumb\",\"itemListElement\":[{\"@type\":\"ListItem\",\"position\":1,\"name\":\"Home\",\"item\":\"https:\/\/www.prijedordanas.com\/\"},{\"@type\":\"ListItem\",\"position\":2,\"name\":\"KUD \u201cKozara\u201d Prijedor: U petak i subotu 11. Me\u0111unarodni festival folklora \u201cKozara i prijatelji\u201d\"}]},{\"@type\":\"WebSite\",\"@id\":\"https:\/\/www.prijedordanas.com\/#website\",\"url\":\"https:\/\/www.prijedordanas.com\/\",\"name\":\"PrijedorDanas.com - Prijedorski gradski portal\",\"description\":\"Portal o doga\u0111anjima u gradu Prijedoru\",\"publisher\":{\"@id\":\"https:\/\/www.prijedordanas.com\/#organization\"},\"potentialAction\":[{\"@type\":\"SearchAction\",\"target\":{\"@type\":\"EntryPoint\",\"urlTemplate\":\"https:\/\/www.prijedordanas.com\/?s={search_term_string}\"},\"query-input\":\"required name=search_term_string\"}],\"inLanguage\":\"en-US\"},{\"@type\":\"Organization\",\"@id\":\"https:\/\/www.prijedordanas.com\/#organization\",\"name\":\"PrijedorDanas.com\",\"url\":\"https:\/\/www.prijedordanas.com\/\",\"logo\":{\"@type\":\"ImageObject\",\"inLanguage\":\"en-US\",\"@id\":\"https:\/\/www.prijedordanas.com\/#\/schema\/logo\/image\/\",\"url\":\"http:\/\/www.prijedordanas.com\/wp-content\/uploads\/2021\/12\/logopng.png\",\"contentUrl\":\"http:\/\/www.prijedordanas.com\/wp-content\/uploads\/2021\/12\/logopng.png\",\"width\":1019,\"height\":776,\"caption\":\"PrijedorDanas.com\"},\"image\":{\"@id\":\"https:\/\/www.prijedordanas.com\/#\/schema\/logo\/image\/\"},\"sameAs\":[\"https:\/\/www.facebook.com\/PrijedorDanasCom\/\"]},{\"@type\":\"Person\",\"@id\":\"https:\/\/www.prijedordanas.com\/#\/schema\/person\/4e08ccf29b506ca916ff86d46bb700e6\",\"name\":\"admin\",\"image\":{\"@type\":\"ImageObject\",\"inLanguage\":\"en-US\",\"@id\":\"https:\/\/www.prijedordanas.com\/#\/schema\/person\/image\/\",\"url\":\"https:\/\/secure.gravatar.com\/avatar\/1d3fc949d550f0b53a5f0d51e06dfd79?s=96&d=mm&r=g\",\"contentUrl\":\"https:\/\/secure.gravatar.com\/avatar\/1d3fc949d550f0b53a5f0d51e06dfd79?s=96&d=mm&r=g\",\"caption\":\"admin\"},\"url\":\"https:\/\/www.prijedordanas.com\/?author=1\"}]}<\/script>\n<!-- \/ Yoast SEO plugin. -->","yoast_head_json":{"title":"KUD \u201cKozara\u201d Prijedor: U petak i subotu 11. Me\u0111unarodni festival folklora \u201cKozara i prijatelji\u201d - PrijedorDanas.com - Prijedorski gradski portal","robots":{"index":"index","follow":"follow","max-snippet":"max-snippet:-1","max-image-preview":"max-image-preview:large","max-video-preview":"max-video-preview:-1"},"canonical":"https:\/\/www.prijedordanas.com\/?p=249353","og_locale":"en_US","og_type":"article","og_title":"KUD \u201cKozara\u201d Prijedor: U petak i subotu 11. Me\u0111unarodni festival folklora \u201cKozara i prijatelji\u201d - PrijedorDanas.com - Prijedorski gradski portal","og_description":"U organizaciji kulturno-umjetni\u010dkog dru\u0161tva \u201cKozara\u201d iz Prijedora ovog petka i subote, 20-21. juna 2025. godine, u na\u0161em gradu \u0107e biti odr\u017ean tradicionalni, 11. Me\u0111unarodni festival folklora \u201cKozara i prijatelji\u201d. Ovoga [&hellip;]","og_url":"https:\/\/www.prijedordanas.com\/?p=249353","og_site_name":"PrijedorDanas.com - Prijedorski gradski portal","article_publisher":"https:\/\/www.facebook.com\/PrijedorDanasCom\/","article_published_time":"2025-06-20T13:01:30+00:00","og_image":[{"url":"https:\/\/www.prijedordanas.com\/wp-content\/uploads\/2025\/06\/kozara-i-prijatelji-plakat2025-225x300.jpg"}],"author":"admin","twitter_card":"summary_large_image","twitter_misc":{"Written by":"admin"},"schema":{"@context":"https:\/\/schema.org","@graph":[{"@type":"Article","@id":"https:\/\/www.prijedordanas.com\/?p=249353#article","isPartOf":{"@id":"https:\/\/www.prijedordanas.com\/?p=249353"},"author":{"name":"admin","@id":"https:\/\/www.prijedordanas.com\/#\/schema\/person\/4e08ccf29b506ca916ff86d46bb700e6"},"headline":"KUD \u201cKozara\u201d Prijedor: U petak i subotu 11. Me\u0111unarodni festival folklora \u201cKozara i prijatelji\u201d","datePublished":"2025-06-20T13:01:30+00:00","dateModified":"2025-06-20T13:01:30+00:00","mainEntityOfPage":{"@id":"https:\/\/www.prijedordanas.com\/?p=249353"},"wordCount":192,"publisher":{"@id":"https:\/\/www.prijedordanas.com\/#organization"},"articleSection":["Kultura"],"inLanguage":"en-US"},{"@type":"WebPage","@id":"https:\/\/www.prijedordanas.com\/?p=249353","url":"https:\/\/www.prijedordanas.com\/?p=249353","name":"KUD \u201cKozara\u201d Prijedor: U petak i subotu 11. Me\u0111unarodni festival folklora \u201cKozara i prijatelji\u201d - PrijedorDanas.com - Prijedorski gradski portal","isPartOf":{"@id":"https:\/\/www.prijedordanas.com\/#website"},"datePublished":"2025-06-20T13:01:30+00:00","dateModified":"2025-06-20T13:01:30+00:00","breadcrumb":{"@id":"https:\/\/www.prijedordanas.com\/?p=249353#breadcrumb"},"inLanguage":"en-US","potentialAction":[{"@type":"ReadAction","target":["https:\/\/www.prijedordanas.com\/?p=249353"]}]},{"@type":"BreadcrumbList","@id":"https:\/\/www.prijedordanas.com\/?p=249353#breadcrumb","itemListElement":[{"@type":"ListItem","position":1,"name":"Home","item":"https:\/\/www.prijedordanas.com\/"},{"@type":"ListItem","position":2,"name":"KUD \u201cKozara\u201d Prijedor: U petak i subotu 11. Me\u0111unarodni festival folklora \u201cKozara i prijatelji\u201d"}]},{"@type":"WebSite","@id":"https:\/\/www.prijedordanas.com\/#website","url":"https:\/\/www.prijedordanas.com\/","name":"PrijedorDanas.com - Prijedorski gradski portal","description":"Portal o doga\u0111anjima u gradu Prijedoru","publisher":{"@id":"https:\/\/www.prijedordanas.com\/#organization"},"potentialAction":[{"@type":"SearchAction","target":{"@type":"EntryPoint","urlTemplate":"https:\/\/www.prijedordanas.com\/?s={search_term_string}"},"query-input":"required name=search_term_string"}],"inLanguage":"en-US"},{"@type":"Organization","@id":"https:\/\/www.prijedordanas.com\/#organization","name":"PrijedorDanas.com","url":"https:\/\/www.prijedordanas.com\/","logo":{"@type":"ImageObject","inLanguage":"en-US","@id":"https:\/\/www.prijedordanas.com\/#\/schema\/logo\/image\/","url":"http:\/\/www.prijedordanas.com\/wp-content\/uploads\/2021\/12\/logopng.png","contentUrl":"http:\/\/www.prijedordanas.com\/wp-content\/uploads\/2021\/12\/logopng.png","width":1019,"height":776,"caption":"PrijedorDanas.com"},"image":{"@id":"https:\/\/www.prijedordanas.com\/#\/schema\/logo\/image\/"},"sameAs":["https:\/\/www.facebook.com\/PrijedorDanasCom\/"]},{"@type":"Person","@id":"https:\/\/www.prijedordanas.com\/#\/schema\/person\/4e08ccf29b506ca916ff86d46bb700e6","name":"admin","image":{"@type":"ImageObject","inLanguage":"en-US","@id":"https:\/\/www.prijedordanas.com\/#\/schema\/person\/image\/","url":"https:\/\/secure.gravatar.com\/avatar\/1d3fc949d550f0b53a5f0d51e06dfd79?s=96&d=mm&r=g","contentUrl":"https:\/\/secure.gravatar.com\/avatar\/1d3fc949d550f0b53a5f0d51e06dfd79?s=96&d=mm&r=g","caption":"admin"},"url":"https:\/\/www.prijedordanas.com\/?author=1"}]}},"_links":{"self":[{"href":"https:\/\/www.prijedordanas.com\/index.php?rest_route=\/wp\/v2\/posts\/249353"}],"collection":[{"href":"https:\/\/www.prijedordanas.com\/index.php?rest_route=\/wp\/v2\/posts"}],"about":[{"href":"https:\/\/www.prijedordanas.com\/index.php?rest_route=\/wp\/v2\/types\/post"}],"author":[{"embeddable":true,"href":"https:\/\/www.prijedordanas.com\/index.php?rest_route=\/wp\/v2\/users\/1"}],"replies":[{"embeddable":true,"href":"https:\/\/www.prijedordanas.com\/index.php?rest_route=%2Fwp%2Fv2%2Fcomments&post=249353"}],"version-history":[{"count":1,"href":"https:\/\/www.prijedordanas.com\/index.php?rest_route=\/wp\/v2\/posts\/249353\/revisions"}],"predecessor-version":[{"id":249355,"href":"https:\/\/www.prijedordanas.com\/index.php?rest_route=\/wp\/v2\/posts\/249353\/revisions\/249355"}],"wp:attachment":[{"href":"https:\/\/www.prijedordanas.com\/index.php?rest_route=%2Fwp%2Fv2%2Fmedia&parent=249353"}],"wp:term":[{"taxonomy":"category","embeddable":true,"href":"https:\/\/www.prijedordanas.com\/index.php?rest_route=%2Fwp%2Fv2%2Fcategories&post=249353"},{"taxonomy":"post_tag","embeddable":true,"href":"https:\/\/www.prijedordanas.com\/index.php?rest_route=%2Fwp%2Fv2%2Ftags&post=249353"}],"curies":[{"name":"wp","href":"https:\/\/api.w.org\/{rel}","templated":true}]}}