{"id":249310,"date":"2025-06-19T19:26:48","date_gmt":"2025-06-19T17:26:48","guid":{"rendered":"https:\/\/www.prijedordanas.com\/?p=249310"},"modified":"2025-06-19T19:26:48","modified_gmt":"2025-06-19T17:26:48","slug":"prijedor-kroz-projekat-zaposli-se-deset-polaznica-polozilo-za-pomocnog-kuvara-foto-video","status":"publish","type":"post","link":"https:\/\/www.prijedordanas.com\/?p=249310","title":{"rendered":"Prijedor: Kroz projekat &#8220;Zaposli se&#8221;, deset polaznica polo\u017eilo za pomo\u0107nog kuvara &#8211; FOTO\/VIDEO"},"content":{"rendered":"<p><a href=\"https:\/\/www.prijedordanas.com\/wp-content\/uploads\/2025\/06\/kozarski-zaposli-se-1.jpg\"><img loading=\"lazy\" decoding=\"async\" class=\"alignleft size-medium wp-image-249311\" src=\"https:\/\/www.prijedordanas.com\/wp-content\/uploads\/2025\/06\/kozarski-zaposli-se-1-300x225.jpg\" alt=\"\" width=\"300\" height=\"225\" srcset=\"https:\/\/www.prijedordanas.com\/wp-content\/uploads\/2025\/06\/kozarski-zaposli-se-1-300x225.jpg 300w, https:\/\/www.prijedordanas.com\/wp-content\/uploads\/2025\/06\/kozarski-zaposli-se-1-640x480.jpg 640w, https:\/\/www.prijedordanas.com\/wp-content\/uploads\/2025\/06\/kozarski-zaposli-se-1.jpg 667w\" sizes=\"(max-width: 300px) 100vw, 300px\" \/><\/a>Agencija za ekonomski razvoj PREDA, u saradnji sa Ugostiteljsko-ekonomskom \u0161kolom, uspje\u0161no je realizovala jo\u0161 jedan segment projekta \u201eZaposli se\u201c, kojim se \u017eenama iz ruralnih sredina omogu\u0107ava da lak\u0161e do\u0111u do zaposlenja.<\/p>\n<p>Ovoga puta u pitanju je obuka za pomo\u0107nog kuvara, koja je trajala tri mjeseca i koju je uspje\u0161no zavr\u0161ilo deset polaznica.<\/p>\n<p>Me\u0111u njima su Zorica Kokot i Ljiljana Miluni\u0107, koje, nadaju\u0107i se da \u0107e na\u0107i posao, ka\u017eu da su dosta toga nau\u010dile.<\/p>\n<p>\u201eStekla sam neko novo znanje, malo se dru\u017eila sa koleginicama i ne\u0161to bolje nau\u010dila. Nadam se da \u0107u se zaposliti negdje, da \u0107e me neko primiti\u201c, ka\u017ee Zorica. \u201eJako puno smo nau\u010dile, zadovoljne smo sa na\u0161im profesorima i sa onim kako smo mi uradile ono \u0161to je trebalo. Nisam prije nikad skoro radila, samo dvije godine, uvijek sam na birou, tako da nadam se zaposlenju\u201c, istakla je Ljiljana.<\/p>\n<p><a href=\"https:\/\/www.prijedordanas.com\/wp-content\/uploads\/2025\/06\/kozarski-zaposli-se-3.jpg\"><img loading=\"lazy\" decoding=\"async\" class=\"alignleft size-medium wp-image-249312\" src=\"https:\/\/www.prijedordanas.com\/wp-content\/uploads\/2025\/06\/kozarski-zaposli-se-3-300x169.jpg\" alt=\"\" width=\"300\" height=\"169\" srcset=\"https:\/\/www.prijedordanas.com\/wp-content\/uploads\/2025\/06\/kozarski-zaposli-se-3-300x169.jpg 300w, https:\/\/www.prijedordanas.com\/wp-content\/uploads\/2025\/06\/kozarski-zaposli-se-3.jpg 600w\" sizes=\"(max-width: 300px) 100vw, 300px\" \/><\/a>Ugostitelji ka\u017eu da je kuvar tra\u017eeno zanimanje, pogotovo u turisti\u010dkoj sezoni. I oni se nadaju da \u0107e nakon osposobljavanja \u017eena preko projekta \u201eZaposli se\u201c, sa njima ostvariti saradnju na obostrano zadovoljstvo.<\/p>\n<p>Radovan Surtov isti\u010de da u hotelu \u201eLe pont\u201c ima deset kuvara, dodaju\u0107i da ih za uspje\u0161an rad treba jo\u0161.<\/p>\n<p>\u201eJako mi je drago \u0161to je pokrenuta ta inicijativa oko usmjerenja radnika koji su nam ba\u0161 potrebni, pogotovo u sezoni, a i van sezone. Ugostiteljski sektor vapi za ovakvim radnicima\u201c, poru\u010dio je Surtov.<\/p>\n<p>U Razvojnoj agenciji PREDA poja\u0161njavaju da su polaznice imale 340 \u010dasova teorijske i prakti\u010dne nastave, napominju\u0107i da je cilj ovakvih projekata ohrabrivanje i osna\u017eivanje \u017eena u njihovoj borbi za egzistencijalno odr\u017eiv dru\u0161tveni status.<\/p>\n<p><a href=\"https:\/\/www.prijedordanas.com\/wp-content\/uploads\/2025\/06\/kozarski-zaposli-se-2.jpg\"><img loading=\"lazy\" decoding=\"async\" class=\"alignleft size-medium wp-image-249313\" src=\"https:\/\/www.prijedordanas.com\/wp-content\/uploads\/2025\/06\/kozarski-zaposli-se-2-300x169.jpg\" alt=\"\" width=\"300\" height=\"169\" srcset=\"https:\/\/www.prijedordanas.com\/wp-content\/uploads\/2025\/06\/kozarski-zaposli-se-2-300x169.jpg 300w, https:\/\/www.prijedordanas.com\/wp-content\/uploads\/2025\/06\/kozarski-zaposli-se-2.jpg 600w\" sizes=\"(max-width: 300px) 100vw, 300px\" \/><\/a>U PREDI isti\u010du da ovakve akativnosti donose konkretne rezultate.<\/p>\n<p>\u201cOno \u0161to smo mi bilje\u017eili preko na\u0161e interne baze, koju smo zadu\u017eili od Me\u0111unarodne organizacije rada, nezavisno od ovih \u017eena koje su pro\u0161le obuke, imamo 18 zaposlenih \u017eena iz na\u0161e baze, s tim da nam je sveukupni indikator 35 zaposlenih \u017eena\u201d, rekla je Sanja Karanovi\u0107, projekt menad\u017eer u razvojnoj agenciji PREDA.<\/p>\n<p>Sa svojim stru\u010dno tehni\u010dkim kadrom, Ugostiteljsko ekonomska \u0161kola bila je partner u realizaciji projekta \u201cZaposli se\u201d.<\/p>\n<p><a href=\"https:\/\/www.prijedordanas.com\/wp-content\/uploads\/2025\/06\/kozarski-zaposli-se-4.jpg\"><img loading=\"lazy\" decoding=\"async\" src=\"https:\/\/www.prijedordanas.com\/wp-content\/uploads\/2025\/06\/kozarski-zaposli-se-4-300x169.jpg\" alt=\"\" width=\"300\" height=\"169\" class=\"alignleft size-medium wp-image-249314\" srcset=\"https:\/\/www.prijedordanas.com\/wp-content\/uploads\/2025\/06\/kozarski-zaposli-se-4-300x169.jpg 300w, https:\/\/www.prijedordanas.com\/wp-content\/uploads\/2025\/06\/kozarski-zaposli-se-4.jpg 600w\" sizes=\"(max-width: 300px) 100vw, 300px\" \/><\/a>U ovoj obrazovnoj ustanovi odr\u017ean je i mini sajam zapo\u0161ljavanja, gdje su ugostitelji mogli da se uvjere koliko su polaznice obuke vje\u0161te u pripremanju i serviranju hrane.<\/p>\n<p>\u201cObuka je podrazumijevala teorijsku i prakti\u010dnu nastavu, a dana\u0161njim polaganjem zavr\u0161nog ispita polaznice \u0107e dobiti certifikate, \u010dime \u0107e im biti lak\u0161e iza\u0107i na tr\u017ei\u0161te rada. Ovo zanimanje je deficitarno u na\u0161em gradu i obuka \u0107e im svakako pomo\u0107i prilikom zaposlenja\u201d, istakla je Dra\u017eena Mr\u0161i\u0107, direktor \u0161kole.<\/p>\n<p>Pojekat \u201cZaposli se\u201d finansira Evropska unija i \u0161vedska Vlada, a implementira Me\u0111unarodna organizacija rada.<\/p>\n<p>Pored obuke za pomo\u0107nog kuvara, obuhvataju\u0107i jo\u0161 nekoliko oblasti, ovaj projekat je u Prijedor donio oko 180.000 dolara.<\/p>\n<p><strong><a href=\"https:\/\/kozarski.com\/kroz-projekat-zaposli-se-deset-polaznica-polozilo-za-pomocnog-kuvara\/\" target=\"_blank\" rel=\"noopener\">kozarski.com<\/a><\/strong><\/p>\n<p><a href=\"https:\/\/www.prijedordanas.com\/wp-content\/uploads\/2025\/06\/kozarski-zaposli-se-5.jpg\"><img loading=\"lazy\" decoding=\"async\" src=\"https:\/\/www.prijedordanas.com\/wp-content\/uploads\/2025\/06\/kozarski-zaposli-se-5-300x169.jpg\" alt=\"\" width=\"300\" height=\"169\" class=\"alignleft size-medium wp-image-249315\" srcset=\"https:\/\/www.prijedordanas.com\/wp-content\/uploads\/2025\/06\/kozarski-zaposli-se-5-300x169.jpg 300w, https:\/\/www.prijedordanas.com\/wp-content\/uploads\/2025\/06\/kozarski-zaposli-se-5.jpg 600w\" sizes=\"(max-width: 300px) 100vw, 300px\" \/><\/a><\/p>\n<p><iframe loading=\"lazy\" title=\"KROZ PROJEKAT &quot;ZAPOSLI SE&quot; DESET POLAZNICA POLO\u017dILO ZA POMO\u0106NOG KUVARA\" width=\"500\" height=\"281\" src=\"https:\/\/www.youtube.com\/embed\/oksuHI1vSSA?start=1&#038;feature=oembed\" frameborder=\"0\" allow=\"accelerometer; autoplay; clipboard-write; encrypted-media; gyroscope; picture-in-picture; web-share\" referrerpolicy=\"strict-origin-when-cross-origin\" allowfullscreen><\/iframe><\/p>\n","protected":false},"excerpt":{"rendered":"<p>Agencija za ekonomski razvoj PREDA, u saradnji sa Ugostiteljsko-ekonomskom \u0161kolom, uspje\u0161no je realizovala jo\u0161 jedan segment projekta \u201eZaposli se\u201c, kojim se \u017eenama iz ruralnih sredina omogu\u0107ava da lak\u0161e do\u0111u do [&hellip;]<\/p>\n","protected":false},"author":1,"featured_media":0,"comment_status":"closed","ping_status":"open","sticky":false,"template":"","format":"standard","meta":{"_monsterinsights_skip_tracking":false,"_monsterinsights_sitenote_active":false,"_monsterinsights_sitenote_note":"","_monsterinsights_sitenote_category":0,"footnotes":""},"categories":[8],"tags":[],"yoast_head":"<!-- This site is optimized with the Yoast SEO plugin v21.6 - https:\/\/yoast.com\/wordpress\/plugins\/seo\/ -->\n<title>Prijedor: Kroz projekat &quot;Zaposli se&quot;, deset polaznica polo\u017eilo za pomo\u0107nog kuvara - FOTO\/VIDEO - PrijedorDanas.com - Prijedorski gradski portal<\/title>\n<meta name=\"robots\" content=\"index, follow, max-snippet:-1, max-image-preview:large, max-video-preview:-1\" \/>\n<link rel=\"canonical\" href=\"https:\/\/www.prijedordanas.com\/?p=249310\" \/>\n<meta property=\"og:locale\" content=\"en_US\" \/>\n<meta property=\"og:type\" content=\"article\" \/>\n<meta property=\"og:title\" content=\"Prijedor: Kroz projekat &quot;Zaposli se&quot;, deset polaznica polo\u017eilo za pomo\u0107nog kuvara - FOTO\/VIDEO - PrijedorDanas.com - Prijedorski gradski portal\" \/>\n<meta property=\"og:description\" content=\"Agencija za ekonomski razvoj PREDA, u saradnji sa Ugostiteljsko-ekonomskom \u0161kolom, uspje\u0161no je realizovala jo\u0161 jedan segment projekta \u201eZaposli se\u201c, kojim se \u017eenama iz ruralnih sredina omogu\u0107ava da lak\u0161e do\u0111u do [&hellip;]\" \/>\n<meta property=\"og:url\" content=\"https:\/\/www.prijedordanas.com\/?p=249310\" \/>\n<meta property=\"og:site_name\" content=\"PrijedorDanas.com - Prijedorski gradski portal\" \/>\n<meta property=\"article:publisher\" content=\"https:\/\/www.facebook.com\/PrijedorDanasCom\/\" \/>\n<meta property=\"article:published_time\" content=\"2025-06-19T17:26:48+00:00\" \/>\n<meta property=\"og:image\" content=\"https:\/\/www.prijedordanas.com\/wp-content\/uploads\/2025\/06\/kozarski-zaposli-se-1-300x225.jpg\" \/>\n<meta name=\"author\" content=\"admin\" \/>\n<meta name=\"twitter:card\" content=\"summary_large_image\" \/>\n<meta name=\"twitter:label1\" content=\"Written by\" \/>\n\t<meta name=\"twitter:data1\" content=\"admin\" \/>\n\t<meta name=\"twitter:label2\" content=\"Est. reading time\" \/>\n\t<meta name=\"twitter:data2\" content=\"3 minutes\" \/>\n<script type=\"application\/ld+json\" class=\"yoast-schema-graph\">{\"@context\":\"https:\/\/schema.org\",\"@graph\":[{\"@type\":\"Article\",\"@id\":\"https:\/\/www.prijedordanas.com\/?p=249310#article\",\"isPartOf\":{\"@id\":\"https:\/\/www.prijedordanas.com\/?p=249310\"},\"author\":{\"name\":\"admin\",\"@id\":\"https:\/\/www.prijedordanas.com\/#\/schema\/person\/4e08ccf29b506ca916ff86d46bb700e6\"},\"headline\":\"Prijedor: Kroz projekat &#8220;Zaposli se&#8221;, deset polaznica polo\u017eilo za pomo\u0107nog kuvara &#8211; FOTO\/VIDEO\",\"datePublished\":\"2025-06-19T17:26:48+00:00\",\"dateModified\":\"2025-06-19T17:26:48+00:00\",\"mainEntityOfPage\":{\"@id\":\"https:\/\/www.prijedordanas.com\/?p=249310\"},\"wordCount\":520,\"publisher\":{\"@id\":\"https:\/\/www.prijedordanas.com\/#organization\"},\"articleSection\":[\"Svakodnevno\"],\"inLanguage\":\"en-US\"},{\"@type\":\"WebPage\",\"@id\":\"https:\/\/www.prijedordanas.com\/?p=249310\",\"url\":\"https:\/\/www.prijedordanas.com\/?p=249310\",\"name\":\"Prijedor: Kroz projekat \\\"Zaposli se\\\", deset polaznica polo\u017eilo za pomo\u0107nog kuvara - FOTO\/VIDEO - PrijedorDanas.com - Prijedorski gradski portal\",\"isPartOf\":{\"@id\":\"https:\/\/www.prijedordanas.com\/#website\"},\"datePublished\":\"2025-06-19T17:26:48+00:00\",\"dateModified\":\"2025-06-19T17:26:48+00:00\",\"breadcrumb\":{\"@id\":\"https:\/\/www.prijedordanas.com\/?p=249310#breadcrumb\"},\"inLanguage\":\"en-US\",\"potentialAction\":[{\"@type\":\"ReadAction\",\"target\":[\"https:\/\/www.prijedordanas.com\/?p=249310\"]}]},{\"@type\":\"BreadcrumbList\",\"@id\":\"https:\/\/www.prijedordanas.com\/?p=249310#breadcrumb\",\"itemListElement\":[{\"@type\":\"ListItem\",\"position\":1,\"name\":\"Home\",\"item\":\"https:\/\/www.prijedordanas.com\/\"},{\"@type\":\"ListItem\",\"position\":2,\"name\":\"Prijedor: Kroz projekat &#8220;Zaposli se&#8221;, deset polaznica polo\u017eilo za pomo\u0107nog kuvara &#8211; FOTO\/VIDEO\"}]},{\"@type\":\"WebSite\",\"@id\":\"https:\/\/www.prijedordanas.com\/#website\",\"url\":\"https:\/\/www.prijedordanas.com\/\",\"name\":\"PrijedorDanas.com - Prijedorski gradski portal\",\"description\":\"Portal o doga\u0111anjima u gradu Prijedoru\",\"publisher\":{\"@id\":\"https:\/\/www.prijedordanas.com\/#organization\"},\"potentialAction\":[{\"@type\":\"SearchAction\",\"target\":{\"@type\":\"EntryPoint\",\"urlTemplate\":\"https:\/\/www.prijedordanas.com\/?s={search_term_string}\"},\"query-input\":\"required name=search_term_string\"}],\"inLanguage\":\"en-US\"},{\"@type\":\"Organization\",\"@id\":\"https:\/\/www.prijedordanas.com\/#organization\",\"name\":\"PrijedorDanas.com\",\"url\":\"https:\/\/www.prijedordanas.com\/\",\"logo\":{\"@type\":\"ImageObject\",\"inLanguage\":\"en-US\",\"@id\":\"https:\/\/www.prijedordanas.com\/#\/schema\/logo\/image\/\",\"url\":\"http:\/\/www.prijedordanas.com\/wp-content\/uploads\/2021\/12\/logopng.png\",\"contentUrl\":\"http:\/\/www.prijedordanas.com\/wp-content\/uploads\/2021\/12\/logopng.png\",\"width\":1019,\"height\":776,\"caption\":\"PrijedorDanas.com\"},\"image\":{\"@id\":\"https:\/\/www.prijedordanas.com\/#\/schema\/logo\/image\/\"},\"sameAs\":[\"https:\/\/www.facebook.com\/PrijedorDanasCom\/\"]},{\"@type\":\"Person\",\"@id\":\"https:\/\/www.prijedordanas.com\/#\/schema\/person\/4e08ccf29b506ca916ff86d46bb700e6\",\"name\":\"admin\",\"image\":{\"@type\":\"ImageObject\",\"inLanguage\":\"en-US\",\"@id\":\"https:\/\/www.prijedordanas.com\/#\/schema\/person\/image\/\",\"url\":\"https:\/\/secure.gravatar.com\/avatar\/1d3fc949d550f0b53a5f0d51e06dfd79?s=96&d=mm&r=g\",\"contentUrl\":\"https:\/\/secure.gravatar.com\/avatar\/1d3fc949d550f0b53a5f0d51e06dfd79?s=96&d=mm&r=g\",\"caption\":\"admin\"},\"url\":\"https:\/\/www.prijedordanas.com\/?author=1\"}]}<\/script>\n<!-- \/ Yoast SEO plugin. -->","yoast_head_json":{"title":"Prijedor: Kroz projekat \"Zaposli se\", deset polaznica polo\u017eilo za pomo\u0107nog kuvara - FOTO\/VIDEO - PrijedorDanas.com - Prijedorski gradski portal","robots":{"index":"index","follow":"follow","max-snippet":"max-snippet:-1","max-image-preview":"max-image-preview:large","max-video-preview":"max-video-preview:-1"},"canonical":"https:\/\/www.prijedordanas.com\/?p=249310","og_locale":"en_US","og_type":"article","og_title":"Prijedor: Kroz projekat \"Zaposli se\", deset polaznica polo\u017eilo za pomo\u0107nog kuvara - FOTO\/VIDEO - PrijedorDanas.com - Prijedorski gradski portal","og_description":"Agencija za ekonomski razvoj PREDA, u saradnji sa Ugostiteljsko-ekonomskom \u0161kolom, uspje\u0161no je realizovala jo\u0161 jedan segment projekta \u201eZaposli se\u201c, kojim se \u017eenama iz ruralnih sredina omogu\u0107ava da lak\u0161e do\u0111u do [&hellip;]","og_url":"https:\/\/www.prijedordanas.com\/?p=249310","og_site_name":"PrijedorDanas.com - Prijedorski gradski portal","article_publisher":"https:\/\/www.facebook.com\/PrijedorDanasCom\/","article_published_time":"2025-06-19T17:26:48+00:00","og_image":[{"url":"https:\/\/www.prijedordanas.com\/wp-content\/uploads\/2025\/06\/kozarski-zaposli-se-1-300x225.jpg"}],"author":"admin","twitter_card":"summary_large_image","twitter_misc":{"Written by":"admin","Est. reading time":"3 minutes"},"schema":{"@context":"https:\/\/schema.org","@graph":[{"@type":"Article","@id":"https:\/\/www.prijedordanas.com\/?p=249310#article","isPartOf":{"@id":"https:\/\/www.prijedordanas.com\/?p=249310"},"author":{"name":"admin","@id":"https:\/\/www.prijedordanas.com\/#\/schema\/person\/4e08ccf29b506ca916ff86d46bb700e6"},"headline":"Prijedor: Kroz projekat &#8220;Zaposli se&#8221;, deset polaznica polo\u017eilo za pomo\u0107nog kuvara &#8211; FOTO\/VIDEO","datePublished":"2025-06-19T17:26:48+00:00","dateModified":"2025-06-19T17:26:48+00:00","mainEntityOfPage":{"@id":"https:\/\/www.prijedordanas.com\/?p=249310"},"wordCount":520,"publisher":{"@id":"https:\/\/www.prijedordanas.com\/#organization"},"articleSection":["Svakodnevno"],"inLanguage":"en-US"},{"@type":"WebPage","@id":"https:\/\/www.prijedordanas.com\/?p=249310","url":"https:\/\/www.prijedordanas.com\/?p=249310","name":"Prijedor: Kroz projekat \"Zaposli se\", deset polaznica polo\u017eilo za pomo\u0107nog kuvara - FOTO\/VIDEO - PrijedorDanas.com - Prijedorski gradski portal","isPartOf":{"@id":"https:\/\/www.prijedordanas.com\/#website"},"datePublished":"2025-06-19T17:26:48+00:00","dateModified":"2025-06-19T17:26:48+00:00","breadcrumb":{"@id":"https:\/\/www.prijedordanas.com\/?p=249310#breadcrumb"},"inLanguage":"en-US","potentialAction":[{"@type":"ReadAction","target":["https:\/\/www.prijedordanas.com\/?p=249310"]}]},{"@type":"BreadcrumbList","@id":"https:\/\/www.prijedordanas.com\/?p=249310#breadcrumb","itemListElement":[{"@type":"ListItem","position":1,"name":"Home","item":"https:\/\/www.prijedordanas.com\/"},{"@type":"ListItem","position":2,"name":"Prijedor: Kroz projekat &#8220;Zaposli se&#8221;, deset polaznica polo\u017eilo za pomo\u0107nog kuvara &#8211; FOTO\/VIDEO"}]},{"@type":"WebSite","@id":"https:\/\/www.prijedordanas.com\/#website","url":"https:\/\/www.prijedordanas.com\/","name":"PrijedorDanas.com - Prijedorski gradski portal","description":"Portal o doga\u0111anjima u gradu Prijedoru","publisher":{"@id":"https:\/\/www.prijedordanas.com\/#organization"},"potentialAction":[{"@type":"SearchAction","target":{"@type":"EntryPoint","urlTemplate":"https:\/\/www.prijedordanas.com\/?s={search_term_string}"},"query-input":"required name=search_term_string"}],"inLanguage":"en-US"},{"@type":"Organization","@id":"https:\/\/www.prijedordanas.com\/#organization","name":"PrijedorDanas.com","url":"https:\/\/www.prijedordanas.com\/","logo":{"@type":"ImageObject","inLanguage":"en-US","@id":"https:\/\/www.prijedordanas.com\/#\/schema\/logo\/image\/","url":"http:\/\/www.prijedordanas.com\/wp-content\/uploads\/2021\/12\/logopng.png","contentUrl":"http:\/\/www.prijedordanas.com\/wp-content\/uploads\/2021\/12\/logopng.png","width":1019,"height":776,"caption":"PrijedorDanas.com"},"image":{"@id":"https:\/\/www.prijedordanas.com\/#\/schema\/logo\/image\/"},"sameAs":["https:\/\/www.facebook.com\/PrijedorDanasCom\/"]},{"@type":"Person","@id":"https:\/\/www.prijedordanas.com\/#\/schema\/person\/4e08ccf29b506ca916ff86d46bb700e6","name":"admin","image":{"@type":"ImageObject","inLanguage":"en-US","@id":"https:\/\/www.prijedordanas.com\/#\/schema\/person\/image\/","url":"https:\/\/secure.gravatar.com\/avatar\/1d3fc949d550f0b53a5f0d51e06dfd79?s=96&d=mm&r=g","contentUrl":"https:\/\/secure.gravatar.com\/avatar\/1d3fc949d550f0b53a5f0d51e06dfd79?s=96&d=mm&r=g","caption":"admin"},"url":"https:\/\/www.prijedordanas.com\/?author=1"}]}},"_links":{"self":[{"href":"https:\/\/www.prijedordanas.com\/index.php?rest_route=\/wp\/v2\/posts\/249310"}],"collection":[{"href":"https:\/\/www.prijedordanas.com\/index.php?rest_route=\/wp\/v2\/posts"}],"about":[{"href":"https:\/\/www.prijedordanas.com\/index.php?rest_route=\/wp\/v2\/types\/post"}],"author":[{"embeddable":true,"href":"https:\/\/www.prijedordanas.com\/index.php?rest_route=\/wp\/v2\/users\/1"}],"replies":[{"embeddable":true,"href":"https:\/\/www.prijedordanas.com\/index.php?rest_route=%2Fwp%2Fv2%2Fcomments&post=249310"}],"version-history":[{"count":1,"href":"https:\/\/www.prijedordanas.com\/index.php?rest_route=\/wp\/v2\/posts\/249310\/revisions"}],"predecessor-version":[{"id":249316,"href":"https:\/\/www.prijedordanas.com\/index.php?rest_route=\/wp\/v2\/posts\/249310\/revisions\/249316"}],"wp:attachment":[{"href":"https:\/\/www.prijedordanas.com\/index.php?rest_route=%2Fwp%2Fv2%2Fmedia&parent=249310"}],"wp:term":[{"taxonomy":"category","embeddable":true,"href":"https:\/\/www.prijedordanas.com\/index.php?rest_route=%2Fwp%2Fv2%2Fcategories&post=249310"},{"taxonomy":"post_tag","embeddable":true,"href":"https:\/\/www.prijedordanas.com\/index.php?rest_route=%2Fwp%2Fv2%2Ftags&post=249310"}],"curies":[{"name":"wp","href":"https:\/\/api.w.org\/{rel}","templated":true}]}}