{"id":249302,"date":"2025-06-19T14:12:26","date_gmt":"2025-06-19T12:12:26","guid":{"rendered":"https:\/\/www.prijedordanas.com\/?p=249302"},"modified":"2025-06-19T14:12:26","modified_gmt":"2025-06-19T12:12:26","slug":"prijedor-toplana-da-odluci-kako-ce-obestetiti-korisnike","status":"publish","type":"post","link":"https:\/\/www.prijedordanas.com\/?p=249302","title":{"rendered":"Prijedor: &#8220;Toplana&#8221; da odlu\u010di kako \u0107e obe\u0161tetiti korisnike"},"content":{"rendered":"<p><a href=\"https:\/\/www.prijedordanas.com\/wp-content\/uploads\/2021\/05\/toplana-prijedor.jpg\"><img loading=\"lazy\" decoding=\"async\" class=\"alignleft size-medium wp-image-166324\" src=\"https:\/\/www.prijedordanas.com\/wp-content\/uploads\/2021\/05\/toplana-prijedor-300x225.jpg\" alt=\"\" width=\"300\" height=\"225\" srcset=\"https:\/\/www.prijedordanas.com\/wp-content\/uploads\/2021\/05\/toplana-prijedor-300x225.jpg 300w, https:\/\/www.prijedordanas.com\/wp-content\/uploads\/2021\/05\/toplana-prijedor-640x480.jpg 640w, https:\/\/www.prijedordanas.com\/wp-content\/uploads\/2021\/05\/toplana-prijedor.jpg 667w\" sizes=\"(max-width: 300px) 100vw, 300px\" \/><\/a>Vr\u0161ilac du\u017enosti na\u010delnika Odjeljenja za finansije grada Prijedora Maja Kuni\u0107 izjavila je da gradska &#8220;Toplana&#8221; treba da odlu\u010di kako \u0107e rije\u0161iti problem retroaktivne naplate poskupljenja grijanja koji je ustanovila Glavna slu\u017eba za reviziju javnog sektora Republike Srpske.<\/p>\n<p>Ona je navela da je grad platio uslugu centralnog grijanja vi\u0161e nego \u0161to je trebalo i da je to utvr\u0111eno revizorskim izvje\u0161tajem za 2023. godinu, a tako i svi ostali korisnici koji su pristali na retrokativnu naplatu.<\/p>\n<p>&#8220;Platili smo grijanje vi\u0161e nego \u0161to je trebalo. Ono \u0161to grad treba i mo\u017ee jeste da podnese zahtjev ili da se gradu vrate ta sredstva koja su pla\u0107ena, ili da se ostavi kao pretplata ili kredit, kako oni to ka\u017eu, za naredni period&#8221;, rekla je Kuni\u0107eva novinarima u Prijedoru.<\/p>\n<p>Ona je potvrdila da je Glavna slu\u017eba za reviziju javnog sektora Republike Srpske imala zamjerku na to \u0161to je grad fakti\u010dki preplatio uslugu centralnog grijanja i da je preporuka revizora da se taj propust otkloni.<\/p>\n<p>Zamjerka revizora je \u0161to je grad Prijedor priznao rashode za uslugu isporuke toplotne energije po cijenama ve\u0107im od ugovorenih i propisanih \u010dlanom jedan i dva Odluke o davanju saglasnosti na pove\u0107anje cijena proizvodnje i isporuke toplotne energije koju je donijela<br \/>\nSkup\u0161tina grada Prijedor.<\/p>\n<p>Od ukupno 29 preporuka revizora, 14 se odnosi na preporuke u vezi sa uskla\u0111eno\u0161\u0107u, a me\u0111u njima je i preporuka koja se odnosi na &#8220;Toplanu&#8221;.<\/p>\n<p>&#8220;`Toplana` je uslugu isporuke toplotne energije za potrebe grijanja Gradske uprave fakturisala po cijenama ve\u0107im od ugovorenih, uz fakturisanje i razlike u cijeni za period prije primjene novog cjenovnika &#8211; za avgust i septembar&#8221;, navodi se u revizorskom izvje\u0161taju za 2023. koji je objavljen u decembru 2024.<\/p>\n<p>Skup\u0161tina grada u martu ove godine usvojila je plan aktivnosti na realizaciji preporuka revizora. NJime je za ovu godinu predvi\u0111eno i rje\u0161avanje ovog pitanja sa &#8220;Toplanom&#8221;, za \u0161ta su zadu\u017eeni Odsjek zajedni\u010dkih poslova i Odjeljenje za finansije.<\/p>\n<p>U 2023. godini Skup\u0161tina grada donijela je odluku o poskupljenju grijanja koja je trebalo da se primjenjuje od 15. oktobra te godine, ali ju je &#8220;Toplana&#8221; primijenila i retroaktivno i korisnicima uz ra\u010dun za oktobar fakturisala i razlike cijene za avgust i septembar, kada je na snazi bio stari cjenovnik.<\/p>\n<p>SRNA<br \/>\nFoto &#8211; ilustracija<\/p>\n","protected":false},"excerpt":{"rendered":"<p>Vr\u0161ilac du\u017enosti na\u010delnika Odjeljenja za finansije grada Prijedora Maja Kuni\u0107 izjavila je da gradska &#8220;Toplana&#8221; treba da odlu\u010di kako \u0107e rije\u0161iti problem retroaktivne naplate poskupljenja grijanja koji je ustanovila Glavna [&hellip;]<\/p>\n","protected":false},"author":1,"featured_media":0,"comment_status":"closed","ping_status":"open","sticky":false,"template":"","format":"standard","meta":{"_monsterinsights_skip_tracking":false,"_monsterinsights_sitenote_active":false,"_monsterinsights_sitenote_note":"","_monsterinsights_sitenote_category":0,"footnotes":""},"categories":[4],"tags":[],"yoast_head":"<!-- This site is optimized with the Yoast SEO plugin v21.6 - https:\/\/yoast.com\/wordpress\/plugins\/seo\/ -->\n<title>Prijedor: &quot;Toplana&quot; da odlu\u010di kako \u0107e obe\u0161tetiti korisnike - PrijedorDanas.com - Prijedorski gradski portal<\/title>\n<meta name=\"robots\" content=\"index, follow, max-snippet:-1, max-image-preview:large, max-video-preview:-1\" \/>\n<link rel=\"canonical\" href=\"https:\/\/www.prijedordanas.com\/?p=249302\" \/>\n<meta property=\"og:locale\" content=\"en_US\" \/>\n<meta property=\"og:type\" content=\"article\" \/>\n<meta property=\"og:title\" content=\"Prijedor: &quot;Toplana&quot; da odlu\u010di kako \u0107e obe\u0161tetiti korisnike - PrijedorDanas.com - Prijedorski gradski portal\" \/>\n<meta property=\"og:description\" content=\"Vr\u0161ilac du\u017enosti na\u010delnika Odjeljenja za finansije grada Prijedora Maja Kuni\u0107 izjavila je da gradska &#8220;Toplana&#8221; treba da odlu\u010di kako \u0107e rije\u0161iti problem retroaktivne naplate poskupljenja grijanja koji je ustanovila Glavna [&hellip;]\" \/>\n<meta property=\"og:url\" content=\"https:\/\/www.prijedordanas.com\/?p=249302\" \/>\n<meta property=\"og:site_name\" content=\"PrijedorDanas.com - Prijedorski gradski portal\" \/>\n<meta property=\"article:publisher\" content=\"https:\/\/www.facebook.com\/PrijedorDanasCom\/\" \/>\n<meta property=\"article:published_time\" content=\"2025-06-19T12:12:26+00:00\" \/>\n<meta property=\"og:image\" content=\"https:\/\/www.prijedordanas.com\/wp-content\/uploads\/2021\/05\/toplana-prijedor-300x225.jpg\" \/>\n<meta name=\"author\" content=\"admin\" \/>\n<meta name=\"twitter:card\" content=\"summary_large_image\" \/>\n<meta name=\"twitter:label1\" content=\"Written by\" \/>\n\t<meta name=\"twitter:data1\" content=\"admin\" \/>\n\t<meta name=\"twitter:label2\" content=\"Est. reading time\" \/>\n\t<meta name=\"twitter:data2\" content=\"2 minutes\" \/>\n<script type=\"application\/ld+json\" class=\"yoast-schema-graph\">{\"@context\":\"https:\/\/schema.org\",\"@graph\":[{\"@type\":\"Article\",\"@id\":\"https:\/\/www.prijedordanas.com\/?p=249302#article\",\"isPartOf\":{\"@id\":\"https:\/\/www.prijedordanas.com\/?p=249302\"},\"author\":{\"name\":\"admin\",\"@id\":\"https:\/\/www.prijedordanas.com\/#\/schema\/person\/4e08ccf29b506ca916ff86d46bb700e6\"},\"headline\":\"Prijedor: &#8220;Toplana&#8221; da odlu\u010di kako \u0107e obe\u0161tetiti korisnike\",\"datePublished\":\"2025-06-19T12:12:26+00:00\",\"dateModified\":\"2025-06-19T12:12:26+00:00\",\"mainEntityOfPage\":{\"@id\":\"https:\/\/www.prijedordanas.com\/?p=249302\"},\"wordCount\":398,\"publisher\":{\"@id\":\"https:\/\/www.prijedordanas.com\/#organization\"},\"articleSection\":[\"Dru\u0161tvo\"],\"inLanguage\":\"en-US\"},{\"@type\":\"WebPage\",\"@id\":\"https:\/\/www.prijedordanas.com\/?p=249302\",\"url\":\"https:\/\/www.prijedordanas.com\/?p=249302\",\"name\":\"Prijedor: \\\"Toplana\\\" da odlu\u010di kako \u0107e obe\u0161tetiti korisnike - PrijedorDanas.com - Prijedorski gradski portal\",\"isPartOf\":{\"@id\":\"https:\/\/www.prijedordanas.com\/#website\"},\"datePublished\":\"2025-06-19T12:12:26+00:00\",\"dateModified\":\"2025-06-19T12:12:26+00:00\",\"breadcrumb\":{\"@id\":\"https:\/\/www.prijedordanas.com\/?p=249302#breadcrumb\"},\"inLanguage\":\"en-US\",\"potentialAction\":[{\"@type\":\"ReadAction\",\"target\":[\"https:\/\/www.prijedordanas.com\/?p=249302\"]}]},{\"@type\":\"BreadcrumbList\",\"@id\":\"https:\/\/www.prijedordanas.com\/?p=249302#breadcrumb\",\"itemListElement\":[{\"@type\":\"ListItem\",\"position\":1,\"name\":\"Home\",\"item\":\"https:\/\/www.prijedordanas.com\/\"},{\"@type\":\"ListItem\",\"position\":2,\"name\":\"Prijedor: &#8220;Toplana&#8221; da odlu\u010di kako \u0107e obe\u0161tetiti korisnike\"}]},{\"@type\":\"WebSite\",\"@id\":\"https:\/\/www.prijedordanas.com\/#website\",\"url\":\"https:\/\/www.prijedordanas.com\/\",\"name\":\"PrijedorDanas.com - Prijedorski gradski portal\",\"description\":\"Portal o doga\u0111anjima u gradu Prijedoru\",\"publisher\":{\"@id\":\"https:\/\/www.prijedordanas.com\/#organization\"},\"potentialAction\":[{\"@type\":\"SearchAction\",\"target\":{\"@type\":\"EntryPoint\",\"urlTemplate\":\"https:\/\/www.prijedordanas.com\/?s={search_term_string}\"},\"query-input\":\"required name=search_term_string\"}],\"inLanguage\":\"en-US\"},{\"@type\":\"Organization\",\"@id\":\"https:\/\/www.prijedordanas.com\/#organization\",\"name\":\"PrijedorDanas.com\",\"url\":\"https:\/\/www.prijedordanas.com\/\",\"logo\":{\"@type\":\"ImageObject\",\"inLanguage\":\"en-US\",\"@id\":\"https:\/\/www.prijedordanas.com\/#\/schema\/logo\/image\/\",\"url\":\"http:\/\/www.prijedordanas.com\/wp-content\/uploads\/2021\/12\/logopng.png\",\"contentUrl\":\"http:\/\/www.prijedordanas.com\/wp-content\/uploads\/2021\/12\/logopng.png\",\"width\":1019,\"height\":776,\"caption\":\"PrijedorDanas.com\"},\"image\":{\"@id\":\"https:\/\/www.prijedordanas.com\/#\/schema\/logo\/image\/\"},\"sameAs\":[\"https:\/\/www.facebook.com\/PrijedorDanasCom\/\"]},{\"@type\":\"Person\",\"@id\":\"https:\/\/www.prijedordanas.com\/#\/schema\/person\/4e08ccf29b506ca916ff86d46bb700e6\",\"name\":\"admin\",\"image\":{\"@type\":\"ImageObject\",\"inLanguage\":\"en-US\",\"@id\":\"https:\/\/www.prijedordanas.com\/#\/schema\/person\/image\/\",\"url\":\"https:\/\/secure.gravatar.com\/avatar\/1d3fc949d550f0b53a5f0d51e06dfd79?s=96&d=mm&r=g\",\"contentUrl\":\"https:\/\/secure.gravatar.com\/avatar\/1d3fc949d550f0b53a5f0d51e06dfd79?s=96&d=mm&r=g\",\"caption\":\"admin\"},\"url\":\"https:\/\/www.prijedordanas.com\/?author=1\"}]}<\/script>\n<!-- \/ Yoast SEO plugin. -->","yoast_head_json":{"title":"Prijedor: \"Toplana\" da odlu\u010di kako \u0107e obe\u0161tetiti korisnike - PrijedorDanas.com - Prijedorski gradski portal","robots":{"index":"index","follow":"follow","max-snippet":"max-snippet:-1","max-image-preview":"max-image-preview:large","max-video-preview":"max-video-preview:-1"},"canonical":"https:\/\/www.prijedordanas.com\/?p=249302","og_locale":"en_US","og_type":"article","og_title":"Prijedor: \"Toplana\" da odlu\u010di kako \u0107e obe\u0161tetiti korisnike - PrijedorDanas.com - Prijedorski gradski portal","og_description":"Vr\u0161ilac du\u017enosti na\u010delnika Odjeljenja za finansije grada Prijedora Maja Kuni\u0107 izjavila je da gradska &#8220;Toplana&#8221; treba da odlu\u010di kako \u0107e rije\u0161iti problem retroaktivne naplate poskupljenja grijanja koji je ustanovila Glavna [&hellip;]","og_url":"https:\/\/www.prijedordanas.com\/?p=249302","og_site_name":"PrijedorDanas.com - Prijedorski gradski portal","article_publisher":"https:\/\/www.facebook.com\/PrijedorDanasCom\/","article_published_time":"2025-06-19T12:12:26+00:00","og_image":[{"url":"https:\/\/www.prijedordanas.com\/wp-content\/uploads\/2021\/05\/toplana-prijedor-300x225.jpg"}],"author":"admin","twitter_card":"summary_large_image","twitter_misc":{"Written by":"admin","Est. reading time":"2 minutes"},"schema":{"@context":"https:\/\/schema.org","@graph":[{"@type":"Article","@id":"https:\/\/www.prijedordanas.com\/?p=249302#article","isPartOf":{"@id":"https:\/\/www.prijedordanas.com\/?p=249302"},"author":{"name":"admin","@id":"https:\/\/www.prijedordanas.com\/#\/schema\/person\/4e08ccf29b506ca916ff86d46bb700e6"},"headline":"Prijedor: &#8220;Toplana&#8221; da odlu\u010di kako \u0107e obe\u0161tetiti korisnike","datePublished":"2025-06-19T12:12:26+00:00","dateModified":"2025-06-19T12:12:26+00:00","mainEntityOfPage":{"@id":"https:\/\/www.prijedordanas.com\/?p=249302"},"wordCount":398,"publisher":{"@id":"https:\/\/www.prijedordanas.com\/#organization"},"articleSection":["Dru\u0161tvo"],"inLanguage":"en-US"},{"@type":"WebPage","@id":"https:\/\/www.prijedordanas.com\/?p=249302","url":"https:\/\/www.prijedordanas.com\/?p=249302","name":"Prijedor: \"Toplana\" da odlu\u010di kako \u0107e obe\u0161tetiti korisnike - PrijedorDanas.com - Prijedorski gradski portal","isPartOf":{"@id":"https:\/\/www.prijedordanas.com\/#website"},"datePublished":"2025-06-19T12:12:26+00:00","dateModified":"2025-06-19T12:12:26+00:00","breadcrumb":{"@id":"https:\/\/www.prijedordanas.com\/?p=249302#breadcrumb"},"inLanguage":"en-US","potentialAction":[{"@type":"ReadAction","target":["https:\/\/www.prijedordanas.com\/?p=249302"]}]},{"@type":"BreadcrumbList","@id":"https:\/\/www.prijedordanas.com\/?p=249302#breadcrumb","itemListElement":[{"@type":"ListItem","position":1,"name":"Home","item":"https:\/\/www.prijedordanas.com\/"},{"@type":"ListItem","position":2,"name":"Prijedor: &#8220;Toplana&#8221; da odlu\u010di kako \u0107e obe\u0161tetiti korisnike"}]},{"@type":"WebSite","@id":"https:\/\/www.prijedordanas.com\/#website","url":"https:\/\/www.prijedordanas.com\/","name":"PrijedorDanas.com - Prijedorski gradski portal","description":"Portal o doga\u0111anjima u gradu Prijedoru","publisher":{"@id":"https:\/\/www.prijedordanas.com\/#organization"},"potentialAction":[{"@type":"SearchAction","target":{"@type":"EntryPoint","urlTemplate":"https:\/\/www.prijedordanas.com\/?s={search_term_string}"},"query-input":"required name=search_term_string"}],"inLanguage":"en-US"},{"@type":"Organization","@id":"https:\/\/www.prijedordanas.com\/#organization","name":"PrijedorDanas.com","url":"https:\/\/www.prijedordanas.com\/","logo":{"@type":"ImageObject","inLanguage":"en-US","@id":"https:\/\/www.prijedordanas.com\/#\/schema\/logo\/image\/","url":"http:\/\/www.prijedordanas.com\/wp-content\/uploads\/2021\/12\/logopng.png","contentUrl":"http:\/\/www.prijedordanas.com\/wp-content\/uploads\/2021\/12\/logopng.png","width":1019,"height":776,"caption":"PrijedorDanas.com"},"image":{"@id":"https:\/\/www.prijedordanas.com\/#\/schema\/logo\/image\/"},"sameAs":["https:\/\/www.facebook.com\/PrijedorDanasCom\/"]},{"@type":"Person","@id":"https:\/\/www.prijedordanas.com\/#\/schema\/person\/4e08ccf29b506ca916ff86d46bb700e6","name":"admin","image":{"@type":"ImageObject","inLanguage":"en-US","@id":"https:\/\/www.prijedordanas.com\/#\/schema\/person\/image\/","url":"https:\/\/secure.gravatar.com\/avatar\/1d3fc949d550f0b53a5f0d51e06dfd79?s=96&d=mm&r=g","contentUrl":"https:\/\/secure.gravatar.com\/avatar\/1d3fc949d550f0b53a5f0d51e06dfd79?s=96&d=mm&r=g","caption":"admin"},"url":"https:\/\/www.prijedordanas.com\/?author=1"}]}},"_links":{"self":[{"href":"https:\/\/www.prijedordanas.com\/index.php?rest_route=\/wp\/v2\/posts\/249302"}],"collection":[{"href":"https:\/\/www.prijedordanas.com\/index.php?rest_route=\/wp\/v2\/posts"}],"about":[{"href":"https:\/\/www.prijedordanas.com\/index.php?rest_route=\/wp\/v2\/types\/post"}],"author":[{"embeddable":true,"href":"https:\/\/www.prijedordanas.com\/index.php?rest_route=\/wp\/v2\/users\/1"}],"replies":[{"embeddable":true,"href":"https:\/\/www.prijedordanas.com\/index.php?rest_route=%2Fwp%2Fv2%2Fcomments&post=249302"}],"version-history":[{"count":1,"href":"https:\/\/www.prijedordanas.com\/index.php?rest_route=\/wp\/v2\/posts\/249302\/revisions"}],"predecessor-version":[{"id":249303,"href":"https:\/\/www.prijedordanas.com\/index.php?rest_route=\/wp\/v2\/posts\/249302\/revisions\/249303"}],"wp:attachment":[{"href":"https:\/\/www.prijedordanas.com\/index.php?rest_route=%2Fwp%2Fv2%2Fmedia&parent=249302"}],"wp:term":[{"taxonomy":"category","embeddable":true,"href":"https:\/\/www.prijedordanas.com\/index.php?rest_route=%2Fwp%2Fv2%2Fcategories&post=249302"},{"taxonomy":"post_tag","embeddable":true,"href":"https:\/\/www.prijedordanas.com\/index.php?rest_route=%2Fwp%2Fv2%2Ftags&post=249302"}],"curies":[{"name":"wp","href":"https:\/\/api.w.org\/{rel}","templated":true}]}}