{"id":249225,"date":"2025-06-18T22:31:57","date_gmt":"2025-06-18T20:31:57","guid":{"rendered":"https:\/\/www.prijedordanas.com\/?p=249225"},"modified":"2025-06-18T22:31:57","modified_gmt":"2025-06-18T20:31:57","slug":"u-pozoristu-prijedor-otvorena-izlozba-plakata-bosanskohercegovackih-filmova-1951-2012-foto","status":"publish","type":"post","link":"https:\/\/www.prijedordanas.com\/?p=249225","title":{"rendered":"U Pozori\u0161tu Prijedor otvorena &#8220;Izlo\u017eba plakata bosanskohercegova\u010dkih filmova (1951-2012)&#8221; &#8211; FOTO"},"content":{"rendered":"<p><a href=\"https:\/\/www.prijedordanas.com\/wp-content\/uploads\/2025\/06\/izlozba-plakata-bh-filmova-juni2025-1.jpg\"><img loading=\"lazy\" decoding=\"async\" class=\"alignleft size-medium wp-image-249226\" src=\"https:\/\/www.prijedordanas.com\/wp-content\/uploads\/2025\/06\/izlozba-plakata-bh-filmova-juni2025-1-300x225.jpg\" alt=\"\" width=\"300\" height=\"225\" srcset=\"https:\/\/www.prijedordanas.com\/wp-content\/uploads\/2025\/06\/izlozba-plakata-bh-filmova-juni2025-1-300x225.jpg 300w, https:\/\/www.prijedordanas.com\/wp-content\/uploads\/2025\/06\/izlozba-plakata-bh-filmova-juni2025-1-640x480.jpg 640w, https:\/\/www.prijedordanas.com\/wp-content\/uploads\/2025\/06\/izlozba-plakata-bh-filmova-juni2025-1.jpg 667w\" sizes=\"(max-width: 300px) 100vw, 300px\" \/><\/a>U Pozori\u0161tu Prijedor uprili\u010deno je sve\u010dano otvaranje izlo\u017ebe pod nazivom \u201eIzlo\u017eba plakata bosanskohercegova\u010dkih filmova (1951\u20132012)\u201c, koju zajedni\u010dki organizuju Javna ustanova Kinoteka Bosne i Hercegovine i Pozori\u0161te Prijedor.<\/p>\n<p>Nakon uspje\u0161nog predstavljanja u Sarajevu i Mostaru, ova dvodnevna postavka stigla je i pred prijedorsku publiku, donose\u0107i bogat vizuelni pregled filmske istorije Bosne i Hercegovine.<\/p>\n<p>\u201cPresretni smo \u0161to smo u saradnji sa Pozori\u0161tem Prijedor u ovom predivnom prostoru imali priliku da izlo\u017eimo sve ove plakate. Ve\u010dera\u0161nja premijera predstave prilika je da mnogi posjetioci vide i ovu izlo\u017ebu\u201d, rekao je Mirza Pa\u0161i\u0107, koordinator projekata iz Kinoteke Bosne i Hercegovine.<\/p>\n<p>Izlo\u017eba donosi izbor od 50 plakata nastalih u Bosni i Hercegovini, nekada\u0161njoj republici Jugoslaviji, od 1951. do 2012. godine, koji svjedo\u010de o razvoju doma\u0107e kinematografije.<\/p>\n<p><a href=\"https:\/\/www.prijedordanas.com\/wp-content\/uploads\/2025\/06\/kozarski-izlozba-plakata-bh-filmova.jpg\"><img loading=\"lazy\" decoding=\"async\" class=\"alignleft size-medium wp-image-249227\" src=\"https:\/\/www.prijedordanas.com\/wp-content\/uploads\/2025\/06\/kozarski-izlozba-plakata-bh-filmova-300x169.jpg\" alt=\"\" width=\"300\" height=\"169\" srcset=\"https:\/\/www.prijedordanas.com\/wp-content\/uploads\/2025\/06\/kozarski-izlozba-plakata-bh-filmova-300x169.jpg 300w, https:\/\/www.prijedordanas.com\/wp-content\/uploads\/2025\/06\/kozarski-izlozba-plakata-bh-filmova.jpg 600w\" sizes=\"(max-width: 300px) 100vw, 300px\" \/><\/a>Me\u0111u autorima su istaknuti umjetnici poput Franje Likara, Safeta Zeca, Ismeta Mujezinovi\u0107a, Bo\u017ee Stefanovi\u0107a i Pabla Pikasa.<\/p>\n<p>\u201cRadi se o doma\u0107im filmovima sa doma\u0107im glumcima, rediteljima, scenografima i kostimografima. Najva\u017enije je da su ove plakate radili zna\u010dajni umjetnici \u2013 likovni dizajneri i slikari. Neki sadr\u017ee fotografije iz filmova, a neki ilustracije. Ovo je cijela istorija na\u010dina na koje su se plakati izra\u0111ivali tokom tih godina\u201d, dodao je Pa\u0161i\u0107.<\/p>\n<p>Iz Pozori\u0161ta Prijedor navode da im je zadovoljstvo ugostiti ovu izlo\u017ebu, te da je njen termin namjerno uskla\u0111en s premijerom predstave \u201cSve \u0161to nismo mogli re\u0107i\u201d kako bi je vidio \u0161to ve\u0107i broj ljudi.<\/p>\n<p><a href=\"https:\/\/www.prijedordanas.com\/wp-content\/uploads\/2025\/06\/izlozba-plakata-bh-filmova-juni2025-2.jpg\"><img loading=\"lazy\" decoding=\"async\" src=\"https:\/\/www.prijedordanas.com\/wp-content\/uploads\/2025\/06\/izlozba-plakata-bh-filmova-juni2025-2-300x200.jpg\" alt=\"\" width=\"300\" height=\"200\" class=\"alignleft size-medium wp-image-249228\" srcset=\"https:\/\/www.prijedordanas.com\/wp-content\/uploads\/2025\/06\/izlozba-plakata-bh-filmova-juni2025-2-300x200.jpg 300w, https:\/\/www.prijedordanas.com\/wp-content\/uploads\/2025\/06\/izlozba-plakata-bh-filmova-juni2025-2-480x320.jpg 480w, https:\/\/www.prijedordanas.com\/wp-content\/uploads\/2025\/06\/izlozba-plakata-bh-filmova-juni2025-2.jpg 600w\" sizes=\"(max-width: 300px) 100vw, 300px\" \/><\/a>\u201cDrago nam je \u0161to smo doma\u0107ini i \u0161to publika, pored ve\u010dera\u0161nje predstave, mo\u017ee da u\u017eiva i u ovoj izlo\u017ebi koja je zaista impresivna. Neke od ovih plakata do sada nisam ni poznavao, \u0161to dodatno pokazuje koliko je postavka interesantna. Vidim da ima i rijetkih primjeraka, \u0161to ovu postavku \u010dini zaista izvanrednom\u201d, naglasio je Sr\u0111an Knjeginji\u0107, direktor Pozori\u0161ta Prijedor.<\/p>\n<p>Izlo\u017eba je privukla ljubitelje filma i kulture, pru\u017eiv\u0161i uvid u umjetni\u010dke i dru\u0161tvene promjene kroz decenije razvoja bosanskohercegova\u010dke kinematografije.<\/p>\n<p>Nakon Prijedora, postavka nastavlja svoje putovanje kroz gradove Bosne i Hercegovine, regiona i Evrope.<\/p>\n<p><strong><a href=\"https:\/\/kozarski.com\/u-prijedoru-otvorena-izlozba-plakata-bosanskohercegovackih-filmova-1951-2012\/\" target=\"_blank\" rel=\"noopener\">kozarski.com<\/a><\/strong><\/p>\n<p><a href=\"https:\/\/www.prijedordanas.com\/wp-content\/uploads\/2025\/06\/izlozba-plakata-bh-filmova-juni2025-3.jpg\"><img loading=\"lazy\" decoding=\"async\" src=\"https:\/\/www.prijedordanas.com\/wp-content\/uploads\/2025\/06\/izlozba-plakata-bh-filmova-juni2025-3-300x200.jpg\" alt=\"\" width=\"300\" height=\"200\" class=\"alignleft size-medium wp-image-249229\" srcset=\"https:\/\/www.prijedordanas.com\/wp-content\/uploads\/2025\/06\/izlozba-plakata-bh-filmova-juni2025-3-300x200.jpg 300w, https:\/\/www.prijedordanas.com\/wp-content\/uploads\/2025\/06\/izlozba-plakata-bh-filmova-juni2025-3-480x320.jpg 480w, https:\/\/www.prijedordanas.com\/wp-content\/uploads\/2025\/06\/izlozba-plakata-bh-filmova-juni2025-3.jpg 600w\" sizes=\"(max-width: 300px) 100vw, 300px\" \/><\/a> <a href=\"https:\/\/www.prijedordanas.com\/wp-content\/uploads\/2025\/06\/izlozba-plakata-bh-filmova-juni2025-4.jpg\"><img loading=\"lazy\" decoding=\"async\" src=\"https:\/\/www.prijedordanas.com\/wp-content\/uploads\/2025\/06\/izlozba-plakata-bh-filmova-juni2025-4-300x200.jpg\" alt=\"\" width=\"300\" height=\"200\" class=\"alignleft size-medium wp-image-249230\" srcset=\"https:\/\/www.prijedordanas.com\/wp-content\/uploads\/2025\/06\/izlozba-plakata-bh-filmova-juni2025-4-300x200.jpg 300w, https:\/\/www.prijedordanas.com\/wp-content\/uploads\/2025\/06\/izlozba-plakata-bh-filmova-juni2025-4-480x320.jpg 480w, https:\/\/www.prijedordanas.com\/wp-content\/uploads\/2025\/06\/izlozba-plakata-bh-filmova-juni2025-4.jpg 600w\" sizes=\"(max-width: 300px) 100vw, 300px\" \/><\/a><\/p>\n","protected":false},"excerpt":{"rendered":"<p>U Pozori\u0161tu Prijedor uprili\u010deno je sve\u010dano otvaranje izlo\u017ebe pod nazivom \u201eIzlo\u017eba plakata bosanskohercegova\u010dkih filmova (1951\u20132012)\u201c, koju zajedni\u010dki organizuju Javna ustanova Kinoteka Bosne i Hercegovine i Pozori\u0161te Prijedor. Nakon uspje\u0161nog predstavljanja [&hellip;]<\/p>\n","protected":false},"author":1,"featured_media":0,"comment_status":"closed","ping_status":"open","sticky":false,"template":"","format":"standard","meta":{"_monsterinsights_skip_tracking":false,"_monsterinsights_sitenote_active":false,"_monsterinsights_sitenote_note":"","_monsterinsights_sitenote_category":0,"footnotes":""},"categories":[6],"tags":[],"yoast_head":"<!-- This site is optimized with the Yoast SEO plugin v21.6 - https:\/\/yoast.com\/wordpress\/plugins\/seo\/ -->\n<title>U Pozori\u0161tu Prijedor otvorena &quot;Izlo\u017eba plakata bosanskohercegova\u010dkih filmova (1951-2012)&quot; - FOTO - PrijedorDanas.com - Prijedorski gradski portal<\/title>\n<meta name=\"robots\" content=\"index, follow, max-snippet:-1, max-image-preview:large, max-video-preview:-1\" \/>\n<link rel=\"canonical\" href=\"https:\/\/www.prijedordanas.com\/?p=249225\" \/>\n<meta property=\"og:locale\" content=\"en_US\" \/>\n<meta property=\"og:type\" content=\"article\" \/>\n<meta property=\"og:title\" content=\"U Pozori\u0161tu Prijedor otvorena &quot;Izlo\u017eba plakata bosanskohercegova\u010dkih filmova (1951-2012)&quot; - FOTO - PrijedorDanas.com - Prijedorski gradski portal\" \/>\n<meta property=\"og:description\" content=\"U Pozori\u0161tu Prijedor uprili\u010deno je sve\u010dano otvaranje izlo\u017ebe pod nazivom \u201eIzlo\u017eba plakata bosanskohercegova\u010dkih filmova (1951\u20132012)\u201c, koju zajedni\u010dki organizuju Javna ustanova Kinoteka Bosne i Hercegovine i Pozori\u0161te Prijedor. Nakon uspje\u0161nog predstavljanja [&hellip;]\" \/>\n<meta property=\"og:url\" content=\"https:\/\/www.prijedordanas.com\/?p=249225\" \/>\n<meta property=\"og:site_name\" content=\"PrijedorDanas.com - Prijedorski gradski portal\" \/>\n<meta property=\"article:publisher\" content=\"https:\/\/www.facebook.com\/PrijedorDanasCom\/\" \/>\n<meta property=\"article:published_time\" content=\"2025-06-18T20:31:57+00:00\" \/>\n<meta property=\"og:image\" content=\"https:\/\/www.prijedordanas.com\/wp-content\/uploads\/2025\/06\/izlozba-plakata-bh-filmova-juni2025-1-300x225.jpg\" \/>\n<meta name=\"author\" content=\"admin\" \/>\n<meta name=\"twitter:card\" content=\"summary_large_image\" \/>\n<meta name=\"twitter:label1\" content=\"Written by\" \/>\n\t<meta name=\"twitter:data1\" content=\"admin\" \/>\n\t<meta name=\"twitter:label2\" content=\"Est. reading time\" \/>\n\t<meta name=\"twitter:data2\" content=\"2 minutes\" \/>\n<script type=\"application\/ld+json\" class=\"yoast-schema-graph\">{\"@context\":\"https:\/\/schema.org\",\"@graph\":[{\"@type\":\"Article\",\"@id\":\"https:\/\/www.prijedordanas.com\/?p=249225#article\",\"isPartOf\":{\"@id\":\"https:\/\/www.prijedordanas.com\/?p=249225\"},\"author\":{\"name\":\"admin\",\"@id\":\"https:\/\/www.prijedordanas.com\/#\/schema\/person\/4e08ccf29b506ca916ff86d46bb700e6\"},\"headline\":\"U Pozori\u0161tu Prijedor otvorena &#8220;Izlo\u017eba plakata bosanskohercegova\u010dkih filmova (1951-2012)&#8221; &#8211; FOTO\",\"datePublished\":\"2025-06-18T20:31:57+00:00\",\"dateModified\":\"2025-06-18T20:31:57+00:00\",\"mainEntityOfPage\":{\"@id\":\"https:\/\/www.prijedordanas.com\/?p=249225\"},\"wordCount\":375,\"publisher\":{\"@id\":\"https:\/\/www.prijedordanas.com\/#organization\"},\"articleSection\":[\"Kultura\"],\"inLanguage\":\"en-US\"},{\"@type\":\"WebPage\",\"@id\":\"https:\/\/www.prijedordanas.com\/?p=249225\",\"url\":\"https:\/\/www.prijedordanas.com\/?p=249225\",\"name\":\"U Pozori\u0161tu Prijedor otvorena \\\"Izlo\u017eba plakata bosanskohercegova\u010dkih filmova (1951-2012)\\\" - FOTO - PrijedorDanas.com - Prijedorski gradski portal\",\"isPartOf\":{\"@id\":\"https:\/\/www.prijedordanas.com\/#website\"},\"datePublished\":\"2025-06-18T20:31:57+00:00\",\"dateModified\":\"2025-06-18T20:31:57+00:00\",\"breadcrumb\":{\"@id\":\"https:\/\/www.prijedordanas.com\/?p=249225#breadcrumb\"},\"inLanguage\":\"en-US\",\"potentialAction\":[{\"@type\":\"ReadAction\",\"target\":[\"https:\/\/www.prijedordanas.com\/?p=249225\"]}]},{\"@type\":\"BreadcrumbList\",\"@id\":\"https:\/\/www.prijedordanas.com\/?p=249225#breadcrumb\",\"itemListElement\":[{\"@type\":\"ListItem\",\"position\":1,\"name\":\"Home\",\"item\":\"https:\/\/www.prijedordanas.com\/\"},{\"@type\":\"ListItem\",\"position\":2,\"name\":\"U Pozori\u0161tu Prijedor otvorena &#8220;Izlo\u017eba plakata bosanskohercegova\u010dkih filmova (1951-2012)&#8221; &#8211; FOTO\"}]},{\"@type\":\"WebSite\",\"@id\":\"https:\/\/www.prijedordanas.com\/#website\",\"url\":\"https:\/\/www.prijedordanas.com\/\",\"name\":\"PrijedorDanas.com - Prijedorski gradski portal\",\"description\":\"Portal o doga\u0111anjima u gradu Prijedoru\",\"publisher\":{\"@id\":\"https:\/\/www.prijedordanas.com\/#organization\"},\"potentialAction\":[{\"@type\":\"SearchAction\",\"target\":{\"@type\":\"EntryPoint\",\"urlTemplate\":\"https:\/\/www.prijedordanas.com\/?s={search_term_string}\"},\"query-input\":\"required name=search_term_string\"}],\"inLanguage\":\"en-US\"},{\"@type\":\"Organization\",\"@id\":\"https:\/\/www.prijedordanas.com\/#organization\",\"name\":\"PrijedorDanas.com\",\"url\":\"https:\/\/www.prijedordanas.com\/\",\"logo\":{\"@type\":\"ImageObject\",\"inLanguage\":\"en-US\",\"@id\":\"https:\/\/www.prijedordanas.com\/#\/schema\/logo\/image\/\",\"url\":\"http:\/\/www.prijedordanas.com\/wp-content\/uploads\/2021\/12\/logopng.png\",\"contentUrl\":\"http:\/\/www.prijedordanas.com\/wp-content\/uploads\/2021\/12\/logopng.png\",\"width\":1019,\"height\":776,\"caption\":\"PrijedorDanas.com\"},\"image\":{\"@id\":\"https:\/\/www.prijedordanas.com\/#\/schema\/logo\/image\/\"},\"sameAs\":[\"https:\/\/www.facebook.com\/PrijedorDanasCom\/\"]},{\"@type\":\"Person\",\"@id\":\"https:\/\/www.prijedordanas.com\/#\/schema\/person\/4e08ccf29b506ca916ff86d46bb700e6\",\"name\":\"admin\",\"image\":{\"@type\":\"ImageObject\",\"inLanguage\":\"en-US\",\"@id\":\"https:\/\/www.prijedordanas.com\/#\/schema\/person\/image\/\",\"url\":\"https:\/\/secure.gravatar.com\/avatar\/1d3fc949d550f0b53a5f0d51e06dfd79?s=96&d=mm&r=g\",\"contentUrl\":\"https:\/\/secure.gravatar.com\/avatar\/1d3fc949d550f0b53a5f0d51e06dfd79?s=96&d=mm&r=g\",\"caption\":\"admin\"},\"url\":\"https:\/\/www.prijedordanas.com\/?author=1\"}]}<\/script>\n<!-- \/ Yoast SEO plugin. -->","yoast_head_json":{"title":"U Pozori\u0161tu Prijedor otvorena \"Izlo\u017eba plakata bosanskohercegova\u010dkih filmova (1951-2012)\" - FOTO - PrijedorDanas.com - Prijedorski gradski portal","robots":{"index":"index","follow":"follow","max-snippet":"max-snippet:-1","max-image-preview":"max-image-preview:large","max-video-preview":"max-video-preview:-1"},"canonical":"https:\/\/www.prijedordanas.com\/?p=249225","og_locale":"en_US","og_type":"article","og_title":"U Pozori\u0161tu Prijedor otvorena \"Izlo\u017eba plakata bosanskohercegova\u010dkih filmova (1951-2012)\" - FOTO - PrijedorDanas.com - Prijedorski gradski portal","og_description":"U Pozori\u0161tu Prijedor uprili\u010deno je sve\u010dano otvaranje izlo\u017ebe pod nazivom \u201eIzlo\u017eba plakata bosanskohercegova\u010dkih filmova (1951\u20132012)\u201c, koju zajedni\u010dki organizuju Javna ustanova Kinoteka Bosne i Hercegovine i Pozori\u0161te Prijedor. Nakon uspje\u0161nog predstavljanja [&hellip;]","og_url":"https:\/\/www.prijedordanas.com\/?p=249225","og_site_name":"PrijedorDanas.com - Prijedorski gradski portal","article_publisher":"https:\/\/www.facebook.com\/PrijedorDanasCom\/","article_published_time":"2025-06-18T20:31:57+00:00","og_image":[{"url":"https:\/\/www.prijedordanas.com\/wp-content\/uploads\/2025\/06\/izlozba-plakata-bh-filmova-juni2025-1-300x225.jpg"}],"author":"admin","twitter_card":"summary_large_image","twitter_misc":{"Written by":"admin","Est. reading time":"2 minutes"},"schema":{"@context":"https:\/\/schema.org","@graph":[{"@type":"Article","@id":"https:\/\/www.prijedordanas.com\/?p=249225#article","isPartOf":{"@id":"https:\/\/www.prijedordanas.com\/?p=249225"},"author":{"name":"admin","@id":"https:\/\/www.prijedordanas.com\/#\/schema\/person\/4e08ccf29b506ca916ff86d46bb700e6"},"headline":"U Pozori\u0161tu Prijedor otvorena &#8220;Izlo\u017eba plakata bosanskohercegova\u010dkih filmova (1951-2012)&#8221; &#8211; FOTO","datePublished":"2025-06-18T20:31:57+00:00","dateModified":"2025-06-18T20:31:57+00:00","mainEntityOfPage":{"@id":"https:\/\/www.prijedordanas.com\/?p=249225"},"wordCount":375,"publisher":{"@id":"https:\/\/www.prijedordanas.com\/#organization"},"articleSection":["Kultura"],"inLanguage":"en-US"},{"@type":"WebPage","@id":"https:\/\/www.prijedordanas.com\/?p=249225","url":"https:\/\/www.prijedordanas.com\/?p=249225","name":"U Pozori\u0161tu Prijedor otvorena \"Izlo\u017eba plakata bosanskohercegova\u010dkih filmova (1951-2012)\" - FOTO - PrijedorDanas.com - Prijedorski gradski portal","isPartOf":{"@id":"https:\/\/www.prijedordanas.com\/#website"},"datePublished":"2025-06-18T20:31:57+00:00","dateModified":"2025-06-18T20:31:57+00:00","breadcrumb":{"@id":"https:\/\/www.prijedordanas.com\/?p=249225#breadcrumb"},"inLanguage":"en-US","potentialAction":[{"@type":"ReadAction","target":["https:\/\/www.prijedordanas.com\/?p=249225"]}]},{"@type":"BreadcrumbList","@id":"https:\/\/www.prijedordanas.com\/?p=249225#breadcrumb","itemListElement":[{"@type":"ListItem","position":1,"name":"Home","item":"https:\/\/www.prijedordanas.com\/"},{"@type":"ListItem","position":2,"name":"U Pozori\u0161tu Prijedor otvorena &#8220;Izlo\u017eba plakata bosanskohercegova\u010dkih filmova (1951-2012)&#8221; &#8211; FOTO"}]},{"@type":"WebSite","@id":"https:\/\/www.prijedordanas.com\/#website","url":"https:\/\/www.prijedordanas.com\/","name":"PrijedorDanas.com - Prijedorski gradski portal","description":"Portal o doga\u0111anjima u gradu Prijedoru","publisher":{"@id":"https:\/\/www.prijedordanas.com\/#organization"},"potentialAction":[{"@type":"SearchAction","target":{"@type":"EntryPoint","urlTemplate":"https:\/\/www.prijedordanas.com\/?s={search_term_string}"},"query-input":"required name=search_term_string"}],"inLanguage":"en-US"},{"@type":"Organization","@id":"https:\/\/www.prijedordanas.com\/#organization","name":"PrijedorDanas.com","url":"https:\/\/www.prijedordanas.com\/","logo":{"@type":"ImageObject","inLanguage":"en-US","@id":"https:\/\/www.prijedordanas.com\/#\/schema\/logo\/image\/","url":"http:\/\/www.prijedordanas.com\/wp-content\/uploads\/2021\/12\/logopng.png","contentUrl":"http:\/\/www.prijedordanas.com\/wp-content\/uploads\/2021\/12\/logopng.png","width":1019,"height":776,"caption":"PrijedorDanas.com"},"image":{"@id":"https:\/\/www.prijedordanas.com\/#\/schema\/logo\/image\/"},"sameAs":["https:\/\/www.facebook.com\/PrijedorDanasCom\/"]},{"@type":"Person","@id":"https:\/\/www.prijedordanas.com\/#\/schema\/person\/4e08ccf29b506ca916ff86d46bb700e6","name":"admin","image":{"@type":"ImageObject","inLanguage":"en-US","@id":"https:\/\/www.prijedordanas.com\/#\/schema\/person\/image\/","url":"https:\/\/secure.gravatar.com\/avatar\/1d3fc949d550f0b53a5f0d51e06dfd79?s=96&d=mm&r=g","contentUrl":"https:\/\/secure.gravatar.com\/avatar\/1d3fc949d550f0b53a5f0d51e06dfd79?s=96&d=mm&r=g","caption":"admin"},"url":"https:\/\/www.prijedordanas.com\/?author=1"}]}},"_links":{"self":[{"href":"https:\/\/www.prijedordanas.com\/index.php?rest_route=\/wp\/v2\/posts\/249225"}],"collection":[{"href":"https:\/\/www.prijedordanas.com\/index.php?rest_route=\/wp\/v2\/posts"}],"about":[{"href":"https:\/\/www.prijedordanas.com\/index.php?rest_route=\/wp\/v2\/types\/post"}],"author":[{"embeddable":true,"href":"https:\/\/www.prijedordanas.com\/index.php?rest_route=\/wp\/v2\/users\/1"}],"replies":[{"embeddable":true,"href":"https:\/\/www.prijedordanas.com\/index.php?rest_route=%2Fwp%2Fv2%2Fcomments&post=249225"}],"version-history":[{"count":1,"href":"https:\/\/www.prijedordanas.com\/index.php?rest_route=\/wp\/v2\/posts\/249225\/revisions"}],"predecessor-version":[{"id":249231,"href":"https:\/\/www.prijedordanas.com\/index.php?rest_route=\/wp\/v2\/posts\/249225\/revisions\/249231"}],"wp:attachment":[{"href":"https:\/\/www.prijedordanas.com\/index.php?rest_route=%2Fwp%2Fv2%2Fmedia&parent=249225"}],"wp:term":[{"taxonomy":"category","embeddable":true,"href":"https:\/\/www.prijedordanas.com\/index.php?rest_route=%2Fwp%2Fv2%2Fcategories&post=249225"},{"taxonomy":"post_tag","embeddable":true,"href":"https:\/\/www.prijedordanas.com\/index.php?rest_route=%2Fwp%2Fv2%2Ftags&post=249225"}],"curies":[{"name":"wp","href":"https:\/\/api.w.org\/{rel}","templated":true}]}}