{"id":249187,"date":"2025-06-18T12:27:00","date_gmt":"2025-06-18T10:27:00","guid":{"rendered":"https:\/\/www.prijedordanas.com\/?p=249187"},"modified":"2025-06-18T12:27:00","modified_gmt":"2025-06-18T10:27:00","slug":"osnovni-sud-prijedor-za-1-septembar-odgoden-nastavak-sudenja-ljekaru-predragu-stojnicu","status":"publish","type":"post","link":"https:\/\/www.prijedordanas.com\/?p=249187","title":{"rendered":"Osnovni sud Prijedor: Za 1. septembar odgo\u0111en nastavak su\u0111enja ljekaru Predragu Stojni\u0107u"},"content":{"rendered":"<p><a href=\"https:\/\/www.prijedordanas.com\/wp-content\/uploads\/2025\/05\/osnovni-sud-pd-maj2025-1.jpg\"><img loading=\"lazy\" decoding=\"async\" class=\"alignleft size-medium wp-image-246758\" src=\"https:\/\/www.prijedordanas.com\/wp-content\/uploads\/2025\/05\/osnovni-sud-pd-maj2025-1-300x225.jpg\" alt=\"\" width=\"300\" height=\"225\" srcset=\"https:\/\/www.prijedordanas.com\/wp-content\/uploads\/2025\/05\/osnovni-sud-pd-maj2025-1-300x225.jpg 300w, https:\/\/www.prijedordanas.com\/wp-content\/uploads\/2025\/05\/osnovni-sud-pd-maj2025-1-640x480.jpg 640w, https:\/\/www.prijedordanas.com\/wp-content\/uploads\/2025\/05\/osnovni-sud-pd-maj2025-1.jpg 667w\" sizes=\"(max-width: 300px) 100vw, 300px\" \/><\/a>U Osnovnom sudu u Prijedoru danas je su\u0111enje ljekaru prijedorske bolnice Predragu Stojni\u0107u, optu\u017eenom za nesavjesno pru\u017eanje ljekarske pomo\u0107i usljed \u010dega je preminula pacijentkinja J.D, odgo\u0111eno za 1. septembar zbog smrtnog slu\u010daja u porodici jednog od sudija \u010dlanova vije\u0107a.<\/p>\n<p>U nastavku glavnog pretresa trebalo bi da odbrana izvede dokaze, i to izvo\u0111enjem materijalnih dokaza, te saslu\u0161anjem vje\u0161taka sudskomedicinske struke Vede Tuce i optu\u017eenog Stojni\u0107a.<\/p>\n<p>Su\u0111enje je po\u010delo 13. marta 2023. godine, kada se Stojni\u0107 izjasnio da nije kriv za krivi\u010dno djelo koje mu je stavljeno na teret.<\/p>\n<p>Okru\u017eno javno tu\u017eila\u0161tvo u Prijedoru optu\u017eilo je Stojni\u0107a da je 25. avgusta 2019. godine, kao de\u017eurni ljekar u prijedorskoj Bolnici &#8220;Dr Mladen Stojanovi\u0107&#8221;, u\u010dinio propuste u dijagnostici i terapijskom postupku u medicinskom tretmanu J.D, koja je povrije\u0111ena u saobra\u0107ajnoj nezgodi.<\/p>\n<p>Prema optu\u017enici, on nije obavio dijagnosti\u010dke pretrage u vidu CT snimanja glave i mozga niti RTG i CT snimanje grudnog ko\u0161a, \u010dime bi se vidjeli prelomi kostiju, glave, nagnje\u010denja mozga i krvarenje u lobanji, te masivni prelomi rebara i klju\u010dne kosti, kao i nagnje\u010denja plu\u0107a.<\/p>\n<p>Pacijentkinja je upu\u0107ena na odjeljenje psihijatrije, gdje joj se, zbog povreda, neadekvatne dijagnostike i neadekvatnog lije\u010denja stanje pogor\u0161alo, a 26. avgusta 2019. godine u 23.30 \u010dasova je umrla.<\/p>\n<p>SRNA<br \/>\nFoto &#8211; ilustracija<\/p>\n","protected":false},"excerpt":{"rendered":"<p>U Osnovnom sudu u Prijedoru danas je su\u0111enje ljekaru prijedorske bolnice Predragu Stojni\u0107u, optu\u017eenom za nesavjesno pru\u017eanje ljekarske pomo\u0107i usljed \u010dega je preminula pacijentkinja J.D, odgo\u0111eno za 1. septembar zbog [&hellip;]<\/p>\n","protected":false},"author":1,"featured_media":0,"comment_status":"closed","ping_status":"open","sticky":false,"template":"","format":"standard","meta":{"_monsterinsights_skip_tracking":false,"_monsterinsights_sitenote_active":false,"_monsterinsights_sitenote_note":"","_monsterinsights_sitenote_category":0,"footnotes":""},"categories":[5],"tags":[],"yoast_head":"<!-- This site is optimized with the Yoast SEO plugin v21.6 - https:\/\/yoast.com\/wordpress\/plugins\/seo\/ -->\n<title>Osnovni sud Prijedor: Za 1. septembar odgo\u0111en nastavak su\u0111enja ljekaru Predragu Stojni\u0107u - PrijedorDanas.com - Prijedorski gradski portal<\/title>\n<meta name=\"robots\" content=\"index, follow, max-snippet:-1, max-image-preview:large, max-video-preview:-1\" \/>\n<link rel=\"canonical\" href=\"https:\/\/www.prijedordanas.com\/?p=249187\" \/>\n<meta property=\"og:locale\" content=\"en_US\" \/>\n<meta property=\"og:type\" content=\"article\" \/>\n<meta property=\"og:title\" content=\"Osnovni sud Prijedor: Za 1. septembar odgo\u0111en nastavak su\u0111enja ljekaru Predragu Stojni\u0107u - PrijedorDanas.com - Prijedorski gradski portal\" \/>\n<meta property=\"og:description\" content=\"U Osnovnom sudu u Prijedoru danas je su\u0111enje ljekaru prijedorske bolnice Predragu Stojni\u0107u, optu\u017eenom za nesavjesno pru\u017eanje ljekarske pomo\u0107i usljed \u010dega je preminula pacijentkinja J.D, odgo\u0111eno za 1. septembar zbog [&hellip;]\" \/>\n<meta property=\"og:url\" content=\"https:\/\/www.prijedordanas.com\/?p=249187\" \/>\n<meta property=\"og:site_name\" content=\"PrijedorDanas.com - Prijedorski gradski portal\" \/>\n<meta property=\"article:publisher\" content=\"https:\/\/www.facebook.com\/PrijedorDanasCom\/\" \/>\n<meta property=\"article:published_time\" content=\"2025-06-18T10:27:00+00:00\" \/>\n<meta property=\"og:image\" content=\"https:\/\/www.prijedordanas.com\/wp-content\/uploads\/2025\/05\/osnovni-sud-pd-maj2025-1-300x225.jpg\" \/>\n<meta name=\"author\" content=\"admin\" \/>\n<meta name=\"twitter:card\" content=\"summary_large_image\" \/>\n<meta name=\"twitter:label1\" content=\"Written by\" \/>\n\t<meta name=\"twitter:data1\" content=\"admin\" \/>\n\t<meta name=\"twitter:label2\" content=\"Est. reading time\" \/>\n\t<meta name=\"twitter:data2\" content=\"2 minutes\" \/>\n<script type=\"application\/ld+json\" class=\"yoast-schema-graph\">{\"@context\":\"https:\/\/schema.org\",\"@graph\":[{\"@type\":\"Article\",\"@id\":\"https:\/\/www.prijedordanas.com\/?p=249187#article\",\"isPartOf\":{\"@id\":\"https:\/\/www.prijedordanas.com\/?p=249187\"},\"author\":{\"name\":\"admin\",\"@id\":\"https:\/\/www.prijedordanas.com\/#\/schema\/person\/4e08ccf29b506ca916ff86d46bb700e6\"},\"headline\":\"Osnovni sud Prijedor: Za 1. septembar odgo\u0111en nastavak su\u0111enja ljekaru Predragu Stojni\u0107u\",\"datePublished\":\"2025-06-18T10:27:00+00:00\",\"dateModified\":\"2025-06-18T10:27:00+00:00\",\"mainEntityOfPage\":{\"@id\":\"https:\/\/www.prijedordanas.com\/?p=249187\"},\"wordCount\":247,\"publisher\":{\"@id\":\"https:\/\/www.prijedordanas.com\/#organization\"},\"articleSection\":[\"Hronika\"],\"inLanguage\":\"en-US\"},{\"@type\":\"WebPage\",\"@id\":\"https:\/\/www.prijedordanas.com\/?p=249187\",\"url\":\"https:\/\/www.prijedordanas.com\/?p=249187\",\"name\":\"Osnovni sud Prijedor: Za 1. septembar odgo\u0111en nastavak su\u0111enja ljekaru Predragu Stojni\u0107u - PrijedorDanas.com - Prijedorski gradski portal\",\"isPartOf\":{\"@id\":\"https:\/\/www.prijedordanas.com\/#website\"},\"datePublished\":\"2025-06-18T10:27:00+00:00\",\"dateModified\":\"2025-06-18T10:27:00+00:00\",\"breadcrumb\":{\"@id\":\"https:\/\/www.prijedordanas.com\/?p=249187#breadcrumb\"},\"inLanguage\":\"en-US\",\"potentialAction\":[{\"@type\":\"ReadAction\",\"target\":[\"https:\/\/www.prijedordanas.com\/?p=249187\"]}]},{\"@type\":\"BreadcrumbList\",\"@id\":\"https:\/\/www.prijedordanas.com\/?p=249187#breadcrumb\",\"itemListElement\":[{\"@type\":\"ListItem\",\"position\":1,\"name\":\"Home\",\"item\":\"https:\/\/www.prijedordanas.com\/\"},{\"@type\":\"ListItem\",\"position\":2,\"name\":\"Osnovni sud Prijedor: Za 1. septembar odgo\u0111en nastavak su\u0111enja ljekaru Predragu Stojni\u0107u\"}]},{\"@type\":\"WebSite\",\"@id\":\"https:\/\/www.prijedordanas.com\/#website\",\"url\":\"https:\/\/www.prijedordanas.com\/\",\"name\":\"PrijedorDanas.com - Prijedorski gradski portal\",\"description\":\"Portal o doga\u0111anjima u gradu Prijedoru\",\"publisher\":{\"@id\":\"https:\/\/www.prijedordanas.com\/#organization\"},\"potentialAction\":[{\"@type\":\"SearchAction\",\"target\":{\"@type\":\"EntryPoint\",\"urlTemplate\":\"https:\/\/www.prijedordanas.com\/?s={search_term_string}\"},\"query-input\":\"required name=search_term_string\"}],\"inLanguage\":\"en-US\"},{\"@type\":\"Organization\",\"@id\":\"https:\/\/www.prijedordanas.com\/#organization\",\"name\":\"PrijedorDanas.com\",\"url\":\"https:\/\/www.prijedordanas.com\/\",\"logo\":{\"@type\":\"ImageObject\",\"inLanguage\":\"en-US\",\"@id\":\"https:\/\/www.prijedordanas.com\/#\/schema\/logo\/image\/\",\"url\":\"http:\/\/www.prijedordanas.com\/wp-content\/uploads\/2021\/12\/logopng.png\",\"contentUrl\":\"http:\/\/www.prijedordanas.com\/wp-content\/uploads\/2021\/12\/logopng.png\",\"width\":1019,\"height\":776,\"caption\":\"PrijedorDanas.com\"},\"image\":{\"@id\":\"https:\/\/www.prijedordanas.com\/#\/schema\/logo\/image\/\"},\"sameAs\":[\"https:\/\/www.facebook.com\/PrijedorDanasCom\/\"]},{\"@type\":\"Person\",\"@id\":\"https:\/\/www.prijedordanas.com\/#\/schema\/person\/4e08ccf29b506ca916ff86d46bb700e6\",\"name\":\"admin\",\"image\":{\"@type\":\"ImageObject\",\"inLanguage\":\"en-US\",\"@id\":\"https:\/\/www.prijedordanas.com\/#\/schema\/person\/image\/\",\"url\":\"https:\/\/secure.gravatar.com\/avatar\/1d3fc949d550f0b53a5f0d51e06dfd79?s=96&d=mm&r=g\",\"contentUrl\":\"https:\/\/secure.gravatar.com\/avatar\/1d3fc949d550f0b53a5f0d51e06dfd79?s=96&d=mm&r=g\",\"caption\":\"admin\"},\"url\":\"https:\/\/www.prijedordanas.com\/?author=1\"}]}<\/script>\n<!-- \/ Yoast SEO plugin. -->","yoast_head_json":{"title":"Osnovni sud Prijedor: Za 1. septembar odgo\u0111en nastavak su\u0111enja ljekaru Predragu Stojni\u0107u - PrijedorDanas.com - Prijedorski gradski portal","robots":{"index":"index","follow":"follow","max-snippet":"max-snippet:-1","max-image-preview":"max-image-preview:large","max-video-preview":"max-video-preview:-1"},"canonical":"https:\/\/www.prijedordanas.com\/?p=249187","og_locale":"en_US","og_type":"article","og_title":"Osnovni sud Prijedor: Za 1. septembar odgo\u0111en nastavak su\u0111enja ljekaru Predragu Stojni\u0107u - PrijedorDanas.com - Prijedorski gradski portal","og_description":"U Osnovnom sudu u Prijedoru danas je su\u0111enje ljekaru prijedorske bolnice Predragu Stojni\u0107u, optu\u017eenom za nesavjesno pru\u017eanje ljekarske pomo\u0107i usljed \u010dega je preminula pacijentkinja J.D, odgo\u0111eno za 1. septembar zbog [&hellip;]","og_url":"https:\/\/www.prijedordanas.com\/?p=249187","og_site_name":"PrijedorDanas.com - Prijedorski gradski portal","article_publisher":"https:\/\/www.facebook.com\/PrijedorDanasCom\/","article_published_time":"2025-06-18T10:27:00+00:00","og_image":[{"url":"https:\/\/www.prijedordanas.com\/wp-content\/uploads\/2025\/05\/osnovni-sud-pd-maj2025-1-300x225.jpg"}],"author":"admin","twitter_card":"summary_large_image","twitter_misc":{"Written by":"admin","Est. reading time":"2 minutes"},"schema":{"@context":"https:\/\/schema.org","@graph":[{"@type":"Article","@id":"https:\/\/www.prijedordanas.com\/?p=249187#article","isPartOf":{"@id":"https:\/\/www.prijedordanas.com\/?p=249187"},"author":{"name":"admin","@id":"https:\/\/www.prijedordanas.com\/#\/schema\/person\/4e08ccf29b506ca916ff86d46bb700e6"},"headline":"Osnovni sud Prijedor: Za 1. septembar odgo\u0111en nastavak su\u0111enja ljekaru Predragu Stojni\u0107u","datePublished":"2025-06-18T10:27:00+00:00","dateModified":"2025-06-18T10:27:00+00:00","mainEntityOfPage":{"@id":"https:\/\/www.prijedordanas.com\/?p=249187"},"wordCount":247,"publisher":{"@id":"https:\/\/www.prijedordanas.com\/#organization"},"articleSection":["Hronika"],"inLanguage":"en-US"},{"@type":"WebPage","@id":"https:\/\/www.prijedordanas.com\/?p=249187","url":"https:\/\/www.prijedordanas.com\/?p=249187","name":"Osnovni sud Prijedor: Za 1. septembar odgo\u0111en nastavak su\u0111enja ljekaru Predragu Stojni\u0107u - PrijedorDanas.com - Prijedorski gradski portal","isPartOf":{"@id":"https:\/\/www.prijedordanas.com\/#website"},"datePublished":"2025-06-18T10:27:00+00:00","dateModified":"2025-06-18T10:27:00+00:00","breadcrumb":{"@id":"https:\/\/www.prijedordanas.com\/?p=249187#breadcrumb"},"inLanguage":"en-US","potentialAction":[{"@type":"ReadAction","target":["https:\/\/www.prijedordanas.com\/?p=249187"]}]},{"@type":"BreadcrumbList","@id":"https:\/\/www.prijedordanas.com\/?p=249187#breadcrumb","itemListElement":[{"@type":"ListItem","position":1,"name":"Home","item":"https:\/\/www.prijedordanas.com\/"},{"@type":"ListItem","position":2,"name":"Osnovni sud Prijedor: Za 1. septembar odgo\u0111en nastavak su\u0111enja ljekaru Predragu Stojni\u0107u"}]},{"@type":"WebSite","@id":"https:\/\/www.prijedordanas.com\/#website","url":"https:\/\/www.prijedordanas.com\/","name":"PrijedorDanas.com - Prijedorski gradski portal","description":"Portal o doga\u0111anjima u gradu Prijedoru","publisher":{"@id":"https:\/\/www.prijedordanas.com\/#organization"},"potentialAction":[{"@type":"SearchAction","target":{"@type":"EntryPoint","urlTemplate":"https:\/\/www.prijedordanas.com\/?s={search_term_string}"},"query-input":"required name=search_term_string"}],"inLanguage":"en-US"},{"@type":"Organization","@id":"https:\/\/www.prijedordanas.com\/#organization","name":"PrijedorDanas.com","url":"https:\/\/www.prijedordanas.com\/","logo":{"@type":"ImageObject","inLanguage":"en-US","@id":"https:\/\/www.prijedordanas.com\/#\/schema\/logo\/image\/","url":"http:\/\/www.prijedordanas.com\/wp-content\/uploads\/2021\/12\/logopng.png","contentUrl":"http:\/\/www.prijedordanas.com\/wp-content\/uploads\/2021\/12\/logopng.png","width":1019,"height":776,"caption":"PrijedorDanas.com"},"image":{"@id":"https:\/\/www.prijedordanas.com\/#\/schema\/logo\/image\/"},"sameAs":["https:\/\/www.facebook.com\/PrijedorDanasCom\/"]},{"@type":"Person","@id":"https:\/\/www.prijedordanas.com\/#\/schema\/person\/4e08ccf29b506ca916ff86d46bb700e6","name":"admin","image":{"@type":"ImageObject","inLanguage":"en-US","@id":"https:\/\/www.prijedordanas.com\/#\/schema\/person\/image\/","url":"https:\/\/secure.gravatar.com\/avatar\/1d3fc949d550f0b53a5f0d51e06dfd79?s=96&d=mm&r=g","contentUrl":"https:\/\/secure.gravatar.com\/avatar\/1d3fc949d550f0b53a5f0d51e06dfd79?s=96&d=mm&r=g","caption":"admin"},"url":"https:\/\/www.prijedordanas.com\/?author=1"}]}},"_links":{"self":[{"href":"https:\/\/www.prijedordanas.com\/index.php?rest_route=\/wp\/v2\/posts\/249187"}],"collection":[{"href":"https:\/\/www.prijedordanas.com\/index.php?rest_route=\/wp\/v2\/posts"}],"about":[{"href":"https:\/\/www.prijedordanas.com\/index.php?rest_route=\/wp\/v2\/types\/post"}],"author":[{"embeddable":true,"href":"https:\/\/www.prijedordanas.com\/index.php?rest_route=\/wp\/v2\/users\/1"}],"replies":[{"embeddable":true,"href":"https:\/\/www.prijedordanas.com\/index.php?rest_route=%2Fwp%2Fv2%2Fcomments&post=249187"}],"version-history":[{"count":1,"href":"https:\/\/www.prijedordanas.com\/index.php?rest_route=\/wp\/v2\/posts\/249187\/revisions"}],"predecessor-version":[{"id":249188,"href":"https:\/\/www.prijedordanas.com\/index.php?rest_route=\/wp\/v2\/posts\/249187\/revisions\/249188"}],"wp:attachment":[{"href":"https:\/\/www.prijedordanas.com\/index.php?rest_route=%2Fwp%2Fv2%2Fmedia&parent=249187"}],"wp:term":[{"taxonomy":"category","embeddable":true,"href":"https:\/\/www.prijedordanas.com\/index.php?rest_route=%2Fwp%2Fv2%2Fcategories&post=249187"},{"taxonomy":"post_tag","embeddable":true,"href":"https:\/\/www.prijedordanas.com\/index.php?rest_route=%2Fwp%2Fv2%2Ftags&post=249187"}],"curies":[{"name":"wp","href":"https:\/\/api.w.org\/{rel}","templated":true}]}}