{"id":249139,"date":"2025-06-17T15:23:24","date_gmt":"2025-06-17T13:23:24","guid":{"rendered":"https:\/\/www.prijedordanas.com\/?p=249139"},"modified":"2025-06-17T15:23:24","modified_gmt":"2025-06-17T13:23:24","slug":"ponovo-blokiran-racun-prijedorske-toplane-radnici-najavljuju-strajk-upozorenja-foto-video","status":"publish","type":"post","link":"https:\/\/www.prijedordanas.com\/?p=249139","title":{"rendered":"Ponovo blokiran ra\u010dun prijedorske &#8220;Toplane&#8221;: Radnici najavljuju \u0161trajk upozorenja &#8211; FOTO\/VIDEO"},"content":{"rendered":"<p><a href=\"https:\/\/www.prijedordanas.com\/wp-content\/uploads\/2025\/06\/toplana-prijedor-pres-17juni-1.jpg\"><img loading=\"lazy\" decoding=\"async\" class=\"alignleft size-medium wp-image-249140\" src=\"https:\/\/www.prijedordanas.com\/wp-content\/uploads\/2025\/06\/toplana-prijedor-pres-17juni-1-300x225.jpg\" alt=\"\" width=\"300\" height=\"225\" srcset=\"https:\/\/www.prijedordanas.com\/wp-content\/uploads\/2025\/06\/toplana-prijedor-pres-17juni-1-300x225.jpg 300w, https:\/\/www.prijedordanas.com\/wp-content\/uploads\/2025\/06\/toplana-prijedor-pres-17juni-1-640x480.jpg 640w, https:\/\/www.prijedordanas.com\/wp-content\/uploads\/2025\/06\/toplana-prijedor-pres-17juni-1.jpg 667w\" sizes=\"(max-width: 300px) 100vw, 300px\" \/><\/a>Predsjednik Sindikalne organizacije &#8220;Toplane&#8221; iz Prijedora Milan Despotovi\u0107 izjavio je danas da radnici ovog preduze\u0107a nisu primili plate za april i maj zbog blokade ra\u010duna i da moraju tra\u017eiti za\u0161titu svojih prava, te napomenuo da \u0107e, ukoliko ne\u0161to ne bude rije\u0161eno u naredna dva, tri dana, krenuti sa jedno\u010dasovnom obustavom rada, odnosno \u0161trajkom upozorenja.<\/p>\n<p>Despotovi\u0107 je rekao da, ukoliko se ni tada ne rije\u0161i ni\u0161ta, onda \u0107e morati u potpunu obustavu rada i generalni \u0161trajk.<\/p>\n<p>On je rekao da od novembra pro\u0161le godine preduze\u0107e ote\u017eano posluje, prvenstveno zbog blokada ra\u010duna od pojedinih dobavlja\u010da, a da za svih 70 zaposlenih postoji mogu\u0107nost da ostanu i bez zdravstvenog osiguranja.<\/p>\n<p>Despotovi\u0107 je na konferenciji za novinare u Prijedoru ukazao i na to da radnici nemaju ni sredstava za rad na pripremi idu\u0107e sezone grijanja.<\/p>\n<p><a href=\"https:\/\/www.prijedordanas.com\/wp-content\/uploads\/2025\/06\/toplana-prijedor-pres-17juni-2.jpg\"><img loading=\"lazy\" decoding=\"async\" class=\"alignleft size-medium wp-image-249141\" src=\"https:\/\/www.prijedordanas.com\/wp-content\/uploads\/2025\/06\/toplana-prijedor-pres-17juni-2-300x225.jpg\" alt=\"\" width=\"300\" height=\"225\" srcset=\"https:\/\/www.prijedordanas.com\/wp-content\/uploads\/2025\/06\/toplana-prijedor-pres-17juni-2-300x225.jpg 300w, https:\/\/www.prijedordanas.com\/wp-content\/uploads\/2025\/06\/toplana-prijedor-pres-17juni-2-640x480.jpg 640w, https:\/\/www.prijedordanas.com\/wp-content\/uploads\/2025\/06\/toplana-prijedor-pres-17juni-2.jpg 667w\" sizes=\"(max-width: 300px) 100vw, 300px\" \/><\/a>Direktor &#8220;Toplane&#8221; Du\u0161ko Mileti\u0107 izjavio je da je u pregovorima sa Investiciono-razvojnom bankom Republike Srpske za kredit od 2,8 miliona KM, kojim bi se rije\u0161ili dugovi prema dobavlja\u010dima.<\/p>\n<p>&#8220;Idu\u0107a sezona grijanja je upitna. Ovih dana radimo remont na vrelovodu i toplovodu, onoliko koliko imamo cijevi za to. Raspisali smo novi tender za nabavku novih, ali imamo i narud\u017ebu za remont drobilice i remont postrojenja na kotlovima, gdje, ako to ne uradimo, ne\u0107emo mo\u0107i u\u0107i normalno u grijnu sezonu&#8221;, rekao je Mileti\u0107.<\/p>\n<p>On je naveo da je &#8220;Toplana&#8221; izmirila dug prema banjalu\u010dkom &#8220;Intermetalu&#8221;, te da od dobavlja\u010da &#8220;Auto \u017duti&#8221; i &#8220;Bobana transporti&#8221; ima obe\u0107anje da oni ne\u0107e i\u0107i u blokadu ra\u010duna ovog preduze\u0107a.<\/p>\n<p>On je podsjetio da je u martu 2021. godine, kada je imenovan za vr\u0161ioca du\u017enosti direktora, zatekao dug prema dobavlja\u010dima od 2,4 miliona KM.<\/p>\n<p><a href=\"https:\/\/www.prijedordanas.com\/wp-content\/uploads\/2025\/06\/toplana-prijedor-pres-17juni-3.jpg\"><img loading=\"lazy\" decoding=\"async\" class=\"alignleft size-medium wp-image-249142\" src=\"https:\/\/www.prijedordanas.com\/wp-content\/uploads\/2025\/06\/toplana-prijedor-pres-17juni-3-300x225.jpg\" alt=\"\" width=\"300\" height=\"225\" srcset=\"https:\/\/www.prijedordanas.com\/wp-content\/uploads\/2025\/06\/toplana-prijedor-pres-17juni-3-300x225.jpg 300w, https:\/\/www.prijedordanas.com\/wp-content\/uploads\/2025\/06\/toplana-prijedor-pres-17juni-3-640x480.jpg 640w, https:\/\/www.prijedordanas.com\/wp-content\/uploads\/2025\/06\/toplana-prijedor-pres-17juni-3.jpg 667w\" sizes=\"(max-width: 300px) 100vw, 300px\" \/><\/a>&#8220;Zatekao sam dug prema `Niskogradnji Marjanovi\u0107` od 1,1 milion KM, a danas on iznosi 1,2 miliona KM. Od pro\u0161le godine `Niskogradnji Marjanovi\u0107` je od ovog gradskog preduze\u0107a upla\u0107eno 3,5 miliona KM. Samo u ovoj godini od januara je upla\u0107eno 2,3 miliona KM&#8221;, ispri\u010dao je Mileti\u0107.<\/p>\n<p>On je podsjetio da se od 2013. do 2018. godine &#8220;Toplana&#8221; zadu\u017eila za 36 miliona KM, a da i danas obeveze prema tim kreditima iznose ukupno 30 miliona KM.<\/p>\n<p>&#8220;Tri miliona KM godi\u0161nje imamo kredita i tri miliona KM nam treba za biomasu, a mi imamo 5,9 miliona KM prihoda&#8221;, pojasnio je Mileti\u0107.<\/p>\n<p>Okru\u017eni privredni sud u Prijedoru dostavio je danas Srni podatke o sporovima koje se pred ovim sudom vode dobavlja\u010di protiv &#8220;Toplane&#8221;.<\/p>\n<p><a href=\"https:\/\/www.prijedordanas.com\/wp-content\/uploads\/2025\/06\/toplana-prijedor-pres-17juni-4.jpg\"><img loading=\"lazy\" decoding=\"async\" class=\"alignleft size-medium wp-image-249143\" src=\"https:\/\/www.prijedordanas.com\/wp-content\/uploads\/2025\/06\/toplana-prijedor-pres-17juni-4-300x225.jpg\" alt=\"\" width=\"300\" height=\"225\" srcset=\"https:\/\/www.prijedordanas.com\/wp-content\/uploads\/2025\/06\/toplana-prijedor-pres-17juni-4-300x225.jpg 300w, https:\/\/www.prijedordanas.com\/wp-content\/uploads\/2025\/06\/toplana-prijedor-pres-17juni-4-640x480.jpg 640w, https:\/\/www.prijedordanas.com\/wp-content\/uploads\/2025\/06\/toplana-prijedor-pres-17juni-4.jpg 667w\" sizes=\"(max-width: 300px) 100vw, 300px\" \/><\/a>Putem sudskih presuda, tokom ove i pro\u0161le godine, dugovanja od 329.656 KM naplatila je Firma &#8220;Inter-metal&#8221; iz Banjaluke, a &#8220;Niskogradnja Marjanovi\u0107&#8221; 1.392.556 KM.<\/p>\n<p>Pravosna\u017eno su okon\u010dana i tri postupka pred ovim sudom koje je pokrenula &#8220;Niskogradnja Marjanovi\u0107&#8221;, gdje su vrijednosti spora 354.728 KM, 863.022 KM i 279.436 KM.<\/p>\n<p>Pred prijedorskim Okru\u017enim privrednim sudom u toku su i dva postupka protiv &#8220;Toplane&#8221;, koji jo\u0161 nisu pravosna\u017eno okon\u010dani, a pokrenuli su ih &#8220;Bobana transporti&#8221; iz Prijedor gdje je vrijednost spora 104.249 KM, te &#8220;Niskogradnja Marjanovi\u0107&#8221;, gdje je vrijednost spora 258.649 KM.<\/p>\n<p>O radu &#8220;Toplane&#8221; za 2024. godinu sutra \u0107e raspravljati odbornici Skup\u0161tine grada Prijedora na redovnom zasjedanju.<\/p>\n<p>SRNA<\/p>\n<p><iframe loading=\"lazy\" title=\"TOPLANI OPET BLOKIRAN RA\u010cUN\" width=\"500\" height=\"281\" src=\"https:\/\/www.youtube.com\/embed\/NCvdJx7ORwo?feature=oembed\" frameborder=\"0\" allow=\"accelerometer; autoplay; clipboard-write; encrypted-media; gyroscope; picture-in-picture; web-share\" referrerpolicy=\"strict-origin-when-cross-origin\" allowfullscreen><\/iframe><\/p>\n<p>&nbsp;<\/p>\n","protected":false},"excerpt":{"rendered":"<p>Predsjednik Sindikalne organizacije &#8220;Toplane&#8221; iz Prijedora Milan Despotovi\u0107 izjavio je danas da radnici ovog preduze\u0107a nisu primili plate za april i maj zbog blokade ra\u010duna i da moraju tra\u017eiti za\u0161titu [&hellip;]<\/p>\n","protected":false},"author":1,"featured_media":0,"comment_status":"closed","ping_status":"open","sticky":false,"template":"","format":"standard","meta":{"_monsterinsights_skip_tracking":false,"_monsterinsights_sitenote_active":false,"_monsterinsights_sitenote_note":"","_monsterinsights_sitenote_category":0,"footnotes":""},"categories":[4],"tags":[],"yoast_head":"<!-- This site is optimized with the Yoast SEO plugin v21.6 - https:\/\/yoast.com\/wordpress\/plugins\/seo\/ -->\n<title>Ponovo blokiran ra\u010dun prijedorske &quot;Toplane&quot;: Radnici najavljuju \u0161trajk upozorenja - FOTO\/VIDEO - PrijedorDanas.com - Prijedorski gradski portal<\/title>\n<meta name=\"robots\" content=\"index, follow, max-snippet:-1, max-image-preview:large, max-video-preview:-1\" \/>\n<link rel=\"canonical\" href=\"https:\/\/www.prijedordanas.com\/?p=249139\" \/>\n<meta property=\"og:locale\" content=\"en_US\" \/>\n<meta property=\"og:type\" content=\"article\" \/>\n<meta property=\"og:title\" content=\"Ponovo blokiran ra\u010dun prijedorske &quot;Toplane&quot;: Radnici najavljuju \u0161trajk upozorenja - FOTO\/VIDEO - PrijedorDanas.com - Prijedorski gradski portal\" \/>\n<meta property=\"og:description\" content=\"Predsjednik Sindikalne organizacije &#8220;Toplane&#8221; iz Prijedora Milan Despotovi\u0107 izjavio je danas da radnici ovog preduze\u0107a nisu primili plate za april i maj zbog blokade ra\u010duna i da moraju tra\u017eiti za\u0161titu [&hellip;]\" \/>\n<meta property=\"og:url\" content=\"https:\/\/www.prijedordanas.com\/?p=249139\" \/>\n<meta property=\"og:site_name\" content=\"PrijedorDanas.com - Prijedorski gradski portal\" \/>\n<meta property=\"article:publisher\" content=\"https:\/\/www.facebook.com\/PrijedorDanasCom\/\" \/>\n<meta property=\"article:published_time\" content=\"2025-06-17T13:23:24+00:00\" \/>\n<meta property=\"og:image\" content=\"https:\/\/www.prijedordanas.com\/wp-content\/uploads\/2025\/06\/toplana-prijedor-pres-17juni-1-300x225.jpg\" \/>\n<meta name=\"author\" content=\"admin\" \/>\n<meta name=\"twitter:card\" content=\"summary_large_image\" \/>\n<meta name=\"twitter:label1\" content=\"Written by\" \/>\n\t<meta name=\"twitter:data1\" content=\"admin\" \/>\n\t<meta name=\"twitter:label2\" content=\"Est. reading time\" \/>\n\t<meta name=\"twitter:data2\" content=\"3 minutes\" \/>\n<script type=\"application\/ld+json\" class=\"yoast-schema-graph\">{\"@context\":\"https:\/\/schema.org\",\"@graph\":[{\"@type\":\"Article\",\"@id\":\"https:\/\/www.prijedordanas.com\/?p=249139#article\",\"isPartOf\":{\"@id\":\"https:\/\/www.prijedordanas.com\/?p=249139\"},\"author\":{\"name\":\"admin\",\"@id\":\"https:\/\/www.prijedordanas.com\/#\/schema\/person\/4e08ccf29b506ca916ff86d46bb700e6\"},\"headline\":\"Ponovo blokiran ra\u010dun prijedorske &#8220;Toplane&#8221;: Radnici najavljuju \u0161trajk upozorenja &#8211; FOTO\/VIDEO\",\"datePublished\":\"2025-06-17T13:23:24+00:00\",\"dateModified\":\"2025-06-17T13:23:24+00:00\",\"mainEntityOfPage\":{\"@id\":\"https:\/\/www.prijedordanas.com\/?p=249139\"},\"wordCount\":543,\"publisher\":{\"@id\":\"https:\/\/www.prijedordanas.com\/#organization\"},\"articleSection\":[\"Dru\u0161tvo\"],\"inLanguage\":\"en-US\"},{\"@type\":\"WebPage\",\"@id\":\"https:\/\/www.prijedordanas.com\/?p=249139\",\"url\":\"https:\/\/www.prijedordanas.com\/?p=249139\",\"name\":\"Ponovo blokiran ra\u010dun prijedorske \\\"Toplane\\\": Radnici najavljuju \u0161trajk upozorenja - FOTO\/VIDEO - PrijedorDanas.com - Prijedorski gradski portal\",\"isPartOf\":{\"@id\":\"https:\/\/www.prijedordanas.com\/#website\"},\"datePublished\":\"2025-06-17T13:23:24+00:00\",\"dateModified\":\"2025-06-17T13:23:24+00:00\",\"breadcrumb\":{\"@id\":\"https:\/\/www.prijedordanas.com\/?p=249139#breadcrumb\"},\"inLanguage\":\"en-US\",\"potentialAction\":[{\"@type\":\"ReadAction\",\"target\":[\"https:\/\/www.prijedordanas.com\/?p=249139\"]}]},{\"@type\":\"BreadcrumbList\",\"@id\":\"https:\/\/www.prijedordanas.com\/?p=249139#breadcrumb\",\"itemListElement\":[{\"@type\":\"ListItem\",\"position\":1,\"name\":\"Home\",\"item\":\"https:\/\/www.prijedordanas.com\/\"},{\"@type\":\"ListItem\",\"position\":2,\"name\":\"Ponovo blokiran ra\u010dun prijedorske &#8220;Toplane&#8221;: Radnici najavljuju \u0161trajk upozorenja &#8211; FOTO\/VIDEO\"}]},{\"@type\":\"WebSite\",\"@id\":\"https:\/\/www.prijedordanas.com\/#website\",\"url\":\"https:\/\/www.prijedordanas.com\/\",\"name\":\"PrijedorDanas.com - Prijedorski gradski portal\",\"description\":\"Portal o doga\u0111anjima u gradu Prijedoru\",\"publisher\":{\"@id\":\"https:\/\/www.prijedordanas.com\/#organization\"},\"potentialAction\":[{\"@type\":\"SearchAction\",\"target\":{\"@type\":\"EntryPoint\",\"urlTemplate\":\"https:\/\/www.prijedordanas.com\/?s={search_term_string}\"},\"query-input\":\"required name=search_term_string\"}],\"inLanguage\":\"en-US\"},{\"@type\":\"Organization\",\"@id\":\"https:\/\/www.prijedordanas.com\/#organization\",\"name\":\"PrijedorDanas.com\",\"url\":\"https:\/\/www.prijedordanas.com\/\",\"logo\":{\"@type\":\"ImageObject\",\"inLanguage\":\"en-US\",\"@id\":\"https:\/\/www.prijedordanas.com\/#\/schema\/logo\/image\/\",\"url\":\"http:\/\/www.prijedordanas.com\/wp-content\/uploads\/2021\/12\/logopng.png\",\"contentUrl\":\"http:\/\/www.prijedordanas.com\/wp-content\/uploads\/2021\/12\/logopng.png\",\"width\":1019,\"height\":776,\"caption\":\"PrijedorDanas.com\"},\"image\":{\"@id\":\"https:\/\/www.prijedordanas.com\/#\/schema\/logo\/image\/\"},\"sameAs\":[\"https:\/\/www.facebook.com\/PrijedorDanasCom\/\"]},{\"@type\":\"Person\",\"@id\":\"https:\/\/www.prijedordanas.com\/#\/schema\/person\/4e08ccf29b506ca916ff86d46bb700e6\",\"name\":\"admin\",\"image\":{\"@type\":\"ImageObject\",\"inLanguage\":\"en-US\",\"@id\":\"https:\/\/www.prijedordanas.com\/#\/schema\/person\/image\/\",\"url\":\"https:\/\/secure.gravatar.com\/avatar\/1d3fc949d550f0b53a5f0d51e06dfd79?s=96&d=mm&r=g\",\"contentUrl\":\"https:\/\/secure.gravatar.com\/avatar\/1d3fc949d550f0b53a5f0d51e06dfd79?s=96&d=mm&r=g\",\"caption\":\"admin\"},\"url\":\"https:\/\/www.prijedordanas.com\/?author=1\"}]}<\/script>\n<!-- \/ Yoast SEO plugin. -->","yoast_head_json":{"title":"Ponovo blokiran ra\u010dun prijedorske \"Toplane\": Radnici najavljuju \u0161trajk upozorenja - FOTO\/VIDEO - PrijedorDanas.com - Prijedorski gradski portal","robots":{"index":"index","follow":"follow","max-snippet":"max-snippet:-1","max-image-preview":"max-image-preview:large","max-video-preview":"max-video-preview:-1"},"canonical":"https:\/\/www.prijedordanas.com\/?p=249139","og_locale":"en_US","og_type":"article","og_title":"Ponovo blokiran ra\u010dun prijedorske \"Toplane\": Radnici najavljuju \u0161trajk upozorenja - FOTO\/VIDEO - PrijedorDanas.com - Prijedorski gradski portal","og_description":"Predsjednik Sindikalne organizacije &#8220;Toplane&#8221; iz Prijedora Milan Despotovi\u0107 izjavio je danas da radnici ovog preduze\u0107a nisu primili plate za april i maj zbog blokade ra\u010duna i da moraju tra\u017eiti za\u0161titu [&hellip;]","og_url":"https:\/\/www.prijedordanas.com\/?p=249139","og_site_name":"PrijedorDanas.com - Prijedorski gradski portal","article_publisher":"https:\/\/www.facebook.com\/PrijedorDanasCom\/","article_published_time":"2025-06-17T13:23:24+00:00","og_image":[{"url":"https:\/\/www.prijedordanas.com\/wp-content\/uploads\/2025\/06\/toplana-prijedor-pres-17juni-1-300x225.jpg"}],"author":"admin","twitter_card":"summary_large_image","twitter_misc":{"Written by":"admin","Est. reading time":"3 minutes"},"schema":{"@context":"https:\/\/schema.org","@graph":[{"@type":"Article","@id":"https:\/\/www.prijedordanas.com\/?p=249139#article","isPartOf":{"@id":"https:\/\/www.prijedordanas.com\/?p=249139"},"author":{"name":"admin","@id":"https:\/\/www.prijedordanas.com\/#\/schema\/person\/4e08ccf29b506ca916ff86d46bb700e6"},"headline":"Ponovo blokiran ra\u010dun prijedorske &#8220;Toplane&#8221;: Radnici najavljuju \u0161trajk upozorenja &#8211; FOTO\/VIDEO","datePublished":"2025-06-17T13:23:24+00:00","dateModified":"2025-06-17T13:23:24+00:00","mainEntityOfPage":{"@id":"https:\/\/www.prijedordanas.com\/?p=249139"},"wordCount":543,"publisher":{"@id":"https:\/\/www.prijedordanas.com\/#organization"},"articleSection":["Dru\u0161tvo"],"inLanguage":"en-US"},{"@type":"WebPage","@id":"https:\/\/www.prijedordanas.com\/?p=249139","url":"https:\/\/www.prijedordanas.com\/?p=249139","name":"Ponovo blokiran ra\u010dun prijedorske \"Toplane\": Radnici najavljuju \u0161trajk upozorenja - FOTO\/VIDEO - PrijedorDanas.com - Prijedorski gradski portal","isPartOf":{"@id":"https:\/\/www.prijedordanas.com\/#website"},"datePublished":"2025-06-17T13:23:24+00:00","dateModified":"2025-06-17T13:23:24+00:00","breadcrumb":{"@id":"https:\/\/www.prijedordanas.com\/?p=249139#breadcrumb"},"inLanguage":"en-US","potentialAction":[{"@type":"ReadAction","target":["https:\/\/www.prijedordanas.com\/?p=249139"]}]},{"@type":"BreadcrumbList","@id":"https:\/\/www.prijedordanas.com\/?p=249139#breadcrumb","itemListElement":[{"@type":"ListItem","position":1,"name":"Home","item":"https:\/\/www.prijedordanas.com\/"},{"@type":"ListItem","position":2,"name":"Ponovo blokiran ra\u010dun prijedorske &#8220;Toplane&#8221;: Radnici najavljuju \u0161trajk upozorenja &#8211; FOTO\/VIDEO"}]},{"@type":"WebSite","@id":"https:\/\/www.prijedordanas.com\/#website","url":"https:\/\/www.prijedordanas.com\/","name":"PrijedorDanas.com - Prijedorski gradski portal","description":"Portal o doga\u0111anjima u gradu Prijedoru","publisher":{"@id":"https:\/\/www.prijedordanas.com\/#organization"},"potentialAction":[{"@type":"SearchAction","target":{"@type":"EntryPoint","urlTemplate":"https:\/\/www.prijedordanas.com\/?s={search_term_string}"},"query-input":"required name=search_term_string"}],"inLanguage":"en-US"},{"@type":"Organization","@id":"https:\/\/www.prijedordanas.com\/#organization","name":"PrijedorDanas.com","url":"https:\/\/www.prijedordanas.com\/","logo":{"@type":"ImageObject","inLanguage":"en-US","@id":"https:\/\/www.prijedordanas.com\/#\/schema\/logo\/image\/","url":"http:\/\/www.prijedordanas.com\/wp-content\/uploads\/2021\/12\/logopng.png","contentUrl":"http:\/\/www.prijedordanas.com\/wp-content\/uploads\/2021\/12\/logopng.png","width":1019,"height":776,"caption":"PrijedorDanas.com"},"image":{"@id":"https:\/\/www.prijedordanas.com\/#\/schema\/logo\/image\/"},"sameAs":["https:\/\/www.facebook.com\/PrijedorDanasCom\/"]},{"@type":"Person","@id":"https:\/\/www.prijedordanas.com\/#\/schema\/person\/4e08ccf29b506ca916ff86d46bb700e6","name":"admin","image":{"@type":"ImageObject","inLanguage":"en-US","@id":"https:\/\/www.prijedordanas.com\/#\/schema\/person\/image\/","url":"https:\/\/secure.gravatar.com\/avatar\/1d3fc949d550f0b53a5f0d51e06dfd79?s=96&d=mm&r=g","contentUrl":"https:\/\/secure.gravatar.com\/avatar\/1d3fc949d550f0b53a5f0d51e06dfd79?s=96&d=mm&r=g","caption":"admin"},"url":"https:\/\/www.prijedordanas.com\/?author=1"}]}},"_links":{"self":[{"href":"https:\/\/www.prijedordanas.com\/index.php?rest_route=\/wp\/v2\/posts\/249139"}],"collection":[{"href":"https:\/\/www.prijedordanas.com\/index.php?rest_route=\/wp\/v2\/posts"}],"about":[{"href":"https:\/\/www.prijedordanas.com\/index.php?rest_route=\/wp\/v2\/types\/post"}],"author":[{"embeddable":true,"href":"https:\/\/www.prijedordanas.com\/index.php?rest_route=\/wp\/v2\/users\/1"}],"replies":[{"embeddable":true,"href":"https:\/\/www.prijedordanas.com\/index.php?rest_route=%2Fwp%2Fv2%2Fcomments&post=249139"}],"version-history":[{"count":1,"href":"https:\/\/www.prijedordanas.com\/index.php?rest_route=\/wp\/v2\/posts\/249139\/revisions"}],"predecessor-version":[{"id":249144,"href":"https:\/\/www.prijedordanas.com\/index.php?rest_route=\/wp\/v2\/posts\/249139\/revisions\/249144"}],"wp:attachment":[{"href":"https:\/\/www.prijedordanas.com\/index.php?rest_route=%2Fwp%2Fv2%2Fmedia&parent=249139"}],"wp:term":[{"taxonomy":"category","embeddable":true,"href":"https:\/\/www.prijedordanas.com\/index.php?rest_route=%2Fwp%2Fv2%2Fcategories&post=249139"},{"taxonomy":"post_tag","embeddable":true,"href":"https:\/\/www.prijedordanas.com\/index.php?rest_route=%2Fwp%2Fv2%2Ftags&post=249139"}],"curies":[{"name":"wp","href":"https:\/\/api.w.org\/{rel}","templated":true}]}}