{"id":249127,"date":"2025-06-17T10:05:51","date_gmt":"2025-06-17T08:05:51","guid":{"rendered":"https:\/\/www.prijedordanas.com\/?p=249127"},"modified":"2025-06-17T10:05:51","modified_gmt":"2025-06-17T08:05:51","slug":"osnovni-sud-blagajnik-priznao-da-je-ostetio-medzlis-islamske-zajednice-prijedor-za-268-722-km","status":"publish","type":"post","link":"https:\/\/www.prijedordanas.com\/?p=249127","title":{"rendered":"Osnovni sud: Blagajnik priznao da je o\u0161tetio Med\u017elis Islamske zajednice Prijedor za 268.722 KM"},"content":{"rendered":"<p><a href=\"https:\/\/www.prijedordanas.com\/wp-content\/uploads\/2025\/05\/osnovni-sud-pd-maj2025-4.jpg\"><img loading=\"lazy\" decoding=\"async\" src=\"https:\/\/www.prijedordanas.com\/wp-content\/uploads\/2025\/05\/osnovni-sud-pd-maj2025-4-300x225.jpg\" alt=\"\" width=\"300\" height=\"225\" class=\"alignleft size-medium wp-image-247143\" srcset=\"https:\/\/www.prijedordanas.com\/wp-content\/uploads\/2025\/05\/osnovni-sud-pd-maj2025-4-300x225.jpg 300w, https:\/\/www.prijedordanas.com\/wp-content\/uploads\/2025\/05\/osnovni-sud-pd-maj2025-4-640x480.jpg 640w, https:\/\/www.prijedordanas.com\/wp-content\/uploads\/2025\/05\/osnovni-sud-pd-maj2025-4.jpg 667w\" sizes=\"(max-width: 300px) 100vw, 300px\" \/><\/a>Haris \u010cirki\u0107 iz Prijedora danas je pred prijedorskim Osnovnim sudom priznao da je o\u0161tetio Med\u017elis Islamske zajednice u ovom gradu za 268.722 KM, gdje je radio bio blagajnik i sekretar, a izricanje presude zakazano je za \u010detvrtak, 19. jun.<\/p>\n<p>\u010cirki\u0107 je priznao krivicu za po\u010dinjena krivi\u010dna djela pronevjera i falsifikovanje isprave.<\/p>\n<p>Sudsko vije\u0107e u sastavu predsjednik Zoran Milojica i \u010dlanovi Amra Grozdani\u0107 i Tanja Mugo\u0161a prihvatilo je izjavu o priznanju krivice i materijalne dokaze tu\u017eila\u0161tva i odbrane.<\/p>\n<p>Tu\u017eilac Okru\u017enog javnog tu\u017eila\u0161tva Prijedor Sanja \u0110akovi\u0107 navela je da optu\u017eenog Sud treba da obave\u017ee da vrati pronevjereni novac, a da prilikom izricanja kazne, kao olak\u0161avaju\u0107e okolnosti, treba uzeti priznanje krivice, \u010dinjenicu da nije osu\u0111ivan i da je vratio dio novca.<\/p>\n<p>Punomo\u0107nik Med\u017elisa advokat Radovan Stani\u0107 rekao je da o\u0161te\u0107ena strana ostaje pri imovinskom-pravnom zahtjevu od 226.322 KM, budu\u0107i da je u istra\u017enoj fazi optu\u017eeni vratio 42.400 KM, te pozvao Sud da, ako ima mogu\u0107nosti za uslovnu kaznu, da u uslov stavi i povrat ostatka novca.<\/p>\n<p>Branilac optu\u017eenog Zoran Mr\u0111a izjavio je da je njegov branjenik \u017eelio da promijeni iskaz koji je ranije dao ovom sudu, izjasniv\u0161i se da nije kriv, te da priznaje krivicu.<\/p>\n<p>On je ukazao na to da se njegov branjenik, u me\u0111uvremenu, o\u017eenio, stekao i pro\u0161irio porodicu, dobio dijete koje je hroni\u010dno bolesno i vratio dio novca, te da je iskazao spremnost da vrati i ostatak.<\/p>\n<p>Optu\u017eeni \u010cirki\u0107 rekao je da se kaje i da je svjestan odgovornosti.<\/p>\n<p>&#8220;Svjestan sam \u0161ta sam u\u010dinio, imao sam bolesno dijete, izdr\u017eavao sam nazaposlenu suprugu, imao sam bolesne roditelje. Pet godina ne spavam mirno. Spreman sam nadoknaditi \u0161tetu&#8221;, poru\u010dio je \u010cirki\u0107.<\/p>\n<p>Nakon \u010cirki\u0107evog priznanja krivice, Sud je otpustio svjedoka Ajdina Varmaza koji je trebalo da bude saslu\u0161an na glavnom pretresu.<\/p>\n<p>Sudija Milojica je dodao da je 5. maja Med\u017elis Islamske zajednice Prijedor obavijestio Sud da Varmaz vi\u0161e nije predstavnik o\u0161te\u0107ene strane u ovom postupku.<\/p>\n<p>U optu\u017enici je navedeno da je \u010cirki\u0107 od po\u010detka 2018. godine do septembra 2019. godine protivpravno prisvojio 268.722 KM od gotovine koja mu je upla\u0107ivana kroz blagajnu \/ukupno 161.972 KM\/ i od naplate kurbana od po 350 KM po komadu, za \u0161ta je izdao 305 priznanica, odnosno 106.750 KM.<\/p>\n<p>Novac nije polo\u017eio na ra\u010dun Med\u017elisa, ve\u0107 zadr\u017eao za sebe.<\/p>\n<p>Da bi prikrio stvarno stanje na ra\u010dunu, preina\u010dio je bankovne izvode od 30. i 31. avgusta, te 4. i 5. septembra 2019. godine, gdje je, umjesto stvarnog stanja na ra\u010dunu od 7.820 KM, unio la\u017eno od 101.820 KM i tako prezentovao predsjedniku Izvr\u0161nog odbora Med\u017elisa Islamske zajednice Prijedor \u010diji su inicijali E.D.<\/p>\n<p>Pred ovim sudom se 7. marta pro\u0161le godine \u010cirki\u0107 izjasnio da nije kriv. Ro\u010di\u0161te za izja\u0161njenje o krivnji vodio je sudija Predrag Tepi\u0107, a Okru\u017eno javno tu\u017eila\u0161tvo Prijedor zastupao je tu\u017eilac LJubo Macanovi\u0107.<\/p>\n<p>Krivi\u010dni zakon Republike Srpske propisuje kaznu zatvora od dvije do 10 godina za onog ko protivpravno prisvoji novac koji mu je povjeren u radu u pravnom licu, a iznos pribavljene imovinske koristi prelazi 50.000 KM, a nov\u010danu ili kaznu zatvora do tri godine za onoga ko preina\u010di pravu ispravu i upotrijebi je kao pravu. <\/p>\n<p>SRNA<br \/>\nFoto &#8211; ilustracija<\/p>\n","protected":false},"excerpt":{"rendered":"<p>Haris \u010cirki\u0107 iz Prijedora danas je pred prijedorskim Osnovnim sudom priznao da je o\u0161tetio Med\u017elis Islamske zajednice u ovom gradu za 268.722 KM, gdje je radio bio blagajnik i sekretar, [&hellip;]<\/p>\n","protected":false},"author":1,"featured_media":0,"comment_status":"closed","ping_status":"open","sticky":false,"template":"","format":"standard","meta":{"_monsterinsights_skip_tracking":false,"_monsterinsights_sitenote_active":false,"_monsterinsights_sitenote_note":"","_monsterinsights_sitenote_category":0,"footnotes":""},"categories":[5],"tags":[],"yoast_head":"<!-- This site is optimized with the Yoast SEO plugin v21.6 - https:\/\/yoast.com\/wordpress\/plugins\/seo\/ -->\n<title>Osnovni sud: Blagajnik priznao da je o\u0161tetio Med\u017elis Islamske zajednice Prijedor za 268.722 KM - PrijedorDanas.com - Prijedorski gradski portal<\/title>\n<meta name=\"robots\" content=\"index, follow, max-snippet:-1, max-image-preview:large, max-video-preview:-1\" \/>\n<link rel=\"canonical\" href=\"https:\/\/www.prijedordanas.com\/?p=249127\" \/>\n<meta property=\"og:locale\" content=\"en_US\" \/>\n<meta property=\"og:type\" content=\"article\" \/>\n<meta property=\"og:title\" content=\"Osnovni sud: Blagajnik priznao da je o\u0161tetio Med\u017elis Islamske zajednice Prijedor za 268.722 KM - PrijedorDanas.com - Prijedorski gradski portal\" \/>\n<meta property=\"og:description\" content=\"Haris \u010cirki\u0107 iz Prijedora danas je pred prijedorskim Osnovnim sudom priznao da je o\u0161tetio Med\u017elis Islamske zajednice u ovom gradu za 268.722 KM, gdje je radio bio blagajnik i sekretar, [&hellip;]\" \/>\n<meta property=\"og:url\" content=\"https:\/\/www.prijedordanas.com\/?p=249127\" \/>\n<meta property=\"og:site_name\" content=\"PrijedorDanas.com - Prijedorski gradski portal\" \/>\n<meta property=\"article:publisher\" content=\"https:\/\/www.facebook.com\/PrijedorDanasCom\/\" \/>\n<meta property=\"article:published_time\" content=\"2025-06-17T08:05:51+00:00\" \/>\n<meta property=\"og:image\" content=\"https:\/\/www.prijedordanas.com\/wp-content\/uploads\/2025\/05\/osnovni-sud-pd-maj2025-4-300x225.jpg\" \/>\n<meta name=\"author\" content=\"admin\" \/>\n<meta name=\"twitter:card\" content=\"summary_large_image\" \/>\n<meta name=\"twitter:label1\" content=\"Written by\" \/>\n\t<meta name=\"twitter:data1\" content=\"admin\" \/>\n<script type=\"application\/ld+json\" class=\"yoast-schema-graph\">{\"@context\":\"https:\/\/schema.org\",\"@graph\":[{\"@type\":\"Article\",\"@id\":\"https:\/\/www.prijedordanas.com\/?p=249127#article\",\"isPartOf\":{\"@id\":\"https:\/\/www.prijedordanas.com\/?p=249127\"},\"author\":{\"name\":\"admin\",\"@id\":\"https:\/\/www.prijedordanas.com\/#\/schema\/person\/4e08ccf29b506ca916ff86d46bb700e6\"},\"headline\":\"Osnovni sud: Blagajnik priznao da je o\u0161tetio Med\u017elis Islamske zajednice Prijedor za 268.722 KM\",\"datePublished\":\"2025-06-17T08:05:51+00:00\",\"dateModified\":\"2025-06-17T08:05:51+00:00\",\"mainEntityOfPage\":{\"@id\":\"https:\/\/www.prijedordanas.com\/?p=249127\"},\"wordCount\":573,\"publisher\":{\"@id\":\"https:\/\/www.prijedordanas.com\/#organization\"},\"articleSection\":[\"Hronika\"],\"inLanguage\":\"en-US\"},{\"@type\":\"WebPage\",\"@id\":\"https:\/\/www.prijedordanas.com\/?p=249127\",\"url\":\"https:\/\/www.prijedordanas.com\/?p=249127\",\"name\":\"Osnovni sud: Blagajnik priznao da je o\u0161tetio Med\u017elis Islamske zajednice Prijedor za 268.722 KM - PrijedorDanas.com - Prijedorski gradski portal\",\"isPartOf\":{\"@id\":\"https:\/\/www.prijedordanas.com\/#website\"},\"datePublished\":\"2025-06-17T08:05:51+00:00\",\"dateModified\":\"2025-06-17T08:05:51+00:00\",\"breadcrumb\":{\"@id\":\"https:\/\/www.prijedordanas.com\/?p=249127#breadcrumb\"},\"inLanguage\":\"en-US\",\"potentialAction\":[{\"@type\":\"ReadAction\",\"target\":[\"https:\/\/www.prijedordanas.com\/?p=249127\"]}]},{\"@type\":\"BreadcrumbList\",\"@id\":\"https:\/\/www.prijedordanas.com\/?p=249127#breadcrumb\",\"itemListElement\":[{\"@type\":\"ListItem\",\"position\":1,\"name\":\"Home\",\"item\":\"https:\/\/www.prijedordanas.com\/\"},{\"@type\":\"ListItem\",\"position\":2,\"name\":\"Osnovni sud: Blagajnik priznao da je o\u0161tetio Med\u017elis Islamske zajednice Prijedor za 268.722 KM\"}]},{\"@type\":\"WebSite\",\"@id\":\"https:\/\/www.prijedordanas.com\/#website\",\"url\":\"https:\/\/www.prijedordanas.com\/\",\"name\":\"PrijedorDanas.com - Prijedorski gradski portal\",\"description\":\"Portal o doga\u0111anjima u gradu Prijedoru\",\"publisher\":{\"@id\":\"https:\/\/www.prijedordanas.com\/#organization\"},\"potentialAction\":[{\"@type\":\"SearchAction\",\"target\":{\"@type\":\"EntryPoint\",\"urlTemplate\":\"https:\/\/www.prijedordanas.com\/?s={search_term_string}\"},\"query-input\":\"required name=search_term_string\"}],\"inLanguage\":\"en-US\"},{\"@type\":\"Organization\",\"@id\":\"https:\/\/www.prijedordanas.com\/#organization\",\"name\":\"PrijedorDanas.com\",\"url\":\"https:\/\/www.prijedordanas.com\/\",\"logo\":{\"@type\":\"ImageObject\",\"inLanguage\":\"en-US\",\"@id\":\"https:\/\/www.prijedordanas.com\/#\/schema\/logo\/image\/\",\"url\":\"http:\/\/www.prijedordanas.com\/wp-content\/uploads\/2021\/12\/logopng.png\",\"contentUrl\":\"http:\/\/www.prijedordanas.com\/wp-content\/uploads\/2021\/12\/logopng.png\",\"width\":1019,\"height\":776,\"caption\":\"PrijedorDanas.com\"},\"image\":{\"@id\":\"https:\/\/www.prijedordanas.com\/#\/schema\/logo\/image\/\"},\"sameAs\":[\"https:\/\/www.facebook.com\/PrijedorDanasCom\/\"]},{\"@type\":\"Person\",\"@id\":\"https:\/\/www.prijedordanas.com\/#\/schema\/person\/4e08ccf29b506ca916ff86d46bb700e6\",\"name\":\"admin\",\"image\":{\"@type\":\"ImageObject\",\"inLanguage\":\"en-US\",\"@id\":\"https:\/\/www.prijedordanas.com\/#\/schema\/person\/image\/\",\"url\":\"https:\/\/secure.gravatar.com\/avatar\/1d3fc949d550f0b53a5f0d51e06dfd79?s=96&d=mm&r=g\",\"contentUrl\":\"https:\/\/secure.gravatar.com\/avatar\/1d3fc949d550f0b53a5f0d51e06dfd79?s=96&d=mm&r=g\",\"caption\":\"admin\"},\"url\":\"https:\/\/www.prijedordanas.com\/?author=1\"}]}<\/script>\n<!-- \/ Yoast SEO plugin. -->","yoast_head_json":{"title":"Osnovni sud: Blagajnik priznao da je o\u0161tetio Med\u017elis Islamske zajednice Prijedor za 268.722 KM - PrijedorDanas.com - Prijedorski gradski portal","robots":{"index":"index","follow":"follow","max-snippet":"max-snippet:-1","max-image-preview":"max-image-preview:large","max-video-preview":"max-video-preview:-1"},"canonical":"https:\/\/www.prijedordanas.com\/?p=249127","og_locale":"en_US","og_type":"article","og_title":"Osnovni sud: Blagajnik priznao da je o\u0161tetio Med\u017elis Islamske zajednice Prijedor za 268.722 KM - PrijedorDanas.com - Prijedorski gradski portal","og_description":"Haris \u010cirki\u0107 iz Prijedora danas je pred prijedorskim Osnovnim sudom priznao da je o\u0161tetio Med\u017elis Islamske zajednice u ovom gradu za 268.722 KM, gdje je radio bio blagajnik i sekretar, [&hellip;]","og_url":"https:\/\/www.prijedordanas.com\/?p=249127","og_site_name":"PrijedorDanas.com - Prijedorski gradski portal","article_publisher":"https:\/\/www.facebook.com\/PrijedorDanasCom\/","article_published_time":"2025-06-17T08:05:51+00:00","og_image":[{"url":"https:\/\/www.prijedordanas.com\/wp-content\/uploads\/2025\/05\/osnovni-sud-pd-maj2025-4-300x225.jpg"}],"author":"admin","twitter_card":"summary_large_image","twitter_misc":{"Written by":"admin"},"schema":{"@context":"https:\/\/schema.org","@graph":[{"@type":"Article","@id":"https:\/\/www.prijedordanas.com\/?p=249127#article","isPartOf":{"@id":"https:\/\/www.prijedordanas.com\/?p=249127"},"author":{"name":"admin","@id":"https:\/\/www.prijedordanas.com\/#\/schema\/person\/4e08ccf29b506ca916ff86d46bb700e6"},"headline":"Osnovni sud: Blagajnik priznao da je o\u0161tetio Med\u017elis Islamske zajednice Prijedor za 268.722 KM","datePublished":"2025-06-17T08:05:51+00:00","dateModified":"2025-06-17T08:05:51+00:00","mainEntityOfPage":{"@id":"https:\/\/www.prijedordanas.com\/?p=249127"},"wordCount":573,"publisher":{"@id":"https:\/\/www.prijedordanas.com\/#organization"},"articleSection":["Hronika"],"inLanguage":"en-US"},{"@type":"WebPage","@id":"https:\/\/www.prijedordanas.com\/?p=249127","url":"https:\/\/www.prijedordanas.com\/?p=249127","name":"Osnovni sud: Blagajnik priznao da je o\u0161tetio Med\u017elis Islamske zajednice Prijedor za 268.722 KM - PrijedorDanas.com - Prijedorski gradski portal","isPartOf":{"@id":"https:\/\/www.prijedordanas.com\/#website"},"datePublished":"2025-06-17T08:05:51+00:00","dateModified":"2025-06-17T08:05:51+00:00","breadcrumb":{"@id":"https:\/\/www.prijedordanas.com\/?p=249127#breadcrumb"},"inLanguage":"en-US","potentialAction":[{"@type":"ReadAction","target":["https:\/\/www.prijedordanas.com\/?p=249127"]}]},{"@type":"BreadcrumbList","@id":"https:\/\/www.prijedordanas.com\/?p=249127#breadcrumb","itemListElement":[{"@type":"ListItem","position":1,"name":"Home","item":"https:\/\/www.prijedordanas.com\/"},{"@type":"ListItem","position":2,"name":"Osnovni sud: Blagajnik priznao da je o\u0161tetio Med\u017elis Islamske zajednice Prijedor za 268.722 KM"}]},{"@type":"WebSite","@id":"https:\/\/www.prijedordanas.com\/#website","url":"https:\/\/www.prijedordanas.com\/","name":"PrijedorDanas.com - Prijedorski gradski portal","description":"Portal o doga\u0111anjima u gradu Prijedoru","publisher":{"@id":"https:\/\/www.prijedordanas.com\/#organization"},"potentialAction":[{"@type":"SearchAction","target":{"@type":"EntryPoint","urlTemplate":"https:\/\/www.prijedordanas.com\/?s={search_term_string}"},"query-input":"required name=search_term_string"}],"inLanguage":"en-US"},{"@type":"Organization","@id":"https:\/\/www.prijedordanas.com\/#organization","name":"PrijedorDanas.com","url":"https:\/\/www.prijedordanas.com\/","logo":{"@type":"ImageObject","inLanguage":"en-US","@id":"https:\/\/www.prijedordanas.com\/#\/schema\/logo\/image\/","url":"http:\/\/www.prijedordanas.com\/wp-content\/uploads\/2021\/12\/logopng.png","contentUrl":"http:\/\/www.prijedordanas.com\/wp-content\/uploads\/2021\/12\/logopng.png","width":1019,"height":776,"caption":"PrijedorDanas.com"},"image":{"@id":"https:\/\/www.prijedordanas.com\/#\/schema\/logo\/image\/"},"sameAs":["https:\/\/www.facebook.com\/PrijedorDanasCom\/"]},{"@type":"Person","@id":"https:\/\/www.prijedordanas.com\/#\/schema\/person\/4e08ccf29b506ca916ff86d46bb700e6","name":"admin","image":{"@type":"ImageObject","inLanguage":"en-US","@id":"https:\/\/www.prijedordanas.com\/#\/schema\/person\/image\/","url":"https:\/\/secure.gravatar.com\/avatar\/1d3fc949d550f0b53a5f0d51e06dfd79?s=96&d=mm&r=g","contentUrl":"https:\/\/secure.gravatar.com\/avatar\/1d3fc949d550f0b53a5f0d51e06dfd79?s=96&d=mm&r=g","caption":"admin"},"url":"https:\/\/www.prijedordanas.com\/?author=1"}]}},"_links":{"self":[{"href":"https:\/\/www.prijedordanas.com\/index.php?rest_route=\/wp\/v2\/posts\/249127"}],"collection":[{"href":"https:\/\/www.prijedordanas.com\/index.php?rest_route=\/wp\/v2\/posts"}],"about":[{"href":"https:\/\/www.prijedordanas.com\/index.php?rest_route=\/wp\/v2\/types\/post"}],"author":[{"embeddable":true,"href":"https:\/\/www.prijedordanas.com\/index.php?rest_route=\/wp\/v2\/users\/1"}],"replies":[{"embeddable":true,"href":"https:\/\/www.prijedordanas.com\/index.php?rest_route=%2Fwp%2Fv2%2Fcomments&post=249127"}],"version-history":[{"count":1,"href":"https:\/\/www.prijedordanas.com\/index.php?rest_route=\/wp\/v2\/posts\/249127\/revisions"}],"predecessor-version":[{"id":249128,"href":"https:\/\/www.prijedordanas.com\/index.php?rest_route=\/wp\/v2\/posts\/249127\/revisions\/249128"}],"wp:attachment":[{"href":"https:\/\/www.prijedordanas.com\/index.php?rest_route=%2Fwp%2Fv2%2Fmedia&parent=249127"}],"wp:term":[{"taxonomy":"category","embeddable":true,"href":"https:\/\/www.prijedordanas.com\/index.php?rest_route=%2Fwp%2Fv2%2Fcategories&post=249127"},{"taxonomy":"post_tag","embeddable":true,"href":"https:\/\/www.prijedordanas.com\/index.php?rest_route=%2Fwp%2Fv2%2Ftags&post=249127"}],"curies":[{"name":"wp","href":"https:\/\/api.w.org\/{rel}","templated":true}]}}