{"id":249069,"date":"2025-06-15T15:25:24","date_gmt":"2025-06-15T13:25:24","guid":{"rendered":"https:\/\/www.prijedordanas.com\/?p=249069"},"modified":"2025-06-15T15:25:24","modified_gmt":"2025-06-15T13:25:24","slug":"dvije-medalje-za-mlade-karatiste-prijedorskog-sodana-na-turniru-bugojno-open-2025-tomicu-srebro-rajilicu-bronza","status":"publish","type":"post","link":"https:\/\/www.prijedordanas.com\/?p=249069","title":{"rendered":"Dvije medalje za mlade karatiste prijedorskog &#8220;\u0160odana&#8221; na turniru &#8220;Bugojno Open 2025&#8221;: Tomi\u0107u srebro, Rajili\u0107u bronza"},"content":{"rendered":"<p><a href=\"https:\/\/www.prijedordanas.com\/wp-content\/uploads\/2025\/06\/kk-sodan-bugojno-open-2025-1.jpg\"><img loading=\"lazy\" decoding=\"async\" src=\"https:\/\/www.prijedordanas.com\/wp-content\/uploads\/2025\/06\/kk-sodan-bugojno-open-2025-1-300x225.jpg\" alt=\"\" width=\"300\" height=\"225\" class=\"alignleft size-medium wp-image-249070\" srcset=\"https:\/\/www.prijedordanas.com\/wp-content\/uploads\/2025\/06\/kk-sodan-bugojno-open-2025-1-300x225.jpg 300w, https:\/\/www.prijedordanas.com\/wp-content\/uploads\/2025\/06\/kk-sodan-bugojno-open-2025-1-640x480.jpg 640w, https:\/\/www.prijedordanas.com\/wp-content\/uploads\/2025\/06\/kk-sodan-bugojno-open-2025-1.jpg 667w\" sizes=\"(max-width: 300px) 100vw, 300px\" \/><\/a>Na 27. Me\u0111unarodnom karate turniru \u201cBugojno Open 2025\u201d, koji je odr\u017ean u Bugojnu, karatisti &#8220;\u0160odana&#8221; ostvarili su zapa\u017een uspjeh. <\/p>\n<p>U konkurenciji od \u010dak 482 takmi\u010dara iz 54 kluba, prijavljenih u ukupno 617 disciplina, \u010dlanovi ovog kluba su osvojili dvije vrijedne medalje.<\/p>\n<p>Andrej Tomi\u0107 se okitio srebrom, dok je Filip Rajili\u0107 stigao do bronzane medalje, \u010dime su potvrdili kvalitetan rad i upornost u dosada\u0161njem dijelu sezone. <\/p>\n<p>Ovo takmi\u010denje ozna\u010dilo je zavr\u0161etak proljetnog dijela takmi\u010darske sezone za \u010dlanove KK \u201e\u0160odan\u201c.<\/p>\n<p>U klubu ne gube vrijeme \u2013 ve\u0107 su u toku intenzivne pripreme za polaganja za majstorska i u\u010deni\u010dka karate zvanja. <\/p>\n<p>Tako\u0111e, ve\u0107 narednog mjeseca karatiste o\u010dekuju ljetne pripreme uo\u010di nastavka takmi\u010denja u drugom dijelu godine.<\/p>\n<p><strong><a href=\"https:\/\/kozarski.com\/dvije-medalje-za-karatiste-kk-shodan-na-turniru-bugojno-open-2025\/\" rel=\"noopener\" target=\"_blank\">kozarski.com<\/a><\/strong><\/p>\n<p><a href=\"https:\/\/www.prijedordanas.com\/wp-content\/uploads\/2025\/06\/kk-sodan-bugojno-open-2025-2.jpg\"><img loading=\"lazy\" decoding=\"async\" src=\"https:\/\/www.prijedordanas.com\/wp-content\/uploads\/2025\/06\/kk-sodan-bugojno-open-2025-2-226x300.jpg\" alt=\"\" width=\"226\" height=\"300\" class=\"alignleft size-medium wp-image-249071\" srcset=\"https:\/\/www.prijedordanas.com\/wp-content\/uploads\/2025\/06\/kk-sodan-bugojno-open-2025-2-226x300.jpg 226w, https:\/\/www.prijedordanas.com\/wp-content\/uploads\/2025\/06\/kk-sodan-bugojno-open-2025-2.jpg 452w\" sizes=\"(max-width: 226px) 100vw, 226px\" \/><\/a> <a href=\"https:\/\/www.prijedordanas.com\/wp-content\/uploads\/2025\/06\/kk-sodan-bugojno-open-2025-3.jpg\"><img loading=\"lazy\" decoding=\"async\" src=\"https:\/\/www.prijedordanas.com\/wp-content\/uploads\/2025\/06\/kk-sodan-bugojno-open-2025-3-226x300.jpg\" alt=\"\" width=\"226\" height=\"300\" class=\"alignleft size-medium wp-image-249072\" srcset=\"https:\/\/www.prijedordanas.com\/wp-content\/uploads\/2025\/06\/kk-sodan-bugojno-open-2025-3-226x300.jpg 226w, https:\/\/www.prijedordanas.com\/wp-content\/uploads\/2025\/06\/kk-sodan-bugojno-open-2025-3.jpg 452w\" sizes=\"(max-width: 226px) 100vw, 226px\" \/><\/a><\/p>\n","protected":false},"excerpt":{"rendered":"<p>Na 27. Me\u0111unarodnom karate turniru \u201cBugojno Open 2025\u201d, koji je odr\u017ean u Bugojnu, karatisti &#8220;\u0160odana&#8221; ostvarili su zapa\u017een uspjeh. U konkurenciji od \u010dak 482 takmi\u010dara iz 54 kluba, prijavljenih u [&hellip;]<\/p>\n","protected":false},"author":1,"featured_media":0,"comment_status":"closed","ping_status":"open","sticky":false,"template":"","format":"standard","meta":{"_monsterinsights_skip_tracking":false,"_monsterinsights_sitenote_active":false,"_monsterinsights_sitenote_note":"","_monsterinsights_sitenote_category":0,"footnotes":""},"categories":[7],"tags":[],"yoast_head":"<!-- This site is optimized with the Yoast SEO plugin v21.6 - https:\/\/yoast.com\/wordpress\/plugins\/seo\/ -->\n<title>Dvije medalje za mlade karatiste prijedorskog &quot;\u0160odana&quot; na turniru &quot;Bugojno Open 2025&quot;: Tomi\u0107u srebro, Rajili\u0107u bronza - PrijedorDanas.com - Prijedorski gradski portal<\/title>\n<meta name=\"robots\" content=\"index, follow, max-snippet:-1, max-image-preview:large, max-video-preview:-1\" \/>\n<link rel=\"canonical\" href=\"https:\/\/www.prijedordanas.com\/?p=249069\" \/>\n<meta property=\"og:locale\" content=\"en_US\" \/>\n<meta property=\"og:type\" content=\"article\" \/>\n<meta property=\"og:title\" content=\"Dvije medalje za mlade karatiste prijedorskog &quot;\u0160odana&quot; na turniru &quot;Bugojno Open 2025&quot;: Tomi\u0107u srebro, Rajili\u0107u bronza - PrijedorDanas.com - Prijedorski gradski portal\" \/>\n<meta property=\"og:description\" content=\"Na 27. Me\u0111unarodnom karate turniru \u201cBugojno Open 2025\u201d, koji je odr\u017ean u Bugojnu, karatisti &#8220;\u0160odana&#8221; ostvarili su zapa\u017een uspjeh. U konkurenciji od \u010dak 482 takmi\u010dara iz 54 kluba, prijavljenih u [&hellip;]\" \/>\n<meta property=\"og:url\" content=\"https:\/\/www.prijedordanas.com\/?p=249069\" \/>\n<meta property=\"og:site_name\" content=\"PrijedorDanas.com - Prijedorski gradski portal\" \/>\n<meta property=\"article:publisher\" content=\"https:\/\/www.facebook.com\/PrijedorDanasCom\/\" \/>\n<meta property=\"article:published_time\" content=\"2025-06-15T13:25:24+00:00\" \/>\n<meta property=\"og:image\" content=\"https:\/\/www.prijedordanas.com\/wp-content\/uploads\/2025\/06\/kk-sodan-bugojno-open-2025-1-300x225.jpg\" \/>\n<meta name=\"author\" content=\"admin\" \/>\n<meta name=\"twitter:card\" content=\"summary_large_image\" \/>\n<meta name=\"twitter:label1\" content=\"Written by\" \/>\n\t<meta name=\"twitter:data1\" content=\"admin\" \/>\n<script type=\"application\/ld+json\" class=\"yoast-schema-graph\">{\"@context\":\"https:\/\/schema.org\",\"@graph\":[{\"@type\":\"Article\",\"@id\":\"https:\/\/www.prijedordanas.com\/?p=249069#article\",\"isPartOf\":{\"@id\":\"https:\/\/www.prijedordanas.com\/?p=249069\"},\"author\":{\"name\":\"admin\",\"@id\":\"https:\/\/www.prijedordanas.com\/#\/schema\/person\/4e08ccf29b506ca916ff86d46bb700e6\"},\"headline\":\"Dvije medalje za mlade karatiste prijedorskog &#8220;\u0160odana&#8221; na turniru &#8220;Bugojno Open 2025&#8221;: Tomi\u0107u srebro, Rajili\u0107u bronza\",\"datePublished\":\"2025-06-15T13:25:24+00:00\",\"dateModified\":\"2025-06-15T13:25:24+00:00\",\"mainEntityOfPage\":{\"@id\":\"https:\/\/www.prijedordanas.com\/?p=249069\"},\"wordCount\":141,\"publisher\":{\"@id\":\"https:\/\/www.prijedordanas.com\/#organization\"},\"articleSection\":[\"Sport\"],\"inLanguage\":\"en-US\"},{\"@type\":\"WebPage\",\"@id\":\"https:\/\/www.prijedordanas.com\/?p=249069\",\"url\":\"https:\/\/www.prijedordanas.com\/?p=249069\",\"name\":\"Dvije medalje za mlade karatiste prijedorskog \\\"\u0160odana\\\" na turniru \\\"Bugojno Open 2025\\\": Tomi\u0107u srebro, Rajili\u0107u bronza - PrijedorDanas.com - Prijedorski gradski portal\",\"isPartOf\":{\"@id\":\"https:\/\/www.prijedordanas.com\/#website\"},\"datePublished\":\"2025-06-15T13:25:24+00:00\",\"dateModified\":\"2025-06-15T13:25:24+00:00\",\"breadcrumb\":{\"@id\":\"https:\/\/www.prijedordanas.com\/?p=249069#breadcrumb\"},\"inLanguage\":\"en-US\",\"potentialAction\":[{\"@type\":\"ReadAction\",\"target\":[\"https:\/\/www.prijedordanas.com\/?p=249069\"]}]},{\"@type\":\"BreadcrumbList\",\"@id\":\"https:\/\/www.prijedordanas.com\/?p=249069#breadcrumb\",\"itemListElement\":[{\"@type\":\"ListItem\",\"position\":1,\"name\":\"Home\",\"item\":\"https:\/\/www.prijedordanas.com\/\"},{\"@type\":\"ListItem\",\"position\":2,\"name\":\"Dvije medalje za mlade karatiste prijedorskog &#8220;\u0160odana&#8221; na turniru &#8220;Bugojno Open 2025&#8221;: Tomi\u0107u srebro, Rajili\u0107u bronza\"}]},{\"@type\":\"WebSite\",\"@id\":\"https:\/\/www.prijedordanas.com\/#website\",\"url\":\"https:\/\/www.prijedordanas.com\/\",\"name\":\"PrijedorDanas.com - Prijedorski gradski portal\",\"description\":\"Portal o doga\u0111anjima u gradu Prijedoru\",\"publisher\":{\"@id\":\"https:\/\/www.prijedordanas.com\/#organization\"},\"potentialAction\":[{\"@type\":\"SearchAction\",\"target\":{\"@type\":\"EntryPoint\",\"urlTemplate\":\"https:\/\/www.prijedordanas.com\/?s={search_term_string}\"},\"query-input\":\"required name=search_term_string\"}],\"inLanguage\":\"en-US\"},{\"@type\":\"Organization\",\"@id\":\"https:\/\/www.prijedordanas.com\/#organization\",\"name\":\"PrijedorDanas.com\",\"url\":\"https:\/\/www.prijedordanas.com\/\",\"logo\":{\"@type\":\"ImageObject\",\"inLanguage\":\"en-US\",\"@id\":\"https:\/\/www.prijedordanas.com\/#\/schema\/logo\/image\/\",\"url\":\"http:\/\/www.prijedordanas.com\/wp-content\/uploads\/2021\/12\/logopng.png\",\"contentUrl\":\"http:\/\/www.prijedordanas.com\/wp-content\/uploads\/2021\/12\/logopng.png\",\"width\":1019,\"height\":776,\"caption\":\"PrijedorDanas.com\"},\"image\":{\"@id\":\"https:\/\/www.prijedordanas.com\/#\/schema\/logo\/image\/\"},\"sameAs\":[\"https:\/\/www.facebook.com\/PrijedorDanasCom\/\"]},{\"@type\":\"Person\",\"@id\":\"https:\/\/www.prijedordanas.com\/#\/schema\/person\/4e08ccf29b506ca916ff86d46bb700e6\",\"name\":\"admin\",\"image\":{\"@type\":\"ImageObject\",\"inLanguage\":\"en-US\",\"@id\":\"https:\/\/www.prijedordanas.com\/#\/schema\/person\/image\/\",\"url\":\"https:\/\/secure.gravatar.com\/avatar\/1d3fc949d550f0b53a5f0d51e06dfd79?s=96&d=mm&r=g\",\"contentUrl\":\"https:\/\/secure.gravatar.com\/avatar\/1d3fc949d550f0b53a5f0d51e06dfd79?s=96&d=mm&r=g\",\"caption\":\"admin\"},\"url\":\"https:\/\/www.prijedordanas.com\/?author=1\"}]}<\/script>\n<!-- \/ Yoast SEO plugin. -->","yoast_head_json":{"title":"Dvije medalje za mlade karatiste prijedorskog \"\u0160odana\" na turniru \"Bugojno Open 2025\": Tomi\u0107u srebro, Rajili\u0107u bronza - PrijedorDanas.com - Prijedorski gradski portal","robots":{"index":"index","follow":"follow","max-snippet":"max-snippet:-1","max-image-preview":"max-image-preview:large","max-video-preview":"max-video-preview:-1"},"canonical":"https:\/\/www.prijedordanas.com\/?p=249069","og_locale":"en_US","og_type":"article","og_title":"Dvije medalje za mlade karatiste prijedorskog \"\u0160odana\" na turniru \"Bugojno Open 2025\": Tomi\u0107u srebro, Rajili\u0107u bronza - PrijedorDanas.com - Prijedorski gradski portal","og_description":"Na 27. Me\u0111unarodnom karate turniru \u201cBugojno Open 2025\u201d, koji je odr\u017ean u Bugojnu, karatisti &#8220;\u0160odana&#8221; ostvarili su zapa\u017een uspjeh. U konkurenciji od \u010dak 482 takmi\u010dara iz 54 kluba, prijavljenih u [&hellip;]","og_url":"https:\/\/www.prijedordanas.com\/?p=249069","og_site_name":"PrijedorDanas.com - Prijedorski gradski portal","article_publisher":"https:\/\/www.facebook.com\/PrijedorDanasCom\/","article_published_time":"2025-06-15T13:25:24+00:00","og_image":[{"url":"https:\/\/www.prijedordanas.com\/wp-content\/uploads\/2025\/06\/kk-sodan-bugojno-open-2025-1-300x225.jpg"}],"author":"admin","twitter_card":"summary_large_image","twitter_misc":{"Written by":"admin"},"schema":{"@context":"https:\/\/schema.org","@graph":[{"@type":"Article","@id":"https:\/\/www.prijedordanas.com\/?p=249069#article","isPartOf":{"@id":"https:\/\/www.prijedordanas.com\/?p=249069"},"author":{"name":"admin","@id":"https:\/\/www.prijedordanas.com\/#\/schema\/person\/4e08ccf29b506ca916ff86d46bb700e6"},"headline":"Dvije medalje za mlade karatiste prijedorskog &#8220;\u0160odana&#8221; na turniru &#8220;Bugojno Open 2025&#8221;: Tomi\u0107u srebro, Rajili\u0107u bronza","datePublished":"2025-06-15T13:25:24+00:00","dateModified":"2025-06-15T13:25:24+00:00","mainEntityOfPage":{"@id":"https:\/\/www.prijedordanas.com\/?p=249069"},"wordCount":141,"publisher":{"@id":"https:\/\/www.prijedordanas.com\/#organization"},"articleSection":["Sport"],"inLanguage":"en-US"},{"@type":"WebPage","@id":"https:\/\/www.prijedordanas.com\/?p=249069","url":"https:\/\/www.prijedordanas.com\/?p=249069","name":"Dvije medalje za mlade karatiste prijedorskog \"\u0160odana\" na turniru \"Bugojno Open 2025\": Tomi\u0107u srebro, Rajili\u0107u bronza - PrijedorDanas.com - Prijedorski gradski portal","isPartOf":{"@id":"https:\/\/www.prijedordanas.com\/#website"},"datePublished":"2025-06-15T13:25:24+00:00","dateModified":"2025-06-15T13:25:24+00:00","breadcrumb":{"@id":"https:\/\/www.prijedordanas.com\/?p=249069#breadcrumb"},"inLanguage":"en-US","potentialAction":[{"@type":"ReadAction","target":["https:\/\/www.prijedordanas.com\/?p=249069"]}]},{"@type":"BreadcrumbList","@id":"https:\/\/www.prijedordanas.com\/?p=249069#breadcrumb","itemListElement":[{"@type":"ListItem","position":1,"name":"Home","item":"https:\/\/www.prijedordanas.com\/"},{"@type":"ListItem","position":2,"name":"Dvije medalje za mlade karatiste prijedorskog &#8220;\u0160odana&#8221; na turniru &#8220;Bugojno Open 2025&#8221;: Tomi\u0107u srebro, Rajili\u0107u bronza"}]},{"@type":"WebSite","@id":"https:\/\/www.prijedordanas.com\/#website","url":"https:\/\/www.prijedordanas.com\/","name":"PrijedorDanas.com - Prijedorski gradski portal","description":"Portal o doga\u0111anjima u gradu Prijedoru","publisher":{"@id":"https:\/\/www.prijedordanas.com\/#organization"},"potentialAction":[{"@type":"SearchAction","target":{"@type":"EntryPoint","urlTemplate":"https:\/\/www.prijedordanas.com\/?s={search_term_string}"},"query-input":"required name=search_term_string"}],"inLanguage":"en-US"},{"@type":"Organization","@id":"https:\/\/www.prijedordanas.com\/#organization","name":"PrijedorDanas.com","url":"https:\/\/www.prijedordanas.com\/","logo":{"@type":"ImageObject","inLanguage":"en-US","@id":"https:\/\/www.prijedordanas.com\/#\/schema\/logo\/image\/","url":"http:\/\/www.prijedordanas.com\/wp-content\/uploads\/2021\/12\/logopng.png","contentUrl":"http:\/\/www.prijedordanas.com\/wp-content\/uploads\/2021\/12\/logopng.png","width":1019,"height":776,"caption":"PrijedorDanas.com"},"image":{"@id":"https:\/\/www.prijedordanas.com\/#\/schema\/logo\/image\/"},"sameAs":["https:\/\/www.facebook.com\/PrijedorDanasCom\/"]},{"@type":"Person","@id":"https:\/\/www.prijedordanas.com\/#\/schema\/person\/4e08ccf29b506ca916ff86d46bb700e6","name":"admin","image":{"@type":"ImageObject","inLanguage":"en-US","@id":"https:\/\/www.prijedordanas.com\/#\/schema\/person\/image\/","url":"https:\/\/secure.gravatar.com\/avatar\/1d3fc949d550f0b53a5f0d51e06dfd79?s=96&d=mm&r=g","contentUrl":"https:\/\/secure.gravatar.com\/avatar\/1d3fc949d550f0b53a5f0d51e06dfd79?s=96&d=mm&r=g","caption":"admin"},"url":"https:\/\/www.prijedordanas.com\/?author=1"}]}},"_links":{"self":[{"href":"https:\/\/www.prijedordanas.com\/index.php?rest_route=\/wp\/v2\/posts\/249069"}],"collection":[{"href":"https:\/\/www.prijedordanas.com\/index.php?rest_route=\/wp\/v2\/posts"}],"about":[{"href":"https:\/\/www.prijedordanas.com\/index.php?rest_route=\/wp\/v2\/types\/post"}],"author":[{"embeddable":true,"href":"https:\/\/www.prijedordanas.com\/index.php?rest_route=\/wp\/v2\/users\/1"}],"replies":[{"embeddable":true,"href":"https:\/\/www.prijedordanas.com\/index.php?rest_route=%2Fwp%2Fv2%2Fcomments&post=249069"}],"version-history":[{"count":1,"href":"https:\/\/www.prijedordanas.com\/index.php?rest_route=\/wp\/v2\/posts\/249069\/revisions"}],"predecessor-version":[{"id":249073,"href":"https:\/\/www.prijedordanas.com\/index.php?rest_route=\/wp\/v2\/posts\/249069\/revisions\/249073"}],"wp:attachment":[{"href":"https:\/\/www.prijedordanas.com\/index.php?rest_route=%2Fwp%2Fv2%2Fmedia&parent=249069"}],"wp:term":[{"taxonomy":"category","embeddable":true,"href":"https:\/\/www.prijedordanas.com\/index.php?rest_route=%2Fwp%2Fv2%2Fcategories&post=249069"},{"taxonomy":"post_tag","embeddable":true,"href":"https:\/\/www.prijedordanas.com\/index.php?rest_route=%2Fwp%2Fv2%2Ftags&post=249069"}],"curies":[{"name":"wp","href":"https:\/\/api.w.org\/{rel}","templated":true}]}}