{"id":249051,"date":"2025-06-15T11:44:29","date_gmt":"2025-06-15T09:44:29","guid":{"rendered":"https:\/\/www.prijedordanas.com\/?p=249051"},"modified":"2025-06-15T11:44:29","modified_gmt":"2025-06-15T09:44:29","slug":"ponovo-blokiran-racun-prijedorske-toplane-zbog-dugova-prema-dobavljacima","status":"publish","type":"post","link":"https:\/\/www.prijedordanas.com\/?p=249051","title":{"rendered":"Ponovo blokiran ra\u010dun prijedorske &#8220;Toplane&#8221; zbog dugova prema dobavlja\u010dima"},"content":{"rendered":"<p><a href=\"https:\/\/www.prijedordanas.com\/wp-content\/uploads\/2021\/05\/toplana-prijedor.jpg\"><img loading=\"lazy\" decoding=\"async\" class=\"alignleft size-medium wp-image-166324\" src=\"https:\/\/www.prijedordanas.com\/wp-content\/uploads\/2021\/05\/toplana-prijedor-300x225.jpg\" alt=\"\" width=\"300\" height=\"225\" srcset=\"https:\/\/www.prijedordanas.com\/wp-content\/uploads\/2021\/05\/toplana-prijedor-300x225.jpg 300w, https:\/\/www.prijedordanas.com\/wp-content\/uploads\/2021\/05\/toplana-prijedor-640x480.jpg 640w, https:\/\/www.prijedordanas.com\/wp-content\/uploads\/2021\/05\/toplana-prijedor.jpg 667w\" sizes=\"(max-width: 300px) 100vw, 300px\" \/><\/a>Prijedorskoj \u201eToplani\u201c zbog dugovanja prema dobavlja\u010dima ponovo je blokiran ra\u010dun, \u0161to je trec\u0301a blokada ra\u010duna od oktorba pro\u0161le godine.<\/p>\n<p>Goran Marjanovic\u0301, vlasnik firme koja je jedini dobavlja\u010d biomase za potrebe centralnog grijanja u Prijedoru, rekao je da mu \u201eToplana\u201c trenutno duguje 1.156.877,81 KM, od \u010dega je za 660.000 KM aktivirana mjenica, 439.881,90 KM je utu\u017eeno i \u010deka presudu, a ostatak c\u0301e uskoro dospjeti na naplatu.<\/p>\n<p>On je i ranije isticao da za ovom mjerom pose\u017ee jer nema drugog na\u010dina da naplati isporu\u010denu biomasu i jer \u201eToplana\u201c ne po\u0161tuje rokove za plac\u0301anje roba od dva mjeseca nakon realizacije ugovora.<\/p>\n<p>Na upite novinara o ovoj situaciji iz uprave \u201eToplane\u201c nisu odgovorili.<\/p>\n<p>Izvje\u0161taj o radu \u201eToplane\u201c za 2024. pred odbornicima Skup\u0161tine grada Prijedora nac\u0301i c\u0301e se u srijedu.<\/p>\n<p>Strategijom razvoja grada za period do 2030. godine planirano je da se javnom sektoru koji poslovanjem ostvaruje prihode i posluje tr\u017ei\u0161no davanja iz bud\u017eeta grada svedu na dva miliona godi\u0161nje, a u ovoj godini samo za \u201eToplanu\u201c je predvi\u0111eno 3,5 miliona KM, s naznakam da c\u0301e taj iznos ic\u0301i i do \u010detiri miliona.<\/p>\n<p>Tekst i foto ilustracija &#8211; Katarina Pani\u0107 \u2013 <a href=\"https:\/\/www.prijedordanas.com\" target=\"_blank\" rel=\"noopener noreferrer\">www.prijedordanas.com<\/a><\/p>\n","protected":false},"excerpt":{"rendered":"<p>Prijedorskoj \u201eToplani\u201c zbog dugovanja prema dobavlja\u010dima ponovo je blokiran ra\u010dun, \u0161to je trec\u0301a blokada ra\u010duna od oktorba pro\u0161le godine. Goran Marjanovic\u0301, vlasnik firme koja je jedini dobavlja\u010d biomase za potrebe [&hellip;]<\/p>\n","protected":false},"author":1,"featured_media":0,"comment_status":"closed","ping_status":"open","sticky":false,"template":"","format":"standard","meta":{"_monsterinsights_skip_tracking":false,"_monsterinsights_sitenote_active":false,"_monsterinsights_sitenote_note":"","_monsterinsights_sitenote_category":0,"footnotes":""},"categories":[4],"tags":[],"yoast_head":"<!-- This site is optimized with the Yoast SEO plugin v21.6 - https:\/\/yoast.com\/wordpress\/plugins\/seo\/ -->\n<title>Ponovo blokiran ra\u010dun prijedorske &quot;Toplane&quot; zbog dugova prema dobavlja\u010dima - PrijedorDanas.com - Prijedorski gradski portal<\/title>\n<meta name=\"robots\" content=\"index, follow, max-snippet:-1, max-image-preview:large, max-video-preview:-1\" \/>\n<link rel=\"canonical\" href=\"https:\/\/www.prijedordanas.com\/?p=249051\" \/>\n<meta property=\"og:locale\" content=\"en_US\" \/>\n<meta property=\"og:type\" content=\"article\" \/>\n<meta property=\"og:title\" content=\"Ponovo blokiran ra\u010dun prijedorske &quot;Toplane&quot; zbog dugova prema dobavlja\u010dima - PrijedorDanas.com - Prijedorski gradski portal\" \/>\n<meta property=\"og:description\" content=\"Prijedorskoj \u201eToplani\u201c zbog dugovanja prema dobavlja\u010dima ponovo je blokiran ra\u010dun, \u0161to je trec\u0301a blokada ra\u010duna od oktorba pro\u0161le godine. Goran Marjanovic\u0301, vlasnik firme koja je jedini dobavlja\u010d biomase za potrebe [&hellip;]\" \/>\n<meta property=\"og:url\" content=\"https:\/\/www.prijedordanas.com\/?p=249051\" \/>\n<meta property=\"og:site_name\" content=\"PrijedorDanas.com - Prijedorski gradski portal\" \/>\n<meta property=\"article:publisher\" content=\"https:\/\/www.facebook.com\/PrijedorDanasCom\/\" \/>\n<meta property=\"article:published_time\" content=\"2025-06-15T09:44:29+00:00\" \/>\n<meta property=\"og:image\" content=\"https:\/\/www.prijedordanas.com\/wp-content\/uploads\/2021\/05\/toplana-prijedor-300x225.jpg\" \/>\n<meta name=\"author\" content=\"admin\" \/>\n<meta name=\"twitter:card\" content=\"summary_large_image\" \/>\n<meta name=\"twitter:label1\" content=\"Written by\" \/>\n\t<meta name=\"twitter:data1\" content=\"admin\" \/>\n\t<meta name=\"twitter:label2\" content=\"Est. reading time\" \/>\n\t<meta name=\"twitter:data2\" content=\"2 minutes\" \/>\n<script type=\"application\/ld+json\" class=\"yoast-schema-graph\">{\"@context\":\"https:\/\/schema.org\",\"@graph\":[{\"@type\":\"Article\",\"@id\":\"https:\/\/www.prijedordanas.com\/?p=249051#article\",\"isPartOf\":{\"@id\":\"https:\/\/www.prijedordanas.com\/?p=249051\"},\"author\":{\"name\":\"admin\",\"@id\":\"https:\/\/www.prijedordanas.com\/#\/schema\/person\/4e08ccf29b506ca916ff86d46bb700e6\"},\"headline\":\"Ponovo blokiran ra\u010dun prijedorske &#8220;Toplane&#8221; zbog dugova prema dobavlja\u010dima\",\"datePublished\":\"2025-06-15T09:44:29+00:00\",\"dateModified\":\"2025-06-15T09:44:29+00:00\",\"mainEntityOfPage\":{\"@id\":\"https:\/\/www.prijedordanas.com\/?p=249051\"},\"wordCount\":216,\"publisher\":{\"@id\":\"https:\/\/www.prijedordanas.com\/#organization\"},\"articleSection\":[\"Dru\u0161tvo\"],\"inLanguage\":\"en-US\"},{\"@type\":\"WebPage\",\"@id\":\"https:\/\/www.prijedordanas.com\/?p=249051\",\"url\":\"https:\/\/www.prijedordanas.com\/?p=249051\",\"name\":\"Ponovo blokiran ra\u010dun prijedorske \\\"Toplane\\\" zbog dugova prema dobavlja\u010dima - PrijedorDanas.com - Prijedorski gradski portal\",\"isPartOf\":{\"@id\":\"https:\/\/www.prijedordanas.com\/#website\"},\"datePublished\":\"2025-06-15T09:44:29+00:00\",\"dateModified\":\"2025-06-15T09:44:29+00:00\",\"breadcrumb\":{\"@id\":\"https:\/\/www.prijedordanas.com\/?p=249051#breadcrumb\"},\"inLanguage\":\"en-US\",\"potentialAction\":[{\"@type\":\"ReadAction\",\"target\":[\"https:\/\/www.prijedordanas.com\/?p=249051\"]}]},{\"@type\":\"BreadcrumbList\",\"@id\":\"https:\/\/www.prijedordanas.com\/?p=249051#breadcrumb\",\"itemListElement\":[{\"@type\":\"ListItem\",\"position\":1,\"name\":\"Home\",\"item\":\"https:\/\/www.prijedordanas.com\/\"},{\"@type\":\"ListItem\",\"position\":2,\"name\":\"Ponovo blokiran ra\u010dun prijedorske &#8220;Toplane&#8221; zbog dugova prema dobavlja\u010dima\"}]},{\"@type\":\"WebSite\",\"@id\":\"https:\/\/www.prijedordanas.com\/#website\",\"url\":\"https:\/\/www.prijedordanas.com\/\",\"name\":\"PrijedorDanas.com - Prijedorski gradski portal\",\"description\":\"Portal o doga\u0111anjima u gradu Prijedoru\",\"publisher\":{\"@id\":\"https:\/\/www.prijedordanas.com\/#organization\"},\"potentialAction\":[{\"@type\":\"SearchAction\",\"target\":{\"@type\":\"EntryPoint\",\"urlTemplate\":\"https:\/\/www.prijedordanas.com\/?s={search_term_string}\"},\"query-input\":\"required name=search_term_string\"}],\"inLanguage\":\"en-US\"},{\"@type\":\"Organization\",\"@id\":\"https:\/\/www.prijedordanas.com\/#organization\",\"name\":\"PrijedorDanas.com\",\"url\":\"https:\/\/www.prijedordanas.com\/\",\"logo\":{\"@type\":\"ImageObject\",\"inLanguage\":\"en-US\",\"@id\":\"https:\/\/www.prijedordanas.com\/#\/schema\/logo\/image\/\",\"url\":\"http:\/\/www.prijedordanas.com\/wp-content\/uploads\/2021\/12\/logopng.png\",\"contentUrl\":\"http:\/\/www.prijedordanas.com\/wp-content\/uploads\/2021\/12\/logopng.png\",\"width\":1019,\"height\":776,\"caption\":\"PrijedorDanas.com\"},\"image\":{\"@id\":\"https:\/\/www.prijedordanas.com\/#\/schema\/logo\/image\/\"},\"sameAs\":[\"https:\/\/www.facebook.com\/PrijedorDanasCom\/\"]},{\"@type\":\"Person\",\"@id\":\"https:\/\/www.prijedordanas.com\/#\/schema\/person\/4e08ccf29b506ca916ff86d46bb700e6\",\"name\":\"admin\",\"image\":{\"@type\":\"ImageObject\",\"inLanguage\":\"en-US\",\"@id\":\"https:\/\/www.prijedordanas.com\/#\/schema\/person\/image\/\",\"url\":\"https:\/\/secure.gravatar.com\/avatar\/1d3fc949d550f0b53a5f0d51e06dfd79?s=96&d=mm&r=g\",\"contentUrl\":\"https:\/\/secure.gravatar.com\/avatar\/1d3fc949d550f0b53a5f0d51e06dfd79?s=96&d=mm&r=g\",\"caption\":\"admin\"},\"url\":\"https:\/\/www.prijedordanas.com\/?author=1\"}]}<\/script>\n<!-- \/ Yoast SEO plugin. -->","yoast_head_json":{"title":"Ponovo blokiran ra\u010dun prijedorske \"Toplane\" zbog dugova prema dobavlja\u010dima - PrijedorDanas.com - Prijedorski gradski portal","robots":{"index":"index","follow":"follow","max-snippet":"max-snippet:-1","max-image-preview":"max-image-preview:large","max-video-preview":"max-video-preview:-1"},"canonical":"https:\/\/www.prijedordanas.com\/?p=249051","og_locale":"en_US","og_type":"article","og_title":"Ponovo blokiran ra\u010dun prijedorske \"Toplane\" zbog dugova prema dobavlja\u010dima - PrijedorDanas.com - Prijedorski gradski portal","og_description":"Prijedorskoj \u201eToplani\u201c zbog dugovanja prema dobavlja\u010dima ponovo je blokiran ra\u010dun, \u0161to je trec\u0301a blokada ra\u010duna od oktorba pro\u0161le godine. Goran Marjanovic\u0301, vlasnik firme koja je jedini dobavlja\u010d biomase za potrebe [&hellip;]","og_url":"https:\/\/www.prijedordanas.com\/?p=249051","og_site_name":"PrijedorDanas.com - Prijedorski gradski portal","article_publisher":"https:\/\/www.facebook.com\/PrijedorDanasCom\/","article_published_time":"2025-06-15T09:44:29+00:00","og_image":[{"url":"https:\/\/www.prijedordanas.com\/wp-content\/uploads\/2021\/05\/toplana-prijedor-300x225.jpg"}],"author":"admin","twitter_card":"summary_large_image","twitter_misc":{"Written by":"admin","Est. reading time":"2 minutes"},"schema":{"@context":"https:\/\/schema.org","@graph":[{"@type":"Article","@id":"https:\/\/www.prijedordanas.com\/?p=249051#article","isPartOf":{"@id":"https:\/\/www.prijedordanas.com\/?p=249051"},"author":{"name":"admin","@id":"https:\/\/www.prijedordanas.com\/#\/schema\/person\/4e08ccf29b506ca916ff86d46bb700e6"},"headline":"Ponovo blokiran ra\u010dun prijedorske &#8220;Toplane&#8221; zbog dugova prema dobavlja\u010dima","datePublished":"2025-06-15T09:44:29+00:00","dateModified":"2025-06-15T09:44:29+00:00","mainEntityOfPage":{"@id":"https:\/\/www.prijedordanas.com\/?p=249051"},"wordCount":216,"publisher":{"@id":"https:\/\/www.prijedordanas.com\/#organization"},"articleSection":["Dru\u0161tvo"],"inLanguage":"en-US"},{"@type":"WebPage","@id":"https:\/\/www.prijedordanas.com\/?p=249051","url":"https:\/\/www.prijedordanas.com\/?p=249051","name":"Ponovo blokiran ra\u010dun prijedorske \"Toplane\" zbog dugova prema dobavlja\u010dima - PrijedorDanas.com - Prijedorski gradski portal","isPartOf":{"@id":"https:\/\/www.prijedordanas.com\/#website"},"datePublished":"2025-06-15T09:44:29+00:00","dateModified":"2025-06-15T09:44:29+00:00","breadcrumb":{"@id":"https:\/\/www.prijedordanas.com\/?p=249051#breadcrumb"},"inLanguage":"en-US","potentialAction":[{"@type":"ReadAction","target":["https:\/\/www.prijedordanas.com\/?p=249051"]}]},{"@type":"BreadcrumbList","@id":"https:\/\/www.prijedordanas.com\/?p=249051#breadcrumb","itemListElement":[{"@type":"ListItem","position":1,"name":"Home","item":"https:\/\/www.prijedordanas.com\/"},{"@type":"ListItem","position":2,"name":"Ponovo blokiran ra\u010dun prijedorske &#8220;Toplane&#8221; zbog dugova prema dobavlja\u010dima"}]},{"@type":"WebSite","@id":"https:\/\/www.prijedordanas.com\/#website","url":"https:\/\/www.prijedordanas.com\/","name":"PrijedorDanas.com - Prijedorski gradski portal","description":"Portal o doga\u0111anjima u gradu Prijedoru","publisher":{"@id":"https:\/\/www.prijedordanas.com\/#organization"},"potentialAction":[{"@type":"SearchAction","target":{"@type":"EntryPoint","urlTemplate":"https:\/\/www.prijedordanas.com\/?s={search_term_string}"},"query-input":"required name=search_term_string"}],"inLanguage":"en-US"},{"@type":"Organization","@id":"https:\/\/www.prijedordanas.com\/#organization","name":"PrijedorDanas.com","url":"https:\/\/www.prijedordanas.com\/","logo":{"@type":"ImageObject","inLanguage":"en-US","@id":"https:\/\/www.prijedordanas.com\/#\/schema\/logo\/image\/","url":"http:\/\/www.prijedordanas.com\/wp-content\/uploads\/2021\/12\/logopng.png","contentUrl":"http:\/\/www.prijedordanas.com\/wp-content\/uploads\/2021\/12\/logopng.png","width":1019,"height":776,"caption":"PrijedorDanas.com"},"image":{"@id":"https:\/\/www.prijedordanas.com\/#\/schema\/logo\/image\/"},"sameAs":["https:\/\/www.facebook.com\/PrijedorDanasCom\/"]},{"@type":"Person","@id":"https:\/\/www.prijedordanas.com\/#\/schema\/person\/4e08ccf29b506ca916ff86d46bb700e6","name":"admin","image":{"@type":"ImageObject","inLanguage":"en-US","@id":"https:\/\/www.prijedordanas.com\/#\/schema\/person\/image\/","url":"https:\/\/secure.gravatar.com\/avatar\/1d3fc949d550f0b53a5f0d51e06dfd79?s=96&d=mm&r=g","contentUrl":"https:\/\/secure.gravatar.com\/avatar\/1d3fc949d550f0b53a5f0d51e06dfd79?s=96&d=mm&r=g","caption":"admin"},"url":"https:\/\/www.prijedordanas.com\/?author=1"}]}},"_links":{"self":[{"href":"https:\/\/www.prijedordanas.com\/index.php?rest_route=\/wp\/v2\/posts\/249051"}],"collection":[{"href":"https:\/\/www.prijedordanas.com\/index.php?rest_route=\/wp\/v2\/posts"}],"about":[{"href":"https:\/\/www.prijedordanas.com\/index.php?rest_route=\/wp\/v2\/types\/post"}],"author":[{"embeddable":true,"href":"https:\/\/www.prijedordanas.com\/index.php?rest_route=\/wp\/v2\/users\/1"}],"replies":[{"embeddable":true,"href":"https:\/\/www.prijedordanas.com\/index.php?rest_route=%2Fwp%2Fv2%2Fcomments&post=249051"}],"version-history":[{"count":1,"href":"https:\/\/www.prijedordanas.com\/index.php?rest_route=\/wp\/v2\/posts\/249051\/revisions"}],"predecessor-version":[{"id":249052,"href":"https:\/\/www.prijedordanas.com\/index.php?rest_route=\/wp\/v2\/posts\/249051\/revisions\/249052"}],"wp:attachment":[{"href":"https:\/\/www.prijedordanas.com\/index.php?rest_route=%2Fwp%2Fv2%2Fmedia&parent=249051"}],"wp:term":[{"taxonomy":"category","embeddable":true,"href":"https:\/\/www.prijedordanas.com\/index.php?rest_route=%2Fwp%2Fv2%2Fcategories&post=249051"},{"taxonomy":"post_tag","embeddable":true,"href":"https:\/\/www.prijedordanas.com\/index.php?rest_route=%2Fwp%2Fv2%2Ftags&post=249051"}],"curies":[{"name":"wp","href":"https:\/\/api.w.org\/{rel}","templated":true}]}}