{"id":248848,"date":"2025-06-12T07:44:41","date_gmt":"2025-06-12T05:44:41","guid":{"rendered":"https:\/\/www.prijedordanas.com\/?p=248848"},"modified":"2025-06-12T07:44:41","modified_gmt":"2025-06-12T05:44:41","slug":"grupa-za-koordinaciju-za-sprecavanje-nasilja-u-porodici-grada-prijedora-do-kraja-mjeseca-dostaviti-sadrzaje-za-informativnu-kampanju","status":"publish","type":"post","link":"https:\/\/www.prijedordanas.com\/?p=248848","title":{"rendered":"Grupa za koordinaciju za spre\u010davanje nasilja u porodici grada Prijedora: Do kraja mjeseca dostaviti sadr\u017eaje za informativnu kampanju"},"content":{"rendered":"<p><a href=\"https:\/\/www.prijedordanas.com\/wp-content\/uploads\/2025\/06\/prijedorgradorg-pd2025-3.jpg\"><img loading=\"lazy\" decoding=\"async\" src=\"https:\/\/www.prijedordanas.com\/wp-content\/uploads\/2025\/06\/prijedorgradorg-pd2025-3-300x225.jpg\" alt=\"\" width=\"300\" height=\"225\" class=\"alignleft size-medium wp-image-248849\" srcset=\"https:\/\/www.prijedordanas.com\/wp-content\/uploads\/2025\/06\/prijedorgradorg-pd2025-3-300x225.jpg 300w, https:\/\/www.prijedordanas.com\/wp-content\/uploads\/2025\/06\/prijedorgradorg-pd2025-3-640x480.jpg 640w, https:\/\/www.prijedordanas.com\/wp-content\/uploads\/2025\/06\/prijedorgradorg-pd2025-3.jpg 667w\" sizes=\"(max-width: 300px) 100vw, 300px\" \/><\/a>Grupa za koordinaciju za spre\u010davanje nasilja u porodici grada Prijedora pozvala je sve subjekte za\u0161tite da do kraja mjeseca dostave prijedloge sadr\u017eaja koji bi trebalo da se na\u0111u u informativnoj kampanji radi upoznavanja \u0161to \u0161ire javnosti s na\u010dinim postupanja i brzog reagovanja u borbi protiv porodi\u010dnog i rodno zasnovanog nasilja.<\/p>\n<p>Vr\u0161ilac du\u017enosti na\u010delnika Odjeljenja za obrazovanje, zdravstvo, socijalnu za\u0161titu i pronatalitetnu i demografsku politiku grada Prijedora Olivera Brdar Mirkovi\u0107, koja je i koordinator ove grupe, rekla je da cilj ove aktivnosti ja\u010danje prevencije i da \u0107e poseban akcenat biti na \u0161kolama.<\/p>\n<p>&#8220;\u017delimo da odmah s po\u010detka nove \u0161kolske godine imamo spreman promo materijal sa svim klju\u010dnim informacijama na jednom mjestu i sa odgovaraju\u0107om grafi\u010dkom opremom kako bismo pove\u0107ali nivo informisanosti o postupanju i me\u0111u \u0111acima i me\u0111u nastavnicima i u stru\u010dnim slu\u017ebama&#8221;, rekla je Mirkovi\u0107eva Srni nakon dana\u0161njeg redovnog sastanka Grupe za koordinaciju.<\/p>\n<p>Prema njenim rije\u010dima, ova kampanja ima za cilj prevenciju putem pove\u0107ane informisanosti, budu\u0107i da se \u010desto prilikom postupanja kao problem poka\u017ee manjak informacija koji mo\u017ee biti prisutan kod svih uklju\u010denih strana.<\/p>\n<p>&#8220;Osim prevencije, neophodna je i edukacija. Uvijek ima prostora za pobolj\u0161anje i \u017eelimo da se o problemu porodi\u010dnog i rodno zasnovanog nasilja i pri\u010da i zna \u0161to vi\u0161e, posebno u \u0161kolama&#8221;, istakla je Mirkovi\u0107eva.<\/p>\n<p>Dana\u0161njem sastanku prisustvovali su predstavnici Gradske uprave, policije, Doma zdravlja, Centra za socijalni rad, Centra &#8220;Sunce&#8221;, bolnice &#8220;Dr Mladen Stojanovi\u0107&#8221; i Aktiva osnovnih \u0161kola.<\/p>\n<p>Grupu \u010dine jo\u0161 i predstavnici Aktiva srednjih \u0161kola, Osnovnog suda i Okru\u017enog javnog tu\u017eila\u0161tva. <\/p>\n<p>SRNA<br \/>\nFoto &#8211; prijedorgrad.org<\/p>\n","protected":false},"excerpt":{"rendered":"<p>Grupa za koordinaciju za spre\u010davanje nasilja u porodici grada Prijedora pozvala je sve subjekte za\u0161tite da do kraja mjeseca dostave prijedloge sadr\u017eaja koji bi trebalo da se na\u0111u u informativnoj [&hellip;]<\/p>\n","protected":false},"author":1,"featured_media":0,"comment_status":"closed","ping_status":"open","sticky":false,"template":"","format":"standard","meta":{"_monsterinsights_skip_tracking":false,"_monsterinsights_sitenote_active":false,"_monsterinsights_sitenote_note":"","_monsterinsights_sitenote_category":0,"footnotes":""},"categories":[8],"tags":[],"yoast_head":"<!-- This site is optimized with the Yoast SEO plugin v21.6 - https:\/\/yoast.com\/wordpress\/plugins\/seo\/ -->\n<title>Grupa za koordinaciju za spre\u010davanje nasilja u porodici grada Prijedora: Do kraja mjeseca dostaviti sadr\u017eaje za informativnu kampanju - PrijedorDanas.com - Prijedorski gradski portal<\/title>\n<meta name=\"robots\" content=\"index, follow, max-snippet:-1, max-image-preview:large, max-video-preview:-1\" \/>\n<link rel=\"canonical\" href=\"https:\/\/www.prijedordanas.com\/?p=248848\" \/>\n<meta property=\"og:locale\" content=\"en_US\" \/>\n<meta property=\"og:type\" content=\"article\" \/>\n<meta property=\"og:title\" content=\"Grupa za koordinaciju za spre\u010davanje nasilja u porodici grada Prijedora: Do kraja mjeseca dostaviti sadr\u017eaje za informativnu kampanju - PrijedorDanas.com - Prijedorski gradski portal\" \/>\n<meta property=\"og:description\" content=\"Grupa za koordinaciju za spre\u010davanje nasilja u porodici grada Prijedora pozvala je sve subjekte za\u0161tite da do kraja mjeseca dostave prijedloge sadr\u017eaja koji bi trebalo da se na\u0111u u informativnoj [&hellip;]\" \/>\n<meta property=\"og:url\" content=\"https:\/\/www.prijedordanas.com\/?p=248848\" \/>\n<meta property=\"og:site_name\" content=\"PrijedorDanas.com - Prijedorski gradski portal\" \/>\n<meta property=\"article:publisher\" content=\"https:\/\/www.facebook.com\/PrijedorDanasCom\/\" \/>\n<meta property=\"article:published_time\" content=\"2025-06-12T05:44:41+00:00\" \/>\n<meta property=\"og:image\" content=\"https:\/\/www.prijedordanas.com\/wp-content\/uploads\/2025\/06\/prijedorgradorg-pd2025-3-300x225.jpg\" \/>\n<meta name=\"author\" content=\"admin\" \/>\n<meta name=\"twitter:card\" content=\"summary_large_image\" \/>\n<meta name=\"twitter:label1\" content=\"Written by\" \/>\n\t<meta name=\"twitter:data1\" content=\"admin\" \/>\n<script type=\"application\/ld+json\" class=\"yoast-schema-graph\">{\"@context\":\"https:\/\/schema.org\",\"@graph\":[{\"@type\":\"Article\",\"@id\":\"https:\/\/www.prijedordanas.com\/?p=248848#article\",\"isPartOf\":{\"@id\":\"https:\/\/www.prijedordanas.com\/?p=248848\"},\"author\":{\"name\":\"admin\",\"@id\":\"https:\/\/www.prijedordanas.com\/#\/schema\/person\/4e08ccf29b506ca916ff86d46bb700e6\"},\"headline\":\"Grupa za koordinaciju za spre\u010davanje nasilja u porodici grada Prijedora: Do kraja mjeseca dostaviti sadr\u017eaje za informativnu kampanju\",\"datePublished\":\"2025-06-12T05:44:41+00:00\",\"dateModified\":\"2025-06-12T05:44:41+00:00\",\"mainEntityOfPage\":{\"@id\":\"https:\/\/www.prijedordanas.com\/?p=248848\"},\"wordCount\":308,\"publisher\":{\"@id\":\"https:\/\/www.prijedordanas.com\/#organization\"},\"articleSection\":[\"Svakodnevno\"],\"inLanguage\":\"en-US\"},{\"@type\":\"WebPage\",\"@id\":\"https:\/\/www.prijedordanas.com\/?p=248848\",\"url\":\"https:\/\/www.prijedordanas.com\/?p=248848\",\"name\":\"Grupa za koordinaciju za spre\u010davanje nasilja u porodici grada Prijedora: Do kraja mjeseca dostaviti sadr\u017eaje za informativnu kampanju - PrijedorDanas.com - Prijedorski gradski portal\",\"isPartOf\":{\"@id\":\"https:\/\/www.prijedordanas.com\/#website\"},\"datePublished\":\"2025-06-12T05:44:41+00:00\",\"dateModified\":\"2025-06-12T05:44:41+00:00\",\"breadcrumb\":{\"@id\":\"https:\/\/www.prijedordanas.com\/?p=248848#breadcrumb\"},\"inLanguage\":\"en-US\",\"potentialAction\":[{\"@type\":\"ReadAction\",\"target\":[\"https:\/\/www.prijedordanas.com\/?p=248848\"]}]},{\"@type\":\"BreadcrumbList\",\"@id\":\"https:\/\/www.prijedordanas.com\/?p=248848#breadcrumb\",\"itemListElement\":[{\"@type\":\"ListItem\",\"position\":1,\"name\":\"Home\",\"item\":\"https:\/\/www.prijedordanas.com\/\"},{\"@type\":\"ListItem\",\"position\":2,\"name\":\"Grupa za koordinaciju za spre\u010davanje nasilja u porodici grada Prijedora: Do kraja mjeseca dostaviti sadr\u017eaje za informativnu kampanju\"}]},{\"@type\":\"WebSite\",\"@id\":\"https:\/\/www.prijedordanas.com\/#website\",\"url\":\"https:\/\/www.prijedordanas.com\/\",\"name\":\"PrijedorDanas.com - Prijedorski gradski portal\",\"description\":\"Portal o doga\u0111anjima u gradu Prijedoru\",\"publisher\":{\"@id\":\"https:\/\/www.prijedordanas.com\/#organization\"},\"potentialAction\":[{\"@type\":\"SearchAction\",\"target\":{\"@type\":\"EntryPoint\",\"urlTemplate\":\"https:\/\/www.prijedordanas.com\/?s={search_term_string}\"},\"query-input\":\"required name=search_term_string\"}],\"inLanguage\":\"en-US\"},{\"@type\":\"Organization\",\"@id\":\"https:\/\/www.prijedordanas.com\/#organization\",\"name\":\"PrijedorDanas.com\",\"url\":\"https:\/\/www.prijedordanas.com\/\",\"logo\":{\"@type\":\"ImageObject\",\"inLanguage\":\"en-US\",\"@id\":\"https:\/\/www.prijedordanas.com\/#\/schema\/logo\/image\/\",\"url\":\"http:\/\/www.prijedordanas.com\/wp-content\/uploads\/2021\/12\/logopng.png\",\"contentUrl\":\"http:\/\/www.prijedordanas.com\/wp-content\/uploads\/2021\/12\/logopng.png\",\"width\":1019,\"height\":776,\"caption\":\"PrijedorDanas.com\"},\"image\":{\"@id\":\"https:\/\/www.prijedordanas.com\/#\/schema\/logo\/image\/\"},\"sameAs\":[\"https:\/\/www.facebook.com\/PrijedorDanasCom\/\"]},{\"@type\":\"Person\",\"@id\":\"https:\/\/www.prijedordanas.com\/#\/schema\/person\/4e08ccf29b506ca916ff86d46bb700e6\",\"name\":\"admin\",\"image\":{\"@type\":\"ImageObject\",\"inLanguage\":\"en-US\",\"@id\":\"https:\/\/www.prijedordanas.com\/#\/schema\/person\/image\/\",\"url\":\"https:\/\/secure.gravatar.com\/avatar\/1d3fc949d550f0b53a5f0d51e06dfd79?s=96&d=mm&r=g\",\"contentUrl\":\"https:\/\/secure.gravatar.com\/avatar\/1d3fc949d550f0b53a5f0d51e06dfd79?s=96&d=mm&r=g\",\"caption\":\"admin\"},\"url\":\"https:\/\/www.prijedordanas.com\/?author=1\"}]}<\/script>\n<!-- \/ Yoast SEO plugin. -->","yoast_head_json":{"title":"Grupa za koordinaciju za spre\u010davanje nasilja u porodici grada Prijedora: Do kraja mjeseca dostaviti sadr\u017eaje za informativnu kampanju - PrijedorDanas.com - Prijedorski gradski portal","robots":{"index":"index","follow":"follow","max-snippet":"max-snippet:-1","max-image-preview":"max-image-preview:large","max-video-preview":"max-video-preview:-1"},"canonical":"https:\/\/www.prijedordanas.com\/?p=248848","og_locale":"en_US","og_type":"article","og_title":"Grupa za koordinaciju za spre\u010davanje nasilja u porodici grada Prijedora: Do kraja mjeseca dostaviti sadr\u017eaje za informativnu kampanju - PrijedorDanas.com - Prijedorski gradski portal","og_description":"Grupa za koordinaciju za spre\u010davanje nasilja u porodici grada Prijedora pozvala je sve subjekte za\u0161tite da do kraja mjeseca dostave prijedloge sadr\u017eaja koji bi trebalo da se na\u0111u u informativnoj [&hellip;]","og_url":"https:\/\/www.prijedordanas.com\/?p=248848","og_site_name":"PrijedorDanas.com - Prijedorski gradski portal","article_publisher":"https:\/\/www.facebook.com\/PrijedorDanasCom\/","article_published_time":"2025-06-12T05:44:41+00:00","og_image":[{"url":"https:\/\/www.prijedordanas.com\/wp-content\/uploads\/2025\/06\/prijedorgradorg-pd2025-3-300x225.jpg"}],"author":"admin","twitter_card":"summary_large_image","twitter_misc":{"Written by":"admin"},"schema":{"@context":"https:\/\/schema.org","@graph":[{"@type":"Article","@id":"https:\/\/www.prijedordanas.com\/?p=248848#article","isPartOf":{"@id":"https:\/\/www.prijedordanas.com\/?p=248848"},"author":{"name":"admin","@id":"https:\/\/www.prijedordanas.com\/#\/schema\/person\/4e08ccf29b506ca916ff86d46bb700e6"},"headline":"Grupa za koordinaciju za spre\u010davanje nasilja u porodici grada Prijedora: Do kraja mjeseca dostaviti sadr\u017eaje za informativnu kampanju","datePublished":"2025-06-12T05:44:41+00:00","dateModified":"2025-06-12T05:44:41+00:00","mainEntityOfPage":{"@id":"https:\/\/www.prijedordanas.com\/?p=248848"},"wordCount":308,"publisher":{"@id":"https:\/\/www.prijedordanas.com\/#organization"},"articleSection":["Svakodnevno"],"inLanguage":"en-US"},{"@type":"WebPage","@id":"https:\/\/www.prijedordanas.com\/?p=248848","url":"https:\/\/www.prijedordanas.com\/?p=248848","name":"Grupa za koordinaciju za spre\u010davanje nasilja u porodici grada Prijedora: Do kraja mjeseca dostaviti sadr\u017eaje za informativnu kampanju - PrijedorDanas.com - Prijedorski gradski portal","isPartOf":{"@id":"https:\/\/www.prijedordanas.com\/#website"},"datePublished":"2025-06-12T05:44:41+00:00","dateModified":"2025-06-12T05:44:41+00:00","breadcrumb":{"@id":"https:\/\/www.prijedordanas.com\/?p=248848#breadcrumb"},"inLanguage":"en-US","potentialAction":[{"@type":"ReadAction","target":["https:\/\/www.prijedordanas.com\/?p=248848"]}]},{"@type":"BreadcrumbList","@id":"https:\/\/www.prijedordanas.com\/?p=248848#breadcrumb","itemListElement":[{"@type":"ListItem","position":1,"name":"Home","item":"https:\/\/www.prijedordanas.com\/"},{"@type":"ListItem","position":2,"name":"Grupa za koordinaciju za spre\u010davanje nasilja u porodici grada Prijedora: Do kraja mjeseca dostaviti sadr\u017eaje za informativnu kampanju"}]},{"@type":"WebSite","@id":"https:\/\/www.prijedordanas.com\/#website","url":"https:\/\/www.prijedordanas.com\/","name":"PrijedorDanas.com - Prijedorski gradski portal","description":"Portal o doga\u0111anjima u gradu Prijedoru","publisher":{"@id":"https:\/\/www.prijedordanas.com\/#organization"},"potentialAction":[{"@type":"SearchAction","target":{"@type":"EntryPoint","urlTemplate":"https:\/\/www.prijedordanas.com\/?s={search_term_string}"},"query-input":"required name=search_term_string"}],"inLanguage":"en-US"},{"@type":"Organization","@id":"https:\/\/www.prijedordanas.com\/#organization","name":"PrijedorDanas.com","url":"https:\/\/www.prijedordanas.com\/","logo":{"@type":"ImageObject","inLanguage":"en-US","@id":"https:\/\/www.prijedordanas.com\/#\/schema\/logo\/image\/","url":"http:\/\/www.prijedordanas.com\/wp-content\/uploads\/2021\/12\/logopng.png","contentUrl":"http:\/\/www.prijedordanas.com\/wp-content\/uploads\/2021\/12\/logopng.png","width":1019,"height":776,"caption":"PrijedorDanas.com"},"image":{"@id":"https:\/\/www.prijedordanas.com\/#\/schema\/logo\/image\/"},"sameAs":["https:\/\/www.facebook.com\/PrijedorDanasCom\/"]},{"@type":"Person","@id":"https:\/\/www.prijedordanas.com\/#\/schema\/person\/4e08ccf29b506ca916ff86d46bb700e6","name":"admin","image":{"@type":"ImageObject","inLanguage":"en-US","@id":"https:\/\/www.prijedordanas.com\/#\/schema\/person\/image\/","url":"https:\/\/secure.gravatar.com\/avatar\/1d3fc949d550f0b53a5f0d51e06dfd79?s=96&d=mm&r=g","contentUrl":"https:\/\/secure.gravatar.com\/avatar\/1d3fc949d550f0b53a5f0d51e06dfd79?s=96&d=mm&r=g","caption":"admin"},"url":"https:\/\/www.prijedordanas.com\/?author=1"}]}},"_links":{"self":[{"href":"https:\/\/www.prijedordanas.com\/index.php?rest_route=\/wp\/v2\/posts\/248848"}],"collection":[{"href":"https:\/\/www.prijedordanas.com\/index.php?rest_route=\/wp\/v2\/posts"}],"about":[{"href":"https:\/\/www.prijedordanas.com\/index.php?rest_route=\/wp\/v2\/types\/post"}],"author":[{"embeddable":true,"href":"https:\/\/www.prijedordanas.com\/index.php?rest_route=\/wp\/v2\/users\/1"}],"replies":[{"embeddable":true,"href":"https:\/\/www.prijedordanas.com\/index.php?rest_route=%2Fwp%2Fv2%2Fcomments&post=248848"}],"version-history":[{"count":1,"href":"https:\/\/www.prijedordanas.com\/index.php?rest_route=\/wp\/v2\/posts\/248848\/revisions"}],"predecessor-version":[{"id":248850,"href":"https:\/\/www.prijedordanas.com\/index.php?rest_route=\/wp\/v2\/posts\/248848\/revisions\/248850"}],"wp:attachment":[{"href":"https:\/\/www.prijedordanas.com\/index.php?rest_route=%2Fwp%2Fv2%2Fmedia&parent=248848"}],"wp:term":[{"taxonomy":"category","embeddable":true,"href":"https:\/\/www.prijedordanas.com\/index.php?rest_route=%2Fwp%2Fv2%2Fcategories&post=248848"},{"taxonomy":"post_tag","embeddable":true,"href":"https:\/\/www.prijedordanas.com\/index.php?rest_route=%2Fwp%2Fv2%2Ftags&post=248848"}],"curies":[{"name":"wp","href":"https:\/\/api.w.org\/{rel}","templated":true}]}}