{"id":24867,"date":"2015-06-26T08:23:43","date_gmt":"2015-06-26T07:23:43","guid":{"rendered":"https:\/\/www.prijedordanas.com\/?p=24867"},"modified":"2015-06-26T08:23:43","modified_gmt":"2015-06-26T07:23:43","slug":"prijedor-pocela-zetva-strnih-zita","status":"publish","type":"post","link":"https:\/\/www.prijedordanas.com\/?p=24867","title":{"rendered":"PRIJEDOR: PO\u010cELA \u017dETVA STRNIH \u017dITA"},"content":{"rendered":"<p><a href=\"https:\/\/www.prijedordanas.com\/wp-content\/uploads\/2015\/06\/rtvpd-zetva-strnih-zita.jpg\"><img loading=\"lazy\" decoding=\"async\" src=\"https:\/\/www.prijedordanas.com\/wp-content\/uploads\/2015\/06\/rtvpd-zetva-strnih-zita-300x201.jpg\" alt=\"rtvpd-zetva strnih zita\" width=\"300\" height=\"201\" class=\"alignleft size-medium wp-image-24868\" srcset=\"https:\/\/www.prijedordanas.com\/wp-content\/uploads\/2015\/06\/rtvpd-zetva-strnih-zita-300x201.jpg 300w, https:\/\/www.prijedordanas.com\/wp-content\/uploads\/2015\/06\/rtvpd-zetva-strnih-zita-150x100.jpg 150w, https:\/\/www.prijedordanas.com\/wp-content\/uploads\/2015\/06\/rtvpd-zetva-strnih-zita-200x133.jpg 200w, https:\/\/www.prijedordanas.com\/wp-content\/uploads\/2015\/06\/rtvpd-zetva-strnih-zita.jpg 640w, https:\/\/www.prijedordanas.com\/wp-content\/uploads\/2015\/06\/rtvpd-zetva-strnih-zita-480x320.jpg 480w\" sizes=\"(max-width: 300px) 100vw, 300px\" \/><\/a>Strnim usjevima u pro\u0161logodi\u0161njoj jesenjoj i ovogodi\u0161njoj proljetnoj sjetvi, na prijedorskom podru\u010dju zasijano je 1.679 hektara. <\/p>\n<p>Najve\u0107u povr\u0161inu, 750 hektara, zauzela je p\u0161enica, je\u010dam je zasijan na oko 320, a zob na 300 hektara. Ista povr\u0161ina zasijana je takozvanim tro\u017eitom &#8211; tritikaleom, dok je ra\u017e zasijana na svega devet hektara.<\/p>\n<p>Visoke temperature, sredinom ovoga mjeseca, uticale su na ubrzano sazrijevanje strnih \u017eita, tako da je i \u017eetva po\u010dela desetak dana prije uobi\u010dajenog roka. <\/p>\n<p>Zavisno od nivoa primijenjenih agrotehni\u010dkih mjera, kre\u0107e se i prinos. Urod je\u010dma iznosi od \u010detiri do \u010detiri i po tone po hektaru. <\/p>\n<p>\u017detva p\u0161enice o\u010dekuje se za desetak dana, a prinos se procjenjuje na oko pet tona po hektaru. Iako je \u017eetva p\u0161enice na pragu, jo\u0161 uvijek nisu poznati ni uslovi otkupa ni otkupna cijena za ovogodi\u0161nji rod. <\/p>\n<p>RTV Prijedor<\/p>\n","protected":false},"excerpt":{"rendered":"<p>Strnim usjevima u pro\u0161logodi\u0161njoj jesenjoj i ovogodi\u0161njoj proljetnoj sjetvi, na prijedorskom podru\u010dju zasijano je 1.679 hektara. Najve\u0107u povr\u0161inu, 750 hektara, zauzela je p\u0161enica, je\u010dam je zasijan na oko 320, a [&hellip;]<\/p>\n","protected":false},"author":1,"featured_media":0,"comment_status":"closed","ping_status":"open","sticky":false,"template":"","format":"standard","meta":{"_monsterinsights_skip_tracking":false,"_monsterinsights_sitenote_active":false,"_monsterinsights_sitenote_note":"","_monsterinsights_sitenote_category":0,"footnotes":""},"categories":[8],"tags":[4006,4005],"yoast_head":"<!-- This site is optimized with the Yoast SEO plugin v21.6 - https:\/\/yoast.com\/wordpress\/plugins\/seo\/ -->\n<title>PRIJEDOR: PO\u010cELA \u017dETVA STRNIH \u017dITA - PrijedorDanas.com - Prijedorski gradski portal<\/title>\n<meta name=\"robots\" content=\"index, follow, max-snippet:-1, max-image-preview:large, max-video-preview:-1\" \/>\n<link rel=\"canonical\" href=\"https:\/\/www.prijedordanas.com\/?p=24867\" \/>\n<meta property=\"og:locale\" content=\"en_US\" \/>\n<meta property=\"og:type\" content=\"article\" \/>\n<meta property=\"og:title\" content=\"PRIJEDOR: PO\u010cELA \u017dETVA STRNIH \u017dITA - PrijedorDanas.com - Prijedorski gradski portal\" \/>\n<meta property=\"og:description\" content=\"Strnim usjevima u pro\u0161logodi\u0161njoj jesenjoj i ovogodi\u0161njoj proljetnoj sjetvi, na prijedorskom podru\u010dju zasijano je 1.679 hektara. Najve\u0107u povr\u0161inu, 750 hektara, zauzela je p\u0161enica, je\u010dam je zasijan na oko 320, a [&hellip;]\" \/>\n<meta property=\"og:url\" content=\"https:\/\/www.prijedordanas.com\/?p=24867\" \/>\n<meta property=\"og:site_name\" content=\"PrijedorDanas.com - Prijedorski gradski portal\" \/>\n<meta property=\"article:publisher\" content=\"https:\/\/www.facebook.com\/PrijedorDanasCom\/\" \/>\n<meta property=\"article:published_time\" content=\"2015-06-26T07:23:43+00:00\" \/>\n<meta property=\"og:image\" content=\"https:\/\/www.prijedordanas.com\/wp-content\/uploads\/2015\/06\/rtvpd-zetva-strnih-zita-300x201.jpg\" \/>\n<meta name=\"author\" content=\"admin\" \/>\n<meta name=\"twitter:card\" content=\"summary_large_image\" \/>\n<meta name=\"twitter:label1\" content=\"Written by\" \/>\n\t<meta name=\"twitter:data1\" content=\"admin\" \/>\n\t<meta name=\"twitter:label2\" content=\"Est. reading time\" \/>\n\t<meta name=\"twitter:data2\" content=\"1 minute\" \/>\n<script type=\"application\/ld+json\" class=\"yoast-schema-graph\">{\"@context\":\"https:\/\/schema.org\",\"@graph\":[{\"@type\":\"Article\",\"@id\":\"https:\/\/www.prijedordanas.com\/?p=24867#article\",\"isPartOf\":{\"@id\":\"https:\/\/www.prijedordanas.com\/?p=24867\"},\"author\":{\"name\":\"admin\",\"@id\":\"https:\/\/www.prijedordanas.com\/#\/schema\/person\/4e08ccf29b506ca916ff86d46bb700e6\"},\"headline\":\"PRIJEDOR: PO\u010cELA \u017dETVA STRNIH \u017dITA\",\"datePublished\":\"2015-06-26T07:23:43+00:00\",\"dateModified\":\"2015-06-26T07:23:43+00:00\",\"mainEntityOfPage\":{\"@id\":\"https:\/\/www.prijedordanas.com\/?p=24867\"},\"wordCount\":154,\"publisher\":{\"@id\":\"https:\/\/www.prijedordanas.com\/#organization\"},\"keywords\":[\"strna \u017eita\",\"\u017eetva\"],\"articleSection\":[\"Svakodnevno\"],\"inLanguage\":\"en-US\"},{\"@type\":\"WebPage\",\"@id\":\"https:\/\/www.prijedordanas.com\/?p=24867\",\"url\":\"https:\/\/www.prijedordanas.com\/?p=24867\",\"name\":\"PRIJEDOR: PO\u010cELA \u017dETVA STRNIH \u017dITA - PrijedorDanas.com - Prijedorski gradski portal\",\"isPartOf\":{\"@id\":\"https:\/\/www.prijedordanas.com\/#website\"},\"datePublished\":\"2015-06-26T07:23:43+00:00\",\"dateModified\":\"2015-06-26T07:23:43+00:00\",\"breadcrumb\":{\"@id\":\"https:\/\/www.prijedordanas.com\/?p=24867#breadcrumb\"},\"inLanguage\":\"en-US\",\"potentialAction\":[{\"@type\":\"ReadAction\",\"target\":[\"https:\/\/www.prijedordanas.com\/?p=24867\"]}]},{\"@type\":\"BreadcrumbList\",\"@id\":\"https:\/\/www.prijedordanas.com\/?p=24867#breadcrumb\",\"itemListElement\":[{\"@type\":\"ListItem\",\"position\":1,\"name\":\"Home\",\"item\":\"https:\/\/www.prijedordanas.com\/\"},{\"@type\":\"ListItem\",\"position\":2,\"name\":\"PRIJEDOR: PO\u010cELA \u017dETVA STRNIH \u017dITA\"}]},{\"@type\":\"WebSite\",\"@id\":\"https:\/\/www.prijedordanas.com\/#website\",\"url\":\"https:\/\/www.prijedordanas.com\/\",\"name\":\"PrijedorDanas.com - Prijedorski gradski portal\",\"description\":\"Portal o doga\u0111anjima u gradu Prijedoru\",\"publisher\":{\"@id\":\"https:\/\/www.prijedordanas.com\/#organization\"},\"potentialAction\":[{\"@type\":\"SearchAction\",\"target\":{\"@type\":\"EntryPoint\",\"urlTemplate\":\"https:\/\/www.prijedordanas.com\/?s={search_term_string}\"},\"query-input\":\"required name=search_term_string\"}],\"inLanguage\":\"en-US\"},{\"@type\":\"Organization\",\"@id\":\"https:\/\/www.prijedordanas.com\/#organization\",\"name\":\"PrijedorDanas.com\",\"url\":\"https:\/\/www.prijedordanas.com\/\",\"logo\":{\"@type\":\"ImageObject\",\"inLanguage\":\"en-US\",\"@id\":\"https:\/\/www.prijedordanas.com\/#\/schema\/logo\/image\/\",\"url\":\"http:\/\/www.prijedordanas.com\/wp-content\/uploads\/2021\/12\/logopng.png\",\"contentUrl\":\"http:\/\/www.prijedordanas.com\/wp-content\/uploads\/2021\/12\/logopng.png\",\"width\":1019,\"height\":776,\"caption\":\"PrijedorDanas.com\"},\"image\":{\"@id\":\"https:\/\/www.prijedordanas.com\/#\/schema\/logo\/image\/\"},\"sameAs\":[\"https:\/\/www.facebook.com\/PrijedorDanasCom\/\"]},{\"@type\":\"Person\",\"@id\":\"https:\/\/www.prijedordanas.com\/#\/schema\/person\/4e08ccf29b506ca916ff86d46bb700e6\",\"name\":\"admin\",\"image\":{\"@type\":\"ImageObject\",\"inLanguage\":\"en-US\",\"@id\":\"https:\/\/www.prijedordanas.com\/#\/schema\/person\/image\/\",\"url\":\"https:\/\/secure.gravatar.com\/avatar\/1d3fc949d550f0b53a5f0d51e06dfd79?s=96&d=mm&r=g\",\"contentUrl\":\"https:\/\/secure.gravatar.com\/avatar\/1d3fc949d550f0b53a5f0d51e06dfd79?s=96&d=mm&r=g\",\"caption\":\"admin\"},\"url\":\"https:\/\/www.prijedordanas.com\/?author=1\"}]}<\/script>\n<!-- \/ Yoast SEO plugin. -->","yoast_head_json":{"title":"PRIJEDOR: PO\u010cELA \u017dETVA STRNIH \u017dITA - PrijedorDanas.com - Prijedorski gradski portal","robots":{"index":"index","follow":"follow","max-snippet":"max-snippet:-1","max-image-preview":"max-image-preview:large","max-video-preview":"max-video-preview:-1"},"canonical":"https:\/\/www.prijedordanas.com\/?p=24867","og_locale":"en_US","og_type":"article","og_title":"PRIJEDOR: PO\u010cELA \u017dETVA STRNIH \u017dITA - PrijedorDanas.com - Prijedorski gradski portal","og_description":"Strnim usjevima u pro\u0161logodi\u0161njoj jesenjoj i ovogodi\u0161njoj proljetnoj sjetvi, na prijedorskom podru\u010dju zasijano je 1.679 hektara. Najve\u0107u povr\u0161inu, 750 hektara, zauzela je p\u0161enica, je\u010dam je zasijan na oko 320, a [&hellip;]","og_url":"https:\/\/www.prijedordanas.com\/?p=24867","og_site_name":"PrijedorDanas.com - Prijedorski gradski portal","article_publisher":"https:\/\/www.facebook.com\/PrijedorDanasCom\/","article_published_time":"2015-06-26T07:23:43+00:00","og_image":[{"url":"https:\/\/www.prijedordanas.com\/wp-content\/uploads\/2015\/06\/rtvpd-zetva-strnih-zita-300x201.jpg"}],"author":"admin","twitter_card":"summary_large_image","twitter_misc":{"Written by":"admin","Est. reading time":"1 minute"},"schema":{"@context":"https:\/\/schema.org","@graph":[{"@type":"Article","@id":"https:\/\/www.prijedordanas.com\/?p=24867#article","isPartOf":{"@id":"https:\/\/www.prijedordanas.com\/?p=24867"},"author":{"name":"admin","@id":"https:\/\/www.prijedordanas.com\/#\/schema\/person\/4e08ccf29b506ca916ff86d46bb700e6"},"headline":"PRIJEDOR: PO\u010cELA \u017dETVA STRNIH \u017dITA","datePublished":"2015-06-26T07:23:43+00:00","dateModified":"2015-06-26T07:23:43+00:00","mainEntityOfPage":{"@id":"https:\/\/www.prijedordanas.com\/?p=24867"},"wordCount":154,"publisher":{"@id":"https:\/\/www.prijedordanas.com\/#organization"},"keywords":["strna \u017eita","\u017eetva"],"articleSection":["Svakodnevno"],"inLanguage":"en-US"},{"@type":"WebPage","@id":"https:\/\/www.prijedordanas.com\/?p=24867","url":"https:\/\/www.prijedordanas.com\/?p=24867","name":"PRIJEDOR: PO\u010cELA \u017dETVA STRNIH \u017dITA - PrijedorDanas.com - Prijedorski gradski portal","isPartOf":{"@id":"https:\/\/www.prijedordanas.com\/#website"},"datePublished":"2015-06-26T07:23:43+00:00","dateModified":"2015-06-26T07:23:43+00:00","breadcrumb":{"@id":"https:\/\/www.prijedordanas.com\/?p=24867#breadcrumb"},"inLanguage":"en-US","potentialAction":[{"@type":"ReadAction","target":["https:\/\/www.prijedordanas.com\/?p=24867"]}]},{"@type":"BreadcrumbList","@id":"https:\/\/www.prijedordanas.com\/?p=24867#breadcrumb","itemListElement":[{"@type":"ListItem","position":1,"name":"Home","item":"https:\/\/www.prijedordanas.com\/"},{"@type":"ListItem","position":2,"name":"PRIJEDOR: PO\u010cELA \u017dETVA STRNIH \u017dITA"}]},{"@type":"WebSite","@id":"https:\/\/www.prijedordanas.com\/#website","url":"https:\/\/www.prijedordanas.com\/","name":"PrijedorDanas.com - Prijedorski gradski portal","description":"Portal o doga\u0111anjima u gradu Prijedoru","publisher":{"@id":"https:\/\/www.prijedordanas.com\/#organization"},"potentialAction":[{"@type":"SearchAction","target":{"@type":"EntryPoint","urlTemplate":"https:\/\/www.prijedordanas.com\/?s={search_term_string}"},"query-input":"required name=search_term_string"}],"inLanguage":"en-US"},{"@type":"Organization","@id":"https:\/\/www.prijedordanas.com\/#organization","name":"PrijedorDanas.com","url":"https:\/\/www.prijedordanas.com\/","logo":{"@type":"ImageObject","inLanguage":"en-US","@id":"https:\/\/www.prijedordanas.com\/#\/schema\/logo\/image\/","url":"http:\/\/www.prijedordanas.com\/wp-content\/uploads\/2021\/12\/logopng.png","contentUrl":"http:\/\/www.prijedordanas.com\/wp-content\/uploads\/2021\/12\/logopng.png","width":1019,"height":776,"caption":"PrijedorDanas.com"},"image":{"@id":"https:\/\/www.prijedordanas.com\/#\/schema\/logo\/image\/"},"sameAs":["https:\/\/www.facebook.com\/PrijedorDanasCom\/"]},{"@type":"Person","@id":"https:\/\/www.prijedordanas.com\/#\/schema\/person\/4e08ccf29b506ca916ff86d46bb700e6","name":"admin","image":{"@type":"ImageObject","inLanguage":"en-US","@id":"https:\/\/www.prijedordanas.com\/#\/schema\/person\/image\/","url":"https:\/\/secure.gravatar.com\/avatar\/1d3fc949d550f0b53a5f0d51e06dfd79?s=96&d=mm&r=g","contentUrl":"https:\/\/secure.gravatar.com\/avatar\/1d3fc949d550f0b53a5f0d51e06dfd79?s=96&d=mm&r=g","caption":"admin"},"url":"https:\/\/www.prijedordanas.com\/?author=1"}]}},"_links":{"self":[{"href":"https:\/\/www.prijedordanas.com\/index.php?rest_route=\/wp\/v2\/posts\/24867"}],"collection":[{"href":"https:\/\/www.prijedordanas.com\/index.php?rest_route=\/wp\/v2\/posts"}],"about":[{"href":"https:\/\/www.prijedordanas.com\/index.php?rest_route=\/wp\/v2\/types\/post"}],"author":[{"embeddable":true,"href":"https:\/\/www.prijedordanas.com\/index.php?rest_route=\/wp\/v2\/users\/1"}],"replies":[{"embeddable":true,"href":"https:\/\/www.prijedordanas.com\/index.php?rest_route=%2Fwp%2Fv2%2Fcomments&post=24867"}],"version-history":[{"count":1,"href":"https:\/\/www.prijedordanas.com\/index.php?rest_route=\/wp\/v2\/posts\/24867\/revisions"}],"predecessor-version":[{"id":24869,"href":"https:\/\/www.prijedordanas.com\/index.php?rest_route=\/wp\/v2\/posts\/24867\/revisions\/24869"}],"wp:attachment":[{"href":"https:\/\/www.prijedordanas.com\/index.php?rest_route=%2Fwp%2Fv2%2Fmedia&parent=24867"}],"wp:term":[{"taxonomy":"category","embeddable":true,"href":"https:\/\/www.prijedordanas.com\/index.php?rest_route=%2Fwp%2Fv2%2Fcategories&post=24867"},{"taxonomy":"post_tag","embeddable":true,"href":"https:\/\/www.prijedordanas.com\/index.php?rest_route=%2Fwp%2Fv2%2Ftags&post=24867"}],"curies":[{"name":"wp","href":"https:\/\/api.w.org\/{rel}","templated":true}]}}