{"id":248191,"date":"2025-05-30T14:27:31","date_gmt":"2025-05-30T12:27:31","guid":{"rendered":"https:\/\/www.prijedordanas.com\/?p=248191"},"modified":"2025-05-30T14:27:31","modified_gmt":"2025-05-30T12:27:31","slug":"otkrivamo-koji-biznismen-je-prijavljen-okruznom-javnom-tuzilastvu-prijedor-za-stetu-od-156-miliona-km","status":"publish","type":"post","link":"https:\/\/www.prijedordanas.com\/?p=248191","title":{"rendered":"Otkrivamo koji biznismen je prijavljen Okru\u017enom javnom tu\u017eila\u0161tvu Prijedor za \u0161tetu od 15,6 miliona KM"},"content":{"rendered":"<p><a href=\"https:\/\/www.prijedordanas.com\/wp-content\/uploads\/2025\/05\/fitkd.jpg\"><img loading=\"lazy\" decoding=\"async\" src=\"https:\/\/www.prijedordanas.com\/wp-content\/uploads\/2025\/05\/fitkd-300x225.jpg\" alt=\"\" width=\"300\" height=\"225\" class=\"alignleft size-medium wp-image-248192\" srcset=\"https:\/\/www.prijedordanas.com\/wp-content\/uploads\/2025\/05\/fitkd-300x225.jpg 300w, https:\/\/www.prijedordanas.com\/wp-content\/uploads\/2025\/05\/fitkd-640x480.jpg 640w, https:\/\/www.prijedordanas.com\/wp-content\/uploads\/2025\/05\/fitkd.jpg 667w\" sizes=\"(max-width: 300px) 100vw, 300px\" \/><\/a>Prijedorska policija prijavila je Okru\u017enom javnom tu\u017eila\u0161tvu u tom gradu Dragana Petrakovi\u0107a zbog sumnje da je preduze\u0107e \u201eFit\u201c iz Kozarske Dubice, a \u010diji je suvlasnik, o\u0161tetio za 15,6 miliona maraka, saznaje portal CAPITAL.<\/p>\n<p>Kako nezvani\u010dno saznajemo on se sumnji\u010di da je u posljednjih deset godina  poslove iz ove firme koja se ina\u010de bavi trgovinom ner\u0111aju\u0107im \u010delikom prebacivao na firmu \u201eEvromin\u201c iz Banjaluke koja je u vlasni\u0161tvu njegove sada ve\u0107 biv\u0161e supruge Ljilje Petrakovi\u0107.<\/p>\n<p>Izvor blizak istrazi ka\u017ee da je Petrakovi\u0107 za vrijeme dok je bio direktor firme \u201eFit\u201c uklju\u010dio \u201eEvromin\u201c kao svojevrsnog posrednika preko kojeg se uvozila roba i prodavala preduze\u0107u u Kozarskoj Dubici po zna\u010dajno ve\u0107im cijenama.<\/p>\n<p>\u201eSumnja se da je kr\u0161io Zakon o privrednim dru\u0161tvima jer se bavio istom djelatno\u0161\u0107u. Zakon takav vid konkurencije i sukoba interesa zabranjuje. Jednostavnije re\u010deno, razvaljivao je zajedni\u010dko preduze\u0107e kako bi razvijao svoje\u201c, ka\u017ee na\u0161 izvor.<\/p>\n<p>Iz MUP-a RS, navode\u0107i njegove inicijale je saop\u0161teno da je izvje\u0161taj podnesen zbog sumnje da je po\u010dinio krivi\u010dna djela nezakonito postupanje u privrednom poslovanju i zloupotreba polo\u017eaja odgovornog lica.<\/p>\n<p>\u201cD.P. se sumnji\u010di da je, kao odgovorno lice pravnog lica iz Kozarske Dubice, u periodu od 2015. do 2024. godine, postupao na na\u010din koji je u suprotnosti sa du\u017enostima u upravljanju imovinom i sredstvima pravnog lica koje je zastupao, \u010dime je to pravno lice o\u0161tetio za iznos od 15.636.106 KM, a istovremeno u istom iznosu ostvario protivpravnu imovinsku korist za sebe i drugo pravno lice iz Banjaluke u \u010diju korist je postupao\u201c, saop\u0161tili su oni.<\/p>\n<p>Ina\u010de prema podacima iz privrednih registara \u201eEvromin\u201c je u protekle dvije godine imao prihode od skoro 30 miliona maraka i nepunih pet miliona maraka dobiti.<\/p>\n<p>Sa druge strane, dobit i prihodi \u201eFit-a\u201c padaju iz godine u godinu. Tako je u 2024. ostvaren jedan od najlo\u0161ijih rezultata u poslovanju preduze\u0107a kada su prijavili prihode od 8,1 miliona KM i dobit od 106.160 KM.<\/p>\n<p><strong><a href=\"https:\/\/capital.ba\/otkrivamo-koji-biznismen-je-prijavljen-za-stetu-od-156-miliona-km\/\" rel=\"noopener\" target=\"_blank\">capital.ba<\/a><\/strong><\/p>\n","protected":false},"excerpt":{"rendered":"<p>Prijedorska policija prijavila je Okru\u017enom javnom tu\u017eila\u0161tvu u tom gradu Dragana Petrakovi\u0107a zbog sumnje da je preduze\u0107e \u201eFit\u201c iz Kozarske Dubice, a \u010diji je suvlasnik, o\u0161tetio za 15,6 miliona maraka, [&hellip;]<\/p>\n","protected":false},"author":1,"featured_media":0,"comment_status":"closed","ping_status":"open","sticky":false,"template":"","format":"standard","meta":{"_monsterinsights_skip_tracking":false,"_monsterinsights_sitenote_active":false,"_monsterinsights_sitenote_note":"","_monsterinsights_sitenote_category":0,"footnotes":""},"categories":[5],"tags":[],"yoast_head":"<!-- This site is optimized with the Yoast SEO plugin v21.6 - https:\/\/yoast.com\/wordpress\/plugins\/seo\/ -->\n<title>Otkrivamo koji biznismen je prijavljen Okru\u017enom javnom tu\u017eila\u0161tvu Prijedor za \u0161tetu od 15,6 miliona KM - PrijedorDanas.com - Prijedorski gradski portal<\/title>\n<meta name=\"robots\" content=\"index, follow, max-snippet:-1, max-image-preview:large, max-video-preview:-1\" \/>\n<link rel=\"canonical\" href=\"https:\/\/www.prijedordanas.com\/?p=248191\" \/>\n<meta property=\"og:locale\" content=\"en_US\" \/>\n<meta property=\"og:type\" content=\"article\" \/>\n<meta property=\"og:title\" content=\"Otkrivamo koji biznismen je prijavljen Okru\u017enom javnom tu\u017eila\u0161tvu Prijedor za \u0161tetu od 15,6 miliona KM - PrijedorDanas.com - Prijedorski gradski portal\" \/>\n<meta property=\"og:description\" content=\"Prijedorska policija prijavila je Okru\u017enom javnom tu\u017eila\u0161tvu u tom gradu Dragana Petrakovi\u0107a zbog sumnje da je preduze\u0107e \u201eFit\u201c iz Kozarske Dubice, a \u010diji je suvlasnik, o\u0161tetio za 15,6 miliona maraka, [&hellip;]\" \/>\n<meta property=\"og:url\" content=\"https:\/\/www.prijedordanas.com\/?p=248191\" \/>\n<meta property=\"og:site_name\" content=\"PrijedorDanas.com - Prijedorski gradski portal\" \/>\n<meta property=\"article:publisher\" content=\"https:\/\/www.facebook.com\/PrijedorDanasCom\/\" \/>\n<meta property=\"article:published_time\" content=\"2025-05-30T12:27:31+00:00\" \/>\n<meta property=\"og:image\" content=\"https:\/\/www.prijedordanas.com\/wp-content\/uploads\/2025\/05\/fitkd-300x225.jpg\" \/>\n<meta name=\"author\" content=\"admin\" \/>\n<meta name=\"twitter:card\" content=\"summary_large_image\" \/>\n<meta name=\"twitter:label1\" content=\"Written by\" \/>\n\t<meta name=\"twitter:data1\" content=\"admin\" \/>\n<script type=\"application\/ld+json\" class=\"yoast-schema-graph\">{\"@context\":\"https:\/\/schema.org\",\"@graph\":[{\"@type\":\"Article\",\"@id\":\"https:\/\/www.prijedordanas.com\/?p=248191#article\",\"isPartOf\":{\"@id\":\"https:\/\/www.prijedordanas.com\/?p=248191\"},\"author\":{\"name\":\"admin\",\"@id\":\"https:\/\/www.prijedordanas.com\/#\/schema\/person\/4e08ccf29b506ca916ff86d46bb700e6\"},\"headline\":\"Otkrivamo koji biznismen je prijavljen Okru\u017enom javnom tu\u017eila\u0161tvu Prijedor za \u0161tetu od 15,6 miliona KM\",\"datePublished\":\"2025-05-30T12:27:31+00:00\",\"dateModified\":\"2025-05-30T12:27:31+00:00\",\"mainEntityOfPage\":{\"@id\":\"https:\/\/www.prijedordanas.com\/?p=248191\"},\"wordCount\":360,\"publisher\":{\"@id\":\"https:\/\/www.prijedordanas.com\/#organization\"},\"articleSection\":[\"Hronika\"],\"inLanguage\":\"en-US\"},{\"@type\":\"WebPage\",\"@id\":\"https:\/\/www.prijedordanas.com\/?p=248191\",\"url\":\"https:\/\/www.prijedordanas.com\/?p=248191\",\"name\":\"Otkrivamo koji biznismen je prijavljen Okru\u017enom javnom tu\u017eila\u0161tvu Prijedor za \u0161tetu od 15,6 miliona KM - PrijedorDanas.com - Prijedorski gradski portal\",\"isPartOf\":{\"@id\":\"https:\/\/www.prijedordanas.com\/#website\"},\"datePublished\":\"2025-05-30T12:27:31+00:00\",\"dateModified\":\"2025-05-30T12:27:31+00:00\",\"breadcrumb\":{\"@id\":\"https:\/\/www.prijedordanas.com\/?p=248191#breadcrumb\"},\"inLanguage\":\"en-US\",\"potentialAction\":[{\"@type\":\"ReadAction\",\"target\":[\"https:\/\/www.prijedordanas.com\/?p=248191\"]}]},{\"@type\":\"BreadcrumbList\",\"@id\":\"https:\/\/www.prijedordanas.com\/?p=248191#breadcrumb\",\"itemListElement\":[{\"@type\":\"ListItem\",\"position\":1,\"name\":\"Home\",\"item\":\"https:\/\/www.prijedordanas.com\/\"},{\"@type\":\"ListItem\",\"position\":2,\"name\":\"Otkrivamo koji biznismen je prijavljen Okru\u017enom javnom tu\u017eila\u0161tvu Prijedor za \u0161tetu od 15,6 miliona KM\"}]},{\"@type\":\"WebSite\",\"@id\":\"https:\/\/www.prijedordanas.com\/#website\",\"url\":\"https:\/\/www.prijedordanas.com\/\",\"name\":\"PrijedorDanas.com - Prijedorski gradski portal\",\"description\":\"Portal o doga\u0111anjima u gradu Prijedoru\",\"publisher\":{\"@id\":\"https:\/\/www.prijedordanas.com\/#organization\"},\"potentialAction\":[{\"@type\":\"SearchAction\",\"target\":{\"@type\":\"EntryPoint\",\"urlTemplate\":\"https:\/\/www.prijedordanas.com\/?s={search_term_string}\"},\"query-input\":\"required name=search_term_string\"}],\"inLanguage\":\"en-US\"},{\"@type\":\"Organization\",\"@id\":\"https:\/\/www.prijedordanas.com\/#organization\",\"name\":\"PrijedorDanas.com\",\"url\":\"https:\/\/www.prijedordanas.com\/\",\"logo\":{\"@type\":\"ImageObject\",\"inLanguage\":\"en-US\",\"@id\":\"https:\/\/www.prijedordanas.com\/#\/schema\/logo\/image\/\",\"url\":\"http:\/\/www.prijedordanas.com\/wp-content\/uploads\/2021\/12\/logopng.png\",\"contentUrl\":\"http:\/\/www.prijedordanas.com\/wp-content\/uploads\/2021\/12\/logopng.png\",\"width\":1019,\"height\":776,\"caption\":\"PrijedorDanas.com\"},\"image\":{\"@id\":\"https:\/\/www.prijedordanas.com\/#\/schema\/logo\/image\/\"},\"sameAs\":[\"https:\/\/www.facebook.com\/PrijedorDanasCom\/\"]},{\"@type\":\"Person\",\"@id\":\"https:\/\/www.prijedordanas.com\/#\/schema\/person\/4e08ccf29b506ca916ff86d46bb700e6\",\"name\":\"admin\",\"image\":{\"@type\":\"ImageObject\",\"inLanguage\":\"en-US\",\"@id\":\"https:\/\/www.prijedordanas.com\/#\/schema\/person\/image\/\",\"url\":\"https:\/\/secure.gravatar.com\/avatar\/1d3fc949d550f0b53a5f0d51e06dfd79?s=96&d=mm&r=g\",\"contentUrl\":\"https:\/\/secure.gravatar.com\/avatar\/1d3fc949d550f0b53a5f0d51e06dfd79?s=96&d=mm&r=g\",\"caption\":\"admin\"},\"url\":\"https:\/\/www.prijedordanas.com\/?author=1\"}]}<\/script>\n<!-- \/ Yoast SEO plugin. -->","yoast_head_json":{"title":"Otkrivamo koji biznismen je prijavljen Okru\u017enom javnom tu\u017eila\u0161tvu Prijedor za \u0161tetu od 15,6 miliona KM - PrijedorDanas.com - Prijedorski gradski portal","robots":{"index":"index","follow":"follow","max-snippet":"max-snippet:-1","max-image-preview":"max-image-preview:large","max-video-preview":"max-video-preview:-1"},"canonical":"https:\/\/www.prijedordanas.com\/?p=248191","og_locale":"en_US","og_type":"article","og_title":"Otkrivamo koji biznismen je prijavljen Okru\u017enom javnom tu\u017eila\u0161tvu Prijedor za \u0161tetu od 15,6 miliona KM - PrijedorDanas.com - Prijedorski gradski portal","og_description":"Prijedorska policija prijavila je Okru\u017enom javnom tu\u017eila\u0161tvu u tom gradu Dragana Petrakovi\u0107a zbog sumnje da je preduze\u0107e \u201eFit\u201c iz Kozarske Dubice, a \u010diji je suvlasnik, o\u0161tetio za 15,6 miliona maraka, [&hellip;]","og_url":"https:\/\/www.prijedordanas.com\/?p=248191","og_site_name":"PrijedorDanas.com - Prijedorski gradski portal","article_publisher":"https:\/\/www.facebook.com\/PrijedorDanasCom\/","article_published_time":"2025-05-30T12:27:31+00:00","og_image":[{"url":"https:\/\/www.prijedordanas.com\/wp-content\/uploads\/2025\/05\/fitkd-300x225.jpg"}],"author":"admin","twitter_card":"summary_large_image","twitter_misc":{"Written by":"admin"},"schema":{"@context":"https:\/\/schema.org","@graph":[{"@type":"Article","@id":"https:\/\/www.prijedordanas.com\/?p=248191#article","isPartOf":{"@id":"https:\/\/www.prijedordanas.com\/?p=248191"},"author":{"name":"admin","@id":"https:\/\/www.prijedordanas.com\/#\/schema\/person\/4e08ccf29b506ca916ff86d46bb700e6"},"headline":"Otkrivamo koji biznismen je prijavljen Okru\u017enom javnom tu\u017eila\u0161tvu Prijedor za \u0161tetu od 15,6 miliona KM","datePublished":"2025-05-30T12:27:31+00:00","dateModified":"2025-05-30T12:27:31+00:00","mainEntityOfPage":{"@id":"https:\/\/www.prijedordanas.com\/?p=248191"},"wordCount":360,"publisher":{"@id":"https:\/\/www.prijedordanas.com\/#organization"},"articleSection":["Hronika"],"inLanguage":"en-US"},{"@type":"WebPage","@id":"https:\/\/www.prijedordanas.com\/?p=248191","url":"https:\/\/www.prijedordanas.com\/?p=248191","name":"Otkrivamo koji biznismen je prijavljen Okru\u017enom javnom tu\u017eila\u0161tvu Prijedor za \u0161tetu od 15,6 miliona KM - PrijedorDanas.com - Prijedorski gradski portal","isPartOf":{"@id":"https:\/\/www.prijedordanas.com\/#website"},"datePublished":"2025-05-30T12:27:31+00:00","dateModified":"2025-05-30T12:27:31+00:00","breadcrumb":{"@id":"https:\/\/www.prijedordanas.com\/?p=248191#breadcrumb"},"inLanguage":"en-US","potentialAction":[{"@type":"ReadAction","target":["https:\/\/www.prijedordanas.com\/?p=248191"]}]},{"@type":"BreadcrumbList","@id":"https:\/\/www.prijedordanas.com\/?p=248191#breadcrumb","itemListElement":[{"@type":"ListItem","position":1,"name":"Home","item":"https:\/\/www.prijedordanas.com\/"},{"@type":"ListItem","position":2,"name":"Otkrivamo koji biznismen je prijavljen Okru\u017enom javnom tu\u017eila\u0161tvu Prijedor za \u0161tetu od 15,6 miliona KM"}]},{"@type":"WebSite","@id":"https:\/\/www.prijedordanas.com\/#website","url":"https:\/\/www.prijedordanas.com\/","name":"PrijedorDanas.com - Prijedorski gradski portal","description":"Portal o doga\u0111anjima u gradu Prijedoru","publisher":{"@id":"https:\/\/www.prijedordanas.com\/#organization"},"potentialAction":[{"@type":"SearchAction","target":{"@type":"EntryPoint","urlTemplate":"https:\/\/www.prijedordanas.com\/?s={search_term_string}"},"query-input":"required name=search_term_string"}],"inLanguage":"en-US"},{"@type":"Organization","@id":"https:\/\/www.prijedordanas.com\/#organization","name":"PrijedorDanas.com","url":"https:\/\/www.prijedordanas.com\/","logo":{"@type":"ImageObject","inLanguage":"en-US","@id":"https:\/\/www.prijedordanas.com\/#\/schema\/logo\/image\/","url":"http:\/\/www.prijedordanas.com\/wp-content\/uploads\/2021\/12\/logopng.png","contentUrl":"http:\/\/www.prijedordanas.com\/wp-content\/uploads\/2021\/12\/logopng.png","width":1019,"height":776,"caption":"PrijedorDanas.com"},"image":{"@id":"https:\/\/www.prijedordanas.com\/#\/schema\/logo\/image\/"},"sameAs":["https:\/\/www.facebook.com\/PrijedorDanasCom\/"]},{"@type":"Person","@id":"https:\/\/www.prijedordanas.com\/#\/schema\/person\/4e08ccf29b506ca916ff86d46bb700e6","name":"admin","image":{"@type":"ImageObject","inLanguage":"en-US","@id":"https:\/\/www.prijedordanas.com\/#\/schema\/person\/image\/","url":"https:\/\/secure.gravatar.com\/avatar\/1d3fc949d550f0b53a5f0d51e06dfd79?s=96&d=mm&r=g","contentUrl":"https:\/\/secure.gravatar.com\/avatar\/1d3fc949d550f0b53a5f0d51e06dfd79?s=96&d=mm&r=g","caption":"admin"},"url":"https:\/\/www.prijedordanas.com\/?author=1"}]}},"_links":{"self":[{"href":"https:\/\/www.prijedordanas.com\/index.php?rest_route=\/wp\/v2\/posts\/248191"}],"collection":[{"href":"https:\/\/www.prijedordanas.com\/index.php?rest_route=\/wp\/v2\/posts"}],"about":[{"href":"https:\/\/www.prijedordanas.com\/index.php?rest_route=\/wp\/v2\/types\/post"}],"author":[{"embeddable":true,"href":"https:\/\/www.prijedordanas.com\/index.php?rest_route=\/wp\/v2\/users\/1"}],"replies":[{"embeddable":true,"href":"https:\/\/www.prijedordanas.com\/index.php?rest_route=%2Fwp%2Fv2%2Fcomments&post=248191"}],"version-history":[{"count":1,"href":"https:\/\/www.prijedordanas.com\/index.php?rest_route=\/wp\/v2\/posts\/248191\/revisions"}],"predecessor-version":[{"id":248193,"href":"https:\/\/www.prijedordanas.com\/index.php?rest_route=\/wp\/v2\/posts\/248191\/revisions\/248193"}],"wp:attachment":[{"href":"https:\/\/www.prijedordanas.com\/index.php?rest_route=%2Fwp%2Fv2%2Fmedia&parent=248191"}],"wp:term":[{"taxonomy":"category","embeddable":true,"href":"https:\/\/www.prijedordanas.com\/index.php?rest_route=%2Fwp%2Fv2%2Fcategories&post=248191"},{"taxonomy":"post_tag","embeddable":true,"href":"https:\/\/www.prijedordanas.com\/index.php?rest_route=%2Fwp%2Fv2%2Ftags&post=248191"}],"curies":[{"name":"wp","href":"https:\/\/api.w.org\/{rel}","templated":true}]}}