{"id":248180,"date":"2025-05-30T11:43:23","date_gmt":"2025-05-30T09:43:23","guid":{"rendered":"https:\/\/www.prijedordanas.com\/?p=248180"},"modified":"2025-05-30T11:43:23","modified_gmt":"2025-05-30T09:43:23","slug":"fondacija-nikola-baros-promovisana-zbirka-pjesama-prijedorski-bukvar-prilika-za-lirika","status":"publish","type":"post","link":"https:\/\/www.prijedordanas.com\/?p=248180","title":{"rendered":"Fondacija &#8220;Nikola Baro\u0161&#8221;: Promovisana zbirka pjesama &#8220;Prijedorski bukvar &#8211; Prilika za lirika&#8221;"},"content":{"rendered":"<p><a href=\"https:\/\/www.prijedordanas.com\/wp-content\/uploads\/2025\/05\/kozarski-prijedorski-bukvar-prilika-za-lirika.jpg\"><img loading=\"lazy\" decoding=\"async\" class=\"alignleft size-medium wp-image-248181\" src=\"https:\/\/www.prijedordanas.com\/wp-content\/uploads\/2025\/05\/kozarski-prijedorski-bukvar-prilika-za-lirika-300x225.jpg\" alt=\"\" width=\"300\" height=\"225\" srcset=\"https:\/\/www.prijedordanas.com\/wp-content\/uploads\/2025\/05\/kozarski-prijedorski-bukvar-prilika-za-lirika-300x225.jpg 300w, https:\/\/www.prijedordanas.com\/wp-content\/uploads\/2025\/05\/kozarski-prijedorski-bukvar-prilika-za-lirika-640x480.jpg 640w, https:\/\/www.prijedordanas.com\/wp-content\/uploads\/2025\/05\/kozarski-prijedorski-bukvar-prilika-za-lirika.jpg 667w\" sizes=\"(max-width: 300px) 100vw, 300px\" \/><\/a>U Pozori\u0161tu Prijedor promovisana je knjiga pjesama \u201ePrijedorski bukvar \u2013 Prilika za lirika\u201c, autora Zorana Stani\u0107a i pjesnikinje Mirjane Bulatovi\u0107.<\/p>\n<p>Zbirka sadr\u017ei 30 pjesama, a svaki stih pra\u0107en je vizuelnim sadr\u017eajem \u2013 fotografijama i ilustracijama koje je osmislila Nata\u0161a Bubalo, studentkinja Akademije umjetnosti u Banjoj Luci.<\/p>\n<p>\u201eKao mladom umjetniku mi mnogo zna\u010di da radim na ovakvom projektu, jer je to integrisanje svih prethodnih znanja\u201c, izjavila je Bubalo.<\/p>\n<p>Autori knjige istakli su da je rije\u010d o edukativnom \u0161tivu i namijenjena je djeci i roditeljima.<\/p>\n<p>Mirjana Bulatovi\u0107 kazala je da joj je bila \u010dast u\u010destvovati u ovom projektu, te da je inspiraciju prona\u0161la u pri\u010di o dje\u010daku Nikoli Baro\u0161u.<\/p>\n<p>\u201eKada mi je Zoran ispri\u010dao o Nikoli Baro\u0161u, znala sam da to moram da uradim. Srce me je vuklo, to nisam mogla da odbijem\u201c, rekla je ona.<\/p>\n<p><a href=\"https:\/\/www.prijedordanas.com\/wp-content\/uploads\/2025\/05\/rtrs-prijedorski-bukvar-prilika-za-lirika.jpg\"><img loading=\"lazy\" decoding=\"async\" src=\"https:\/\/www.prijedordanas.com\/wp-content\/uploads\/2025\/05\/rtrs-prijedorski-bukvar-prilika-za-lirika-300x225.jpg\" alt=\"\" width=\"300\" height=\"225\" class=\"alignleft size-medium wp-image-248182\" srcset=\"https:\/\/www.prijedordanas.com\/wp-content\/uploads\/2025\/05\/rtrs-prijedorski-bukvar-prilika-za-lirika-300x225.jpg 300w, https:\/\/www.prijedordanas.com\/wp-content\/uploads\/2025\/05\/rtrs-prijedorski-bukvar-prilika-za-lirika-640x480.jpg 640w, https:\/\/www.prijedordanas.com\/wp-content\/uploads\/2025\/05\/rtrs-prijedorski-bukvar-prilika-za-lirika.jpg 667w\" sizes=\"(max-width: 300px) 100vw, 300px\" \/><\/a>Zoran Stani\u0107 naglasio je da je ovom knjigom sada zaokru\u017eena \u201eprijedorska trilogija\u201c, koju \u010dine \u201ePrijedorski bukvar\u201c, bojanka \u201eOboj Prijedor\u201c i sada zbirka poezije \u201cPrijedorski bukvar- prilika za lirika\u201d.<\/p>\n<p>\u201ePo\u017eelio sam da mi neko napi\u0161e 30 pjesama za svako slovo. Tako je nastala ova knjiga, koja zavr\u0161ava trilogiju\u201c, rekao je Stani\u0107.<\/p>\n<p>Promocija zbirke pjesama organizovala je Fondacija \u201cNikola Baro\u0161\u201d i dio je kulturne manifestacije \u201ePrijedoru s ljubavlju\u201c, koja je povodom Dana grada ugostila pisce iz Beograda.<\/p>\n<p>\u201eCilj je da djecu dodatno usre\u0107imo i da im poklonimo ne\u0161to lijepo\u201c, poru\u010dio je Zoran Baro\u0161, predsjednik Fondacije \u201cNikola Baro\u0161\u201d.<\/p>\n<p>Dodao je i da su u toku radovi na U\u010dionici na otvorenom, koju \u0107e fondacija pokloniti i predati na upotrebu Osnovnoj \u0161koli \u201eDositej Obradovi\u0107\u201c, prvog dana nove \u0161kolske godine.<\/p>\n<p>U muzi\u010dkom dijelu programa nastupili su u\u010denici Osnovne \u0161kole \u201ePetar Ko\u010di\u0107\u201c uz pratnju Dra\u017eenke Jovi\u010din.<\/p>\n<p><strong><a href=\"https:\/\/kozarski.com\/promovisana-zbirka-pjesama-prijedorski-bukvar-prilika-za-lirika\/\" target=\"_blank\" rel=\"noopener\">kozarski.com<\/a><\/strong><\/p>\n","protected":false},"excerpt":{"rendered":"<p>U Pozori\u0161tu Prijedor promovisana je knjiga pjesama \u201ePrijedorski bukvar \u2013 Prilika za lirika\u201c, autora Zorana Stani\u0107a i pjesnikinje Mirjane Bulatovi\u0107. Zbirka sadr\u017ei 30 pjesama, a svaki stih pra\u0107en je vizuelnim [&hellip;]<\/p>\n","protected":false},"author":1,"featured_media":0,"comment_status":"closed","ping_status":"open","sticky":false,"template":"","format":"standard","meta":{"_monsterinsights_skip_tracking":false,"_monsterinsights_sitenote_active":false,"_monsterinsights_sitenote_note":"","_monsterinsights_sitenote_category":0,"footnotes":""},"categories":[6,7518],"tags":[],"yoast_head":"<!-- This site is optimized with the Yoast SEO plugin v21.6 - https:\/\/yoast.com\/wordpress\/plugins\/seo\/ -->\n<title>Fondacija &quot;Nikola Baro\u0161&quot;: Promovisana zbirka pjesama &quot;Prijedorski bukvar - Prilika za lirika&quot; - PrijedorDanas.com - Prijedorski gradski portal<\/title>\n<meta name=\"robots\" content=\"index, follow, max-snippet:-1, max-image-preview:large, max-video-preview:-1\" \/>\n<link rel=\"canonical\" href=\"https:\/\/www.prijedordanas.com\/?p=248180\" \/>\n<meta property=\"og:locale\" content=\"en_US\" \/>\n<meta property=\"og:type\" content=\"article\" \/>\n<meta property=\"og:title\" content=\"Fondacija &quot;Nikola Baro\u0161&quot;: Promovisana zbirka pjesama &quot;Prijedorski bukvar - Prilika za lirika&quot; - PrijedorDanas.com - Prijedorski gradski portal\" \/>\n<meta property=\"og:description\" content=\"U Pozori\u0161tu Prijedor promovisana je knjiga pjesama \u201ePrijedorski bukvar \u2013 Prilika za lirika\u201c, autora Zorana Stani\u0107a i pjesnikinje Mirjane Bulatovi\u0107. Zbirka sadr\u017ei 30 pjesama, a svaki stih pra\u0107en je vizuelnim [&hellip;]\" \/>\n<meta property=\"og:url\" content=\"https:\/\/www.prijedordanas.com\/?p=248180\" \/>\n<meta property=\"og:site_name\" content=\"PrijedorDanas.com - Prijedorski gradski portal\" \/>\n<meta property=\"article:publisher\" content=\"https:\/\/www.facebook.com\/PrijedorDanasCom\/\" \/>\n<meta property=\"article:published_time\" content=\"2025-05-30T09:43:23+00:00\" \/>\n<meta property=\"og:image\" content=\"https:\/\/www.prijedordanas.com\/wp-content\/uploads\/2025\/05\/kozarski-prijedorski-bukvar-prilika-za-lirika-300x225.jpg\" \/>\n<meta name=\"author\" content=\"admin\" \/>\n<meta name=\"twitter:card\" content=\"summary_large_image\" \/>\n<meta name=\"twitter:label1\" content=\"Written by\" \/>\n\t<meta name=\"twitter:data1\" content=\"admin\" \/>\n\t<meta name=\"twitter:label2\" content=\"Est. reading time\" \/>\n\t<meta name=\"twitter:data2\" content=\"2 minutes\" \/>\n<script type=\"application\/ld+json\" class=\"yoast-schema-graph\">{\"@context\":\"https:\/\/schema.org\",\"@graph\":[{\"@type\":\"Article\",\"@id\":\"https:\/\/www.prijedordanas.com\/?p=248180#article\",\"isPartOf\":{\"@id\":\"https:\/\/www.prijedordanas.com\/?p=248180\"},\"author\":{\"name\":\"admin\",\"@id\":\"https:\/\/www.prijedordanas.com\/#\/schema\/person\/4e08ccf29b506ca916ff86d46bb700e6\"},\"headline\":\"Fondacija &#8220;Nikola Baro\u0161&#8221;: Promovisana zbirka pjesama &#8220;Prijedorski bukvar &#8211; Prilika za lirika&#8221;\",\"datePublished\":\"2025-05-30T09:43:23+00:00\",\"dateModified\":\"2025-05-30T09:43:23+00:00\",\"mainEntityOfPage\":{\"@id\":\"https:\/\/www.prijedordanas.com\/?p=248180\"},\"wordCount\":310,\"publisher\":{\"@id\":\"https:\/\/www.prijedordanas.com\/#organization\"},\"articleSection\":[\"Kultura\",\"Mladi\"],\"inLanguage\":\"en-US\"},{\"@type\":\"WebPage\",\"@id\":\"https:\/\/www.prijedordanas.com\/?p=248180\",\"url\":\"https:\/\/www.prijedordanas.com\/?p=248180\",\"name\":\"Fondacija \\\"Nikola Baro\u0161\\\": Promovisana zbirka pjesama \\\"Prijedorski bukvar - Prilika za lirika\\\" - PrijedorDanas.com - Prijedorski gradski portal\",\"isPartOf\":{\"@id\":\"https:\/\/www.prijedordanas.com\/#website\"},\"datePublished\":\"2025-05-30T09:43:23+00:00\",\"dateModified\":\"2025-05-30T09:43:23+00:00\",\"breadcrumb\":{\"@id\":\"https:\/\/www.prijedordanas.com\/?p=248180#breadcrumb\"},\"inLanguage\":\"en-US\",\"potentialAction\":[{\"@type\":\"ReadAction\",\"target\":[\"https:\/\/www.prijedordanas.com\/?p=248180\"]}]},{\"@type\":\"BreadcrumbList\",\"@id\":\"https:\/\/www.prijedordanas.com\/?p=248180#breadcrumb\",\"itemListElement\":[{\"@type\":\"ListItem\",\"position\":1,\"name\":\"Home\",\"item\":\"https:\/\/www.prijedordanas.com\/\"},{\"@type\":\"ListItem\",\"position\":2,\"name\":\"Fondacija &#8220;Nikola Baro\u0161&#8221;: Promovisana zbirka pjesama &#8220;Prijedorski bukvar &#8211; Prilika za lirika&#8221;\"}]},{\"@type\":\"WebSite\",\"@id\":\"https:\/\/www.prijedordanas.com\/#website\",\"url\":\"https:\/\/www.prijedordanas.com\/\",\"name\":\"PrijedorDanas.com - Prijedorski gradski portal\",\"description\":\"Portal o doga\u0111anjima u gradu Prijedoru\",\"publisher\":{\"@id\":\"https:\/\/www.prijedordanas.com\/#organization\"},\"potentialAction\":[{\"@type\":\"SearchAction\",\"target\":{\"@type\":\"EntryPoint\",\"urlTemplate\":\"https:\/\/www.prijedordanas.com\/?s={search_term_string}\"},\"query-input\":\"required name=search_term_string\"}],\"inLanguage\":\"en-US\"},{\"@type\":\"Organization\",\"@id\":\"https:\/\/www.prijedordanas.com\/#organization\",\"name\":\"PrijedorDanas.com\",\"url\":\"https:\/\/www.prijedordanas.com\/\",\"logo\":{\"@type\":\"ImageObject\",\"inLanguage\":\"en-US\",\"@id\":\"https:\/\/www.prijedordanas.com\/#\/schema\/logo\/image\/\",\"url\":\"http:\/\/www.prijedordanas.com\/wp-content\/uploads\/2021\/12\/logopng.png\",\"contentUrl\":\"http:\/\/www.prijedordanas.com\/wp-content\/uploads\/2021\/12\/logopng.png\",\"width\":1019,\"height\":776,\"caption\":\"PrijedorDanas.com\"},\"image\":{\"@id\":\"https:\/\/www.prijedordanas.com\/#\/schema\/logo\/image\/\"},\"sameAs\":[\"https:\/\/www.facebook.com\/PrijedorDanasCom\/\"]},{\"@type\":\"Person\",\"@id\":\"https:\/\/www.prijedordanas.com\/#\/schema\/person\/4e08ccf29b506ca916ff86d46bb700e6\",\"name\":\"admin\",\"image\":{\"@type\":\"ImageObject\",\"inLanguage\":\"en-US\",\"@id\":\"https:\/\/www.prijedordanas.com\/#\/schema\/person\/image\/\",\"url\":\"https:\/\/secure.gravatar.com\/avatar\/1d3fc949d550f0b53a5f0d51e06dfd79?s=96&d=mm&r=g\",\"contentUrl\":\"https:\/\/secure.gravatar.com\/avatar\/1d3fc949d550f0b53a5f0d51e06dfd79?s=96&d=mm&r=g\",\"caption\":\"admin\"},\"url\":\"https:\/\/www.prijedordanas.com\/?author=1\"}]}<\/script>\n<!-- \/ Yoast SEO plugin. -->","yoast_head_json":{"title":"Fondacija \"Nikola Baro\u0161\": Promovisana zbirka pjesama \"Prijedorski bukvar - Prilika za lirika\" - PrijedorDanas.com - Prijedorski gradski portal","robots":{"index":"index","follow":"follow","max-snippet":"max-snippet:-1","max-image-preview":"max-image-preview:large","max-video-preview":"max-video-preview:-1"},"canonical":"https:\/\/www.prijedordanas.com\/?p=248180","og_locale":"en_US","og_type":"article","og_title":"Fondacija \"Nikola Baro\u0161\": Promovisana zbirka pjesama \"Prijedorski bukvar - Prilika za lirika\" - PrijedorDanas.com - Prijedorski gradski portal","og_description":"U Pozori\u0161tu Prijedor promovisana je knjiga pjesama \u201ePrijedorski bukvar \u2013 Prilika za lirika\u201c, autora Zorana Stani\u0107a i pjesnikinje Mirjane Bulatovi\u0107. Zbirka sadr\u017ei 30 pjesama, a svaki stih pra\u0107en je vizuelnim [&hellip;]","og_url":"https:\/\/www.prijedordanas.com\/?p=248180","og_site_name":"PrijedorDanas.com - Prijedorski gradski portal","article_publisher":"https:\/\/www.facebook.com\/PrijedorDanasCom\/","article_published_time":"2025-05-30T09:43:23+00:00","og_image":[{"url":"https:\/\/www.prijedordanas.com\/wp-content\/uploads\/2025\/05\/kozarski-prijedorski-bukvar-prilika-za-lirika-300x225.jpg"}],"author":"admin","twitter_card":"summary_large_image","twitter_misc":{"Written by":"admin","Est. reading time":"2 minutes"},"schema":{"@context":"https:\/\/schema.org","@graph":[{"@type":"Article","@id":"https:\/\/www.prijedordanas.com\/?p=248180#article","isPartOf":{"@id":"https:\/\/www.prijedordanas.com\/?p=248180"},"author":{"name":"admin","@id":"https:\/\/www.prijedordanas.com\/#\/schema\/person\/4e08ccf29b506ca916ff86d46bb700e6"},"headline":"Fondacija &#8220;Nikola Baro\u0161&#8221;: Promovisana zbirka pjesama &#8220;Prijedorski bukvar &#8211; Prilika za lirika&#8221;","datePublished":"2025-05-30T09:43:23+00:00","dateModified":"2025-05-30T09:43:23+00:00","mainEntityOfPage":{"@id":"https:\/\/www.prijedordanas.com\/?p=248180"},"wordCount":310,"publisher":{"@id":"https:\/\/www.prijedordanas.com\/#organization"},"articleSection":["Kultura","Mladi"],"inLanguage":"en-US"},{"@type":"WebPage","@id":"https:\/\/www.prijedordanas.com\/?p=248180","url":"https:\/\/www.prijedordanas.com\/?p=248180","name":"Fondacija \"Nikola Baro\u0161\": Promovisana zbirka pjesama \"Prijedorski bukvar - Prilika za lirika\" - PrijedorDanas.com - Prijedorski gradski portal","isPartOf":{"@id":"https:\/\/www.prijedordanas.com\/#website"},"datePublished":"2025-05-30T09:43:23+00:00","dateModified":"2025-05-30T09:43:23+00:00","breadcrumb":{"@id":"https:\/\/www.prijedordanas.com\/?p=248180#breadcrumb"},"inLanguage":"en-US","potentialAction":[{"@type":"ReadAction","target":["https:\/\/www.prijedordanas.com\/?p=248180"]}]},{"@type":"BreadcrumbList","@id":"https:\/\/www.prijedordanas.com\/?p=248180#breadcrumb","itemListElement":[{"@type":"ListItem","position":1,"name":"Home","item":"https:\/\/www.prijedordanas.com\/"},{"@type":"ListItem","position":2,"name":"Fondacija &#8220;Nikola Baro\u0161&#8221;: Promovisana zbirka pjesama &#8220;Prijedorski bukvar &#8211; Prilika za lirika&#8221;"}]},{"@type":"WebSite","@id":"https:\/\/www.prijedordanas.com\/#website","url":"https:\/\/www.prijedordanas.com\/","name":"PrijedorDanas.com - Prijedorski gradski portal","description":"Portal o doga\u0111anjima u gradu Prijedoru","publisher":{"@id":"https:\/\/www.prijedordanas.com\/#organization"},"potentialAction":[{"@type":"SearchAction","target":{"@type":"EntryPoint","urlTemplate":"https:\/\/www.prijedordanas.com\/?s={search_term_string}"},"query-input":"required name=search_term_string"}],"inLanguage":"en-US"},{"@type":"Organization","@id":"https:\/\/www.prijedordanas.com\/#organization","name":"PrijedorDanas.com","url":"https:\/\/www.prijedordanas.com\/","logo":{"@type":"ImageObject","inLanguage":"en-US","@id":"https:\/\/www.prijedordanas.com\/#\/schema\/logo\/image\/","url":"http:\/\/www.prijedordanas.com\/wp-content\/uploads\/2021\/12\/logopng.png","contentUrl":"http:\/\/www.prijedordanas.com\/wp-content\/uploads\/2021\/12\/logopng.png","width":1019,"height":776,"caption":"PrijedorDanas.com"},"image":{"@id":"https:\/\/www.prijedordanas.com\/#\/schema\/logo\/image\/"},"sameAs":["https:\/\/www.facebook.com\/PrijedorDanasCom\/"]},{"@type":"Person","@id":"https:\/\/www.prijedordanas.com\/#\/schema\/person\/4e08ccf29b506ca916ff86d46bb700e6","name":"admin","image":{"@type":"ImageObject","inLanguage":"en-US","@id":"https:\/\/www.prijedordanas.com\/#\/schema\/person\/image\/","url":"https:\/\/secure.gravatar.com\/avatar\/1d3fc949d550f0b53a5f0d51e06dfd79?s=96&d=mm&r=g","contentUrl":"https:\/\/secure.gravatar.com\/avatar\/1d3fc949d550f0b53a5f0d51e06dfd79?s=96&d=mm&r=g","caption":"admin"},"url":"https:\/\/www.prijedordanas.com\/?author=1"}]}},"_links":{"self":[{"href":"https:\/\/www.prijedordanas.com\/index.php?rest_route=\/wp\/v2\/posts\/248180"}],"collection":[{"href":"https:\/\/www.prijedordanas.com\/index.php?rest_route=\/wp\/v2\/posts"}],"about":[{"href":"https:\/\/www.prijedordanas.com\/index.php?rest_route=\/wp\/v2\/types\/post"}],"author":[{"embeddable":true,"href":"https:\/\/www.prijedordanas.com\/index.php?rest_route=\/wp\/v2\/users\/1"}],"replies":[{"embeddable":true,"href":"https:\/\/www.prijedordanas.com\/index.php?rest_route=%2Fwp%2Fv2%2Fcomments&post=248180"}],"version-history":[{"count":1,"href":"https:\/\/www.prijedordanas.com\/index.php?rest_route=\/wp\/v2\/posts\/248180\/revisions"}],"predecessor-version":[{"id":248183,"href":"https:\/\/www.prijedordanas.com\/index.php?rest_route=\/wp\/v2\/posts\/248180\/revisions\/248183"}],"wp:attachment":[{"href":"https:\/\/www.prijedordanas.com\/index.php?rest_route=%2Fwp%2Fv2%2Fmedia&parent=248180"}],"wp:term":[{"taxonomy":"category","embeddable":true,"href":"https:\/\/www.prijedordanas.com\/index.php?rest_route=%2Fwp%2Fv2%2Fcategories&post=248180"},{"taxonomy":"post_tag","embeddable":true,"href":"https:\/\/www.prijedordanas.com\/index.php?rest_route=%2Fwp%2Fv2%2Ftags&post=248180"}],"curies":[{"name":"wp","href":"https:\/\/api.w.org\/{rel}","templated":true}]}}