{"id":247940,"date":"2025-05-27T09:27:32","date_gmt":"2025-05-27T07:27:32","guid":{"rendered":"https:\/\/www.prijedordanas.com\/?p=247940"},"modified":"2025-05-27T09:27:32","modified_gmt":"2025-05-27T07:27:32","slug":"prijedor-u-kapitalnim-investicijama-i-javna-parking-garaza-video","status":"publish","type":"post","link":"https:\/\/www.prijedordanas.com\/?p=247940","title":{"rendered":"Prijedor: U kapitalnim investicijama i javna parking gara\u017ea &#8211; VIDEO"},"content":{"rendered":"<p><a href=\"https:\/\/www.prijedordanas.com\/wp-content\/uploads\/2025\/05\/parking-kod-socijalnog-2025-1.jpg\"><img loading=\"lazy\" decoding=\"async\" src=\"https:\/\/www.prijedordanas.com\/wp-content\/uploads\/2025\/05\/parking-kod-socijalnog-2025-1-300x225.jpg\" alt=\"\" width=\"300\" height=\"225\" class=\"alignleft size-medium wp-image-247950\" srcset=\"https:\/\/www.prijedordanas.com\/wp-content\/uploads\/2025\/05\/parking-kod-socijalnog-2025-1-300x225.jpg 300w, https:\/\/www.prijedordanas.com\/wp-content\/uploads\/2025\/05\/parking-kod-socijalnog-2025-1-640x480.jpg 640w, https:\/\/www.prijedordanas.com\/wp-content\/uploads\/2025\/05\/parking-kod-socijalnog-2025-1.jpg 667w\" sizes=\"(max-width: 300px) 100vw, 300px\" \/><\/a>Skup\u0161tina grada Prijedora u kapitalne investicije uvrstila je i izgradnju parking gara\u017ee. <\/p>\n<p>U Odjeljenja za saobra\u0107aj, komunalne poslove i za\u0161titu \u017eivotne sredine i imovinsko-stambene poslove napominju da je rje\u0161avanje imovinskso pravnih odnosa usporilo realizaciju ovog projekta, dodaju\u0107i da je idejno rje\u0161enje zavr\u0161eno i da \u0107e Prijedor dobiti savremenu parking gara\u017eu na mjestu gdje se sada nalazi parking kod Centra za socijalni rad.<\/p>\n<p>\u201cImali smo problem oko formiranja gra\u0111evinske parcele. Parcela je bila upisana kao vlasni\u0161tvo grada katastarski, a gruntovno i R\u017dR \u201cLjubija\u201d i fizi\u010dka lica. Taj problem se rje\u0161ava i po idejnom rje\u0161enju  ta parking gara\u017ea \u0107e nam  pobolj\u0161ati kvalitet \u017eivota i uveliko rije\u0161iti problem nedostatka parking mjesta u na\u0161em gradu.  Mogu da vam ka\u017eem da je idejno rje\u0161enje 80 posto glavnog projekta. Tu su obrisi, tu su gabariti, tu je broj parking mjesta, tu je sve. Sad ostaju samo jo\u0161 neke finese. Kad se rije\u0161e imovinski odnosi, da budemo sigurni da je to to, da su te dimenzije, idemo u glavni projekat i dobijanje gra\u0111evinske dozvole i izgradnju gara\u017ee. Mogu u ovom trenutku re\u0107i da idejno rje\u0161enje obuhvatilo oko 14.500 kvadrata bruto korisne povr\u0161ine\u201d, rekao je Aleksandar \u0160obot, v.d. na\u010delnika Odjeljenja.<\/p>\n<p>U lokalnoj upravi planiraju da u sklopu javne gara\u017ee budu i neki drugi sadr\u017eaji koji mogu dinijeti odre\u0111enu ekonomsku korist. <\/p>\n<p>\u201cVidje\u0107emo da li \u0107e to biti samo parking gara\u017ea ili \u0107emo imati i druge sadr\u017eaje kao \u0161to su parking slu\u017eba i parking servis sa svojim kancelarijama i gara\u017eama za opremu. Nabavljeno je novo vozilo za parking slu\u017ebu, idemo sa novim parking aparatima a vidje\u0107emo da li \u0107e u okviru parkin gara\u017ee biti i drugi sadr\u017eaji kao \u0161to su samoposluga i mini \u0161oping mol koji pla\u0107anjem kirije lokalnoj zajednici mogu obezbijediti odre\u0111enu korist. Trenutni model na\u0161e parking slu\u017ebe, koji je isti kao u Banjaluci, tra\u017ei novi pristup, a probleme i nedostatke nastoja\u0107emo da rije\u0161imo jednim sveobuhvatnim rje\u0161enjem preko izgradnje javne parking gara\u017ee\u201d, navodi \u0160obot.<\/p>\n<p>Predvi\u0111eno je da javna gara\u017ea ima 11 polueta\u017ea, gdje \u0107e na 14500 kvadrata  mo\u0107i da stane oko 550  automobila. Zavr\u0161etak izgradnje zavisi od brzine rje\u0161avanja imovinsko pravnih odnosa. Po idejnom rje\u0161enju, izgradnja javne gara\u017ee iznosila bi oko \u0161est miliona maraka. U resornom odjeljenju isti\u010du da \u0107e, ukoliko se budu gradili i drugi sadr\u017eaji, cijena biti ve\u0107a, a bi\u0107e odlu\u010deno da li se se sve to graditi po principu javno privatnog partnerstva.<\/p>\n<p><strong><a href=\"https:\/\/kozarski.com\/u-kapitalnim-investicijama-i-javna-parking-garaza\/\" rel=\"noopener\" target=\"_blank\">kozarski.com<\/a><\/strong><\/p>\n<p><iframe loading=\"lazy\" title=\"U KAPITALNIM INVESTICIJAMA I JAVNA PARKING GARA\u017dA\" width=\"500\" height=\"281\" src=\"https:\/\/www.youtube.com\/embed\/Mjj1-vriqeI?feature=oembed\" frameborder=\"0\" allow=\"accelerometer; autoplay; clipboard-write; encrypted-media; gyroscope; picture-in-picture; web-share\" referrerpolicy=\"strict-origin-when-cross-origin\" allowfullscreen><\/iframe><\/p>\n","protected":false},"excerpt":{"rendered":"<p>Skup\u0161tina grada Prijedora u kapitalne investicije uvrstila je i izgradnju parking gara\u017ee. U Odjeljenja za saobra\u0107aj, komunalne poslove i za\u0161titu \u017eivotne sredine i imovinsko-stambene poslove napominju da je rje\u0161avanje imovinskso [&hellip;]<\/p>\n","protected":false},"author":1,"featured_media":0,"comment_status":"closed","ping_status":"open","sticky":false,"template":"","format":"standard","meta":{"_monsterinsights_skip_tracking":false,"_monsterinsights_sitenote_active":false,"_monsterinsights_sitenote_note":"","_monsterinsights_sitenote_category":0,"footnotes":""},"categories":[4],"tags":[],"yoast_head":"<!-- This site is optimized with the Yoast SEO plugin v21.6 - https:\/\/yoast.com\/wordpress\/plugins\/seo\/ -->\n<title>Prijedor: U kapitalnim investicijama i javna parking gara\u017ea - VIDEO - PrijedorDanas.com - Prijedorski gradski portal<\/title>\n<meta name=\"robots\" content=\"index, follow, max-snippet:-1, max-image-preview:large, max-video-preview:-1\" \/>\n<link rel=\"canonical\" href=\"https:\/\/www.prijedordanas.com\/?p=247940\" \/>\n<meta property=\"og:locale\" content=\"en_US\" \/>\n<meta property=\"og:type\" content=\"article\" \/>\n<meta property=\"og:title\" content=\"Prijedor: U kapitalnim investicijama i javna parking gara\u017ea - VIDEO - PrijedorDanas.com - Prijedorski gradski portal\" \/>\n<meta property=\"og:description\" content=\"Skup\u0161tina grada Prijedora u kapitalne investicije uvrstila je i izgradnju parking gara\u017ee. U Odjeljenja za saobra\u0107aj, komunalne poslove i za\u0161titu \u017eivotne sredine i imovinsko-stambene poslove napominju da je rje\u0161avanje imovinskso [&hellip;]\" \/>\n<meta property=\"og:url\" content=\"https:\/\/www.prijedordanas.com\/?p=247940\" \/>\n<meta property=\"og:site_name\" content=\"PrijedorDanas.com - Prijedorski gradski portal\" \/>\n<meta property=\"article:publisher\" content=\"https:\/\/www.facebook.com\/PrijedorDanasCom\/\" \/>\n<meta property=\"article:published_time\" content=\"2025-05-27T07:27:32+00:00\" \/>\n<meta property=\"og:image\" content=\"https:\/\/www.prijedordanas.com\/wp-content\/uploads\/2025\/05\/parking-kod-socijalnog-2025-1-300x225.jpg\" \/>\n<meta name=\"author\" content=\"admin\" \/>\n<meta name=\"twitter:card\" content=\"summary_large_image\" \/>\n<meta name=\"twitter:label1\" content=\"Written by\" \/>\n\t<meta name=\"twitter:data1\" content=\"admin\" \/>\n\t<meta name=\"twitter:label2\" content=\"Est. reading time\" \/>\n\t<meta name=\"twitter:data2\" content=\"2 minutes\" \/>\n<script type=\"application\/ld+json\" class=\"yoast-schema-graph\">{\"@context\":\"https:\/\/schema.org\",\"@graph\":[{\"@type\":\"Article\",\"@id\":\"https:\/\/www.prijedordanas.com\/?p=247940#article\",\"isPartOf\":{\"@id\":\"https:\/\/www.prijedordanas.com\/?p=247940\"},\"author\":{\"name\":\"admin\",\"@id\":\"https:\/\/www.prijedordanas.com\/#\/schema\/person\/4e08ccf29b506ca916ff86d46bb700e6\"},\"headline\":\"Prijedor: U kapitalnim investicijama i javna parking gara\u017ea &#8211; VIDEO\",\"datePublished\":\"2025-05-27T07:27:32+00:00\",\"dateModified\":\"2025-05-27T07:27:32+00:00\",\"mainEntityOfPage\":{\"@id\":\"https:\/\/www.prijedordanas.com\/?p=247940\"},\"wordCount\":465,\"publisher\":{\"@id\":\"https:\/\/www.prijedordanas.com\/#organization\"},\"articleSection\":[\"Dru\u0161tvo\"],\"inLanguage\":\"en-US\"},{\"@type\":\"WebPage\",\"@id\":\"https:\/\/www.prijedordanas.com\/?p=247940\",\"url\":\"https:\/\/www.prijedordanas.com\/?p=247940\",\"name\":\"Prijedor: U kapitalnim investicijama i javna parking gara\u017ea - VIDEO - PrijedorDanas.com - Prijedorski gradski portal\",\"isPartOf\":{\"@id\":\"https:\/\/www.prijedordanas.com\/#website\"},\"datePublished\":\"2025-05-27T07:27:32+00:00\",\"dateModified\":\"2025-05-27T07:27:32+00:00\",\"breadcrumb\":{\"@id\":\"https:\/\/www.prijedordanas.com\/?p=247940#breadcrumb\"},\"inLanguage\":\"en-US\",\"potentialAction\":[{\"@type\":\"ReadAction\",\"target\":[\"https:\/\/www.prijedordanas.com\/?p=247940\"]}]},{\"@type\":\"BreadcrumbList\",\"@id\":\"https:\/\/www.prijedordanas.com\/?p=247940#breadcrumb\",\"itemListElement\":[{\"@type\":\"ListItem\",\"position\":1,\"name\":\"Home\",\"item\":\"https:\/\/www.prijedordanas.com\/\"},{\"@type\":\"ListItem\",\"position\":2,\"name\":\"Prijedor: U kapitalnim investicijama i javna parking gara\u017ea &#8211; VIDEO\"}]},{\"@type\":\"WebSite\",\"@id\":\"https:\/\/www.prijedordanas.com\/#website\",\"url\":\"https:\/\/www.prijedordanas.com\/\",\"name\":\"PrijedorDanas.com - Prijedorski gradski portal\",\"description\":\"Portal o doga\u0111anjima u gradu Prijedoru\",\"publisher\":{\"@id\":\"https:\/\/www.prijedordanas.com\/#organization\"},\"potentialAction\":[{\"@type\":\"SearchAction\",\"target\":{\"@type\":\"EntryPoint\",\"urlTemplate\":\"https:\/\/www.prijedordanas.com\/?s={search_term_string}\"},\"query-input\":\"required name=search_term_string\"}],\"inLanguage\":\"en-US\"},{\"@type\":\"Organization\",\"@id\":\"https:\/\/www.prijedordanas.com\/#organization\",\"name\":\"PrijedorDanas.com\",\"url\":\"https:\/\/www.prijedordanas.com\/\",\"logo\":{\"@type\":\"ImageObject\",\"inLanguage\":\"en-US\",\"@id\":\"https:\/\/www.prijedordanas.com\/#\/schema\/logo\/image\/\",\"url\":\"http:\/\/www.prijedordanas.com\/wp-content\/uploads\/2021\/12\/logopng.png\",\"contentUrl\":\"http:\/\/www.prijedordanas.com\/wp-content\/uploads\/2021\/12\/logopng.png\",\"width\":1019,\"height\":776,\"caption\":\"PrijedorDanas.com\"},\"image\":{\"@id\":\"https:\/\/www.prijedordanas.com\/#\/schema\/logo\/image\/\"},\"sameAs\":[\"https:\/\/www.facebook.com\/PrijedorDanasCom\/\"]},{\"@type\":\"Person\",\"@id\":\"https:\/\/www.prijedordanas.com\/#\/schema\/person\/4e08ccf29b506ca916ff86d46bb700e6\",\"name\":\"admin\",\"image\":{\"@type\":\"ImageObject\",\"inLanguage\":\"en-US\",\"@id\":\"https:\/\/www.prijedordanas.com\/#\/schema\/person\/image\/\",\"url\":\"https:\/\/secure.gravatar.com\/avatar\/1d3fc949d550f0b53a5f0d51e06dfd79?s=96&d=mm&r=g\",\"contentUrl\":\"https:\/\/secure.gravatar.com\/avatar\/1d3fc949d550f0b53a5f0d51e06dfd79?s=96&d=mm&r=g\",\"caption\":\"admin\"},\"url\":\"https:\/\/www.prijedordanas.com\/?author=1\"}]}<\/script>\n<!-- \/ Yoast SEO plugin. -->","yoast_head_json":{"title":"Prijedor: U kapitalnim investicijama i javna parking gara\u017ea - VIDEO - PrijedorDanas.com - Prijedorski gradski portal","robots":{"index":"index","follow":"follow","max-snippet":"max-snippet:-1","max-image-preview":"max-image-preview:large","max-video-preview":"max-video-preview:-1"},"canonical":"https:\/\/www.prijedordanas.com\/?p=247940","og_locale":"en_US","og_type":"article","og_title":"Prijedor: U kapitalnim investicijama i javna parking gara\u017ea - VIDEO - PrijedorDanas.com - Prijedorski gradski portal","og_description":"Skup\u0161tina grada Prijedora u kapitalne investicije uvrstila je i izgradnju parking gara\u017ee. U Odjeljenja za saobra\u0107aj, komunalne poslove i za\u0161titu \u017eivotne sredine i imovinsko-stambene poslove napominju da je rje\u0161avanje imovinskso [&hellip;]","og_url":"https:\/\/www.prijedordanas.com\/?p=247940","og_site_name":"PrijedorDanas.com - Prijedorski gradski portal","article_publisher":"https:\/\/www.facebook.com\/PrijedorDanasCom\/","article_published_time":"2025-05-27T07:27:32+00:00","og_image":[{"url":"https:\/\/www.prijedordanas.com\/wp-content\/uploads\/2025\/05\/parking-kod-socijalnog-2025-1-300x225.jpg"}],"author":"admin","twitter_card":"summary_large_image","twitter_misc":{"Written by":"admin","Est. reading time":"2 minutes"},"schema":{"@context":"https:\/\/schema.org","@graph":[{"@type":"Article","@id":"https:\/\/www.prijedordanas.com\/?p=247940#article","isPartOf":{"@id":"https:\/\/www.prijedordanas.com\/?p=247940"},"author":{"name":"admin","@id":"https:\/\/www.prijedordanas.com\/#\/schema\/person\/4e08ccf29b506ca916ff86d46bb700e6"},"headline":"Prijedor: U kapitalnim investicijama i javna parking gara\u017ea &#8211; VIDEO","datePublished":"2025-05-27T07:27:32+00:00","dateModified":"2025-05-27T07:27:32+00:00","mainEntityOfPage":{"@id":"https:\/\/www.prijedordanas.com\/?p=247940"},"wordCount":465,"publisher":{"@id":"https:\/\/www.prijedordanas.com\/#organization"},"articleSection":["Dru\u0161tvo"],"inLanguage":"en-US"},{"@type":"WebPage","@id":"https:\/\/www.prijedordanas.com\/?p=247940","url":"https:\/\/www.prijedordanas.com\/?p=247940","name":"Prijedor: U kapitalnim investicijama i javna parking gara\u017ea - VIDEO - PrijedorDanas.com - Prijedorski gradski portal","isPartOf":{"@id":"https:\/\/www.prijedordanas.com\/#website"},"datePublished":"2025-05-27T07:27:32+00:00","dateModified":"2025-05-27T07:27:32+00:00","breadcrumb":{"@id":"https:\/\/www.prijedordanas.com\/?p=247940#breadcrumb"},"inLanguage":"en-US","potentialAction":[{"@type":"ReadAction","target":["https:\/\/www.prijedordanas.com\/?p=247940"]}]},{"@type":"BreadcrumbList","@id":"https:\/\/www.prijedordanas.com\/?p=247940#breadcrumb","itemListElement":[{"@type":"ListItem","position":1,"name":"Home","item":"https:\/\/www.prijedordanas.com\/"},{"@type":"ListItem","position":2,"name":"Prijedor: U kapitalnim investicijama i javna parking gara\u017ea &#8211; VIDEO"}]},{"@type":"WebSite","@id":"https:\/\/www.prijedordanas.com\/#website","url":"https:\/\/www.prijedordanas.com\/","name":"PrijedorDanas.com - Prijedorski gradski portal","description":"Portal o doga\u0111anjima u gradu Prijedoru","publisher":{"@id":"https:\/\/www.prijedordanas.com\/#organization"},"potentialAction":[{"@type":"SearchAction","target":{"@type":"EntryPoint","urlTemplate":"https:\/\/www.prijedordanas.com\/?s={search_term_string}"},"query-input":"required name=search_term_string"}],"inLanguage":"en-US"},{"@type":"Organization","@id":"https:\/\/www.prijedordanas.com\/#organization","name":"PrijedorDanas.com","url":"https:\/\/www.prijedordanas.com\/","logo":{"@type":"ImageObject","inLanguage":"en-US","@id":"https:\/\/www.prijedordanas.com\/#\/schema\/logo\/image\/","url":"http:\/\/www.prijedordanas.com\/wp-content\/uploads\/2021\/12\/logopng.png","contentUrl":"http:\/\/www.prijedordanas.com\/wp-content\/uploads\/2021\/12\/logopng.png","width":1019,"height":776,"caption":"PrijedorDanas.com"},"image":{"@id":"https:\/\/www.prijedordanas.com\/#\/schema\/logo\/image\/"},"sameAs":["https:\/\/www.facebook.com\/PrijedorDanasCom\/"]},{"@type":"Person","@id":"https:\/\/www.prijedordanas.com\/#\/schema\/person\/4e08ccf29b506ca916ff86d46bb700e6","name":"admin","image":{"@type":"ImageObject","inLanguage":"en-US","@id":"https:\/\/www.prijedordanas.com\/#\/schema\/person\/image\/","url":"https:\/\/secure.gravatar.com\/avatar\/1d3fc949d550f0b53a5f0d51e06dfd79?s=96&d=mm&r=g","contentUrl":"https:\/\/secure.gravatar.com\/avatar\/1d3fc949d550f0b53a5f0d51e06dfd79?s=96&d=mm&r=g","caption":"admin"},"url":"https:\/\/www.prijedordanas.com\/?author=1"}]}},"_links":{"self":[{"href":"https:\/\/www.prijedordanas.com\/index.php?rest_route=\/wp\/v2\/posts\/247940"}],"collection":[{"href":"https:\/\/www.prijedordanas.com\/index.php?rest_route=\/wp\/v2\/posts"}],"about":[{"href":"https:\/\/www.prijedordanas.com\/index.php?rest_route=\/wp\/v2\/types\/post"}],"author":[{"embeddable":true,"href":"https:\/\/www.prijedordanas.com\/index.php?rest_route=\/wp\/v2\/users\/1"}],"replies":[{"embeddable":true,"href":"https:\/\/www.prijedordanas.com\/index.php?rest_route=%2Fwp%2Fv2%2Fcomments&post=247940"}],"version-history":[{"count":2,"href":"https:\/\/www.prijedordanas.com\/index.php?rest_route=\/wp\/v2\/posts\/247940\/revisions"}],"predecessor-version":[{"id":247951,"href":"https:\/\/www.prijedordanas.com\/index.php?rest_route=\/wp\/v2\/posts\/247940\/revisions\/247951"}],"wp:attachment":[{"href":"https:\/\/www.prijedordanas.com\/index.php?rest_route=%2Fwp%2Fv2%2Fmedia&parent=247940"}],"wp:term":[{"taxonomy":"category","embeddable":true,"href":"https:\/\/www.prijedordanas.com\/index.php?rest_route=%2Fwp%2Fv2%2Fcategories&post=247940"},{"taxonomy":"post_tag","embeddable":true,"href":"https:\/\/www.prijedordanas.com\/index.php?rest_route=%2Fwp%2Fv2%2Ftags&post=247940"}],"curies":[{"name":"wp","href":"https:\/\/api.w.org\/{rel}","templated":true}]}}