{"id":247893,"date":"2025-05-26T11:21:26","date_gmt":"2025-05-26T09:21:26","guid":{"rendered":"https:\/\/www.prijedordanas.com\/?p=247893"},"modified":"2025-05-26T11:21:26","modified_gmt":"2025-05-26T09:21:26","slug":"obiljezavanje-30-maja-dana-odbrane-prijedora-video","status":"publish","type":"post","link":"https:\/\/www.prijedordanas.com\/?p=247893","title":{"rendered":"Obilje\u017eavanje 30. maja, Dana odbrane Prijedora &#8211; VIDEO"},"content":{"rendered":"<p><a href=\"https:\/\/www.prijedordanas.com\/wp-content\/uploads\/2024\/05\/dan-odbrane-grada-2024-2.jpg\"><img loading=\"lazy\" decoding=\"async\" src=\"https:\/\/www.prijedordanas.com\/wp-content\/uploads\/2024\/05\/dan-odbrane-grada-2024-2-300x225.jpg\" alt=\"\" width=\"300\" height=\"225\" class=\"alignleft size-medium wp-image-227135\" srcset=\"https:\/\/www.prijedordanas.com\/wp-content\/uploads\/2024\/05\/dan-odbrane-grada-2024-2-300x225.jpg 300w, https:\/\/www.prijedordanas.com\/wp-content\/uploads\/2024\/05\/dan-odbrane-grada-2024-2-640x480.jpg 640w, https:\/\/www.prijedordanas.com\/wp-content\/uploads\/2024\/05\/dan-odbrane-grada-2024-2.jpg 667w\" sizes=\"(max-width: 300px) 100vw, 300px\" \/><\/a>I ove godine lokalna uprava organizova\u0107e obilje\u017eavanje 30. maja, dana odbrane Prijedora. <\/p>\n<p>U Odjeljenju za bora\u010dko-invalidsku za\u0161titu ka\u017eu da je to bila odbrana od ekstremista  muslimansko-hrvatske koalicije, koji su poku\u0161ali da nasilno preuzmu vlast u Prijedoru. U ovom odjeljenju nagla\u0161avaju da je to sve\u010dan i zna\u010dajan dan u novijoj istoriji Prijedora, navode\u0107i detalje predvi\u0111enog programa. <\/p>\n<p>\u201cObilje\u017eavanje  zapo\u010dinjemo 29. maja uve\u010de u Kinu \u2018Kozara\u2019 projekcijom video-spota \u2018Prijedore, grade moj\u2019 koji je Nenad Laj\u0161i\u0107 snimio sa \u010dlanovima Udru\u017eenja za o\u010duvanje tradicije. Isto ve\u010de bi\u0107e prezentovana monografija Rukometnog kluba \u2018Prijedor\u2019 od 1991. godine pa naovamo. Prikaza\u0107emo da je u gradu Prijedoru, bez obzira na ratna de\u0161avanja, tada \u017eivot tekao normalno i da je egzistirao na\u0161 rukometni klub. U petak, 30. maja, bi\u0107e slu\u017een parastos u Crkvi Svete Trojice u 9 \u010dasova. U 9.30 predvi\u0111eno je polaganje vijenaca u zgradi Policijske uprave. U 10 \u010dasova ispred spomenika \u2018Za krst \u010dasni\u2019 polo\u017ei\u0107emo vijence i zapaliti svije\u0107e u \u2018Kamenom cvijetu\u2019. Nakon toga slijedi formiranje sve\u010danog defilea od 10,30 do 11 \u010dasova\u201d, ka\u017ee Ranko Kolar, v.d. na\u010delnika Odjeljenja.  <\/p>\n<p>U gradskoj Bora\u010dkoj organizaciji isti\u010du da se 30. maja 1992. godine desio teroristi\u010dki napad na Prijedor, pri \u010demu je ubijeno 15 pripadnika vojske i policije, a njih 27 ranjeno. U Bora\u010dkoj organizaciji nagla\u0161avaju da je taj doga\u0111aj potpuno destabilizovao mir i stabilnost, koji su ve\u0107 bili naru\u0161eni napadima na vojsku i policiju na Urijama, u Hambarinama i Kozarcu. <\/p>\n<p>Demobilisani borci poru\u010duju da su ponosni na dan kada je odbranjen Prijedor i zadr\u017ean u sastavu Republike Srpske. <\/p>\n<p>\u201cMlade generacije treba da njeguju, po\u0161tuju i da znaju ovaj datum i zna\u010daj ovog datuma, posebno sa aspekta da se zna istorijska, ta\u010dna \u010dinjenica, \u0161ta je uzrok i \u0161ta je po\u010detak i okida\u010d rata na podru\u010dju Republike Srpske i grada Predora i ko su ti ljudi, koje su to snage koje su izazvale tragi\u010dne sukobe, kako na podru\u010dju na\u0161eg grada, tako i \u010ditave Republike Srpske. Na nama i na na\u0161im mladim generacijama je da njegujemo tu istinu i da s ponosom taj 30. maj obilje\u017eavamo u punom kapacitetu, ne samo mi borci, nego i svi gra\u0111ani grada Prijedara i institucije na podru\u010dju na\u0161eg grada\u201d, rekao je Vojislav Kondi\u0107, predsjednik Bora\u010dke organizacije Prijedora.<\/p>\n<p>Iz Odjeljenja za bora\u010dko-invalidsku za\u0161titu i Bora\u010dke organizacije pozivaju gra\u0111ane da u \u0161to ve\u0107em broju u\u010destvuju u defileu koji \u0107e 30. maja od 11 \u010dasova pro\u0107i ulicama Prijedora. <\/p>\n<p>Nakon toga, od 11,30 \u010dasova na Trgu majora Zorana Karlice predvi\u0111eno je obra\u0107anje zvani\u010dnika i odr\u017eavanje prigodnog kulturno-zabavnog programa.<\/p>\n<p><strong><a href=\"https:\/\/kozarski.com\/obiljezavanje-30-maja-dana-odbrane-prijedora\/\" rel=\"noopener\" target=\"_blank\">kozarski.com<\/a><\/strong><\/p>\n<p><iframe loading=\"lazy\" title=\"OBILJE\u017dAVANJE 30  MAJA, DANA ODBRANE PRIJEDORA\" width=\"500\" height=\"281\" src=\"https:\/\/www.youtube.com\/embed\/ch2kFhWfSJU?feature=oembed\" frameborder=\"0\" allow=\"accelerometer; autoplay; clipboard-write; encrypted-media; gyroscope; picture-in-picture; web-share\" referrerpolicy=\"strict-origin-when-cross-origin\" allowfullscreen><\/iframe><\/p>\n","protected":false},"excerpt":{"rendered":"<p>I ove godine lokalna uprava organizova\u0107e obilje\u017eavanje 30. maja, dana odbrane Prijedora. U Odjeljenju za bora\u010dko-invalidsku za\u0161titu ka\u017eu da je to bila odbrana od ekstremista muslimansko-hrvatske koalicije, koji su poku\u0161ali [&hellip;]<\/p>\n","protected":false},"author":1,"featured_media":0,"comment_status":"closed","ping_status":"open","sticky":false,"template":"","format":"standard","meta":{"_monsterinsights_skip_tracking":false,"_monsterinsights_sitenote_active":false,"_monsterinsights_sitenote_note":"","_monsterinsights_sitenote_category":0,"footnotes":""},"categories":[8],"tags":[],"yoast_head":"<!-- This site is optimized with the Yoast SEO plugin v21.6 - https:\/\/yoast.com\/wordpress\/plugins\/seo\/ -->\n<title>Obilje\u017eavanje 30. maja, Dana odbrane Prijedora - VIDEO - PrijedorDanas.com - Prijedorski gradski portal<\/title>\n<meta name=\"robots\" content=\"index, follow, max-snippet:-1, max-image-preview:large, max-video-preview:-1\" \/>\n<link rel=\"canonical\" href=\"https:\/\/www.prijedordanas.com\/?p=247893\" \/>\n<meta property=\"og:locale\" content=\"en_US\" \/>\n<meta property=\"og:type\" content=\"article\" \/>\n<meta property=\"og:title\" content=\"Obilje\u017eavanje 30. maja, Dana odbrane Prijedora - VIDEO - PrijedorDanas.com - Prijedorski gradski portal\" \/>\n<meta property=\"og:description\" content=\"I ove godine lokalna uprava organizova\u0107e obilje\u017eavanje 30. maja, dana odbrane Prijedora. U Odjeljenju za bora\u010dko-invalidsku za\u0161titu ka\u017eu da je to bila odbrana od ekstremista muslimansko-hrvatske koalicije, koji su poku\u0161ali [&hellip;]\" \/>\n<meta property=\"og:url\" content=\"https:\/\/www.prijedordanas.com\/?p=247893\" \/>\n<meta property=\"og:site_name\" content=\"PrijedorDanas.com - Prijedorski gradski portal\" \/>\n<meta property=\"article:publisher\" content=\"https:\/\/www.facebook.com\/PrijedorDanasCom\/\" \/>\n<meta property=\"article:published_time\" content=\"2025-05-26T09:21:26+00:00\" \/>\n<meta property=\"og:image\" content=\"https:\/\/www.prijedordanas.com\/wp-content\/uploads\/2024\/05\/dan-odbrane-grada-2024-2-300x225.jpg\" \/>\n<meta name=\"author\" content=\"admin\" \/>\n<meta name=\"twitter:card\" content=\"summary_large_image\" \/>\n<meta name=\"twitter:label1\" content=\"Written by\" \/>\n\t<meta name=\"twitter:data1\" content=\"admin\" \/>\n<script type=\"application\/ld+json\" class=\"yoast-schema-graph\">{\"@context\":\"https:\/\/schema.org\",\"@graph\":[{\"@type\":\"Article\",\"@id\":\"https:\/\/www.prijedordanas.com\/?p=247893#article\",\"isPartOf\":{\"@id\":\"https:\/\/www.prijedordanas.com\/?p=247893\"},\"author\":{\"name\":\"admin\",\"@id\":\"https:\/\/www.prijedordanas.com\/#\/schema\/person\/4e08ccf29b506ca916ff86d46bb700e6\"},\"headline\":\"Obilje\u017eavanje 30. maja, Dana odbrane Prijedora &#8211; VIDEO\",\"datePublished\":\"2025-05-26T09:21:26+00:00\",\"dateModified\":\"2025-05-26T09:21:26+00:00\",\"mainEntityOfPage\":{\"@id\":\"https:\/\/www.prijedordanas.com\/?p=247893\"},\"wordCount\":475,\"publisher\":{\"@id\":\"https:\/\/www.prijedordanas.com\/#organization\"},\"articleSection\":[\"Svakodnevno\"],\"inLanguage\":\"en-US\"},{\"@type\":\"WebPage\",\"@id\":\"https:\/\/www.prijedordanas.com\/?p=247893\",\"url\":\"https:\/\/www.prijedordanas.com\/?p=247893\",\"name\":\"Obilje\u017eavanje 30. maja, Dana odbrane Prijedora - VIDEO - PrijedorDanas.com - Prijedorski gradski portal\",\"isPartOf\":{\"@id\":\"https:\/\/www.prijedordanas.com\/#website\"},\"datePublished\":\"2025-05-26T09:21:26+00:00\",\"dateModified\":\"2025-05-26T09:21:26+00:00\",\"breadcrumb\":{\"@id\":\"https:\/\/www.prijedordanas.com\/?p=247893#breadcrumb\"},\"inLanguage\":\"en-US\",\"potentialAction\":[{\"@type\":\"ReadAction\",\"target\":[\"https:\/\/www.prijedordanas.com\/?p=247893\"]}]},{\"@type\":\"BreadcrumbList\",\"@id\":\"https:\/\/www.prijedordanas.com\/?p=247893#breadcrumb\",\"itemListElement\":[{\"@type\":\"ListItem\",\"position\":1,\"name\":\"Home\",\"item\":\"https:\/\/www.prijedordanas.com\/\"},{\"@type\":\"ListItem\",\"position\":2,\"name\":\"Obilje\u017eavanje 30. maja, Dana odbrane Prijedora &#8211; VIDEO\"}]},{\"@type\":\"WebSite\",\"@id\":\"https:\/\/www.prijedordanas.com\/#website\",\"url\":\"https:\/\/www.prijedordanas.com\/\",\"name\":\"PrijedorDanas.com - Prijedorski gradski portal\",\"description\":\"Portal o doga\u0111anjima u gradu Prijedoru\",\"publisher\":{\"@id\":\"https:\/\/www.prijedordanas.com\/#organization\"},\"potentialAction\":[{\"@type\":\"SearchAction\",\"target\":{\"@type\":\"EntryPoint\",\"urlTemplate\":\"https:\/\/www.prijedordanas.com\/?s={search_term_string}\"},\"query-input\":\"required name=search_term_string\"}],\"inLanguage\":\"en-US\"},{\"@type\":\"Organization\",\"@id\":\"https:\/\/www.prijedordanas.com\/#organization\",\"name\":\"PrijedorDanas.com\",\"url\":\"https:\/\/www.prijedordanas.com\/\",\"logo\":{\"@type\":\"ImageObject\",\"inLanguage\":\"en-US\",\"@id\":\"https:\/\/www.prijedordanas.com\/#\/schema\/logo\/image\/\",\"url\":\"http:\/\/www.prijedordanas.com\/wp-content\/uploads\/2021\/12\/logopng.png\",\"contentUrl\":\"http:\/\/www.prijedordanas.com\/wp-content\/uploads\/2021\/12\/logopng.png\",\"width\":1019,\"height\":776,\"caption\":\"PrijedorDanas.com\"},\"image\":{\"@id\":\"https:\/\/www.prijedordanas.com\/#\/schema\/logo\/image\/\"},\"sameAs\":[\"https:\/\/www.facebook.com\/PrijedorDanasCom\/\"]},{\"@type\":\"Person\",\"@id\":\"https:\/\/www.prijedordanas.com\/#\/schema\/person\/4e08ccf29b506ca916ff86d46bb700e6\",\"name\":\"admin\",\"image\":{\"@type\":\"ImageObject\",\"inLanguage\":\"en-US\",\"@id\":\"https:\/\/www.prijedordanas.com\/#\/schema\/person\/image\/\",\"url\":\"https:\/\/secure.gravatar.com\/avatar\/1d3fc949d550f0b53a5f0d51e06dfd79?s=96&d=mm&r=g\",\"contentUrl\":\"https:\/\/secure.gravatar.com\/avatar\/1d3fc949d550f0b53a5f0d51e06dfd79?s=96&d=mm&r=g\",\"caption\":\"admin\"},\"url\":\"https:\/\/www.prijedordanas.com\/?author=1\"}]}<\/script>\n<!-- \/ Yoast SEO plugin. -->","yoast_head_json":{"title":"Obilje\u017eavanje 30. maja, Dana odbrane Prijedora - VIDEO - PrijedorDanas.com - Prijedorski gradski portal","robots":{"index":"index","follow":"follow","max-snippet":"max-snippet:-1","max-image-preview":"max-image-preview:large","max-video-preview":"max-video-preview:-1"},"canonical":"https:\/\/www.prijedordanas.com\/?p=247893","og_locale":"en_US","og_type":"article","og_title":"Obilje\u017eavanje 30. maja, Dana odbrane Prijedora - VIDEO - PrijedorDanas.com - Prijedorski gradski portal","og_description":"I ove godine lokalna uprava organizova\u0107e obilje\u017eavanje 30. maja, dana odbrane Prijedora. U Odjeljenju za bora\u010dko-invalidsku za\u0161titu ka\u017eu da je to bila odbrana od ekstremista muslimansko-hrvatske koalicije, koji su poku\u0161ali [&hellip;]","og_url":"https:\/\/www.prijedordanas.com\/?p=247893","og_site_name":"PrijedorDanas.com - Prijedorski gradski portal","article_publisher":"https:\/\/www.facebook.com\/PrijedorDanasCom\/","article_published_time":"2025-05-26T09:21:26+00:00","og_image":[{"url":"https:\/\/www.prijedordanas.com\/wp-content\/uploads\/2024\/05\/dan-odbrane-grada-2024-2-300x225.jpg"}],"author":"admin","twitter_card":"summary_large_image","twitter_misc":{"Written by":"admin"},"schema":{"@context":"https:\/\/schema.org","@graph":[{"@type":"Article","@id":"https:\/\/www.prijedordanas.com\/?p=247893#article","isPartOf":{"@id":"https:\/\/www.prijedordanas.com\/?p=247893"},"author":{"name":"admin","@id":"https:\/\/www.prijedordanas.com\/#\/schema\/person\/4e08ccf29b506ca916ff86d46bb700e6"},"headline":"Obilje\u017eavanje 30. maja, Dana odbrane Prijedora &#8211; VIDEO","datePublished":"2025-05-26T09:21:26+00:00","dateModified":"2025-05-26T09:21:26+00:00","mainEntityOfPage":{"@id":"https:\/\/www.prijedordanas.com\/?p=247893"},"wordCount":475,"publisher":{"@id":"https:\/\/www.prijedordanas.com\/#organization"},"articleSection":["Svakodnevno"],"inLanguage":"en-US"},{"@type":"WebPage","@id":"https:\/\/www.prijedordanas.com\/?p=247893","url":"https:\/\/www.prijedordanas.com\/?p=247893","name":"Obilje\u017eavanje 30. maja, Dana odbrane Prijedora - VIDEO - PrijedorDanas.com - Prijedorski gradski portal","isPartOf":{"@id":"https:\/\/www.prijedordanas.com\/#website"},"datePublished":"2025-05-26T09:21:26+00:00","dateModified":"2025-05-26T09:21:26+00:00","breadcrumb":{"@id":"https:\/\/www.prijedordanas.com\/?p=247893#breadcrumb"},"inLanguage":"en-US","potentialAction":[{"@type":"ReadAction","target":["https:\/\/www.prijedordanas.com\/?p=247893"]}]},{"@type":"BreadcrumbList","@id":"https:\/\/www.prijedordanas.com\/?p=247893#breadcrumb","itemListElement":[{"@type":"ListItem","position":1,"name":"Home","item":"https:\/\/www.prijedordanas.com\/"},{"@type":"ListItem","position":2,"name":"Obilje\u017eavanje 30. maja, Dana odbrane Prijedora &#8211; VIDEO"}]},{"@type":"WebSite","@id":"https:\/\/www.prijedordanas.com\/#website","url":"https:\/\/www.prijedordanas.com\/","name":"PrijedorDanas.com - Prijedorski gradski portal","description":"Portal o doga\u0111anjima u gradu Prijedoru","publisher":{"@id":"https:\/\/www.prijedordanas.com\/#organization"},"potentialAction":[{"@type":"SearchAction","target":{"@type":"EntryPoint","urlTemplate":"https:\/\/www.prijedordanas.com\/?s={search_term_string}"},"query-input":"required name=search_term_string"}],"inLanguage":"en-US"},{"@type":"Organization","@id":"https:\/\/www.prijedordanas.com\/#organization","name":"PrijedorDanas.com","url":"https:\/\/www.prijedordanas.com\/","logo":{"@type":"ImageObject","inLanguage":"en-US","@id":"https:\/\/www.prijedordanas.com\/#\/schema\/logo\/image\/","url":"http:\/\/www.prijedordanas.com\/wp-content\/uploads\/2021\/12\/logopng.png","contentUrl":"http:\/\/www.prijedordanas.com\/wp-content\/uploads\/2021\/12\/logopng.png","width":1019,"height":776,"caption":"PrijedorDanas.com"},"image":{"@id":"https:\/\/www.prijedordanas.com\/#\/schema\/logo\/image\/"},"sameAs":["https:\/\/www.facebook.com\/PrijedorDanasCom\/"]},{"@type":"Person","@id":"https:\/\/www.prijedordanas.com\/#\/schema\/person\/4e08ccf29b506ca916ff86d46bb700e6","name":"admin","image":{"@type":"ImageObject","inLanguage":"en-US","@id":"https:\/\/www.prijedordanas.com\/#\/schema\/person\/image\/","url":"https:\/\/secure.gravatar.com\/avatar\/1d3fc949d550f0b53a5f0d51e06dfd79?s=96&d=mm&r=g","contentUrl":"https:\/\/secure.gravatar.com\/avatar\/1d3fc949d550f0b53a5f0d51e06dfd79?s=96&d=mm&r=g","caption":"admin"},"url":"https:\/\/www.prijedordanas.com\/?author=1"}]}},"_links":{"self":[{"href":"https:\/\/www.prijedordanas.com\/index.php?rest_route=\/wp\/v2\/posts\/247893"}],"collection":[{"href":"https:\/\/www.prijedordanas.com\/index.php?rest_route=\/wp\/v2\/posts"}],"about":[{"href":"https:\/\/www.prijedordanas.com\/index.php?rest_route=\/wp\/v2\/types\/post"}],"author":[{"embeddable":true,"href":"https:\/\/www.prijedordanas.com\/index.php?rest_route=\/wp\/v2\/users\/1"}],"replies":[{"embeddable":true,"href":"https:\/\/www.prijedordanas.com\/index.php?rest_route=%2Fwp%2Fv2%2Fcomments&post=247893"}],"version-history":[{"count":1,"href":"https:\/\/www.prijedordanas.com\/index.php?rest_route=\/wp\/v2\/posts\/247893\/revisions"}],"predecessor-version":[{"id":247894,"href":"https:\/\/www.prijedordanas.com\/index.php?rest_route=\/wp\/v2\/posts\/247893\/revisions\/247894"}],"wp:attachment":[{"href":"https:\/\/www.prijedordanas.com\/index.php?rest_route=%2Fwp%2Fv2%2Fmedia&parent=247893"}],"wp:term":[{"taxonomy":"category","embeddable":true,"href":"https:\/\/www.prijedordanas.com\/index.php?rest_route=%2Fwp%2Fv2%2Fcategories&post=247893"},{"taxonomy":"post_tag","embeddable":true,"href":"https:\/\/www.prijedordanas.com\/index.php?rest_route=%2Fwp%2Fv2%2Ftags&post=247893"}],"curies":[{"name":"wp","href":"https:\/\/api.w.org\/{rel}","templated":true}]}}