{"id":247781,"date":"2025-05-24T09:51:28","date_gmt":"2025-05-24T07:51:28","guid":{"rendered":"https:\/\/www.prijedordanas.com\/?p=247781"},"modified":"2025-05-28T16:21:51","modified_gmt":"2025-05-28T14:21:51","slug":"promovisana-publikacija-povodom-70-godina-rada-muzicke-skole-savo-balaban-prijedor-foto","status":"publish","type":"post","link":"https:\/\/www.prijedordanas.com\/?p=247781","title":{"rendered":"Promovisana publikacija povodom 70 godina rada Muzi\u010dke \u0161kole &#8220;Savo Balaban&#8221; Prijedor &#8211; FOTO\/VIDEO"},"content":{"rendered":"<p><a href=\"https:\/\/www.prijedordanas.com\/wp-content\/uploads\/2025\/05\/prijedorgradorg-70-godina-muzicke-skole-publikacija-1.jpg\"><img loading=\"lazy\" decoding=\"async\" class=\"alignleft size-medium wp-image-247774\" src=\"https:\/\/www.prijedordanas.com\/wp-content\/uploads\/2025\/05\/prijedorgradorg-70-godina-muzicke-skole-publikacija-1-300x225.jpg\" alt=\"\" width=\"300\" height=\"225\" srcset=\"https:\/\/www.prijedordanas.com\/wp-content\/uploads\/2025\/05\/prijedorgradorg-70-godina-muzicke-skole-publikacija-1-300x225.jpg 300w, https:\/\/www.prijedordanas.com\/wp-content\/uploads\/2025\/05\/prijedorgradorg-70-godina-muzicke-skole-publikacija-1-640x480.jpg 640w, https:\/\/www.prijedordanas.com\/wp-content\/uploads\/2025\/05\/prijedorgradorg-70-godina-muzicke-skole-publikacija-1.jpg 667w\" sizes=\"(max-width: 300px) 100vw, 300px\" \/><\/a>U Prijedoru je promovisana publikacija povodom 70 godina rada Muzi\u010dke \u0161kole \u201cSavo Balaban\u201d.<\/p>\n<p>Rije\u010d je o zbirci eseja koji donose emotivne ispovijesti i utiske biv\u0161ih i sada\u0161njih u\u010denika, profesora i saradnika ove \u0161kole.<\/p>\n<p>Vizuelni pe\u010dat publikaciji, svojim fotografijama i idejama, dao je profesor Igor Motl.<\/p>\n<p>\u201cDrago mi je da vidim kako \u0160kola raste i razvija se. Posljednjih deset godina \u017eivimo u nekom digitalnom vremenu, kada su informacije svakodnevno dostupne i mi koristimo sve te kanale, tako da smo ovom zbirkom eseja htjeli da obuhvatimo stvari koje mo\u017eda dosad nisu re\u010dene\u201d, rekao je Motl, koji u ovoj \u0161koli radi dvadeset godina.<\/p>\n<p><a href=\"https:\/\/www.prijedordanas.com\/wp-content\/uploads\/2025\/05\/kozarski-70-godina-muzicke-skole-publikacija.jpg\"><img loading=\"lazy\" decoding=\"async\" class=\"alignleft size-medium wp-image-247775\" src=\"https:\/\/www.prijedordanas.com\/wp-content\/uploads\/2025\/05\/kozarski-70-godina-muzicke-skole-publikacija-300x225.jpg\" alt=\"\" width=\"300\" height=\"225\" srcset=\"https:\/\/www.prijedordanas.com\/wp-content\/uploads\/2025\/05\/kozarski-70-godina-muzicke-skole-publikacija-300x225.jpg 300w, https:\/\/www.prijedordanas.com\/wp-content\/uploads\/2025\/05\/kozarski-70-godina-muzicke-skole-publikacija-640x480.jpg 640w, https:\/\/www.prijedordanas.com\/wp-content\/uploads\/2025\/05\/kozarski-70-godina-muzicke-skole-publikacija.jpg 667w\" sizes=\"(max-width: 300px) 100vw, 300px\" \/><\/a>Motl je bio dio trija gitara koji su, pored klavirskog trija, ve\u010deras odr\u017eali koncert nakon predstavljanja publikacije. U\u010denica Anja Maran ponosna je \u0161to je imala priliku da nastupi na koncertu povodom velikog jubileja ove prijedorske \u0161kole. Bila je me\u0111u u\u010denicima koji su na najbolji na\u010din predstavili Muzi\u010dku \u0161kolu \u201cSavo Balaban\u201d na nedavnom republi\u010dkom takmi\u010denju i vratili se u Prijedor sa preko pedeset nagrada.<\/p>\n<p>\u201cOve godine smo na republi\u010dkom takmi\u010denju osvojili specijalnu nagradu i sto bodova, veoma se ponosimo tom nagradom, a za sve to je zaslu\u017een na\u0161 profesor Igor Motl\u201d, ka\u017ee Anja, koja je ve\u010deras u holu gradskog pozori\u0161ta nastupila u klavirskom triju sa Anastasijom Koji\u0107 i Rebekom Male\u0161evi\u0107.<\/p>\n<p>Prijedorska muzi\u010dka \u0161kola osnovana je daleke 1955. godine, a u po\u010detku je imala samo dva odsjeka \u2013 klavir i violinu.<\/p>\n<p><a href=\"https:\/\/www.prijedordanas.com\/wp-content\/uploads\/2025\/05\/prijedorgradorg-70-godina-muzicke-skole-publikacija-2.jpg\"><img loading=\"lazy\" decoding=\"async\" class=\"alignleft size-medium wp-image-247776\" src=\"https:\/\/www.prijedordanas.com\/wp-content\/uploads\/2025\/05\/prijedorgradorg-70-godina-muzicke-skole-publikacija-2-300x200.jpg\" alt=\"\" width=\"300\" height=\"200\" srcset=\"https:\/\/www.prijedordanas.com\/wp-content\/uploads\/2025\/05\/prijedorgradorg-70-godina-muzicke-skole-publikacija-2-300x200.jpg 300w, https:\/\/www.prijedordanas.com\/wp-content\/uploads\/2025\/05\/prijedorgradorg-70-godina-muzicke-skole-publikacija-2-480x320.jpg 480w, https:\/\/www.prijedordanas.com\/wp-content\/uploads\/2025\/05\/prijedorgradorg-70-godina-muzicke-skole-publikacija-2.jpg 600w\" sizes=\"(max-width: 300px) 100vw, 300px\" \/><\/a>\u201cDanas, pored ovih odsjeka, imamo i guda\u010de \u2013 violon\u010delo, violinu, duva\u010de \u2013 saksofon, klarinet i flautu, harmoniku, gitaru i Odsjek solo pjevanja. Tokom proteklih sedamdeset godina mnogo je bilo uspjeha i padova, ali ovo je jedan dragulj koji se njeguje i \u010duva uz mnogo napora, a sve to mo\u017eemo zahvaliti vrijednim profesorima koji rade svoje obaveze kako treba, tako\u0111e i dobrim u\u010denicima, roditeljima, ali sve to na kraju ne bi se moglo da nemamo ogromnu podr\u0161ku Gradske uprave, na \u010delu sa gradona\u010delnikom Slobodanom Javorom\u201d, rekao je direktor Aljo\u0161a Novakovi\u0107.<\/p>\n<p>On je podsjetio da je, posljednjih godina, Grad ovoj \u0161koli obezbijedio kompletan nov instrumentarij, \u0161to je, kako je rekao, bio vjetar u le\u0111a za postizanje jo\u0161 boljih rezultata. Pomo\u0107 lokalne zajednice imali su i prilikom objavljivanja publikacije posve\u0107ene jubileju.<\/p>\n<p><a href=\"https:\/\/www.prijedordanas.com\/wp-content\/uploads\/2025\/05\/prijedorgradorg-70-godina-muzicke-skole-publikacija-3.jpg\"><img loading=\"lazy\" decoding=\"async\" class=\"alignleft size-medium wp-image-247777\" src=\"https:\/\/www.prijedordanas.com\/wp-content\/uploads\/2025\/05\/prijedorgradorg-70-godina-muzicke-skole-publikacija-3-300x200.jpg\" alt=\"\" width=\"300\" height=\"200\" srcset=\"https:\/\/www.prijedordanas.com\/wp-content\/uploads\/2025\/05\/prijedorgradorg-70-godina-muzicke-skole-publikacija-3-300x200.jpg 300w, https:\/\/www.prijedordanas.com\/wp-content\/uploads\/2025\/05\/prijedorgradorg-70-godina-muzicke-skole-publikacija-3-480x320.jpg 480w, https:\/\/www.prijedordanas.com\/wp-content\/uploads\/2025\/05\/prijedorgradorg-70-godina-muzicke-skole-publikacija-3.jpg 600w\" sizes=\"(max-width: 300px) 100vw, 300px\" \/><\/a>\u201cPublikacija iz nekog drugog ugla gleda posljednjih 10 godina rada \u0160kole. Mi smo ranije objavili monografiju povodom 50 godina rada, a potom i publikaciju za \u0161est decenija\u201d, podsjetio je Novakovi\u0107.<\/p>\n<p>Koncertu i predstavljanju publikacije prisustvovao je i gradona\u010delnik Slobodan Javor koji je ovoj prijedorskoj \u0161koli \u010destitao zna\u010dajan jubilej. On je rekao da se Grad ponosi u\u010denicima i profesorima, koji im poma\u017eu da naprave blistave karijere. U dogovoru s direktorom, odre\u0111eni su prioriteti i obezbije\u0111eno vi\u0161e sredstava u bud\u017eetu da bi Muzi\u010dka \u0161kola imala bolje uslove rada. Prvi prioritet \u2013 novi instrumenti, je rije\u0161en, a ostaje izgradnja savremene i moderne koncertne dvorane, koja bi trebalo da po\u010dne u ovoj godini.<\/p>\n<p><a href=\"https:\/\/www.prijedordanas.com\/wp-content\/uploads\/2025\/05\/prijedorgradorg-70-godina-muzicke-skole-publikacija-5.jpg\"><img loading=\"lazy\" decoding=\"async\" class=\"alignleft size-medium wp-image-247778\" src=\"https:\/\/www.prijedordanas.com\/wp-content\/uploads\/2025\/05\/prijedorgradorg-70-godina-muzicke-skole-publikacija-5-300x200.jpg\" alt=\"\" width=\"300\" height=\"200\" srcset=\"https:\/\/www.prijedordanas.com\/wp-content\/uploads\/2025\/05\/prijedorgradorg-70-godina-muzicke-skole-publikacija-5-300x200.jpg 300w, https:\/\/www.prijedordanas.com\/wp-content\/uploads\/2025\/05\/prijedorgradorg-70-godina-muzicke-skole-publikacija-5-480x320.jpg 480w, https:\/\/www.prijedordanas.com\/wp-content\/uploads\/2025\/05\/prijedorgradorg-70-godina-muzicke-skole-publikacija-5.jpg 600w\" sizes=\"(max-width: 300px) 100vw, 300px\" \/><\/a>\u201cGrad Prijedor je na sebe uzeo obavezu da, uz podr\u0161ku predsjednika Republike Srpske, Vlade Republike Srpske izgradi koncertnu doranu. Imamo idejni projekat. O\u010dekujemo u toku ove godine da zavr\u0161imo kompletnu dokumentaciju da raspi\u0161emo tender, zaklju\u010dimo ugovor sa najpovoljnijim izvo\u0111a\u010dem i krenemo u fazama\u201d, izjavio je Javor.<\/p>\n<p>Po njegovim rije\u010dima, prva faza bi bila postavljanje temelja, a druga i tre\u0107a faza grubi radovi.<\/p>\n<p>Obilje\u017eavanju jubileja prisustvovala je i Mira Zgonjanin, izaslanik predsjednika Republike Srpske. Ona je rekla da je Muzi\u010dka \u0161kola \u201cSavo Balaban\u201d ponos grada Prijedora, ali i Republike Srpske i da zaslu\u017euje koncertnu dvoranu.<\/p>\n<p><a href=\"https:\/\/www.prijedordanas.com\/wp-content\/uploads\/2025\/05\/prijedorgradorg-70-godina-muzicke-skole-publikacija-4.jpg\"><img loading=\"lazy\" decoding=\"async\" src=\"https:\/\/www.prijedordanas.com\/wp-content\/uploads\/2025\/05\/prijedorgradorg-70-godina-muzicke-skole-publikacija-4-300x200.jpg\" alt=\"\" width=\"300\" height=\"200\" class=\"alignleft size-medium wp-image-247779\" srcset=\"https:\/\/www.prijedordanas.com\/wp-content\/uploads\/2025\/05\/prijedorgradorg-70-godina-muzicke-skole-publikacija-4-300x200.jpg 300w, https:\/\/www.prijedordanas.com\/wp-content\/uploads\/2025\/05\/prijedorgradorg-70-godina-muzicke-skole-publikacija-4-480x320.jpg 480w, https:\/\/www.prijedordanas.com\/wp-content\/uploads\/2025\/05\/prijedorgradorg-70-godina-muzicke-skole-publikacija-4.jpg 600w\" sizes=\"(max-width: 300px) 100vw, 300px\" \/><\/a>\u201cTokom nedavne posjete gradu Prijedoru, predsjednik Republike Srpske, gospodin Milorad Dodik, najavio je da \u0107e odobriti po\u010detna, a zna\u010dajna inicijalna sredstva za izgradnju koncertne sale. Ta pri\u010da bi se trebala dogoditi ve\u0107 u toku ove godine. Imam posebnu \u010dast i zadovoljstvo da u ime predsjednika Republike Srpske, Muzi\u010dkoj \u0161koli \u2018Savo Balaban\u2019 \u010destitam zna\u010dajan jubilej, da najavim daljnju podr\u0161ku i da im po\u017eelim puno uspjeha u budu\u0107em radu\u201d, izjavila je Zgonjaninova.<\/p>\n<p>Muzi\u010dku osnovnu i srednju \u0161kolu \u201cSavo Balaban\u201d poha\u0111a oko 400 u\u010denika.<\/p>\n<p><strong><a href=\"https:\/\/kozarski.com\/promovisana-publikacija-povodom-70-godina-rada-muzicke-skole\/\" target=\"_blank\" rel=\"noopener\">kozarski.com<\/a><\/strong><br \/>\nFoto &#8211; prijedorgrad.org<\/p>\n<p><iframe loading=\"lazy\" title=\"PROMOVISANA PUBLIKACIJA POVODOM 70 GODINA RADA MUZI\u010cKE \u0160KOLE\" width=\"500\" height=\"281\" src=\"https:\/\/www.youtube.com\/embed\/gD-WTDHlDcg?feature=oembed\" frameborder=\"0\" allow=\"accelerometer; autoplay; clipboard-write; encrypted-media; gyroscope; picture-in-picture; web-share\" referrerpolicy=\"strict-origin-when-cross-origin\" allowfullscreen><\/iframe><\/p>\n","protected":false},"excerpt":{"rendered":"<p>U Prijedoru je promovisana publikacija povodom 70 godina rada Muzi\u010dke \u0161kole \u201cSavo Balaban\u201d. Rije\u010d je o zbirci eseja koji donose emotivne ispovijesti i utiske biv\u0161ih i sada\u0161njih u\u010denika, profesora i [&hellip;]<\/p>\n","protected":false},"author":1,"featured_media":0,"comment_status":"closed","ping_status":"open","sticky":false,"template":"","format":"standard","meta":{"_monsterinsights_skip_tracking":false,"_monsterinsights_sitenote_active":false,"_monsterinsights_sitenote_note":"","_monsterinsights_sitenote_category":0,"footnotes":""},"categories":[4],"tags":[],"yoast_head":"<!-- This site is optimized with the Yoast SEO plugin v21.6 - https:\/\/yoast.com\/wordpress\/plugins\/seo\/ -->\n<title>Promovisana publikacija povodom 70 godina rada Muzi\u010dke \u0161kole &quot;Savo Balaban&quot; Prijedor - FOTO\/VIDEO - PrijedorDanas.com - Prijedorski gradski portal<\/title>\n<meta name=\"robots\" content=\"index, follow, max-snippet:-1, max-image-preview:large, max-video-preview:-1\" \/>\n<link rel=\"canonical\" href=\"https:\/\/www.prijedordanas.com\/?p=247781\" \/>\n<meta property=\"og:locale\" content=\"en_US\" \/>\n<meta property=\"og:type\" content=\"article\" \/>\n<meta property=\"og:title\" content=\"Promovisana publikacija povodom 70 godina rada Muzi\u010dke \u0161kole &quot;Savo Balaban&quot; Prijedor - FOTO\/VIDEO - PrijedorDanas.com - Prijedorski gradski portal\" \/>\n<meta property=\"og:description\" content=\"U Prijedoru je promovisana publikacija povodom 70 godina rada Muzi\u010dke \u0161kole \u201cSavo Balaban\u201d. Rije\u010d je o zbirci eseja koji donose emotivne ispovijesti i utiske biv\u0161ih i sada\u0161njih u\u010denika, profesora i [&hellip;]\" \/>\n<meta property=\"og:url\" content=\"https:\/\/www.prijedordanas.com\/?p=247781\" \/>\n<meta property=\"og:site_name\" content=\"PrijedorDanas.com - Prijedorski gradski portal\" \/>\n<meta property=\"article:publisher\" content=\"https:\/\/www.facebook.com\/PrijedorDanasCom\/\" \/>\n<meta property=\"article:published_time\" content=\"2025-05-24T07:51:28+00:00\" \/>\n<meta property=\"article:modified_time\" content=\"2025-05-28T14:21:51+00:00\" \/>\n<meta property=\"og:image\" content=\"https:\/\/www.prijedordanas.com\/wp-content\/uploads\/2025\/05\/prijedorgradorg-70-godina-muzicke-skole-publikacija-1-300x225.jpg\" \/>\n<meta name=\"author\" content=\"admin\" \/>\n<meta name=\"twitter:card\" content=\"summary_large_image\" \/>\n<meta name=\"twitter:label1\" content=\"Written by\" \/>\n\t<meta name=\"twitter:data1\" content=\"admin\" \/>\n\t<meta name=\"twitter:label2\" content=\"Est. reading time\" \/>\n\t<meta name=\"twitter:data2\" content=\"5 minutes\" \/>\n<script type=\"application\/ld+json\" class=\"yoast-schema-graph\">{\"@context\":\"https:\/\/schema.org\",\"@graph\":[{\"@type\":\"Article\",\"@id\":\"https:\/\/www.prijedordanas.com\/?p=247781#article\",\"isPartOf\":{\"@id\":\"https:\/\/www.prijedordanas.com\/?p=247781\"},\"author\":{\"name\":\"admin\",\"@id\":\"https:\/\/www.prijedordanas.com\/#\/schema\/person\/4e08ccf29b506ca916ff86d46bb700e6\"},\"headline\":\"Promovisana publikacija povodom 70 godina rada Muzi\u010dke \u0161kole &#8220;Savo Balaban&#8221; Prijedor &#8211; FOTO\/VIDEO\",\"datePublished\":\"2025-05-24T07:51:28+00:00\",\"dateModified\":\"2025-05-28T14:21:51+00:00\",\"mainEntityOfPage\":{\"@id\":\"https:\/\/www.prijedordanas.com\/?p=247781\"},\"wordCount\":730,\"publisher\":{\"@id\":\"https:\/\/www.prijedordanas.com\/#organization\"},\"articleSection\":[\"Dru\u0161tvo\"],\"inLanguage\":\"en-US\"},{\"@type\":\"WebPage\",\"@id\":\"https:\/\/www.prijedordanas.com\/?p=247781\",\"url\":\"https:\/\/www.prijedordanas.com\/?p=247781\",\"name\":\"Promovisana publikacija povodom 70 godina rada Muzi\u010dke \u0161kole \\\"Savo Balaban\\\" Prijedor - FOTO\/VIDEO - PrijedorDanas.com - Prijedorski gradski portal\",\"isPartOf\":{\"@id\":\"https:\/\/www.prijedordanas.com\/#website\"},\"datePublished\":\"2025-05-24T07:51:28+00:00\",\"dateModified\":\"2025-05-28T14:21:51+00:00\",\"breadcrumb\":{\"@id\":\"https:\/\/www.prijedordanas.com\/?p=247781#breadcrumb\"},\"inLanguage\":\"en-US\",\"potentialAction\":[{\"@type\":\"ReadAction\",\"target\":[\"https:\/\/www.prijedordanas.com\/?p=247781\"]}]},{\"@type\":\"BreadcrumbList\",\"@id\":\"https:\/\/www.prijedordanas.com\/?p=247781#breadcrumb\",\"itemListElement\":[{\"@type\":\"ListItem\",\"position\":1,\"name\":\"Home\",\"item\":\"https:\/\/www.prijedordanas.com\/\"},{\"@type\":\"ListItem\",\"position\":2,\"name\":\"Promovisana publikacija povodom 70 godina rada Muzi\u010dke \u0161kole &#8220;Savo Balaban&#8221; Prijedor &#8211; FOTO\/VIDEO\"}]},{\"@type\":\"WebSite\",\"@id\":\"https:\/\/www.prijedordanas.com\/#website\",\"url\":\"https:\/\/www.prijedordanas.com\/\",\"name\":\"PrijedorDanas.com - Prijedorski gradski portal\",\"description\":\"Portal o doga\u0111anjima u gradu Prijedoru\",\"publisher\":{\"@id\":\"https:\/\/www.prijedordanas.com\/#organization\"},\"potentialAction\":[{\"@type\":\"SearchAction\",\"target\":{\"@type\":\"EntryPoint\",\"urlTemplate\":\"https:\/\/www.prijedordanas.com\/?s={search_term_string}\"},\"query-input\":\"required name=search_term_string\"}],\"inLanguage\":\"en-US\"},{\"@type\":\"Organization\",\"@id\":\"https:\/\/www.prijedordanas.com\/#organization\",\"name\":\"PrijedorDanas.com\",\"url\":\"https:\/\/www.prijedordanas.com\/\",\"logo\":{\"@type\":\"ImageObject\",\"inLanguage\":\"en-US\",\"@id\":\"https:\/\/www.prijedordanas.com\/#\/schema\/logo\/image\/\",\"url\":\"http:\/\/www.prijedordanas.com\/wp-content\/uploads\/2021\/12\/logopng.png\",\"contentUrl\":\"http:\/\/www.prijedordanas.com\/wp-content\/uploads\/2021\/12\/logopng.png\",\"width\":1019,\"height\":776,\"caption\":\"PrijedorDanas.com\"},\"image\":{\"@id\":\"https:\/\/www.prijedordanas.com\/#\/schema\/logo\/image\/\"},\"sameAs\":[\"https:\/\/www.facebook.com\/PrijedorDanasCom\/\"]},{\"@type\":\"Person\",\"@id\":\"https:\/\/www.prijedordanas.com\/#\/schema\/person\/4e08ccf29b506ca916ff86d46bb700e6\",\"name\":\"admin\",\"image\":{\"@type\":\"ImageObject\",\"inLanguage\":\"en-US\",\"@id\":\"https:\/\/www.prijedordanas.com\/#\/schema\/person\/image\/\",\"url\":\"https:\/\/secure.gravatar.com\/avatar\/1d3fc949d550f0b53a5f0d51e06dfd79?s=96&d=mm&r=g\",\"contentUrl\":\"https:\/\/secure.gravatar.com\/avatar\/1d3fc949d550f0b53a5f0d51e06dfd79?s=96&d=mm&r=g\",\"caption\":\"admin\"},\"url\":\"https:\/\/www.prijedordanas.com\/?author=1\"}]}<\/script>\n<!-- \/ Yoast SEO plugin. -->","yoast_head_json":{"title":"Promovisana publikacija povodom 70 godina rada Muzi\u010dke \u0161kole \"Savo Balaban\" Prijedor - FOTO\/VIDEO - PrijedorDanas.com - Prijedorski gradski portal","robots":{"index":"index","follow":"follow","max-snippet":"max-snippet:-1","max-image-preview":"max-image-preview:large","max-video-preview":"max-video-preview:-1"},"canonical":"https:\/\/www.prijedordanas.com\/?p=247781","og_locale":"en_US","og_type":"article","og_title":"Promovisana publikacija povodom 70 godina rada Muzi\u010dke \u0161kole \"Savo Balaban\" Prijedor - FOTO\/VIDEO - PrijedorDanas.com - Prijedorski gradski portal","og_description":"U Prijedoru je promovisana publikacija povodom 70 godina rada Muzi\u010dke \u0161kole \u201cSavo Balaban\u201d. Rije\u010d je o zbirci eseja koji donose emotivne ispovijesti i utiske biv\u0161ih i sada\u0161njih u\u010denika, profesora i [&hellip;]","og_url":"https:\/\/www.prijedordanas.com\/?p=247781","og_site_name":"PrijedorDanas.com - Prijedorski gradski portal","article_publisher":"https:\/\/www.facebook.com\/PrijedorDanasCom\/","article_published_time":"2025-05-24T07:51:28+00:00","article_modified_time":"2025-05-28T14:21:51+00:00","og_image":[{"url":"https:\/\/www.prijedordanas.com\/wp-content\/uploads\/2025\/05\/prijedorgradorg-70-godina-muzicke-skole-publikacija-1-300x225.jpg"}],"author":"admin","twitter_card":"summary_large_image","twitter_misc":{"Written by":"admin","Est. reading time":"5 minutes"},"schema":{"@context":"https:\/\/schema.org","@graph":[{"@type":"Article","@id":"https:\/\/www.prijedordanas.com\/?p=247781#article","isPartOf":{"@id":"https:\/\/www.prijedordanas.com\/?p=247781"},"author":{"name":"admin","@id":"https:\/\/www.prijedordanas.com\/#\/schema\/person\/4e08ccf29b506ca916ff86d46bb700e6"},"headline":"Promovisana publikacija povodom 70 godina rada Muzi\u010dke \u0161kole &#8220;Savo Balaban&#8221; Prijedor &#8211; FOTO\/VIDEO","datePublished":"2025-05-24T07:51:28+00:00","dateModified":"2025-05-28T14:21:51+00:00","mainEntityOfPage":{"@id":"https:\/\/www.prijedordanas.com\/?p=247781"},"wordCount":730,"publisher":{"@id":"https:\/\/www.prijedordanas.com\/#organization"},"articleSection":["Dru\u0161tvo"],"inLanguage":"en-US"},{"@type":"WebPage","@id":"https:\/\/www.prijedordanas.com\/?p=247781","url":"https:\/\/www.prijedordanas.com\/?p=247781","name":"Promovisana publikacija povodom 70 godina rada Muzi\u010dke \u0161kole \"Savo Balaban\" Prijedor - FOTO\/VIDEO - PrijedorDanas.com - Prijedorski gradski portal","isPartOf":{"@id":"https:\/\/www.prijedordanas.com\/#website"},"datePublished":"2025-05-24T07:51:28+00:00","dateModified":"2025-05-28T14:21:51+00:00","breadcrumb":{"@id":"https:\/\/www.prijedordanas.com\/?p=247781#breadcrumb"},"inLanguage":"en-US","potentialAction":[{"@type":"ReadAction","target":["https:\/\/www.prijedordanas.com\/?p=247781"]}]},{"@type":"BreadcrumbList","@id":"https:\/\/www.prijedordanas.com\/?p=247781#breadcrumb","itemListElement":[{"@type":"ListItem","position":1,"name":"Home","item":"https:\/\/www.prijedordanas.com\/"},{"@type":"ListItem","position":2,"name":"Promovisana publikacija povodom 70 godina rada Muzi\u010dke \u0161kole &#8220;Savo Balaban&#8221; Prijedor &#8211; FOTO\/VIDEO"}]},{"@type":"WebSite","@id":"https:\/\/www.prijedordanas.com\/#website","url":"https:\/\/www.prijedordanas.com\/","name":"PrijedorDanas.com - Prijedorski gradski portal","description":"Portal o doga\u0111anjima u gradu Prijedoru","publisher":{"@id":"https:\/\/www.prijedordanas.com\/#organization"},"potentialAction":[{"@type":"SearchAction","target":{"@type":"EntryPoint","urlTemplate":"https:\/\/www.prijedordanas.com\/?s={search_term_string}"},"query-input":"required name=search_term_string"}],"inLanguage":"en-US"},{"@type":"Organization","@id":"https:\/\/www.prijedordanas.com\/#organization","name":"PrijedorDanas.com","url":"https:\/\/www.prijedordanas.com\/","logo":{"@type":"ImageObject","inLanguage":"en-US","@id":"https:\/\/www.prijedordanas.com\/#\/schema\/logo\/image\/","url":"http:\/\/www.prijedordanas.com\/wp-content\/uploads\/2021\/12\/logopng.png","contentUrl":"http:\/\/www.prijedordanas.com\/wp-content\/uploads\/2021\/12\/logopng.png","width":1019,"height":776,"caption":"PrijedorDanas.com"},"image":{"@id":"https:\/\/www.prijedordanas.com\/#\/schema\/logo\/image\/"},"sameAs":["https:\/\/www.facebook.com\/PrijedorDanasCom\/"]},{"@type":"Person","@id":"https:\/\/www.prijedordanas.com\/#\/schema\/person\/4e08ccf29b506ca916ff86d46bb700e6","name":"admin","image":{"@type":"ImageObject","inLanguage":"en-US","@id":"https:\/\/www.prijedordanas.com\/#\/schema\/person\/image\/","url":"https:\/\/secure.gravatar.com\/avatar\/1d3fc949d550f0b53a5f0d51e06dfd79?s=96&d=mm&r=g","contentUrl":"https:\/\/secure.gravatar.com\/avatar\/1d3fc949d550f0b53a5f0d51e06dfd79?s=96&d=mm&r=g","caption":"admin"},"url":"https:\/\/www.prijedordanas.com\/?author=1"}]}},"_links":{"self":[{"href":"https:\/\/www.prijedordanas.com\/index.php?rest_route=\/wp\/v2\/posts\/247781"}],"collection":[{"href":"https:\/\/www.prijedordanas.com\/index.php?rest_route=\/wp\/v2\/posts"}],"about":[{"href":"https:\/\/www.prijedordanas.com\/index.php?rest_route=\/wp\/v2\/types\/post"}],"author":[{"embeddable":true,"href":"https:\/\/www.prijedordanas.com\/index.php?rest_route=\/wp\/v2\/users\/1"}],"replies":[{"embeddable":true,"href":"https:\/\/www.prijedordanas.com\/index.php?rest_route=%2Fwp%2Fv2%2Fcomments&post=247781"}],"version-history":[{"count":2,"href":"https:\/\/www.prijedordanas.com\/index.php?rest_route=\/wp\/v2\/posts\/247781\/revisions"}],"predecessor-version":[{"id":248046,"href":"https:\/\/www.prijedordanas.com\/index.php?rest_route=\/wp\/v2\/posts\/247781\/revisions\/248046"}],"wp:attachment":[{"href":"https:\/\/www.prijedordanas.com\/index.php?rest_route=%2Fwp%2Fv2%2Fmedia&parent=247781"}],"wp:term":[{"taxonomy":"category","embeddable":true,"href":"https:\/\/www.prijedordanas.com\/index.php?rest_route=%2Fwp%2Fv2%2Fcategories&post=247781"},{"taxonomy":"post_tag","embeddable":true,"href":"https:\/\/www.prijedordanas.com\/index.php?rest_route=%2Fwp%2Fv2%2Ftags&post=247781"}],"curies":[{"name":"wp","href":"https:\/\/api.w.org\/{rel}","templated":true}]}}