{"id":247760,"date":"2025-05-24T07:48:45","date_gmt":"2025-05-24T05:48:45","guid":{"rendered":"https:\/\/www.prijedordanas.com\/?p=247760"},"modified":"2025-05-24T07:53:28","modified_gmt":"2025-05-24T05:53:28","slug":"pogled-iz-prizemlja-gradske-uprave-zvacu-be-en","status":"publish","type":"post","link":"https:\/\/www.prijedordanas.com\/?p=247760","title":{"rendered":"Pogled iz prizemlja Gradske uprave: Zva\u0107u be-en"},"content":{"rendered":"<p><a href=\"https:\/\/www.prijedordanas.com\/wp-content\/uploads\/2025\/05\/zdjelar-miletic.jpg\"><img loading=\"lazy\" decoding=\"async\" class=\"alignleft size-medium wp-image-247763\" src=\"https:\/\/www.prijedordanas.com\/wp-content\/uploads\/2025\/05\/zdjelar-miletic-300x225.jpg\" alt=\"\" width=\"300\" height=\"225\" srcset=\"https:\/\/www.prijedordanas.com\/wp-content\/uploads\/2025\/05\/zdjelar-miletic-300x225.jpg 300w, https:\/\/www.prijedordanas.com\/wp-content\/uploads\/2025\/05\/zdjelar-miletic-640x480.jpg 640w, https:\/\/www.prijedordanas.com\/wp-content\/uploads\/2025\/05\/zdjelar-miletic.jpg 667w\" sizes=\"(max-width: 300px) 100vw, 300px\" \/><\/a><strong>Aleksandar \u0160obot:<\/strong> Par dana prije toga ja sam se \u010duo s Radenkom Crnogorcem i pitao ga za koli\u010dine. Kakvo je stanje s koli\u010dinama materijala i on je rekao, mi smo ozbiljna firma, zar misli\u0161 da bismo dopustili sebi da nemamo na lageru materijala? Ali to je, onako, drugarski, bilo, da vidim samo. Prozvao sam Marjanovi\u0107a, on je rekao da ima gore na Vrani\u0107u materijala. Poslije ka\u017eu ljudi, vi blato prosipate. Prljavi kamen dr\u017ei. Kad je \u010dist, voda prolazi kroz njega. Tako da smo sve imali spremno. Problem je bio da nam je stao Vrani\u0107 kad je presjeklo magistralu, i prvi put se desilo da su ulazili kamioni Marjanovi\u0107a u krug Prijedorputeva za materijal. Zvao sam i jednog i drugog, imaju li problem s tim, nemaju. A veliki su rivali. \/&#8230;\/ Jesi li ti vidjela onaj nasip u Ra\u0161kovcu, koliko je ono? Trebalo je ono izgraditi i izdr\u017eati. Jefta 27 sati bez prestanka nije oti\u0161ao ku\u0107i. Ovi oti\u0161li na pola sata ku\u0107i, samo se istu\u0161irali i vratili&#8230; Evo, samo zvoni&#8230; Na kraju, kad su po\u010deli dizati nasipe, narod snima, natovare kamion, zaborave stranice zatvoriti. Ti ljudi su popadali&#8230;<\/p>\n<p>\/Osam je \u010dasova, utorak, 20. maja, dan nakon pres konferencije u Gradskoj upravi na kojoj su gra\u0111ani kojima je procijenjena \u0161teta od poplava pozvani da dostave dokaze o vlasni\u0161tvu nad nekretninom na kojoj je nastala \u0161teta. U prizemlju lijevo je sto, red je u holu i ispred glavnog ulaza u zgradu, za stolom su dva radnika ovog odjeljenja, obja\u0161njavaju ljudima \u0161ta od papira treba da donesu i gdje da to pribave. Izme\u0111u stola i portirnice zatvorena vrata. Portir ne dozvoljava da u\u0111em ka Odjeljenju za saobra\u0107aj, komunalne poslove i za\u0161titu \u017eivotne sredine i imovinsko-stambene poslove prije nego provjeri telefonom imam li zakazano.\/<\/p>\n<p><strong>\u0160obot:<\/strong> Dolaze mi ljudi ku\u0107i. Pa, lijepo, do\u0111e, stane autom, ide i nosi papir. \u0160ta je ovo, kako ovaj ima, kako ovaj nema, ja \u0107u zvati be-en. Ili ovo sad. Ne\u0107e da pro\u010ditaju, do\u0111e pitati \u0161ta ono treba izvaditi, neko mu rek&#8217;o, pa gdje se to vadi. Mo\u017ee li ovako, mo\u017ee li onako. I jednom kad se javi\u0161, gotovo je. Zna\u010di, ho\u0107e da ga ti vodi\u0161 kroz sve, da ti iza\u0111e\u0161, da ti uzme\u0161 mu papire, da ti sve&#8230; Previ\u0161e smo mi zbog mobilnih telefona dostupni narodu. Ja ka\u017eem, \u017eivi\u0161 u velikom naselju, nismo mi neki ni velik grad. Za sedam dana svi su do\u0161li do mog broja. I svi o\u010dekuju ne\u0161to \u0161to je sasvim normalno. Do\u0111e\u0161, podnese\u0161 zahtjev, bude rije\u0161eno. Ne, zove, ja, ka\u017ee trebam, pa samo podnesi. I ide sve, ja i ne znam da sam tebi potpisao k&#8217;o tebi. Pa onda zove, &#8216;ej, ja sam pred&#8217;o kad \u0107e to biti. A 90 posto stvari te\u010de svojim nekim tokom, u najkra\u0107em mogu\u0107em roku. Ali narod je navik&#8217;o da zove, da zivka&#8230;<\/p>\n<p><strong>Dejan Zdjelar:<\/strong> Ja sam brojao. U jedan no\u0107i do\u0161ao je s terena, to je petak na subotu. Dao meni telefon da brojim pozive. \u0160ef se ne odbija. \/smijeh\/ I 420 bilo.<\/p>\n<p><strong>\u0160obot:<\/strong> Ovo odjeljenje ne bi trebalo da ima s poplavama ni\u0161ta. Ja radim redovne stvari, a odbranu od poplava treba civilna za\u0161tita da vodi. To je vanredna situacija i ja samo treba da radim kontakte sa direktorima firmi koje imaju mehanizaciju i sa Komunalnim uslugama. Ali se, na\u017ealost, to lagano sve se sabija na ovo mjesto i na gradona\u010delnika.<\/p>\n<p><strong>Zdjelar:<\/strong> I to je ono \u0161to smo komentarisali, da imamo mo\u017eda najbolje vatrogasce, a najslabiju civilnu za\u0161titu. A najbolje vatrgasce mo\u017eda imamo na regiji, najopremljenije, najsposobnije, najspremnije, najobu\u010denije.<\/p>\n<p><strong>Igor Mileti\u0107:<\/strong> Poslije kad smo popisivali Baltin bare, tamo je bila civilna za\u0161tita iz Bijeljine. Pri\u010dao sam malo sa njima. Toliko su nahvalili na\u0161e vatrogasce, ka\u017eu da su stvarno, nisu o\u010dekivali da su toliko spremni i da su obu\u010deni i opremljeni. A imali su negativan neki komentar prema na\u0161oj civilnoj za\u0161titi.<\/p>\n<p><strong>Zdjelar:<\/strong> I otprilike mi civilnu za\u0161titu i imamo samo da ispo\u0161tujemo tu formu zakona da je mora biti. Ja pretpostavljam da je to, a vatrogasci su se stvarno pokazali, i \u0161to su uva\u017eeni, i mehanizacija, i oprema, sve.<\/p>\n<p><strong>Mileti\u0107:<\/strong> Pokazali su na kojoj visini oni mogu zadatak iznijeti. I gospodin Milju\u0161 koji je bio i nama od pomo\u0107i, generalno, kad god bi ne\u0161to trebalo \u0161to znamo da nam on mo\u017ee re\u0107i, bio je tu. Javio se na pozive, dao nam informacije.<\/p>\n<p><strong>\u0160obot:<\/strong> Suvi profesionalac.<\/p>\n<p><strong>Zdjelar:<\/strong> Dolaze na\u010delnik \u0160obot i Branko \/\u0160vraka\/ sa \u0161taba i govore da je to de\u017eurni telefon. Ve\u0107 je saop\u0161tenje sa \u0161taba pu\u0161teno da su to brojevi telefona i da mi koordini\u0161eemo, da se kod nas primaju prijave za vre\u0107e, za sporna ta podru\u010dja, za potrebe za evakuaciju i sli\u010dno.<\/p>\n<p><strong>Mileti\u0107:<\/strong> Mislim, imali smo mi i kontakt sa civilnom za\u0161titom, ali oni nemaju nikakve informacije. Mi \u0161ta god smo poku\u0161ali doznati preko njih, nismo uspjeli, zato \u0161to oni nisu informisani.<\/p>\n<p><strong>Zdjelar:<\/strong> U kancelariji na\u0161oj je taj 185.<\/p>\n<p><strong>\u0160obot:<\/strong> A meni je izletio taj 188. I onda, &#8216;ajd&#8217;, nek&#8217; idu dva broja.<\/p>\n<p><strong>Zdjelar:<\/strong> Taj je preko puta, pa dijagonalno od na\u0161e kancelarije. Kre\u0107u zvoniti, to je petak, mo\u017eda oko jedan sat, koliko je bilo. Dobro je bilo dok su i ostali bili na poslu, dok je radno vrijeme. Me\u0111utim, poslije pola \u010detiri, onda smo mi u na\u0161oj kancelariji, otvorena su vrata, kad zvoni tamo, tr\u010di tamo.<\/p>\n<p><strong>Mileti\u0107:<\/strong> Nas dvojica ostajemo sami u kancelariji, tu gdje nam je 185. Zvoni tamo, ja idem, ka\u017eem, molim vas, zovite 185, po\u0161to su nam tu sve bazne informacije. Pa sa opet javljam i na 185, isto ja. \/smijeh\/ Tu su nam i evidencije i sve, rokovnici. Da samo poku\u0161amo 188 ukinuti. On \/\u0160obot\/ je rekao to gre\u0161kom, taj 188.<\/p>\n<p><strong>Zdjelar:<\/strong> U subotu, u 4 ujutru, \u010dovjek zove, iz Banjaluke je, mislim Karanovac. Zove na 188. Ja pre\u0161ao tamo, javim se, ka\u017ee, kakvo je stanje, je li prohodna cesta za Novi Grad, treba on ujutro krenuti za Biha\u0107. \u0160ta re\u0107i \u010dovjeku. Ne znam. Na\u0161 je broj telefona. Narod je razumio da mi imamo sve informacije. A nemamo.<\/p>\n<p><strong>Mileti\u0107:<\/strong> Pu\u0161teno je da su ta dva broja nesretna, da su, mislim, izvor informacija, stvarno. Mi smo gledali da pomognemo ljudima u tim situacijama. Ti brojevi su bili, &#8216;aj&#8217;mo re\u0107, aktivni za te poplavljene, kome treba vre\u0107a, kome evakuacija, a na kraju je taj broj ostao, evo, i do dan-danas. Narod je bio i korektan i nekorektan. Bilo je ljudi koji su informacije tra\u017eili, koliko \u0107e padavine trajati, koji je vodostaj Sane sad, koji je vodostaj Gomjenice, a mi u kancelariji. Pa, ka\u017ee, gospo\u0111o, pratite vijesti. Da ubla\u017eim situaciju.<\/p>\n<p><strong>Zdjelar:<\/strong> Najvi\u0161e poziva bilo da li imamo \u010dizme. Zvali su prvo civilnu za\u0161titu, pa nas. I, \u0161to je najgore, civilna za\u0161tita nije zaustavila, nije rekla da nemaju \u010dizme nego zovite 185. I nama ka\u017eu onda, kako nemate \u010dizme.<\/p>\n<p><strong>Mileti\u0107:<\/strong> Imali smo \/ime sugra\u0111anina\/. Vikend naselje, penzioner, \u017eena nepokretna. I on je zvao konstantno. Ja se javljam konstantno. Da, na 185. Ka\u017ee, meni trebaju vre\u0107e. Mi po\u0161aljemo. Poslije pet minuta zove, ka\u017ee, ho\u0107e li te vre\u0107e ikako. I onda krene. Tre\u0107i put je ve\u0107 nervoza, psuje. Ja sam smiren, korektan, razumijem i njegovu situaciju. Na kraju, treba ga evakuisati, a on ne\u0107e. Po\u0161aljemo vatrogasce, on ih vrati. Na kraju do\u0161li do na\u010delnika, upoznali i njega i gradona\u010delnika sa slu\u010dajem, oni \/starje\u0161inu TVSJ Neboj\u0161u\/ Milju\u0161a i bila prisilna evakuacija.<\/p>\n<p><strong>Zdjelar:<\/strong> Dobro je bilo dok je bio dan. I taj narod bio smireniji. Kako je padala no\u0107, petak na subotu, kad je voda krenula u Tukovima, onda je krenula panika. Osjeti se to, na tim pozivima.<\/p>\n<p><strong>Mileti\u0107:<\/strong> Kad ne\u0161to ne znamo, nismo sigurni, zovnemo da li na\u0161eg na\u010delnika, da li civilnu za\u0161titu, da li vatrogasce, da li elektri\u010dno i onda pozovemo mi ljude koji su nas to ne\u0161to pitali. Vra\u0107amo informaciju ljudima da bi jednostavno smirili tu dozu panike kod njih. Jer najgore je \u0161to su ti ljudi ve\u0107 pro\u017eivjeli te poplave i onda&#8230; Dosta njih je bilo, &#8216;aj&#8217;mo re\u0107i, spremno na neke stvari, me\u0111utim, ovaj<br \/>\nput ka\u017eu da je nivo vode bio ve\u0107i i da je bilo te\u017ee.<\/p>\n<p><a href=\"https:\/\/www.prijedordanas.com\/wp-content\/uploads\/2025\/05\/dejan-zdjelar.jpg\"><img loading=\"lazy\" decoding=\"async\" class=\"alignleft size-medium wp-image-247764\" src=\"https:\/\/www.prijedordanas.com\/wp-content\/uploads\/2025\/05\/dejan-zdjelar-300x225.jpg\" alt=\"\" width=\"300\" height=\"225\" srcset=\"https:\/\/www.prijedordanas.com\/wp-content\/uploads\/2025\/05\/dejan-zdjelar-300x225.jpg 300w, https:\/\/www.prijedordanas.com\/wp-content\/uploads\/2025\/05\/dejan-zdjelar-640x480.jpg 640w, https:\/\/www.prijedordanas.com\/wp-content\/uploads\/2025\/05\/dejan-zdjelar.jpg 667w\" sizes=\"(max-width: 300px) 100vw, 300px\" \/><\/a><strong>Zdjelar:<\/strong> Znate \u0161ta. Mi premalo uva\u017eavamo te ljude na terenu, starosjedioce koji tu \u017eive, oni savr\u0161eno dobro poznaju Sanu, Gomjenicu, znaju kako rijeka di\u0161e. I nas su ljudi zvali, na primjer, \u010dovjek ka\u017ee, probi\u0107e vam tu i tu voda, zna \u010dovjek, ona tu uvijek mora probiti. Ili zove \u010dovjek iz Tukova, ka\u017ee, d\u017eabe pravite nasip, u Tode \u0160vraki\u0107a, do\u0107e nam iza, i ona je do\u0161la iza, u\u0111e i vra\u0107a se. Ja sam pokazivao na\u010delniku i gradona\u010delniku po danu, \/ime i prezime\/ iz Bronzanog Majdana stavlja objavu, Gomjenica je ta, sa Manja\u010de i od manastira poharala Majdan, i napisao, neka se pripreme Omarska i Prijedor. I onda, po\u0161to sam ja iz Omarske, svi su ljudi govorili, taj stric moj, svi ljudi koji imaju ozbiljnih godina, da nikad nisu zapamtili ve\u0107u Gomjenicu ispod rudnika i to.<\/p>\n<p><strong>Mileti\u0107:<\/strong> Bilo je poziva, ne znam, bio je jedan iz Gomjenice \/ime\/. Kao da je \u0161ef civilne za\u0161tite. Daj mi vre\u0107e tu, ovamo mi treba kamion, dajte mi jedan bager ovamo, tamo probija, ovdje zavr\u0161avam, \u0161alji ljude. Pa onda pita jeste li tamo gotovi, \u0161ta je sa ovim, \u0161ta je sa onim, znate li da ovdje treba da se brani. Ka\u017ee, evo, branimo mi, evo, nasip je, dobro je sve, on nama javlja, &#8216;ej, sve uredno. Reko&#8217;, nema \u0161ta, \/ime\/, svaka \u010dast\u201c Tako da bilo je i smije\u0161nih situacija.<\/p>\n<p><strong>Zdjelar:<\/strong> I mi smo imali isto poziva, ali ne\u0161to \u0161to smo za sebe tra\u017eili. Zvali Boji\u0107a, kada smo naru\u010divali sebi \u0107evape. \/smijeh\/ I zvali za ovaj aparat da se napuni, jer smo sve pojeli. \/smijeh\/ Bude zauzeto, ljudi misle mi ne\u0107emo da se javimo, a ovamo pri\u010da\u0161. Bilo je sigurno deset poziva za vodostaj. Mi nemamo podatak osim na sajtu \/a\u017eurira se na svakih sat vremena\/. A da civilna za\u0161tita radi kako<br \/>\ntreba, oni bi imali podatak i trenutni i tendencije.<\/p>\n<p><strong>Mileti\u0107:<\/strong> Mene je zvala \u017eena, mo\u017eda oko pola 12 no\u0107u. Kakva je situacija na terenu, ja govorim, pitam jeste li ugro\u017eeni, ka\u017ee, kako misli\u0161, pa, od vode, je l&#8217; blizu. Ka\u017ee, gospdine dragi, ja sam na Pe\u0107anima, na tre\u0107em spratu, ja zovem samo da \u010dujem informacije. Ka\u017eem, gospo\u0111o, vi sad nekome uskra\u0107ujete mogu\u0107nost da nas dobije, kome treba mo\u017eda pomo\u0107 ili tako ne\u0161to. Ka\u017ee, ne, ne, samo ja da vidim \u0161ta ima, kako je.<\/p>\n<p><strong>Zdjelar:<\/strong> Ja sam do\u0161ao raditi u aprilu 2019. U maju su ve\u0107 bile poplave, isto ozbiljne poplave. Onda u maju 2022. bio je Topolik i dio Vrbica poplavljen. Ispla\u0107ivali neku \u0161tetu, 140.000 KM, ovima ovoliko, onima onoliko. A u decembru 2022. su se ponovile opet poplave i opet Topolik i Vrbice i tad smo ispla\u0107ivali, imali kriterijum, samo dnevni boravak i spava\u0107e sobe. Ni\u0161ta ostave, ni\u0161ta hodnici. Odredili platne razrede, ja sam radio to sam, brzo zavr\u0161eno, ba\u0161 brzo i\u0161lo. Ali dugo se \u010dekala isplata. Bilo 200.000 KM iz Fonda solidarnosti, ali se \u010dekalo godinu dana. Kad je bila odluka Skup\u0161tine, isplatili smo u roku od dva-tri dana. I sad, petak ve\u010de, nazovem \/ime i prezime\/. Znam te ljude napamet \/imena i prezimena\/ iz Topolika. To je dio preko kru\u017enog prelaza, on su uvijek bili pod vodom. Jedan, \/ime i prezime\/, dolazio milion puta. I \/ime i prezime\/ isto. Dolazili, raspitivali se kad \u0107e isplata, \u010dekali, \u010dekali, \u010dekali. I sad tog jednog nazovem, da pitam kakvo je stanje. Ka\u017ee, kod njih suvo. Zna\u010di, Milo\u0161evica nije uop\u0161te napravila nikakav problem. Prvi put je da su oni izbjegli te poplave. To je onaj put kad se krene za Orlovce, pre\u0111e se pruga pa onaj lijevi dio, najni\u017ei, Topolika. Savska ulica, Petrovaradinska. To sve napamet znamo.<\/p>\n<p><strong>Mileti\u0107:<\/strong> Jesmo \/izdr\u017eali da ne budu drski\/. Bilo je s druge strane sva\u0161ta. I gdje su nam psovali i majke i sve. U trenutnoj situaciji, kako su se na\u0161li, bili su nervozni ljudi, jednostavno iz njih je sva\u0161ta izlazilo. Istina je da nismo obu\u010deni, ali jesmo spremni. Bila je neka atmosfera izme\u0111u nas tu u odjeljenju&#8230; Jednostavno, nama je bilo bitno da pomognemo tom narodu u tom trenutku.<\/p>\n<p><strong>Zdjelar:<\/strong> Osje\u0107a\u0161 da mo\u017ee\u0161 pomo\u0107i nekome. Pa te to dr\u017ei.<\/p>\n<p><strong>Mileti\u0107:<\/strong> Narod je nervozan. Ve\u0107 tre\u0107i put im u deset godina ulazi voda, a onda je te\u0161ko.<\/p>\n<p><strong>Zdjelar:<\/strong> Na primjer, vatrogasci evakui\u0161u ljude i onda zovu nas, gdje \u0107emo s njima. Mi ne znamo. Na\u010delnik poku\u0161ava dogovoriti hotel. Hotel tra\u017ei mejlom potvrdu. Ovaj ra\u010dunar ne radi. Tamo nemamo \u0161ifru. Da ne \u0161aljemo sa svojih mejlova, ko smo mi. Onda sa Brankovog uspijemo. Poslije zove jedan koji je smje\u0161ten u hotel. Jedan je no\u0107u. Mo\u017ee li mu neko donijeti ne\u0161to za jelo.<\/p>\n<p><a href=\"https:\/\/www.prijedordanas.com\/wp-content\/uploads\/2025\/05\/igor-miletic.jpg\"><img loading=\"lazy\" decoding=\"async\" src=\"https:\/\/www.prijedordanas.com\/wp-content\/uploads\/2025\/05\/igor-miletic-300x225.jpg\" alt=\"\" width=\"300\" height=\"225\" class=\"alignleft size-medium wp-image-247765\" srcset=\"https:\/\/www.prijedordanas.com\/wp-content\/uploads\/2025\/05\/igor-miletic-300x225.jpg 300w, https:\/\/www.prijedordanas.com\/wp-content\/uploads\/2025\/05\/igor-miletic-640x480.jpg 640w, https:\/\/www.prijedordanas.com\/wp-content\/uploads\/2025\/05\/igor-miletic.jpg 667w\" sizes=\"(max-width: 300px) 100vw, 300px\" \/><\/a><strong>Mileti\u0107:<\/strong> Bilo je da komunalci vi\u0161e ne mogu svojim kamionima pri\u0107i, pa je i\u0161ao Marjanovi\u0107 svojim visokim kamionima. U komunalnom su u jednom trenutku oko dva no\u0107i stali, nisu vi\u0161e imali materijala. A dotad, kolega s kojim smo gore bili u kontaktu, ka\u017ee ja vi\u0161e ne zna ni kome sam \u0161ta poslao niti za \u0161ta dobio poruku.<\/p>\n<p><strong>Zdjelar:<\/strong> Zove \u010dovjek, ka\u017ee, \u0161ta je ovo, \u0161ta se ovdje radi, Marjanovi\u0107 \u0161titi svoje skladi\u0161te, ovo, ono. I onda isti zove, nakon dva sata, izvinite, ka\u017ee, eno u njega balvani plutaju po krugu, ka\u017ee, eno njega metar i po pod vodom.<\/p>\n<p><strong>Mileti\u0107:<\/strong> Zvale su nas i farme, Pa\u0111en Petrov Gaj, Rasavci Babi\u0107 i \u0160kundri\u0107. Ajoj, ne znam stvarno, mi smo to u jednom periodu pisali, jer evo brojeva rednih, na kraju smo prestali pisati. Neke nismo stigli, a neki su nas i nasmijali. \u017dena zove, iz Omarske, mi, kontaju\u0107i da je neko iz Jeli\u0107ke gore ili Mari\u0107ke, da je poplavljeno, ka\u017ee ona, ja sam ovdje, ako zna\u0161, ka\u017ee, gdje je Grand kafi\u0107 u Omarskoj, ja, onako, pa kako je do vas do\u0161la voda. Ka\u017ee, nije do\u0161la voda, ja samo da vidim \u0161ta ima.<\/p>\n<p><strong>Mileti\u0107:<\/strong> Da, bilo je poziva, \u0161to on ka\u017ee, gdje ljudi zovu, izvinjavaju nam se.<\/p>\n<p><strong>Zdjelar:<\/strong> Preko nas je 3.000 vre\u0107a oti\u0161lo. Komunalno puni vre\u0107e sporo, a Marjanovi\u0107 ima onaj mikser. Pa onda kad \u0107e biti isklju\u010dena struja, pa \u0161to se ne isklju\u010duje, voda raste. Pa, je li pitka voda. U kratkom roku saop\u0161tava se da jeste, pa da nije. Bilo je poziva gdje je na\u0161 amarok iritirao ljude. \u010covjek nazove, \u010demu se vi\u0161e vozaju ovuda, pro\u0111u, naprave val, val ide ka ku\u0107i. Nemojte vi\u0161e da prolaze. Pa zove policija, javljaju gdje je sve obustavljen saobra\u0107aj. I poslije sve se nastavilo na isti broj. I za dostavu Crvenog krsta i za kabasti otpad i za dezinfekciju i za ispumpavanje i za isu\u0161ivanje i za komisije. Klizi\u0161ta, putevi, mostovi. \/pokazuje u rokovniku\/ A sada ovo. \/procjena \u0161tete, prigovori na iznose, dodatna dokumentacija za dokazivanje vlasni\u0161tva\/ To u po\u010detku najgore je bilo koliko ima bolesnog svijeta. Pa nazove pita \u0161ta \u0107u ja, ja imam bolesno dijete. I tako. A sad, moj utisak je da ima puno \/administrativno\/ nepismenih. Najbitnije je da smo toliko \u010disto sve odradili i da nismo imali nikakvu namjeru ikoga o\u0161tetiti. Gdje smo god mogli, ako smo mogli, mi smo pomogli.<\/p>\n<p><strong>Mileti\u0107:<\/strong> Gore nam je ovo sad.<\/p>\n<p><strong>\u0160obot:<\/strong> Ja nisam vidio spisak do ujutro u srijedu, pred Skup\u0161tinu. Evo, oni znaju, ja nikom se ni u jedan spisak nisam, nisam koga pitao koliko je ovaj, zna\u010di, evo i svjedoka. Nikom nisam do\u0161ao i pitao koliko je, ima li Katarine Pani\u0107 na spisku, koliko je njeno. Znao sam \u0161ta \u0107e biti. To je neizbje\u017eno, ovo \u0161to se de\u0161ava sad. Prigovor ne mo\u017ee\u0161 ulagati na skup\u0161tinsku odluku, a ni na kom\u0161iju. Kad dobije\u0161 zaklju\u010dak, prigovor mo\u017ee\u0161 podnijeti za sebe. Kad ulo\u017ei\u0161 prigovor, a mi sve i jedan imamo upakovan, evo, ovako, i zapisnik i sve ima. Kad ga ponovo raspakujemo, mo\u017eda je neko u plus oti\u0161ao, mo\u017eda je stvarno stanje manje.<\/p>\n<p><strong>\u0160obot:<\/strong> Podijelili smo zone odgovornosti. Na primjer, Marjanovi\u0107 je dr\u017eao Ra\u0161kovac i Gomjenicu, u Tode \u0160vraki\u0107a su pomagali i Marjanovi\u0107 i Prijedorputevi, Unijat je branio Bi\u0161\u0107ane i Stari grad, Mi\u0107anac dolje gdje je svadbeni salon Kne\u017eevi\u0107.<\/p>\n<p><strong>Zdjelar:<\/strong> I onda ostajemo to popodne, ve\u010de i \u010ditavu no\u0107, do pet u subotu u zoru. Ujutro oko pola pet dolaze negdje s terena, on \/\u0160obot\/, gradona\u010delnik, \/Miroslav\/ Krneta i Branko \/\u0160vraka\/. I sjedamo tamo malo na portirnicu i onda nam ka\u017eu, &#8216;aj&#8217;te vas dvojica ku\u0107i, Branko ka\u017ee ja \u0107u ostati, Branko ostaje, a on je i dotad bio malo kod nas malo s njima na terenu.<\/p>\n<p><strong>\u0160obot:<\/strong> I ti organizuje\u0161 koliko tura, koliko kamiona \u0107e se osloboditi ovamo, mora\u0161 dobiti informaciju, koliko \u0107e izdr\u017eati sa ovim, jer mi imamo \u0161ta imamo. Ovamo zovu, probija, jo\u0161 pet minuta, mo\u017eemo izdr\u017eati pet centimetara i tako. Pa, punjenje vre\u0107a, koordinacija, ovi potro\u0161ili vre\u0107e, vozi tamo, koliko ima kod koga, ukupno smo 10.000 isporu\u010dili. Uglavnom, ja sam u pola \u0161est iza\u0161ao, u petak, pokupio gradona\u010delnika i kre\u0107emo. Amarok je kru\u017eio od jednog do drugog punkta, sve znamo \u0161ta i kako ide, gdje je voda, sve po terenu, samo nemamo vremena sa svima pri\u010dati, ostajati sa ljudima. U pola pet sutra ujutro smo do\u0161li ovdje. Njih dvojicu poslali ku\u0107i, a Branko je rekao ja \u0107u izdr\u017eati dok ne do\u0111e \u0110uro \/Umi\u010devi\u0107\/ ili jo\u0161 ko. I mi se dogovorimo, idemo samo malo u kancelariju, gradona\u010dnik u svoj kabinet. Ja sam ovdje, izuvam se, ovako ruke na sto, glavu spustim, samo malo da se smirim, jer tada je ve\u0107 bilo gotovo. Probilo je u Tukovima, okolo, desilo se \u0161ta se desilo. Meni telefon zvoni, ja pogledam, mene majka zove. Sa\u0161a, evo vode, preko ceste ide, dolazi ku\u0107i da di\u017eemo stvari.<\/p>\n<p>Razgovarala: <strong>Katarina Pani\u0107<\/strong> \u2013 <a href=\"https:\/\/www.prijedordanas.com\" target=\"_blank\" rel=\"noopener noreferrer\">www.prijedordanas.com<\/a><\/p>\n","protected":false},"excerpt":{"rendered":"<p>Aleksandar \u0160obot: Par dana prije toga ja sam se \u010duo s Radenkom Crnogorcem i pitao ga za koli\u010dine. Kakvo je stanje s koli\u010dinama materijala i on je rekao, mi smo [&hellip;]<\/p>\n","protected":false},"author":1,"featured_media":0,"comment_status":"closed","ping_status":"open","sticky":false,"template":"","format":"standard","meta":{"_monsterinsights_skip_tracking":false,"_monsterinsights_sitenote_active":false,"_monsterinsights_sitenote_note":"","_monsterinsights_sitenote_category":0,"footnotes":""},"categories":[4],"tags":[],"yoast_head":"<!-- This site is optimized with the Yoast SEO plugin v21.6 - https:\/\/yoast.com\/wordpress\/plugins\/seo\/ -->\n<title>Pogled iz prizemlja Gradske uprave: Zva\u0107u be-en - PrijedorDanas.com - Prijedorski gradski portal<\/title>\n<meta name=\"robots\" content=\"index, follow, max-snippet:-1, max-image-preview:large, max-video-preview:-1\" \/>\n<link rel=\"canonical\" href=\"https:\/\/www.prijedordanas.com\/?p=247760\" \/>\n<meta property=\"og:locale\" content=\"en_US\" \/>\n<meta property=\"og:type\" content=\"article\" \/>\n<meta property=\"og:title\" content=\"Pogled iz prizemlja Gradske uprave: Zva\u0107u be-en - PrijedorDanas.com - Prijedorski gradski portal\" \/>\n<meta property=\"og:description\" content=\"Aleksandar \u0160obot: Par dana prije toga ja sam se \u010duo s Radenkom Crnogorcem i pitao ga za koli\u010dine. Kakvo je stanje s koli\u010dinama materijala i on je rekao, mi smo [&hellip;]\" \/>\n<meta property=\"og:url\" content=\"https:\/\/www.prijedordanas.com\/?p=247760\" \/>\n<meta property=\"og:site_name\" content=\"PrijedorDanas.com - Prijedorski gradski portal\" \/>\n<meta property=\"article:publisher\" content=\"https:\/\/www.facebook.com\/PrijedorDanasCom\/\" \/>\n<meta property=\"article:published_time\" content=\"2025-05-24T05:48:45+00:00\" \/>\n<meta property=\"article:modified_time\" content=\"2025-05-24T05:53:28+00:00\" \/>\n<meta property=\"og:image\" content=\"https:\/\/www.prijedordanas.com\/wp-content\/uploads\/2025\/05\/zdjelar-miletic-300x225.jpg\" \/>\n<meta name=\"author\" content=\"admin\" \/>\n<meta name=\"twitter:card\" content=\"summary_large_image\" \/>\n<meta name=\"twitter:label1\" content=\"Written by\" \/>\n\t<meta name=\"twitter:data1\" content=\"admin\" \/>\n\t<meta name=\"twitter:label2\" content=\"Est. reading time\" \/>\n\t<meta name=\"twitter:data2\" content=\"14 minutes\" \/>\n<script type=\"application\/ld+json\" class=\"yoast-schema-graph\">{\"@context\":\"https:\/\/schema.org\",\"@graph\":[{\"@type\":\"Article\",\"@id\":\"https:\/\/www.prijedordanas.com\/?p=247760#article\",\"isPartOf\":{\"@id\":\"https:\/\/www.prijedordanas.com\/?p=247760\"},\"author\":{\"name\":\"admin\",\"@id\":\"https:\/\/www.prijedordanas.com\/#\/schema\/person\/4e08ccf29b506ca916ff86d46bb700e6\"},\"headline\":\"Pogled iz prizemlja Gradske uprave: Zva\u0107u be-en\",\"datePublished\":\"2025-05-24T05:48:45+00:00\",\"dateModified\":\"2025-05-24T05:53:28+00:00\",\"mainEntityOfPage\":{\"@id\":\"https:\/\/www.prijedordanas.com\/?p=247760\"},\"wordCount\":3156,\"publisher\":{\"@id\":\"https:\/\/www.prijedordanas.com\/#organization\"},\"articleSection\":[\"Dru\u0161tvo\"],\"inLanguage\":\"en-US\"},{\"@type\":\"WebPage\",\"@id\":\"https:\/\/www.prijedordanas.com\/?p=247760\",\"url\":\"https:\/\/www.prijedordanas.com\/?p=247760\",\"name\":\"Pogled iz prizemlja Gradske uprave: Zva\u0107u be-en - PrijedorDanas.com - Prijedorski gradski portal\",\"isPartOf\":{\"@id\":\"https:\/\/www.prijedordanas.com\/#website\"},\"datePublished\":\"2025-05-24T05:48:45+00:00\",\"dateModified\":\"2025-05-24T05:53:28+00:00\",\"breadcrumb\":{\"@id\":\"https:\/\/www.prijedordanas.com\/?p=247760#breadcrumb\"},\"inLanguage\":\"en-US\",\"potentialAction\":[{\"@type\":\"ReadAction\",\"target\":[\"https:\/\/www.prijedordanas.com\/?p=247760\"]}]},{\"@type\":\"BreadcrumbList\",\"@id\":\"https:\/\/www.prijedordanas.com\/?p=247760#breadcrumb\",\"itemListElement\":[{\"@type\":\"ListItem\",\"position\":1,\"name\":\"Home\",\"item\":\"https:\/\/www.prijedordanas.com\/\"},{\"@type\":\"ListItem\",\"position\":2,\"name\":\"Pogled iz prizemlja Gradske uprave: Zva\u0107u be-en\"}]},{\"@type\":\"WebSite\",\"@id\":\"https:\/\/www.prijedordanas.com\/#website\",\"url\":\"https:\/\/www.prijedordanas.com\/\",\"name\":\"PrijedorDanas.com - Prijedorski gradski portal\",\"description\":\"Portal o doga\u0111anjima u gradu Prijedoru\",\"publisher\":{\"@id\":\"https:\/\/www.prijedordanas.com\/#organization\"},\"potentialAction\":[{\"@type\":\"SearchAction\",\"target\":{\"@type\":\"EntryPoint\",\"urlTemplate\":\"https:\/\/www.prijedordanas.com\/?s={search_term_string}\"},\"query-input\":\"required name=search_term_string\"}],\"inLanguage\":\"en-US\"},{\"@type\":\"Organization\",\"@id\":\"https:\/\/www.prijedordanas.com\/#organization\",\"name\":\"PrijedorDanas.com\",\"url\":\"https:\/\/www.prijedordanas.com\/\",\"logo\":{\"@type\":\"ImageObject\",\"inLanguage\":\"en-US\",\"@id\":\"https:\/\/www.prijedordanas.com\/#\/schema\/logo\/image\/\",\"url\":\"http:\/\/www.prijedordanas.com\/wp-content\/uploads\/2021\/12\/logopng.png\",\"contentUrl\":\"http:\/\/www.prijedordanas.com\/wp-content\/uploads\/2021\/12\/logopng.png\",\"width\":1019,\"height\":776,\"caption\":\"PrijedorDanas.com\"},\"image\":{\"@id\":\"https:\/\/www.prijedordanas.com\/#\/schema\/logo\/image\/\"},\"sameAs\":[\"https:\/\/www.facebook.com\/PrijedorDanasCom\/\"]},{\"@type\":\"Person\",\"@id\":\"https:\/\/www.prijedordanas.com\/#\/schema\/person\/4e08ccf29b506ca916ff86d46bb700e6\",\"name\":\"admin\",\"image\":{\"@type\":\"ImageObject\",\"inLanguage\":\"en-US\",\"@id\":\"https:\/\/www.prijedordanas.com\/#\/schema\/person\/image\/\",\"url\":\"https:\/\/secure.gravatar.com\/avatar\/1d3fc949d550f0b53a5f0d51e06dfd79?s=96&d=mm&r=g\",\"contentUrl\":\"https:\/\/secure.gravatar.com\/avatar\/1d3fc949d550f0b53a5f0d51e06dfd79?s=96&d=mm&r=g\",\"caption\":\"admin\"},\"url\":\"https:\/\/www.prijedordanas.com\/?author=1\"}]}<\/script>\n<!-- \/ Yoast SEO plugin. -->","yoast_head_json":{"title":"Pogled iz prizemlja Gradske uprave: Zva\u0107u be-en - PrijedorDanas.com - Prijedorski gradski portal","robots":{"index":"index","follow":"follow","max-snippet":"max-snippet:-1","max-image-preview":"max-image-preview:large","max-video-preview":"max-video-preview:-1"},"canonical":"https:\/\/www.prijedordanas.com\/?p=247760","og_locale":"en_US","og_type":"article","og_title":"Pogled iz prizemlja Gradske uprave: Zva\u0107u be-en - PrijedorDanas.com - Prijedorski gradski portal","og_description":"Aleksandar \u0160obot: Par dana prije toga ja sam se \u010duo s Radenkom Crnogorcem i pitao ga za koli\u010dine. Kakvo je stanje s koli\u010dinama materijala i on je rekao, mi smo [&hellip;]","og_url":"https:\/\/www.prijedordanas.com\/?p=247760","og_site_name":"PrijedorDanas.com - Prijedorski gradski portal","article_publisher":"https:\/\/www.facebook.com\/PrijedorDanasCom\/","article_published_time":"2025-05-24T05:48:45+00:00","article_modified_time":"2025-05-24T05:53:28+00:00","og_image":[{"url":"https:\/\/www.prijedordanas.com\/wp-content\/uploads\/2025\/05\/zdjelar-miletic-300x225.jpg"}],"author":"admin","twitter_card":"summary_large_image","twitter_misc":{"Written by":"admin","Est. reading time":"14 minutes"},"schema":{"@context":"https:\/\/schema.org","@graph":[{"@type":"Article","@id":"https:\/\/www.prijedordanas.com\/?p=247760#article","isPartOf":{"@id":"https:\/\/www.prijedordanas.com\/?p=247760"},"author":{"name":"admin","@id":"https:\/\/www.prijedordanas.com\/#\/schema\/person\/4e08ccf29b506ca916ff86d46bb700e6"},"headline":"Pogled iz prizemlja Gradske uprave: Zva\u0107u be-en","datePublished":"2025-05-24T05:48:45+00:00","dateModified":"2025-05-24T05:53:28+00:00","mainEntityOfPage":{"@id":"https:\/\/www.prijedordanas.com\/?p=247760"},"wordCount":3156,"publisher":{"@id":"https:\/\/www.prijedordanas.com\/#organization"},"articleSection":["Dru\u0161tvo"],"inLanguage":"en-US"},{"@type":"WebPage","@id":"https:\/\/www.prijedordanas.com\/?p=247760","url":"https:\/\/www.prijedordanas.com\/?p=247760","name":"Pogled iz prizemlja Gradske uprave: Zva\u0107u be-en - PrijedorDanas.com - Prijedorski gradski portal","isPartOf":{"@id":"https:\/\/www.prijedordanas.com\/#website"},"datePublished":"2025-05-24T05:48:45+00:00","dateModified":"2025-05-24T05:53:28+00:00","breadcrumb":{"@id":"https:\/\/www.prijedordanas.com\/?p=247760#breadcrumb"},"inLanguage":"en-US","potentialAction":[{"@type":"ReadAction","target":["https:\/\/www.prijedordanas.com\/?p=247760"]}]},{"@type":"BreadcrumbList","@id":"https:\/\/www.prijedordanas.com\/?p=247760#breadcrumb","itemListElement":[{"@type":"ListItem","position":1,"name":"Home","item":"https:\/\/www.prijedordanas.com\/"},{"@type":"ListItem","position":2,"name":"Pogled iz prizemlja Gradske uprave: Zva\u0107u be-en"}]},{"@type":"WebSite","@id":"https:\/\/www.prijedordanas.com\/#website","url":"https:\/\/www.prijedordanas.com\/","name":"PrijedorDanas.com - Prijedorski gradski portal","description":"Portal o doga\u0111anjima u gradu Prijedoru","publisher":{"@id":"https:\/\/www.prijedordanas.com\/#organization"},"potentialAction":[{"@type":"SearchAction","target":{"@type":"EntryPoint","urlTemplate":"https:\/\/www.prijedordanas.com\/?s={search_term_string}"},"query-input":"required name=search_term_string"}],"inLanguage":"en-US"},{"@type":"Organization","@id":"https:\/\/www.prijedordanas.com\/#organization","name":"PrijedorDanas.com","url":"https:\/\/www.prijedordanas.com\/","logo":{"@type":"ImageObject","inLanguage":"en-US","@id":"https:\/\/www.prijedordanas.com\/#\/schema\/logo\/image\/","url":"http:\/\/www.prijedordanas.com\/wp-content\/uploads\/2021\/12\/logopng.png","contentUrl":"http:\/\/www.prijedordanas.com\/wp-content\/uploads\/2021\/12\/logopng.png","width":1019,"height":776,"caption":"PrijedorDanas.com"},"image":{"@id":"https:\/\/www.prijedordanas.com\/#\/schema\/logo\/image\/"},"sameAs":["https:\/\/www.facebook.com\/PrijedorDanasCom\/"]},{"@type":"Person","@id":"https:\/\/www.prijedordanas.com\/#\/schema\/person\/4e08ccf29b506ca916ff86d46bb700e6","name":"admin","image":{"@type":"ImageObject","inLanguage":"en-US","@id":"https:\/\/www.prijedordanas.com\/#\/schema\/person\/image\/","url":"https:\/\/secure.gravatar.com\/avatar\/1d3fc949d550f0b53a5f0d51e06dfd79?s=96&d=mm&r=g","contentUrl":"https:\/\/secure.gravatar.com\/avatar\/1d3fc949d550f0b53a5f0d51e06dfd79?s=96&d=mm&r=g","caption":"admin"},"url":"https:\/\/www.prijedordanas.com\/?author=1"}]}},"_links":{"self":[{"href":"https:\/\/www.prijedordanas.com\/index.php?rest_route=\/wp\/v2\/posts\/247760"}],"collection":[{"href":"https:\/\/www.prijedordanas.com\/index.php?rest_route=\/wp\/v2\/posts"}],"about":[{"href":"https:\/\/www.prijedordanas.com\/index.php?rest_route=\/wp\/v2\/types\/post"}],"author":[{"embeddable":true,"href":"https:\/\/www.prijedordanas.com\/index.php?rest_route=\/wp\/v2\/users\/1"}],"replies":[{"embeddable":true,"href":"https:\/\/www.prijedordanas.com\/index.php?rest_route=%2Fwp%2Fv2%2Fcomments&post=247760"}],"version-history":[{"count":4,"href":"https:\/\/www.prijedordanas.com\/index.php?rest_route=\/wp\/v2\/posts\/247760\/revisions"}],"predecessor-version":[{"id":247767,"href":"https:\/\/www.prijedordanas.com\/index.php?rest_route=\/wp\/v2\/posts\/247760\/revisions\/247767"}],"wp:attachment":[{"href":"https:\/\/www.prijedordanas.com\/index.php?rest_route=%2Fwp%2Fv2%2Fmedia&parent=247760"}],"wp:term":[{"taxonomy":"category","embeddable":true,"href":"https:\/\/www.prijedordanas.com\/index.php?rest_route=%2Fwp%2Fv2%2Fcategories&post=247760"},{"taxonomy":"post_tag","embeddable":true,"href":"https:\/\/www.prijedordanas.com\/index.php?rest_route=%2Fwp%2Fv2%2Ftags&post=247760"}],"curies":[{"name":"wp","href":"https:\/\/api.w.org\/{rel}","templated":true}]}}