{"id":247554,"date":"2025-05-21T13:39:01","date_gmt":"2025-05-21T11:39:01","guid":{"rendered":"https:\/\/www.prijedordanas.com\/?p=247554"},"modified":"2025-05-21T13:39:01","modified_gmt":"2025-05-21T11:39:01","slug":"pocinju-radovi-na-prosirenju-vodovodne-mreze-veliko-palanciste-u-dijelu-naselja-crna-dolina-foto","status":"publish","type":"post","link":"https:\/\/www.prijedordanas.com\/?p=247554","title":{"rendered":"Po\u010dinju radovi na pro\u0161irenju vodovodne mre\u017ee Veliko Palan\u010di\u0161te u dijelu naselja Crna Dolina &#8211; FOTO"},"content":{"rendered":"<p><a href=\"https:\/\/www.prijedordanas.com\/wp-content\/uploads\/2025\/05\/crna-dolina-vodovod-pocetak-radova-maj2025-3.jpg\"><img loading=\"lazy\" decoding=\"async\" class=\"alignleft size-medium wp-image-247555\" src=\"https:\/\/www.prijedordanas.com\/wp-content\/uploads\/2025\/05\/crna-dolina-vodovod-pocetak-radova-maj2025-3-300x225.jpg\" alt=\"\" width=\"300\" height=\"225\" srcset=\"https:\/\/www.prijedordanas.com\/wp-content\/uploads\/2025\/05\/crna-dolina-vodovod-pocetak-radova-maj2025-3-300x225.jpg 300w, https:\/\/www.prijedordanas.com\/wp-content\/uploads\/2025\/05\/crna-dolina-vodovod-pocetak-radova-maj2025-3-640x480.jpg 640w, https:\/\/www.prijedordanas.com\/wp-content\/uploads\/2025\/05\/crna-dolina-vodovod-pocetak-radova-maj2025-3.jpg 667w\" sizes=\"(max-width: 300px) 100vw, 300px\" \/><\/a>Zahvaljuju\u0107i ovoj fazi projekta vodu \u0107e dobiti 48 doma\u0107instava u vi\u0161e zaselaka u naselju Crna Dolina. Ukupna du\u017eina vodovodne mre\u017ee koja \u0107e biti izgra\u0111ena je 2.186 metara. Zahvaljuju\u0107i ovom projektu bi\u0107e rije\u0161en jedan od najve\u0107ih problema s kojima je bilo suo\u010deno stanovni\u0161tvo.<\/p>\n<p>Grad Prijedor obezbijedio je finansijska sredstva za zavr\u0161etak ovog projekta u iznosu od od 158.757,69 KM s PDV-om.<\/p>\n<p>&#8220;Jedan od problema ovog stanovni\u0161tva je to \u0161to nisu imali dovoljne koli\u010dine vode za pi\u0107e. Gradona\u010delnik je insistirao da se hitno uradi projekat koji je Vodovod uradio za cjelokupno naselje Crna Dolina, i interventno smo izdvojili prvu fazu za zavr\u0161etak vodosnabdijevanja za 48 doma\u0107instava na ovom potezu. U ovom trenutku ispunjeni su svi zakonski preduslovi za uvo\u0111enje izvo\u0111a\u010da u posao i nismo \u010dekali. Bez obzira na lo\u0161e vrijeme, odlu\u010dili smo da se \u0161to prije u\u0111e u pripremne radove za izgradnju. O\u010dekujemo da \u0107e izvo\u0111a\u010d ispo\u0161tovati rokove gradnje, i da \u0107e sve biti zavr\u0161eno po predvi\u0111enim standardima kvaliteta&#8221;, istakao je v.d. na\u010delnika gradskog Odjeljenja za saobra\u0107aj, komunalne poslove i za\u0161titz \u017eivotne sredine i imovinsko-prave poslove Aleksandar \u0160obot.<\/p>\n<p><a href=\"https:\/\/www.prijedordanas.com\/wp-content\/uploads\/2025\/05\/crna-dolina-vodovod-pocetak-radova-maj2025-1.jpg\"><img loading=\"lazy\" decoding=\"async\" class=\"alignleft size-medium wp-image-247556\" src=\"https:\/\/www.prijedordanas.com\/wp-content\/uploads\/2025\/05\/crna-dolina-vodovod-pocetak-radova-maj2025-1-300x225.jpg\" alt=\"\" width=\"300\" height=\"225\" srcset=\"https:\/\/www.prijedordanas.com\/wp-content\/uploads\/2025\/05\/crna-dolina-vodovod-pocetak-radova-maj2025-1-300x225.jpg 300w, https:\/\/www.prijedordanas.com\/wp-content\/uploads\/2025\/05\/crna-dolina-vodovod-pocetak-radova-maj2025-1-640x480.jpg 640w, https:\/\/www.prijedordanas.com\/wp-content\/uploads\/2025\/05\/crna-dolina-vodovod-pocetak-radova-maj2025-1.jpg 667w\" sizes=\"(max-width: 300px) 100vw, 300px\" \/><\/a>Rije\u010d je o izgradnji vodovodnog sistema smje\u0161tenog na lijevoj strani magostralnog puta Prijedor &#8211; Kozarska Dubica u naselju Bukova Kosa i dijelom Crna Dolina, gdje \u0107e biti izgra\u0111eno oko 2.200 matara vodovodne mre\u017ee na koju \u0107e biti priklju\u010deno oko 50 doma\u0107instava, istakao je direktor Vodovoda Prijedor, Dragoslav Kabi\u0107<\/p>\n<p>&#8220;Doma\u0107instva \u0107e se javiti u Vodovod Prijedor gdje \u0107e dobiti tehni\u010dka rje\u0161enja za priklju\u010dak, nakon \u010dega \u0107emo zajedni\u010dkim snagama isporu\u010diti vodu u njihova doma\u0107instva&#8221;, dodao je Kabi\u0107.<\/p>\n<p>Za mje\u0161tane ovog dijela grada izgradnja vodovodne mre\u017ee je od velikog zna\u010daja, istakao je Miroslav Curi\u0107, predsjednik Savjeta mjesne zajednice Palan\u010di\u0161te.<\/p>\n<p><a href=\"https:\/\/www.prijedordanas.com\/wp-content\/uploads\/2025\/05\/crna-dolina-vodovod-pocetak-radova-maj2025-2.jpg\"><img loading=\"lazy\" decoding=\"async\" src=\"https:\/\/www.prijedordanas.com\/wp-content\/uploads\/2025\/05\/crna-dolina-vodovod-pocetak-radova-maj2025-2-300x225.jpg\" alt=\"\" width=\"300\" height=\"225\" class=\"alignleft size-medium wp-image-247557\" srcset=\"https:\/\/www.prijedordanas.com\/wp-content\/uploads\/2025\/05\/crna-dolina-vodovod-pocetak-radova-maj2025-2-300x225.jpg 300w, https:\/\/www.prijedordanas.com\/wp-content\/uploads\/2025\/05\/crna-dolina-vodovod-pocetak-radova-maj2025-2-640x480.jpg 640w, https:\/\/www.prijedordanas.com\/wp-content\/uploads\/2025\/05\/crna-dolina-vodovod-pocetak-radova-maj2025-2.jpg 667w\" sizes=\"(max-width: 300px) 100vw, 300px\" \/><\/a>&#8220;Ovo je za stanovni\u0161tvo od neprocjenjivog zna\u010daja. Svjesni smo da je svijet suo\u010den s problemom nedostatka pitke vode, a mi taj problem osje\u0107amo sigurno deset godina, a mo\u017eda i du\u017ee. Ovo rje\u0161enje je prona\u0111eno zahvalju\u0107i razmijevanju i saradnji s Gradskom upravom, a pogotovo s Gradona\u010delnikom Prijedora Slobodanom Javorom i nadam se da \u0107e ovaj problem napokon biti rije\u0161en&#8221;, zaklju\u010dio je Curi\u0107.<\/p>\n<p>Izvo\u0111a\u010d radova je preduze\u0107e &#8220;Unijat-M&#8221; d.o.o. Prijedor, a za nadzor je zadu\u017een Zavod za izgradnju Grada Prijedora. Rok za zavr\u0161etak radova je 6 mjeseci.<\/p>\n<p>U toku je i realizacija projekta &#8220;Izgradnja vodovodne mre\u017ee u naseljima Veliko Palan\u010di\u0161te, Stari Vo\u0107njak i Kavani\u0161te&#8221;.<\/p>\n<p>Izvo\u0111a\u010d radova je &#8220;Hidro-kop&#8221; d.o.o. Banjaluka, za \u010diju realizaciju je Grad Prijedor obezbijedio sredstva u iznosu oko 3.400.000 KM.<\/p>\n<p><a href=\"https:\/\/prijedorgrad.org\/sr-EU\/vijesti-sadrzaj.html?vid=22044\" target=\"_blank\" rel=\"noopener\">prijedorgrad.org<\/a><\/p>\n<p><a href=\"https:\/\/www.prijedordanas.com\/wp-content\/uploads\/2025\/05\/crna-dolina-vodovod-pocetak-radova-maj2025-4.jpg\"><img loading=\"lazy\" decoding=\"async\" src=\"https:\/\/www.prijedordanas.com\/wp-content\/uploads\/2025\/05\/crna-dolina-vodovod-pocetak-radova-maj2025-4-300x200.jpg\" alt=\"\" width=\"300\" height=\"200\" class=\"alignleft size-medium wp-image-247558\" srcset=\"https:\/\/www.prijedordanas.com\/wp-content\/uploads\/2025\/05\/crna-dolina-vodovod-pocetak-radova-maj2025-4-300x200.jpg 300w, https:\/\/www.prijedordanas.com\/wp-content\/uploads\/2025\/05\/crna-dolina-vodovod-pocetak-radova-maj2025-4-480x320.jpg 480w, https:\/\/www.prijedordanas.com\/wp-content\/uploads\/2025\/05\/crna-dolina-vodovod-pocetak-radova-maj2025-4.jpg 600w\" sizes=\"(max-width: 300px) 100vw, 300px\" \/><\/a> <a href=\"https:\/\/www.prijedordanas.com\/wp-content\/uploads\/2025\/05\/crna-dolina-vodovod-pocetak-radova-maj2025-5.jpg\"><img loading=\"lazy\" decoding=\"async\" src=\"https:\/\/www.prijedordanas.com\/wp-content\/uploads\/2025\/05\/crna-dolina-vodovod-pocetak-radova-maj2025-5-300x200.jpg\" alt=\"\" width=\"300\" height=\"200\" class=\"alignleft size-medium wp-image-247559\" srcset=\"https:\/\/www.prijedordanas.com\/wp-content\/uploads\/2025\/05\/crna-dolina-vodovod-pocetak-radova-maj2025-5-300x200.jpg 300w, https:\/\/www.prijedordanas.com\/wp-content\/uploads\/2025\/05\/crna-dolina-vodovod-pocetak-radova-maj2025-5-480x320.jpg 480w, https:\/\/www.prijedordanas.com\/wp-content\/uploads\/2025\/05\/crna-dolina-vodovod-pocetak-radova-maj2025-5.jpg 600w\" sizes=\"(max-width: 300px) 100vw, 300px\" \/><\/a> <a href=\"https:\/\/www.prijedordanas.com\/wp-content\/uploads\/2025\/05\/crna-dolina-vodovod-pocetak-radova-maj2025-6.jpg\"><img loading=\"lazy\" decoding=\"async\" src=\"https:\/\/www.prijedordanas.com\/wp-content\/uploads\/2025\/05\/crna-dolina-vodovod-pocetak-radova-maj2025-6-300x200.jpg\" alt=\"\" width=\"300\" height=\"200\" class=\"alignleft size-medium wp-image-247560\" srcset=\"https:\/\/www.prijedordanas.com\/wp-content\/uploads\/2025\/05\/crna-dolina-vodovod-pocetak-radova-maj2025-6-300x200.jpg 300w, https:\/\/www.prijedordanas.com\/wp-content\/uploads\/2025\/05\/crna-dolina-vodovod-pocetak-radova-maj2025-6-480x320.jpg 480w, https:\/\/www.prijedordanas.com\/wp-content\/uploads\/2025\/05\/crna-dolina-vodovod-pocetak-radova-maj2025-6.jpg 600w\" sizes=\"(max-width: 300px) 100vw, 300px\" \/><\/a> <a href=\"https:\/\/www.prijedordanas.com\/wp-content\/uploads\/2025\/05\/crna-dolina-vodovod-pocetak-radova-maj2025-7.jpg\"><img loading=\"lazy\" decoding=\"async\" src=\"https:\/\/www.prijedordanas.com\/wp-content\/uploads\/2025\/05\/crna-dolina-vodovod-pocetak-radova-maj2025-7-300x200.jpg\" alt=\"\" width=\"300\" height=\"200\" class=\"alignleft size-medium wp-image-247561\" srcset=\"https:\/\/www.prijedordanas.com\/wp-content\/uploads\/2025\/05\/crna-dolina-vodovod-pocetak-radova-maj2025-7-300x200.jpg 300w, https:\/\/www.prijedordanas.com\/wp-content\/uploads\/2025\/05\/crna-dolina-vodovod-pocetak-radova-maj2025-7-480x320.jpg 480w, https:\/\/www.prijedordanas.com\/wp-content\/uploads\/2025\/05\/crna-dolina-vodovod-pocetak-radova-maj2025-7.jpg 600w\" sizes=\"(max-width: 300px) 100vw, 300px\" \/><\/a> <a href=\"https:\/\/www.prijedordanas.com\/wp-content\/uploads\/2025\/05\/crna-dolina-vodovod-pocetak-radova-maj2025-8.jpg\"><img loading=\"lazy\" decoding=\"async\" src=\"https:\/\/www.prijedordanas.com\/wp-content\/uploads\/2025\/05\/crna-dolina-vodovod-pocetak-radova-maj2025-8-300x200.jpg\" alt=\"\" width=\"300\" height=\"200\" class=\"alignleft size-medium wp-image-247562\" srcset=\"https:\/\/www.prijedordanas.com\/wp-content\/uploads\/2025\/05\/crna-dolina-vodovod-pocetak-radova-maj2025-8-300x200.jpg 300w, https:\/\/www.prijedordanas.com\/wp-content\/uploads\/2025\/05\/crna-dolina-vodovod-pocetak-radova-maj2025-8-480x320.jpg 480w, https:\/\/www.prijedordanas.com\/wp-content\/uploads\/2025\/05\/crna-dolina-vodovod-pocetak-radova-maj2025-8.jpg 600w\" sizes=\"(max-width: 300px) 100vw, 300px\" \/><\/a> <a href=\"https:\/\/www.prijedordanas.com\/wp-content\/uploads\/2025\/05\/crna-dolina-vodovod-pocetak-radova-maj2025-9.jpg\"><img loading=\"lazy\" decoding=\"async\" src=\"https:\/\/www.prijedordanas.com\/wp-content\/uploads\/2025\/05\/crna-dolina-vodovod-pocetak-radova-maj2025-9-300x200.jpg\" alt=\"\" width=\"300\" height=\"200\" class=\"alignleft size-medium wp-image-247563\" srcset=\"https:\/\/www.prijedordanas.com\/wp-content\/uploads\/2025\/05\/crna-dolina-vodovod-pocetak-radova-maj2025-9-300x200.jpg 300w, https:\/\/www.prijedordanas.com\/wp-content\/uploads\/2025\/05\/crna-dolina-vodovod-pocetak-radova-maj2025-9-480x320.jpg 480w, https:\/\/www.prijedordanas.com\/wp-content\/uploads\/2025\/05\/crna-dolina-vodovod-pocetak-radova-maj2025-9.jpg 600w\" sizes=\"(max-width: 300px) 100vw, 300px\" \/><\/a><\/p>\n","protected":false},"excerpt":{"rendered":"<p>Zahvaljuju\u0107i ovoj fazi projekta vodu \u0107e dobiti 48 doma\u0107instava u vi\u0161e zaselaka u naselju Crna Dolina. Ukupna du\u017eina vodovodne mre\u017ee koja \u0107e biti izgra\u0111ena je 2.186 metara. Zahvaljuju\u0107i ovom projektu [&hellip;]<\/p>\n","protected":false},"author":1,"featured_media":0,"comment_status":"closed","ping_status":"open","sticky":false,"template":"","format":"standard","meta":{"_monsterinsights_skip_tracking":false,"_monsterinsights_sitenote_active":false,"_monsterinsights_sitenote_note":"","_monsterinsights_sitenote_category":0,"footnotes":""},"categories":[4],"tags":[],"yoast_head":"<!-- This site is optimized with the Yoast SEO plugin v21.6 - https:\/\/yoast.com\/wordpress\/plugins\/seo\/ -->\n<title>Po\u010dinju radovi na pro\u0161irenju vodovodne mre\u017ee Veliko Palan\u010di\u0161te u dijelu naselja Crna Dolina - FOTO - PrijedorDanas.com - Prijedorski gradski portal<\/title>\n<meta name=\"robots\" content=\"index, follow, max-snippet:-1, max-image-preview:large, max-video-preview:-1\" \/>\n<link rel=\"canonical\" href=\"https:\/\/www.prijedordanas.com\/?p=247554\" \/>\n<meta property=\"og:locale\" content=\"en_US\" \/>\n<meta property=\"og:type\" content=\"article\" \/>\n<meta property=\"og:title\" content=\"Po\u010dinju radovi na pro\u0161irenju vodovodne mre\u017ee Veliko Palan\u010di\u0161te u dijelu naselja Crna Dolina - FOTO - PrijedorDanas.com - Prijedorski gradski portal\" \/>\n<meta property=\"og:description\" content=\"Zahvaljuju\u0107i ovoj fazi projekta vodu \u0107e dobiti 48 doma\u0107instava u vi\u0161e zaselaka u naselju Crna Dolina. Ukupna du\u017eina vodovodne mre\u017ee koja \u0107e biti izgra\u0111ena je 2.186 metara. Zahvaljuju\u0107i ovom projektu [&hellip;]\" \/>\n<meta property=\"og:url\" content=\"https:\/\/www.prijedordanas.com\/?p=247554\" \/>\n<meta property=\"og:site_name\" content=\"PrijedorDanas.com - Prijedorski gradski portal\" \/>\n<meta property=\"article:publisher\" content=\"https:\/\/www.facebook.com\/PrijedorDanasCom\/\" \/>\n<meta property=\"article:published_time\" content=\"2025-05-21T11:39:01+00:00\" \/>\n<meta property=\"og:image\" content=\"https:\/\/www.prijedordanas.com\/wp-content\/uploads\/2025\/05\/crna-dolina-vodovod-pocetak-radova-maj2025-3-300x225.jpg\" \/>\n<meta name=\"author\" content=\"admin\" \/>\n<meta name=\"twitter:card\" content=\"summary_large_image\" \/>\n<meta name=\"twitter:label1\" content=\"Written by\" \/>\n\t<meta name=\"twitter:data1\" content=\"admin\" \/>\n\t<meta name=\"twitter:label2\" content=\"Est. reading time\" \/>\n\t<meta name=\"twitter:data2\" content=\"3 minutes\" \/>\n<script type=\"application\/ld+json\" class=\"yoast-schema-graph\">{\"@context\":\"https:\/\/schema.org\",\"@graph\":[{\"@type\":\"Article\",\"@id\":\"https:\/\/www.prijedordanas.com\/?p=247554#article\",\"isPartOf\":{\"@id\":\"https:\/\/www.prijedordanas.com\/?p=247554\"},\"author\":{\"name\":\"admin\",\"@id\":\"https:\/\/www.prijedordanas.com\/#\/schema\/person\/4e08ccf29b506ca916ff86d46bb700e6\"},\"headline\":\"Po\u010dinju radovi na pro\u0161irenju vodovodne mre\u017ee Veliko Palan\u010di\u0161te u dijelu naselja Crna Dolina &#8211; FOTO\",\"datePublished\":\"2025-05-21T11:39:01+00:00\",\"dateModified\":\"2025-05-21T11:39:01+00:00\",\"mainEntityOfPage\":{\"@id\":\"https:\/\/www.prijedordanas.com\/?p=247554\"},\"wordCount\":484,\"publisher\":{\"@id\":\"https:\/\/www.prijedordanas.com\/#organization\"},\"articleSection\":[\"Dru\u0161tvo\"],\"inLanguage\":\"en-US\"},{\"@type\":\"WebPage\",\"@id\":\"https:\/\/www.prijedordanas.com\/?p=247554\",\"url\":\"https:\/\/www.prijedordanas.com\/?p=247554\",\"name\":\"Po\u010dinju radovi na pro\u0161irenju vodovodne mre\u017ee Veliko Palan\u010di\u0161te u dijelu naselja Crna Dolina - FOTO - PrijedorDanas.com - Prijedorski gradski portal\",\"isPartOf\":{\"@id\":\"https:\/\/www.prijedordanas.com\/#website\"},\"datePublished\":\"2025-05-21T11:39:01+00:00\",\"dateModified\":\"2025-05-21T11:39:01+00:00\",\"breadcrumb\":{\"@id\":\"https:\/\/www.prijedordanas.com\/?p=247554#breadcrumb\"},\"inLanguage\":\"en-US\",\"potentialAction\":[{\"@type\":\"ReadAction\",\"target\":[\"https:\/\/www.prijedordanas.com\/?p=247554\"]}]},{\"@type\":\"BreadcrumbList\",\"@id\":\"https:\/\/www.prijedordanas.com\/?p=247554#breadcrumb\",\"itemListElement\":[{\"@type\":\"ListItem\",\"position\":1,\"name\":\"Home\",\"item\":\"https:\/\/www.prijedordanas.com\/\"},{\"@type\":\"ListItem\",\"position\":2,\"name\":\"Po\u010dinju radovi na pro\u0161irenju vodovodne mre\u017ee Veliko Palan\u010di\u0161te u dijelu naselja Crna Dolina &#8211; FOTO\"}]},{\"@type\":\"WebSite\",\"@id\":\"https:\/\/www.prijedordanas.com\/#website\",\"url\":\"https:\/\/www.prijedordanas.com\/\",\"name\":\"PrijedorDanas.com - Prijedorski gradski portal\",\"description\":\"Portal o doga\u0111anjima u gradu Prijedoru\",\"publisher\":{\"@id\":\"https:\/\/www.prijedordanas.com\/#organization\"},\"potentialAction\":[{\"@type\":\"SearchAction\",\"target\":{\"@type\":\"EntryPoint\",\"urlTemplate\":\"https:\/\/www.prijedordanas.com\/?s={search_term_string}\"},\"query-input\":\"required name=search_term_string\"}],\"inLanguage\":\"en-US\"},{\"@type\":\"Organization\",\"@id\":\"https:\/\/www.prijedordanas.com\/#organization\",\"name\":\"PrijedorDanas.com\",\"url\":\"https:\/\/www.prijedordanas.com\/\",\"logo\":{\"@type\":\"ImageObject\",\"inLanguage\":\"en-US\",\"@id\":\"https:\/\/www.prijedordanas.com\/#\/schema\/logo\/image\/\",\"url\":\"http:\/\/www.prijedordanas.com\/wp-content\/uploads\/2021\/12\/logopng.png\",\"contentUrl\":\"http:\/\/www.prijedordanas.com\/wp-content\/uploads\/2021\/12\/logopng.png\",\"width\":1019,\"height\":776,\"caption\":\"PrijedorDanas.com\"},\"image\":{\"@id\":\"https:\/\/www.prijedordanas.com\/#\/schema\/logo\/image\/\"},\"sameAs\":[\"https:\/\/www.facebook.com\/PrijedorDanasCom\/\"]},{\"@type\":\"Person\",\"@id\":\"https:\/\/www.prijedordanas.com\/#\/schema\/person\/4e08ccf29b506ca916ff86d46bb700e6\",\"name\":\"admin\",\"image\":{\"@type\":\"ImageObject\",\"inLanguage\":\"en-US\",\"@id\":\"https:\/\/www.prijedordanas.com\/#\/schema\/person\/image\/\",\"url\":\"https:\/\/secure.gravatar.com\/avatar\/1d3fc949d550f0b53a5f0d51e06dfd79?s=96&d=mm&r=g\",\"contentUrl\":\"https:\/\/secure.gravatar.com\/avatar\/1d3fc949d550f0b53a5f0d51e06dfd79?s=96&d=mm&r=g\",\"caption\":\"admin\"},\"url\":\"https:\/\/www.prijedordanas.com\/?author=1\"}]}<\/script>\n<!-- \/ Yoast SEO plugin. -->","yoast_head_json":{"title":"Po\u010dinju radovi na pro\u0161irenju vodovodne mre\u017ee Veliko Palan\u010di\u0161te u dijelu naselja Crna Dolina - FOTO - PrijedorDanas.com - Prijedorski gradski portal","robots":{"index":"index","follow":"follow","max-snippet":"max-snippet:-1","max-image-preview":"max-image-preview:large","max-video-preview":"max-video-preview:-1"},"canonical":"https:\/\/www.prijedordanas.com\/?p=247554","og_locale":"en_US","og_type":"article","og_title":"Po\u010dinju radovi na pro\u0161irenju vodovodne mre\u017ee Veliko Palan\u010di\u0161te u dijelu naselja Crna Dolina - FOTO - PrijedorDanas.com - Prijedorski gradski portal","og_description":"Zahvaljuju\u0107i ovoj fazi projekta vodu \u0107e dobiti 48 doma\u0107instava u vi\u0161e zaselaka u naselju Crna Dolina. Ukupna du\u017eina vodovodne mre\u017ee koja \u0107e biti izgra\u0111ena je 2.186 metara. Zahvaljuju\u0107i ovom projektu [&hellip;]","og_url":"https:\/\/www.prijedordanas.com\/?p=247554","og_site_name":"PrijedorDanas.com - Prijedorski gradski portal","article_publisher":"https:\/\/www.facebook.com\/PrijedorDanasCom\/","article_published_time":"2025-05-21T11:39:01+00:00","og_image":[{"url":"https:\/\/www.prijedordanas.com\/wp-content\/uploads\/2025\/05\/crna-dolina-vodovod-pocetak-radova-maj2025-3-300x225.jpg"}],"author":"admin","twitter_card":"summary_large_image","twitter_misc":{"Written by":"admin","Est. reading time":"3 minutes"},"schema":{"@context":"https:\/\/schema.org","@graph":[{"@type":"Article","@id":"https:\/\/www.prijedordanas.com\/?p=247554#article","isPartOf":{"@id":"https:\/\/www.prijedordanas.com\/?p=247554"},"author":{"name":"admin","@id":"https:\/\/www.prijedordanas.com\/#\/schema\/person\/4e08ccf29b506ca916ff86d46bb700e6"},"headline":"Po\u010dinju radovi na pro\u0161irenju vodovodne mre\u017ee Veliko Palan\u010di\u0161te u dijelu naselja Crna Dolina &#8211; FOTO","datePublished":"2025-05-21T11:39:01+00:00","dateModified":"2025-05-21T11:39:01+00:00","mainEntityOfPage":{"@id":"https:\/\/www.prijedordanas.com\/?p=247554"},"wordCount":484,"publisher":{"@id":"https:\/\/www.prijedordanas.com\/#organization"},"articleSection":["Dru\u0161tvo"],"inLanguage":"en-US"},{"@type":"WebPage","@id":"https:\/\/www.prijedordanas.com\/?p=247554","url":"https:\/\/www.prijedordanas.com\/?p=247554","name":"Po\u010dinju radovi na pro\u0161irenju vodovodne mre\u017ee Veliko Palan\u010di\u0161te u dijelu naselja Crna Dolina - FOTO - PrijedorDanas.com - Prijedorski gradski portal","isPartOf":{"@id":"https:\/\/www.prijedordanas.com\/#website"},"datePublished":"2025-05-21T11:39:01+00:00","dateModified":"2025-05-21T11:39:01+00:00","breadcrumb":{"@id":"https:\/\/www.prijedordanas.com\/?p=247554#breadcrumb"},"inLanguage":"en-US","potentialAction":[{"@type":"ReadAction","target":["https:\/\/www.prijedordanas.com\/?p=247554"]}]},{"@type":"BreadcrumbList","@id":"https:\/\/www.prijedordanas.com\/?p=247554#breadcrumb","itemListElement":[{"@type":"ListItem","position":1,"name":"Home","item":"https:\/\/www.prijedordanas.com\/"},{"@type":"ListItem","position":2,"name":"Po\u010dinju radovi na pro\u0161irenju vodovodne mre\u017ee Veliko Palan\u010di\u0161te u dijelu naselja Crna Dolina &#8211; FOTO"}]},{"@type":"WebSite","@id":"https:\/\/www.prijedordanas.com\/#website","url":"https:\/\/www.prijedordanas.com\/","name":"PrijedorDanas.com - Prijedorski gradski portal","description":"Portal o doga\u0111anjima u gradu Prijedoru","publisher":{"@id":"https:\/\/www.prijedordanas.com\/#organization"},"potentialAction":[{"@type":"SearchAction","target":{"@type":"EntryPoint","urlTemplate":"https:\/\/www.prijedordanas.com\/?s={search_term_string}"},"query-input":"required name=search_term_string"}],"inLanguage":"en-US"},{"@type":"Organization","@id":"https:\/\/www.prijedordanas.com\/#organization","name":"PrijedorDanas.com","url":"https:\/\/www.prijedordanas.com\/","logo":{"@type":"ImageObject","inLanguage":"en-US","@id":"https:\/\/www.prijedordanas.com\/#\/schema\/logo\/image\/","url":"http:\/\/www.prijedordanas.com\/wp-content\/uploads\/2021\/12\/logopng.png","contentUrl":"http:\/\/www.prijedordanas.com\/wp-content\/uploads\/2021\/12\/logopng.png","width":1019,"height":776,"caption":"PrijedorDanas.com"},"image":{"@id":"https:\/\/www.prijedordanas.com\/#\/schema\/logo\/image\/"},"sameAs":["https:\/\/www.facebook.com\/PrijedorDanasCom\/"]},{"@type":"Person","@id":"https:\/\/www.prijedordanas.com\/#\/schema\/person\/4e08ccf29b506ca916ff86d46bb700e6","name":"admin","image":{"@type":"ImageObject","inLanguage":"en-US","@id":"https:\/\/www.prijedordanas.com\/#\/schema\/person\/image\/","url":"https:\/\/secure.gravatar.com\/avatar\/1d3fc949d550f0b53a5f0d51e06dfd79?s=96&d=mm&r=g","contentUrl":"https:\/\/secure.gravatar.com\/avatar\/1d3fc949d550f0b53a5f0d51e06dfd79?s=96&d=mm&r=g","caption":"admin"},"url":"https:\/\/www.prijedordanas.com\/?author=1"}]}},"_links":{"self":[{"href":"https:\/\/www.prijedordanas.com\/index.php?rest_route=\/wp\/v2\/posts\/247554"}],"collection":[{"href":"https:\/\/www.prijedordanas.com\/index.php?rest_route=\/wp\/v2\/posts"}],"about":[{"href":"https:\/\/www.prijedordanas.com\/index.php?rest_route=\/wp\/v2\/types\/post"}],"author":[{"embeddable":true,"href":"https:\/\/www.prijedordanas.com\/index.php?rest_route=\/wp\/v2\/users\/1"}],"replies":[{"embeddable":true,"href":"https:\/\/www.prijedordanas.com\/index.php?rest_route=%2Fwp%2Fv2%2Fcomments&post=247554"}],"version-history":[{"count":1,"href":"https:\/\/www.prijedordanas.com\/index.php?rest_route=\/wp\/v2\/posts\/247554\/revisions"}],"predecessor-version":[{"id":247564,"href":"https:\/\/www.prijedordanas.com\/index.php?rest_route=\/wp\/v2\/posts\/247554\/revisions\/247564"}],"wp:attachment":[{"href":"https:\/\/www.prijedordanas.com\/index.php?rest_route=%2Fwp%2Fv2%2Fmedia&parent=247554"}],"wp:term":[{"taxonomy":"category","embeddable":true,"href":"https:\/\/www.prijedordanas.com\/index.php?rest_route=%2Fwp%2Fv2%2Fcategories&post=247554"},{"taxonomy":"post_tag","embeddable":true,"href":"https:\/\/www.prijedordanas.com\/index.php?rest_route=%2Fwp%2Fv2%2Ftags&post=247554"}],"curies":[{"name":"wp","href":"https:\/\/api.w.org\/{rel}","templated":true}]}}