{"id":247194,"date":"2025-05-16T08:24:27","date_gmt":"2025-05-16T06:24:27","guid":{"rendered":"https:\/\/www.prijedordanas.com\/?p=247194"},"modified":"2025-05-16T08:24:27","modified_gmt":"2025-05-16T06:24:27","slug":"prijedor-se-budi-danas-9-protest-ustanak-sa-opstanak","status":"publish","type":"post","link":"https:\/\/www.prijedordanas.com\/?p=247194","title":{"rendered":"&#8220;Prijedor se budi&#8221;: Danas 9. protest &#8220;Ustanak sa opstanak&#8221;"},"content":{"rendered":"<p><a href=\"https:\/\/www.prijedordanas.com\/wp-content\/uploads\/2025\/05\/ustanak-za-opstanak-plakat-16maj.jpg\"><img loading=\"lazy\" decoding=\"async\" src=\"https:\/\/www.prijedordanas.com\/wp-content\/uploads\/2025\/05\/ustanak-za-opstanak-plakat-16maj-208x300.jpg\" alt=\"\" width=\"208\" height=\"300\" class=\"alignleft size-medium wp-image-247195\" srcset=\"https:\/\/www.prijedordanas.com\/wp-content\/uploads\/2025\/05\/ustanak-za-opstanak-plakat-16maj-208x300.jpg 208w, https:\/\/www.prijedordanas.com\/wp-content\/uploads\/2025\/05\/ustanak-za-opstanak-plakat-16maj.jpg 450w\" sizes=\"(max-width: 208px) 100vw, 208px\" \/><\/a>Danas je dan grada na\u0161eg Prijedora i ba\u0161 zato \u0161to ga volimo, danas organizujemo 9. po redu &#8220;Ustanak za opstanak&#8221;!<\/p>\n<p>ZA\u0160TO IZA\u0106I NA PROTEST?<br \/>\nU medijskom prostoru kojim dominira propaganda, protesti postaju prostor istine. Oni pokre\u0107u teme koje ina\u010de niko ne smije da pomene. Samim pojavljivanjem na protestu doprinosimo vidljivosti problema koje vlast \u017eeli da sakrije.<\/p>\n<p>Promjena se ne\u0107e desiti odmah \u2014 i znali smo da \u0107e vlasti poku\u0161ati da nas ignori\u0161u. U dru\u0161tvu poput na\u0161eg, gdje su korupcija, nasilje nad prirodom i ljudima, te sistemska nepravda svakodnevica, promjene ne\u0107e do\u0107i odozgo, ve\u0107 odozdo \u2014 od naroda, sa ulice.<\/p>\n<p>I ne zaboravite: na\u0161a djeca nas danas gledaju i u\u010de da je mogu\u0107e re\u0107i NE i to je u ovom trenuku ono veliko \u0161to mo\u017eemo da im ponudimo!<\/p>\n<p>&#8220;Prijedor se budi&#8221;<\/p>\n","protected":false},"excerpt":{"rendered":"<p>Danas je dan grada na\u0161eg Prijedora i ba\u0161 zato \u0161to ga volimo, danas organizujemo 9. po redu &#8220;Ustanak za opstanak&#8221;! ZA\u0160TO IZA\u0106I NA PROTEST? U medijskom prostoru kojim dominira propaganda, [&hellip;]<\/p>\n","protected":false},"author":1,"featured_media":0,"comment_status":"closed","ping_status":"open","sticky":false,"template":"","format":"standard","meta":{"_monsterinsights_skip_tracking":false,"_monsterinsights_sitenote_active":false,"_monsterinsights_sitenote_note":"","_monsterinsights_sitenote_category":0,"footnotes":""},"categories":[4],"tags":[],"yoast_head":"<!-- This site is optimized with the Yoast SEO plugin v21.6 - https:\/\/yoast.com\/wordpress\/plugins\/seo\/ -->\n<title>&quot;Prijedor se budi&quot;: Danas 9. protest &quot;Ustanak sa opstanak&quot; - PrijedorDanas.com - Prijedorski gradski portal<\/title>\n<meta name=\"robots\" content=\"index, follow, max-snippet:-1, max-image-preview:large, max-video-preview:-1\" \/>\n<link rel=\"canonical\" href=\"https:\/\/www.prijedordanas.com\/?p=247194\" \/>\n<meta property=\"og:locale\" content=\"en_US\" \/>\n<meta property=\"og:type\" content=\"article\" \/>\n<meta property=\"og:title\" content=\"&quot;Prijedor se budi&quot;: Danas 9. protest &quot;Ustanak sa opstanak&quot; - PrijedorDanas.com - Prijedorski gradski portal\" \/>\n<meta property=\"og:description\" content=\"Danas je dan grada na\u0161eg Prijedora i ba\u0161 zato \u0161to ga volimo, danas organizujemo 9. po redu &#8220;Ustanak za opstanak&#8221;! ZA\u0160TO IZA\u0106I NA PROTEST? U medijskom prostoru kojim dominira propaganda, [&hellip;]\" \/>\n<meta property=\"og:url\" content=\"https:\/\/www.prijedordanas.com\/?p=247194\" \/>\n<meta property=\"og:site_name\" content=\"PrijedorDanas.com - Prijedorski gradski portal\" \/>\n<meta property=\"article:publisher\" content=\"https:\/\/www.facebook.com\/PrijedorDanasCom\/\" \/>\n<meta property=\"article:published_time\" content=\"2025-05-16T06:24:27+00:00\" \/>\n<meta property=\"og:image\" content=\"https:\/\/www.prijedordanas.com\/wp-content\/uploads\/2025\/05\/ustanak-za-opstanak-plakat-16maj-208x300.jpg\" \/>\n<meta name=\"author\" content=\"admin\" \/>\n<meta name=\"twitter:card\" content=\"summary_large_image\" \/>\n<meta name=\"twitter:label1\" content=\"Written by\" \/>\n\t<meta name=\"twitter:data1\" content=\"admin\" \/>\n<script type=\"application\/ld+json\" class=\"yoast-schema-graph\">{\"@context\":\"https:\/\/schema.org\",\"@graph\":[{\"@type\":\"Article\",\"@id\":\"https:\/\/www.prijedordanas.com\/?p=247194#article\",\"isPartOf\":{\"@id\":\"https:\/\/www.prijedordanas.com\/?p=247194\"},\"author\":{\"name\":\"admin\",\"@id\":\"https:\/\/www.prijedordanas.com\/#\/schema\/person\/4e08ccf29b506ca916ff86d46bb700e6\"},\"headline\":\"&#8220;Prijedor se budi&#8221;: Danas 9. protest &#8220;Ustanak sa opstanak&#8221;\",\"datePublished\":\"2025-05-16T06:24:27+00:00\",\"dateModified\":\"2025-05-16T06:24:27+00:00\",\"mainEntityOfPage\":{\"@id\":\"https:\/\/www.prijedordanas.com\/?p=247194\"},\"wordCount\":152,\"publisher\":{\"@id\":\"https:\/\/www.prijedordanas.com\/#organization\"},\"articleSection\":[\"Dru\u0161tvo\"],\"inLanguage\":\"en-US\"},{\"@type\":\"WebPage\",\"@id\":\"https:\/\/www.prijedordanas.com\/?p=247194\",\"url\":\"https:\/\/www.prijedordanas.com\/?p=247194\",\"name\":\"\\\"Prijedor se budi\\\": Danas 9. protest \\\"Ustanak sa opstanak\\\" - PrijedorDanas.com - Prijedorski gradski portal\",\"isPartOf\":{\"@id\":\"https:\/\/www.prijedordanas.com\/#website\"},\"datePublished\":\"2025-05-16T06:24:27+00:00\",\"dateModified\":\"2025-05-16T06:24:27+00:00\",\"breadcrumb\":{\"@id\":\"https:\/\/www.prijedordanas.com\/?p=247194#breadcrumb\"},\"inLanguage\":\"en-US\",\"potentialAction\":[{\"@type\":\"ReadAction\",\"target\":[\"https:\/\/www.prijedordanas.com\/?p=247194\"]}]},{\"@type\":\"BreadcrumbList\",\"@id\":\"https:\/\/www.prijedordanas.com\/?p=247194#breadcrumb\",\"itemListElement\":[{\"@type\":\"ListItem\",\"position\":1,\"name\":\"Home\",\"item\":\"https:\/\/www.prijedordanas.com\/\"},{\"@type\":\"ListItem\",\"position\":2,\"name\":\"&#8220;Prijedor se budi&#8221;: Danas 9. protest &#8220;Ustanak sa opstanak&#8221;\"}]},{\"@type\":\"WebSite\",\"@id\":\"https:\/\/www.prijedordanas.com\/#website\",\"url\":\"https:\/\/www.prijedordanas.com\/\",\"name\":\"PrijedorDanas.com - Prijedorski gradski portal\",\"description\":\"Portal o doga\u0111anjima u gradu Prijedoru\",\"publisher\":{\"@id\":\"https:\/\/www.prijedordanas.com\/#organization\"},\"potentialAction\":[{\"@type\":\"SearchAction\",\"target\":{\"@type\":\"EntryPoint\",\"urlTemplate\":\"https:\/\/www.prijedordanas.com\/?s={search_term_string}\"},\"query-input\":\"required name=search_term_string\"}],\"inLanguage\":\"en-US\"},{\"@type\":\"Organization\",\"@id\":\"https:\/\/www.prijedordanas.com\/#organization\",\"name\":\"PrijedorDanas.com\",\"url\":\"https:\/\/www.prijedordanas.com\/\",\"logo\":{\"@type\":\"ImageObject\",\"inLanguage\":\"en-US\",\"@id\":\"https:\/\/www.prijedordanas.com\/#\/schema\/logo\/image\/\",\"url\":\"http:\/\/www.prijedordanas.com\/wp-content\/uploads\/2021\/12\/logopng.png\",\"contentUrl\":\"http:\/\/www.prijedordanas.com\/wp-content\/uploads\/2021\/12\/logopng.png\",\"width\":1019,\"height\":776,\"caption\":\"PrijedorDanas.com\"},\"image\":{\"@id\":\"https:\/\/www.prijedordanas.com\/#\/schema\/logo\/image\/\"},\"sameAs\":[\"https:\/\/www.facebook.com\/PrijedorDanasCom\/\"]},{\"@type\":\"Person\",\"@id\":\"https:\/\/www.prijedordanas.com\/#\/schema\/person\/4e08ccf29b506ca916ff86d46bb700e6\",\"name\":\"admin\",\"image\":{\"@type\":\"ImageObject\",\"inLanguage\":\"en-US\",\"@id\":\"https:\/\/www.prijedordanas.com\/#\/schema\/person\/image\/\",\"url\":\"https:\/\/secure.gravatar.com\/avatar\/1d3fc949d550f0b53a5f0d51e06dfd79?s=96&d=mm&r=g\",\"contentUrl\":\"https:\/\/secure.gravatar.com\/avatar\/1d3fc949d550f0b53a5f0d51e06dfd79?s=96&d=mm&r=g\",\"caption\":\"admin\"},\"url\":\"https:\/\/www.prijedordanas.com\/?author=1\"}]}<\/script>\n<!-- \/ Yoast SEO plugin. -->","yoast_head_json":{"title":"\"Prijedor se budi\": Danas 9. protest \"Ustanak sa opstanak\" - PrijedorDanas.com - Prijedorski gradski portal","robots":{"index":"index","follow":"follow","max-snippet":"max-snippet:-1","max-image-preview":"max-image-preview:large","max-video-preview":"max-video-preview:-1"},"canonical":"https:\/\/www.prijedordanas.com\/?p=247194","og_locale":"en_US","og_type":"article","og_title":"\"Prijedor se budi\": Danas 9. protest \"Ustanak sa opstanak\" - PrijedorDanas.com - Prijedorski gradski portal","og_description":"Danas je dan grada na\u0161eg Prijedora i ba\u0161 zato \u0161to ga volimo, danas organizujemo 9. po redu &#8220;Ustanak za opstanak&#8221;! ZA\u0160TO IZA\u0106I NA PROTEST? U medijskom prostoru kojim dominira propaganda, [&hellip;]","og_url":"https:\/\/www.prijedordanas.com\/?p=247194","og_site_name":"PrijedorDanas.com - Prijedorski gradski portal","article_publisher":"https:\/\/www.facebook.com\/PrijedorDanasCom\/","article_published_time":"2025-05-16T06:24:27+00:00","og_image":[{"url":"https:\/\/www.prijedordanas.com\/wp-content\/uploads\/2025\/05\/ustanak-za-opstanak-plakat-16maj-208x300.jpg"}],"author":"admin","twitter_card":"summary_large_image","twitter_misc":{"Written by":"admin"},"schema":{"@context":"https:\/\/schema.org","@graph":[{"@type":"Article","@id":"https:\/\/www.prijedordanas.com\/?p=247194#article","isPartOf":{"@id":"https:\/\/www.prijedordanas.com\/?p=247194"},"author":{"name":"admin","@id":"https:\/\/www.prijedordanas.com\/#\/schema\/person\/4e08ccf29b506ca916ff86d46bb700e6"},"headline":"&#8220;Prijedor se budi&#8221;: Danas 9. protest &#8220;Ustanak sa opstanak&#8221;","datePublished":"2025-05-16T06:24:27+00:00","dateModified":"2025-05-16T06:24:27+00:00","mainEntityOfPage":{"@id":"https:\/\/www.prijedordanas.com\/?p=247194"},"wordCount":152,"publisher":{"@id":"https:\/\/www.prijedordanas.com\/#organization"},"articleSection":["Dru\u0161tvo"],"inLanguage":"en-US"},{"@type":"WebPage","@id":"https:\/\/www.prijedordanas.com\/?p=247194","url":"https:\/\/www.prijedordanas.com\/?p=247194","name":"\"Prijedor se budi\": Danas 9. protest \"Ustanak sa opstanak\" - PrijedorDanas.com - Prijedorski gradski portal","isPartOf":{"@id":"https:\/\/www.prijedordanas.com\/#website"},"datePublished":"2025-05-16T06:24:27+00:00","dateModified":"2025-05-16T06:24:27+00:00","breadcrumb":{"@id":"https:\/\/www.prijedordanas.com\/?p=247194#breadcrumb"},"inLanguage":"en-US","potentialAction":[{"@type":"ReadAction","target":["https:\/\/www.prijedordanas.com\/?p=247194"]}]},{"@type":"BreadcrumbList","@id":"https:\/\/www.prijedordanas.com\/?p=247194#breadcrumb","itemListElement":[{"@type":"ListItem","position":1,"name":"Home","item":"https:\/\/www.prijedordanas.com\/"},{"@type":"ListItem","position":2,"name":"&#8220;Prijedor se budi&#8221;: Danas 9. protest &#8220;Ustanak sa opstanak&#8221;"}]},{"@type":"WebSite","@id":"https:\/\/www.prijedordanas.com\/#website","url":"https:\/\/www.prijedordanas.com\/","name":"PrijedorDanas.com - Prijedorski gradski portal","description":"Portal o doga\u0111anjima u gradu Prijedoru","publisher":{"@id":"https:\/\/www.prijedordanas.com\/#organization"},"potentialAction":[{"@type":"SearchAction","target":{"@type":"EntryPoint","urlTemplate":"https:\/\/www.prijedordanas.com\/?s={search_term_string}"},"query-input":"required name=search_term_string"}],"inLanguage":"en-US"},{"@type":"Organization","@id":"https:\/\/www.prijedordanas.com\/#organization","name":"PrijedorDanas.com","url":"https:\/\/www.prijedordanas.com\/","logo":{"@type":"ImageObject","inLanguage":"en-US","@id":"https:\/\/www.prijedordanas.com\/#\/schema\/logo\/image\/","url":"http:\/\/www.prijedordanas.com\/wp-content\/uploads\/2021\/12\/logopng.png","contentUrl":"http:\/\/www.prijedordanas.com\/wp-content\/uploads\/2021\/12\/logopng.png","width":1019,"height":776,"caption":"PrijedorDanas.com"},"image":{"@id":"https:\/\/www.prijedordanas.com\/#\/schema\/logo\/image\/"},"sameAs":["https:\/\/www.facebook.com\/PrijedorDanasCom\/"]},{"@type":"Person","@id":"https:\/\/www.prijedordanas.com\/#\/schema\/person\/4e08ccf29b506ca916ff86d46bb700e6","name":"admin","image":{"@type":"ImageObject","inLanguage":"en-US","@id":"https:\/\/www.prijedordanas.com\/#\/schema\/person\/image\/","url":"https:\/\/secure.gravatar.com\/avatar\/1d3fc949d550f0b53a5f0d51e06dfd79?s=96&d=mm&r=g","contentUrl":"https:\/\/secure.gravatar.com\/avatar\/1d3fc949d550f0b53a5f0d51e06dfd79?s=96&d=mm&r=g","caption":"admin"},"url":"https:\/\/www.prijedordanas.com\/?author=1"}]}},"_links":{"self":[{"href":"https:\/\/www.prijedordanas.com\/index.php?rest_route=\/wp\/v2\/posts\/247194"}],"collection":[{"href":"https:\/\/www.prijedordanas.com\/index.php?rest_route=\/wp\/v2\/posts"}],"about":[{"href":"https:\/\/www.prijedordanas.com\/index.php?rest_route=\/wp\/v2\/types\/post"}],"author":[{"embeddable":true,"href":"https:\/\/www.prijedordanas.com\/index.php?rest_route=\/wp\/v2\/users\/1"}],"replies":[{"embeddable":true,"href":"https:\/\/www.prijedordanas.com\/index.php?rest_route=%2Fwp%2Fv2%2Fcomments&post=247194"}],"version-history":[{"count":1,"href":"https:\/\/www.prijedordanas.com\/index.php?rest_route=\/wp\/v2\/posts\/247194\/revisions"}],"predecessor-version":[{"id":247196,"href":"https:\/\/www.prijedordanas.com\/index.php?rest_route=\/wp\/v2\/posts\/247194\/revisions\/247196"}],"wp:attachment":[{"href":"https:\/\/www.prijedordanas.com\/index.php?rest_route=%2Fwp%2Fv2%2Fmedia&parent=247194"}],"wp:term":[{"taxonomy":"category","embeddable":true,"href":"https:\/\/www.prijedordanas.com\/index.php?rest_route=%2Fwp%2Fv2%2Fcategories&post=247194"},{"taxonomy":"post_tag","embeddable":true,"href":"https:\/\/www.prijedordanas.com\/index.php?rest_route=%2Fwp%2Fv2%2Ftags&post=247194"}],"curies":[{"name":"wp","href":"https:\/\/api.w.org\/{rel}","templated":true}]}}