{"id":247182,"date":"2025-05-15T19:25:58","date_gmt":"2025-05-15T17:25:58","guid":{"rendered":"https:\/\/www.prijedordanas.com\/?p=247182"},"modified":"2025-05-15T19:25:58","modified_gmt":"2025-05-15T17:25:58","slug":"prijedor-objavljena-odluka-o-nadoknadi-stete-poplavljenim-domacinstvima","status":"publish","type":"post","link":"https:\/\/www.prijedordanas.com\/?p=247182","title":{"rendered":"Prijedor: Objavljena odluka o nadoknadi \u0161tete poplavljenim doma\u0107instvima"},"content":{"rendered":"<p><a href=\"https:\/\/www.prijedordanas.com\/wp-content\/uploads\/2025\/05\/gradska-uprava-pd-maj2025-5.jpg\"><img loading=\"lazy\" decoding=\"async\" src=\"https:\/\/www.prijedordanas.com\/wp-content\/uploads\/2025\/05\/gradska-uprava-pd-maj2025-5-300x225.jpg\" alt=\"\" width=\"300\" height=\"225\" class=\"alignleft size-medium wp-image-247184\" srcset=\"https:\/\/www.prijedordanas.com\/wp-content\/uploads\/2025\/05\/gradska-uprava-pd-maj2025-5-300x225.jpg 300w, https:\/\/www.prijedordanas.com\/wp-content\/uploads\/2025\/05\/gradska-uprava-pd-maj2025-5-640x480.jpg 640w, https:\/\/www.prijedordanas.com\/wp-content\/uploads\/2025\/05\/gradska-uprava-pd-maj2025-5.jpg 667w\" sizes=\"(max-width: 300px) 100vw, 300px\" \/><\/a>Grad Prijedor objavio je danas Slu\u017ebeni glasnik sa odlukom da se za 962 poplavljena doma\u0107instva isplati 6.114.880 KM.<\/p>\n<p>Time od danas te\u010de rok od osam dana za stupanje na snagu ove odluke.<\/p>\n<p>Odluku je ju\u010de usvojila Skup\u0161tina grada.<\/p>\n<p>Vr\u0161ilac du\u017enosti na\u010delnika Odjeljenja za saobra\u0107aj, komunalne poslove i za\u0161titu \u017eivotne sredine i imovinsko-stambene poslove Aleksandar \u0160obot rekao je ju\u010de nakon sjednice da \u0107e se po stupanju na snagu odluke pristupiti izradi pojedina\u010dnih zaklju\u010daka za svako doma\u0107instvo.<\/p>\n<p>On je naglasio da ima gre\u0161aka u spisku, da ima duplanja, da \u0107e gra\u0111ani imati mogu\u0107nost prigovora i da \u0107e odluka biti dopunjena.<\/p>\n<p>Za nadoknadu \u0161tete od poplava u Prijedoru Fond solidarnosti Republike Srpske do sada je izdvojio 10 miliona KM.<\/p>\n<p>Pred Skup\u0161tinom grada ju\u010de je razmatrana \u0161teta doma\u0107instvima, dok bi na narednoj sjednici trebalo da se na\u0111u procjene \u0161tete u privredi, poljoprivredi i na infrastrukturi.<\/p>\n<p>Ranije je iz Gradske uprave saop\u0161teno da je ukupna \u0161teta procijenjena na oko 13 miliona KM. <\/p>\n<p>SRNA<\/p>\n<p>Prijedlog odluke koja je usvojena na sjednici Skup\u0161tine grada Prijedora 14. maja 2025. godine mo\u017eete pro\u010ditati <strong><a href=\"https:\/\/prijedorgrad.org\/files\/sadrzaj\/S21867_3.%20Prijedlog%20Odluke%20o%20usvajanju%20prijedloga%20isplate%20novcanih%20sredstava%20za%20sanaciju%20stete.pdf\" rel=\"noopener\" target=\"_blank\">OVDJE<\/a><\/strong><\/p>\n<p>Slu\u017ebeni glasnik u kojem je objavljena odluka mo\u017eete prona\u0107i <strong><a href=\"https:\/\/prijedorgrad.org\/files\/sadrzaj\/S21876_Sluzbeni%20glasnik%205%2025.pdf\" rel=\"noopener\" target=\"_blank\">OVDJE<\/a><\/strong><\/p>\n","protected":false},"excerpt":{"rendered":"<p>Grad Prijedor objavio je danas Slu\u017ebeni glasnik sa odlukom da se za 962 poplavljena doma\u0107instva isplati 6.114.880 KM. Time od danas te\u010de rok od osam dana za stupanje na snagu [&hellip;]<\/p>\n","protected":false},"author":1,"featured_media":0,"comment_status":"closed","ping_status":"open","sticky":false,"template":"","format":"standard","meta":{"_monsterinsights_skip_tracking":false,"_monsterinsights_sitenote_active":false,"_monsterinsights_sitenote_note":"","_monsterinsights_sitenote_category":0,"footnotes":""},"categories":[4],"tags":[],"yoast_head":"<!-- This site is optimized with the Yoast SEO plugin v21.6 - https:\/\/yoast.com\/wordpress\/plugins\/seo\/ -->\n<title>Prijedor: Objavljena odluka o nadoknadi \u0161tete poplavljenim doma\u0107instvima - PrijedorDanas.com - Prijedorski gradski portal<\/title>\n<meta name=\"robots\" content=\"index, follow, max-snippet:-1, max-image-preview:large, max-video-preview:-1\" \/>\n<link rel=\"canonical\" href=\"https:\/\/www.prijedordanas.com\/?p=247182\" \/>\n<meta property=\"og:locale\" content=\"en_US\" \/>\n<meta property=\"og:type\" content=\"article\" \/>\n<meta property=\"og:title\" content=\"Prijedor: Objavljena odluka o nadoknadi \u0161tete poplavljenim doma\u0107instvima - PrijedorDanas.com - Prijedorski gradski portal\" \/>\n<meta property=\"og:description\" content=\"Grad Prijedor objavio je danas Slu\u017ebeni glasnik sa odlukom da se za 962 poplavljena doma\u0107instva isplati 6.114.880 KM. Time od danas te\u010de rok od osam dana za stupanje na snagu [&hellip;]\" \/>\n<meta property=\"og:url\" content=\"https:\/\/www.prijedordanas.com\/?p=247182\" \/>\n<meta property=\"og:site_name\" content=\"PrijedorDanas.com - Prijedorski gradski portal\" \/>\n<meta property=\"article:publisher\" content=\"https:\/\/www.facebook.com\/PrijedorDanasCom\/\" \/>\n<meta property=\"article:published_time\" content=\"2025-05-15T17:25:58+00:00\" \/>\n<meta property=\"og:image\" content=\"https:\/\/www.prijedordanas.com\/wp-content\/uploads\/2025\/05\/gradska-uprava-pd-maj2025-5-300x225.jpg\" \/>\n<meta name=\"author\" content=\"admin\" \/>\n<meta name=\"twitter:card\" content=\"summary_large_image\" \/>\n<meta name=\"twitter:label1\" content=\"Written by\" \/>\n\t<meta name=\"twitter:data1\" content=\"admin\" \/>\n\t<meta name=\"twitter:label2\" content=\"Est. reading time\" \/>\n\t<meta name=\"twitter:data2\" content=\"1 minute\" \/>\n<script type=\"application\/ld+json\" class=\"yoast-schema-graph\">{\"@context\":\"https:\/\/schema.org\",\"@graph\":[{\"@type\":\"Article\",\"@id\":\"https:\/\/www.prijedordanas.com\/?p=247182#article\",\"isPartOf\":{\"@id\":\"https:\/\/www.prijedordanas.com\/?p=247182\"},\"author\":{\"name\":\"admin\",\"@id\":\"https:\/\/www.prijedordanas.com\/#\/schema\/person\/4e08ccf29b506ca916ff86d46bb700e6\"},\"headline\":\"Prijedor: Objavljena odluka o nadoknadi \u0161tete poplavljenim doma\u0107instvima\",\"datePublished\":\"2025-05-15T17:25:58+00:00\",\"dateModified\":\"2025-05-15T17:25:58+00:00\",\"mainEntityOfPage\":{\"@id\":\"https:\/\/www.prijedordanas.com\/?p=247182\"},\"wordCount\":216,\"publisher\":{\"@id\":\"https:\/\/www.prijedordanas.com\/#organization\"},\"articleSection\":[\"Dru\u0161tvo\"],\"inLanguage\":\"en-US\"},{\"@type\":\"WebPage\",\"@id\":\"https:\/\/www.prijedordanas.com\/?p=247182\",\"url\":\"https:\/\/www.prijedordanas.com\/?p=247182\",\"name\":\"Prijedor: Objavljena odluka o nadoknadi \u0161tete poplavljenim doma\u0107instvima - PrijedorDanas.com - Prijedorski gradski portal\",\"isPartOf\":{\"@id\":\"https:\/\/www.prijedordanas.com\/#website\"},\"datePublished\":\"2025-05-15T17:25:58+00:00\",\"dateModified\":\"2025-05-15T17:25:58+00:00\",\"breadcrumb\":{\"@id\":\"https:\/\/www.prijedordanas.com\/?p=247182#breadcrumb\"},\"inLanguage\":\"en-US\",\"potentialAction\":[{\"@type\":\"ReadAction\",\"target\":[\"https:\/\/www.prijedordanas.com\/?p=247182\"]}]},{\"@type\":\"BreadcrumbList\",\"@id\":\"https:\/\/www.prijedordanas.com\/?p=247182#breadcrumb\",\"itemListElement\":[{\"@type\":\"ListItem\",\"position\":1,\"name\":\"Home\",\"item\":\"https:\/\/www.prijedordanas.com\/\"},{\"@type\":\"ListItem\",\"position\":2,\"name\":\"Prijedor: Objavljena odluka o nadoknadi \u0161tete poplavljenim doma\u0107instvima\"}]},{\"@type\":\"WebSite\",\"@id\":\"https:\/\/www.prijedordanas.com\/#website\",\"url\":\"https:\/\/www.prijedordanas.com\/\",\"name\":\"PrijedorDanas.com - Prijedorski gradski portal\",\"description\":\"Portal o doga\u0111anjima u gradu Prijedoru\",\"publisher\":{\"@id\":\"https:\/\/www.prijedordanas.com\/#organization\"},\"potentialAction\":[{\"@type\":\"SearchAction\",\"target\":{\"@type\":\"EntryPoint\",\"urlTemplate\":\"https:\/\/www.prijedordanas.com\/?s={search_term_string}\"},\"query-input\":\"required name=search_term_string\"}],\"inLanguage\":\"en-US\"},{\"@type\":\"Organization\",\"@id\":\"https:\/\/www.prijedordanas.com\/#organization\",\"name\":\"PrijedorDanas.com\",\"url\":\"https:\/\/www.prijedordanas.com\/\",\"logo\":{\"@type\":\"ImageObject\",\"inLanguage\":\"en-US\",\"@id\":\"https:\/\/www.prijedordanas.com\/#\/schema\/logo\/image\/\",\"url\":\"http:\/\/www.prijedordanas.com\/wp-content\/uploads\/2021\/12\/logopng.png\",\"contentUrl\":\"http:\/\/www.prijedordanas.com\/wp-content\/uploads\/2021\/12\/logopng.png\",\"width\":1019,\"height\":776,\"caption\":\"PrijedorDanas.com\"},\"image\":{\"@id\":\"https:\/\/www.prijedordanas.com\/#\/schema\/logo\/image\/\"},\"sameAs\":[\"https:\/\/www.facebook.com\/PrijedorDanasCom\/\"]},{\"@type\":\"Person\",\"@id\":\"https:\/\/www.prijedordanas.com\/#\/schema\/person\/4e08ccf29b506ca916ff86d46bb700e6\",\"name\":\"admin\",\"image\":{\"@type\":\"ImageObject\",\"inLanguage\":\"en-US\",\"@id\":\"https:\/\/www.prijedordanas.com\/#\/schema\/person\/image\/\",\"url\":\"https:\/\/secure.gravatar.com\/avatar\/1d3fc949d550f0b53a5f0d51e06dfd79?s=96&d=mm&r=g\",\"contentUrl\":\"https:\/\/secure.gravatar.com\/avatar\/1d3fc949d550f0b53a5f0d51e06dfd79?s=96&d=mm&r=g\",\"caption\":\"admin\"},\"url\":\"https:\/\/www.prijedordanas.com\/?author=1\"}]}<\/script>\n<!-- \/ Yoast SEO plugin. -->","yoast_head_json":{"title":"Prijedor: Objavljena odluka o nadoknadi \u0161tete poplavljenim doma\u0107instvima - PrijedorDanas.com - Prijedorski gradski portal","robots":{"index":"index","follow":"follow","max-snippet":"max-snippet:-1","max-image-preview":"max-image-preview:large","max-video-preview":"max-video-preview:-1"},"canonical":"https:\/\/www.prijedordanas.com\/?p=247182","og_locale":"en_US","og_type":"article","og_title":"Prijedor: Objavljena odluka o nadoknadi \u0161tete poplavljenim doma\u0107instvima - PrijedorDanas.com - Prijedorski gradski portal","og_description":"Grad Prijedor objavio je danas Slu\u017ebeni glasnik sa odlukom da se za 962 poplavljena doma\u0107instva isplati 6.114.880 KM. Time od danas te\u010de rok od osam dana za stupanje na snagu [&hellip;]","og_url":"https:\/\/www.prijedordanas.com\/?p=247182","og_site_name":"PrijedorDanas.com - Prijedorski gradski portal","article_publisher":"https:\/\/www.facebook.com\/PrijedorDanasCom\/","article_published_time":"2025-05-15T17:25:58+00:00","og_image":[{"url":"https:\/\/www.prijedordanas.com\/wp-content\/uploads\/2025\/05\/gradska-uprava-pd-maj2025-5-300x225.jpg"}],"author":"admin","twitter_card":"summary_large_image","twitter_misc":{"Written by":"admin","Est. reading time":"1 minute"},"schema":{"@context":"https:\/\/schema.org","@graph":[{"@type":"Article","@id":"https:\/\/www.prijedordanas.com\/?p=247182#article","isPartOf":{"@id":"https:\/\/www.prijedordanas.com\/?p=247182"},"author":{"name":"admin","@id":"https:\/\/www.prijedordanas.com\/#\/schema\/person\/4e08ccf29b506ca916ff86d46bb700e6"},"headline":"Prijedor: Objavljena odluka o nadoknadi \u0161tete poplavljenim doma\u0107instvima","datePublished":"2025-05-15T17:25:58+00:00","dateModified":"2025-05-15T17:25:58+00:00","mainEntityOfPage":{"@id":"https:\/\/www.prijedordanas.com\/?p=247182"},"wordCount":216,"publisher":{"@id":"https:\/\/www.prijedordanas.com\/#organization"},"articleSection":["Dru\u0161tvo"],"inLanguage":"en-US"},{"@type":"WebPage","@id":"https:\/\/www.prijedordanas.com\/?p=247182","url":"https:\/\/www.prijedordanas.com\/?p=247182","name":"Prijedor: Objavljena odluka o nadoknadi \u0161tete poplavljenim doma\u0107instvima - PrijedorDanas.com - Prijedorski gradski portal","isPartOf":{"@id":"https:\/\/www.prijedordanas.com\/#website"},"datePublished":"2025-05-15T17:25:58+00:00","dateModified":"2025-05-15T17:25:58+00:00","breadcrumb":{"@id":"https:\/\/www.prijedordanas.com\/?p=247182#breadcrumb"},"inLanguage":"en-US","potentialAction":[{"@type":"ReadAction","target":["https:\/\/www.prijedordanas.com\/?p=247182"]}]},{"@type":"BreadcrumbList","@id":"https:\/\/www.prijedordanas.com\/?p=247182#breadcrumb","itemListElement":[{"@type":"ListItem","position":1,"name":"Home","item":"https:\/\/www.prijedordanas.com\/"},{"@type":"ListItem","position":2,"name":"Prijedor: Objavljena odluka o nadoknadi \u0161tete poplavljenim doma\u0107instvima"}]},{"@type":"WebSite","@id":"https:\/\/www.prijedordanas.com\/#website","url":"https:\/\/www.prijedordanas.com\/","name":"PrijedorDanas.com - Prijedorski gradski portal","description":"Portal o doga\u0111anjima u gradu Prijedoru","publisher":{"@id":"https:\/\/www.prijedordanas.com\/#organization"},"potentialAction":[{"@type":"SearchAction","target":{"@type":"EntryPoint","urlTemplate":"https:\/\/www.prijedordanas.com\/?s={search_term_string}"},"query-input":"required name=search_term_string"}],"inLanguage":"en-US"},{"@type":"Organization","@id":"https:\/\/www.prijedordanas.com\/#organization","name":"PrijedorDanas.com","url":"https:\/\/www.prijedordanas.com\/","logo":{"@type":"ImageObject","inLanguage":"en-US","@id":"https:\/\/www.prijedordanas.com\/#\/schema\/logo\/image\/","url":"http:\/\/www.prijedordanas.com\/wp-content\/uploads\/2021\/12\/logopng.png","contentUrl":"http:\/\/www.prijedordanas.com\/wp-content\/uploads\/2021\/12\/logopng.png","width":1019,"height":776,"caption":"PrijedorDanas.com"},"image":{"@id":"https:\/\/www.prijedordanas.com\/#\/schema\/logo\/image\/"},"sameAs":["https:\/\/www.facebook.com\/PrijedorDanasCom\/"]},{"@type":"Person","@id":"https:\/\/www.prijedordanas.com\/#\/schema\/person\/4e08ccf29b506ca916ff86d46bb700e6","name":"admin","image":{"@type":"ImageObject","inLanguage":"en-US","@id":"https:\/\/www.prijedordanas.com\/#\/schema\/person\/image\/","url":"https:\/\/secure.gravatar.com\/avatar\/1d3fc949d550f0b53a5f0d51e06dfd79?s=96&d=mm&r=g","contentUrl":"https:\/\/secure.gravatar.com\/avatar\/1d3fc949d550f0b53a5f0d51e06dfd79?s=96&d=mm&r=g","caption":"admin"},"url":"https:\/\/www.prijedordanas.com\/?author=1"}]}},"_links":{"self":[{"href":"https:\/\/www.prijedordanas.com\/index.php?rest_route=\/wp\/v2\/posts\/247182"}],"collection":[{"href":"https:\/\/www.prijedordanas.com\/index.php?rest_route=\/wp\/v2\/posts"}],"about":[{"href":"https:\/\/www.prijedordanas.com\/index.php?rest_route=\/wp\/v2\/types\/post"}],"author":[{"embeddable":true,"href":"https:\/\/www.prijedordanas.com\/index.php?rest_route=\/wp\/v2\/users\/1"}],"replies":[{"embeddable":true,"href":"https:\/\/www.prijedordanas.com\/index.php?rest_route=%2Fwp%2Fv2%2Fcomments&post=247182"}],"version-history":[{"count":2,"href":"https:\/\/www.prijedordanas.com\/index.php?rest_route=\/wp\/v2\/posts\/247182\/revisions"}],"predecessor-version":[{"id":247185,"href":"https:\/\/www.prijedordanas.com\/index.php?rest_route=\/wp\/v2\/posts\/247182\/revisions\/247185"}],"wp:attachment":[{"href":"https:\/\/www.prijedordanas.com\/index.php?rest_route=%2Fwp%2Fv2%2Fmedia&parent=247182"}],"wp:term":[{"taxonomy":"category","embeddable":true,"href":"https:\/\/www.prijedordanas.com\/index.php?rest_route=%2Fwp%2Fv2%2Fcategories&post=247182"},{"taxonomy":"post_tag","embeddable":true,"href":"https:\/\/www.prijedordanas.com\/index.php?rest_route=%2Fwp%2Fv2%2Ftags&post=247182"}],"curies":[{"name":"wp","href":"https:\/\/api.w.org\/{rel}","templated":true}]}}