{"id":247011,"date":"2025-05-13T14:01:02","date_gmt":"2025-05-13T12:01:02","guid":{"rendered":"https:\/\/www.prijedordanas.com\/?p=247011"},"modified":"2025-05-13T14:01:02","modified_gmt":"2025-05-13T12:01:02","slug":"gradonacelnik-sa-stanovnicima-vrbica-zahvaljuci-uspjesno-provedenim-mjerama-vrbice-odbranjene-od-prethodnih-poplava-foto","status":"publish","type":"post","link":"https:\/\/www.prijedordanas.com\/?p=247011","title":{"rendered":"Gradona\u010delnik sa stanovnicima Vrbica: Zahvalju\u0107i uspje\u0161no provedenim mjerama Vrbice odbranjene od prethodnih poplava &#8211; FOTO"},"content":{"rendered":"<p><a href=\"https:\/\/www.prijedordanas.com\/wp-content\/uploads\/2025\/05\/javor-vrbice-zastita-od-poplava-1.jpg\"><img loading=\"lazy\" decoding=\"async\" class=\"alignleft size-medium wp-image-247012\" src=\"https:\/\/www.prijedordanas.com\/wp-content\/uploads\/2025\/05\/javor-vrbice-zastita-od-poplava-1-300x225.jpg\" alt=\"\" width=\"300\" height=\"225\" srcset=\"https:\/\/www.prijedordanas.com\/wp-content\/uploads\/2025\/05\/javor-vrbice-zastita-od-poplava-1-300x225.jpg 300w, https:\/\/www.prijedordanas.com\/wp-content\/uploads\/2025\/05\/javor-vrbice-zastita-od-poplava-1-640x480.jpg 640w, https:\/\/www.prijedordanas.com\/wp-content\/uploads\/2025\/05\/javor-vrbice-zastita-od-poplava-1.jpg 667w\" sizes=\"(max-width: 300px) 100vw, 300px\" \/><\/a>Gradona\u010delnik Prijedora Slobodan Javor obi\u0161ao je naselje Vrbice i sa stanovni\u0161tvom razgovarao o mjerama koje je Grad u prethodnom periodu proveo u ovom naselju, a koje su doprinijele odbrani Vrbica od plavljenja u prethodnim poplavama.<\/p>\n<p>On je najavio da se postupak koji su raspisale &#8220;Vode Srpske&#8221; u vezi s projektom odbrane grada od poplava zavr\u0161ava naredne sedmice, a da radovi po\u010dinju nakon zavr\u0161etka \u017ealbenih rokova.<\/p>\n<p>Gradona\u010delnik Prijedora istakao je da su u njegovom mandatu mje\u0161tani Vrbica dva puta bili zaplavljeni, a nadoknada \u0161tete ispla\u0107ivana je iz bud\u017eeta Grada.<\/p>\n<p>On je dodao da je uz podr\u0161ku Vlade Republike Srpske obezbije\u0111en dio sredstava za ure\u0111enje korita rijeke Milo\u0161evice, zahvaljuju\u0107i \u010demu je izgra\u0111eno 900 metara parapetnih zidova i da su preostale da se urade druga i tre\u0107a faza za\u0161tite naselja Vrbice i Topolik od poplava, za \u0161ta se trenutno rje\u0161avaju imovinsko-pravni odnosi.<\/p>\n<p><a href=\"https:\/\/www.prijedordanas.com\/wp-content\/uploads\/2025\/05\/javor-vrbice-zastita-od-poplava-2.jpg\"><img loading=\"lazy\" decoding=\"async\" class=\"alignleft size-medium wp-image-247013\" src=\"https:\/\/www.prijedordanas.com\/wp-content\/uploads\/2025\/05\/javor-vrbice-zastita-od-poplava-2-300x225.jpg\" alt=\"\" width=\"300\" height=\"225\" srcset=\"https:\/\/www.prijedordanas.com\/wp-content\/uploads\/2025\/05\/javor-vrbice-zastita-od-poplava-2-300x225.jpg 300w, https:\/\/www.prijedordanas.com\/wp-content\/uploads\/2025\/05\/javor-vrbice-zastita-od-poplava-2-640x480.jpg 640w, https:\/\/www.prijedordanas.com\/wp-content\/uploads\/2025\/05\/javor-vrbice-zastita-od-poplava-2.jpg 667w\" sizes=\"(max-width: 300px) 100vw, 300px\" \/><\/a>&#8220;U vremenu dok smo \u010dekali da Vode Srpske zavr\u0161e svoj dio posla, Grad je u anga\u017eovao ma\u0161ine i firme da uredimo korito rijeke Milo\u0161evice u \u010ditavom toku, zna\u010di do Banjalu\u010dke ceste. Samim tim mi smo prokopavali korito, izdizali nasipe, \u0161to je na kraju bilo i klju\u010dno da omogu\u0107imo bolji protok vode, da se voda ne zadr\u017eava i to je urodilo plodom. Sada, kada je 900 prijedorskih doma\u0107instava bilo pod vodom, u Vrbicama nijedno doma\u0107instvo nije bilo pod vodom. Mje\u0161tanima poru\u010dujem da \u0107emo uskoro po\u010deti s detaljnom sanacijom, kako je regulisano u projektu&#8221;, istakao je Javor.<\/p>\n<p>On je pojasnio da se ne mo\u017ee \u010ditav grad za kratko vrijeme za\u0161titit od poplava, ali da se mo\u017ee i\u0107i parcijalno.<\/p>\n<p>&#8220;Ovo je samo jedan pokazatelj da dobar rad donosi rezultate. Kada govorimo o ure\u0111enju korita rijeke Sane i rijeke Gomjenice, pet i po miliona maraka je Vlada odobrila, `Vode Srpske` su raspisale postupak koji sutra zavr\u0161ava i ve\u0107 naredne sedmice, kada pro\u0111u \u017ealbeni rokovi, najpovoljniji ponu\u0111a\u010d \u0107e u\u0107i u radove. Izgradi\u0107e se parapetni zid sa strane Tukova, izgradi\u0107e se parapetni zid u kombinaciji sa nasipom od Gomejnice \u010ditavim tokom, gdje zavr\u0161ava po projektu dva kilometra, zna\u010di, to je na \u017degerskom mostu. I ono \u0161to nam je jako va\u017eno je da u Ra\u0161kovcu izgradimo veliki nasip kako bi upravo ova naselja bila za\u0161ti\u0107ena&#8221;, najavio je Javor.<\/p>\n<p><a href=\"https:\/\/www.prijedordanas.com\/wp-content\/uploads\/2025\/05\/javor-vrbice-zastita-od-poplava-4.jpg\"><img loading=\"lazy\" decoding=\"async\" class=\"alignleft size-medium wp-image-247014\" src=\"https:\/\/www.prijedordanas.com\/wp-content\/uploads\/2025\/05\/javor-vrbice-zastita-od-poplava-4-300x225.jpg\" alt=\"\" width=\"300\" height=\"225\" srcset=\"https:\/\/www.prijedordanas.com\/wp-content\/uploads\/2025\/05\/javor-vrbice-zastita-od-poplava-4-300x225.jpg 300w, https:\/\/www.prijedordanas.com\/wp-content\/uploads\/2025\/05\/javor-vrbice-zastita-od-poplava-4-640x480.jpg 640w, https:\/\/www.prijedordanas.com\/wp-content\/uploads\/2025\/05\/javor-vrbice-zastita-od-poplava-4.jpg 667w\" sizes=\"(max-width: 300px) 100vw, 300px\" \/><\/a>Mje\u0161tanin Vrbica Vladimir Trifunovi\u0107 istakao je da u ovom naselju \u017eivi vi\u0161e od 20 godina, da pamti mnoge poplave u Vrbicama, ali da u prethodnim., najve\u0107im od 2014. godine nije bilo nikakvih problema.<\/p>\n<p>&#8220;Nismo imali problema s poplavom i to je ono \u0161to treba da se naglasi. Mentalitet na\u0161eg naroda je takav, ne\u0161to \u0161to ne valja kudi\u0107emo na sva zvona, a ne\u0161to \u0161to valja te\u0161ko \u0107emo pohvaliti. Mi\u0161ljenja sam da za ne\u0161to \u0161to je dobro treba i re\u0107i da je tako. Naravno da uvijek mo\u017ee bolje, ali nama kojima je nekad bilo te\u0161ko, zadovoljni smo. Imamo nove ideje i projekte za razvoj Vrbica na kojima radima zajedno s gradskim vlastima&#8221;, dodao je Trifunovi\u0107.<\/p>\n<p>Vojislav Do\u0161enovi\u0107 iz Vrbica istakao je da je 2014. godine bilo izuzetno te\u0161ko naselje, uz vi\u0161e od 50 poplavljenih ku\u0107a u ovom naselju: Nakon ure\u0111enja korita Milo\u0161evice, prethodne poplave nisu napravile probleme.<\/p>\n<p>Gradona\u010delnik Prijedora Slobodan Javor izjavio je da \u0107e Skup\u0161tina grada sutra razmatrati izvje\u0161taj komisija za popis \u0161tete na stambenim objektima i da \u0107e se, nakon \u0161to bude usvojena, krenuti sa isplatama \u0161tete doma\u0107instvima za koje je Fond solidarnosti Republike Srpske obezbijedio deset miliona maraka. On je naveo da je ostalim komisijama, zbog specifi\u010dnih okolnosti, dat dodatni rok da zavr\u0161e svoje izvje\u0161taje i da \u0107e se procjene \u0161tete na poljoprivredi, privredi i infrastrukturi pred odbornicima na\u0107i na prvom narednom zasjedanju za 15 do 20 dana.<\/p>\n<p><a href=\"https:\/\/www.prijedorgrad.org\/sr-EU\/vijesti-sadrzaj.html?vid=21863\" target=\"_blank\" rel=\"noopener\">prijedorgrad.org<\/a><br \/>\nFoto &#8211; Aleksandar Drakuli\u0107 \u2013 <a href=\"https:\/\/www.prijedordanas.com\" target=\"_blank\" rel=\"noopener noreferrer\">www.prijedordanas.com<\/a><\/p>\n<p><a href=\"https:\/\/www.prijedordanas.com\/wp-content\/uploads\/2025\/05\/javor-vrbice-zastita-od-poplava-5.jpg\"><img loading=\"lazy\" decoding=\"async\" src=\"https:\/\/www.prijedordanas.com\/wp-content\/uploads\/2025\/05\/javor-vrbice-zastita-od-poplava-5-300x200.jpg\" alt=\"\" width=\"300\" height=\"200\" class=\"alignleft size-medium wp-image-247015\" srcset=\"https:\/\/www.prijedordanas.com\/wp-content\/uploads\/2025\/05\/javor-vrbice-zastita-od-poplava-5-300x200.jpg 300w, https:\/\/www.prijedordanas.com\/wp-content\/uploads\/2025\/05\/javor-vrbice-zastita-od-poplava-5-480x320.jpg 480w, https:\/\/www.prijedordanas.com\/wp-content\/uploads\/2025\/05\/javor-vrbice-zastita-od-poplava-5.jpg 600w\" sizes=\"(max-width: 300px) 100vw, 300px\" \/><\/a> <a href=\"https:\/\/www.prijedordanas.com\/wp-content\/uploads\/2025\/05\/javor-vrbice-zastita-od-poplava-6.jpg\"><img loading=\"lazy\" decoding=\"async\" src=\"https:\/\/www.prijedordanas.com\/wp-content\/uploads\/2025\/05\/javor-vrbice-zastita-od-poplava-6-300x200.jpg\" alt=\"\" width=\"300\" height=\"200\" class=\"alignleft size-medium wp-image-247016\" srcset=\"https:\/\/www.prijedordanas.com\/wp-content\/uploads\/2025\/05\/javor-vrbice-zastita-od-poplava-6-300x200.jpg 300w, https:\/\/www.prijedordanas.com\/wp-content\/uploads\/2025\/05\/javor-vrbice-zastita-od-poplava-6-480x320.jpg 480w, https:\/\/www.prijedordanas.com\/wp-content\/uploads\/2025\/05\/javor-vrbice-zastita-od-poplava-6.jpg 600w\" sizes=\"(max-width: 300px) 100vw, 300px\" \/><\/a> <a href=\"https:\/\/www.prijedordanas.com\/wp-content\/uploads\/2025\/05\/javor-vrbice-zastita-od-poplava-7.jpg\"><img loading=\"lazy\" decoding=\"async\" src=\"https:\/\/www.prijedordanas.com\/wp-content\/uploads\/2025\/05\/javor-vrbice-zastita-od-poplava-7-300x200.jpg\" alt=\"\" width=\"300\" height=\"200\" class=\"alignleft size-medium wp-image-247017\" srcset=\"https:\/\/www.prijedordanas.com\/wp-content\/uploads\/2025\/05\/javor-vrbice-zastita-od-poplava-7-300x200.jpg 300w, https:\/\/www.prijedordanas.com\/wp-content\/uploads\/2025\/05\/javor-vrbice-zastita-od-poplava-7-480x320.jpg 480w, https:\/\/www.prijedordanas.com\/wp-content\/uploads\/2025\/05\/javor-vrbice-zastita-od-poplava-7.jpg 600w\" sizes=\"(max-width: 300px) 100vw, 300px\" \/><\/a> <a href=\"https:\/\/www.prijedordanas.com\/wp-content\/uploads\/2025\/05\/javor-vrbice-zastita-od-poplava-8.jpg\"><img loading=\"lazy\" decoding=\"async\" src=\"https:\/\/www.prijedordanas.com\/wp-content\/uploads\/2025\/05\/javor-vrbice-zastita-od-poplava-8-300x200.jpg\" alt=\"\" width=\"300\" height=\"200\" class=\"alignleft size-medium wp-image-247018\" srcset=\"https:\/\/www.prijedordanas.com\/wp-content\/uploads\/2025\/05\/javor-vrbice-zastita-od-poplava-8-300x200.jpg 300w, https:\/\/www.prijedordanas.com\/wp-content\/uploads\/2025\/05\/javor-vrbice-zastita-od-poplava-8-480x320.jpg 480w, https:\/\/www.prijedordanas.com\/wp-content\/uploads\/2025\/05\/javor-vrbice-zastita-od-poplava-8.jpg 600w\" sizes=\"(max-width: 300px) 100vw, 300px\" \/><\/a> <a href=\"https:\/\/www.prijedordanas.com\/wp-content\/uploads\/2025\/05\/javor-vrbice-zastita-od-poplava-9.jpg\"><img loading=\"lazy\" decoding=\"async\" src=\"https:\/\/www.prijedordanas.com\/wp-content\/uploads\/2025\/05\/javor-vrbice-zastita-od-poplava-9-300x200.jpg\" alt=\"\" width=\"300\" height=\"200\" class=\"alignleft size-medium wp-image-247019\" srcset=\"https:\/\/www.prijedordanas.com\/wp-content\/uploads\/2025\/05\/javor-vrbice-zastita-od-poplava-9-300x200.jpg 300w, https:\/\/www.prijedordanas.com\/wp-content\/uploads\/2025\/05\/javor-vrbice-zastita-od-poplava-9-480x320.jpg 480w, https:\/\/www.prijedordanas.com\/wp-content\/uploads\/2025\/05\/javor-vrbice-zastita-od-poplava-9.jpg 600w\" sizes=\"(max-width: 300px) 100vw, 300px\" \/><\/a><\/p>\n","protected":false},"excerpt":{"rendered":"<p>Gradona\u010delnik Prijedora Slobodan Javor obi\u0161ao je naselje Vrbice i sa stanovni\u0161tvom razgovarao o mjerama koje je Grad u prethodnom periodu proveo u ovom naselju, a koje su doprinijele odbrani Vrbica [&hellip;]<\/p>\n","protected":false},"author":1,"featured_media":0,"comment_status":"closed","ping_status":"open","sticky":false,"template":"","format":"standard","meta":{"_monsterinsights_skip_tracking":false,"_monsterinsights_sitenote_active":false,"_monsterinsights_sitenote_note":"","_monsterinsights_sitenote_category":0,"footnotes":""},"categories":[4],"tags":[],"yoast_head":"<!-- This site is optimized with the Yoast SEO plugin v21.6 - https:\/\/yoast.com\/wordpress\/plugins\/seo\/ -->\n<title>Gradona\u010delnik sa stanovnicima Vrbica: Zahvalju\u0107i uspje\u0161no provedenim mjerama Vrbice odbranjene od prethodnih poplava - FOTO - PrijedorDanas.com - Prijedorski gradski portal<\/title>\n<meta name=\"robots\" content=\"index, follow, max-snippet:-1, max-image-preview:large, max-video-preview:-1\" \/>\n<link rel=\"canonical\" href=\"https:\/\/www.prijedordanas.com\/?p=247011\" \/>\n<meta property=\"og:locale\" content=\"en_US\" \/>\n<meta property=\"og:type\" content=\"article\" \/>\n<meta property=\"og:title\" content=\"Gradona\u010delnik sa stanovnicima Vrbica: Zahvalju\u0107i uspje\u0161no provedenim mjerama Vrbice odbranjene od prethodnih poplava - FOTO - PrijedorDanas.com - Prijedorski gradski portal\" \/>\n<meta property=\"og:description\" content=\"Gradona\u010delnik Prijedora Slobodan Javor obi\u0161ao je naselje Vrbice i sa stanovni\u0161tvom razgovarao o mjerama koje je Grad u prethodnom periodu proveo u ovom naselju, a koje su doprinijele odbrani Vrbica [&hellip;]\" \/>\n<meta property=\"og:url\" content=\"https:\/\/www.prijedordanas.com\/?p=247011\" \/>\n<meta property=\"og:site_name\" content=\"PrijedorDanas.com - Prijedorski gradski portal\" \/>\n<meta property=\"article:publisher\" content=\"https:\/\/www.facebook.com\/PrijedorDanasCom\/\" \/>\n<meta property=\"article:published_time\" content=\"2025-05-13T12:01:02+00:00\" \/>\n<meta property=\"og:image\" content=\"https:\/\/www.prijedordanas.com\/wp-content\/uploads\/2025\/05\/javor-vrbice-zastita-od-poplava-1-300x225.jpg\" \/>\n<meta name=\"author\" content=\"admin\" \/>\n<meta name=\"twitter:card\" content=\"summary_large_image\" \/>\n<meta name=\"twitter:label1\" content=\"Written by\" \/>\n\t<meta name=\"twitter:data1\" content=\"admin\" \/>\n\t<meta name=\"twitter:label2\" content=\"Est. reading time\" \/>\n\t<meta name=\"twitter:data2\" content=\"4 minutes\" \/>\n<script type=\"application\/ld+json\" class=\"yoast-schema-graph\">{\"@context\":\"https:\/\/schema.org\",\"@graph\":[{\"@type\":\"Article\",\"@id\":\"https:\/\/www.prijedordanas.com\/?p=247011#article\",\"isPartOf\":{\"@id\":\"https:\/\/www.prijedordanas.com\/?p=247011\"},\"author\":{\"name\":\"admin\",\"@id\":\"https:\/\/www.prijedordanas.com\/#\/schema\/person\/4e08ccf29b506ca916ff86d46bb700e6\"},\"headline\":\"Gradona\u010delnik sa stanovnicima Vrbica: Zahvalju\u0107i uspje\u0161no provedenim mjerama Vrbice odbranjene od prethodnih poplava &#8211; FOTO\",\"datePublished\":\"2025-05-13T12:01:02+00:00\",\"dateModified\":\"2025-05-13T12:01:02+00:00\",\"mainEntityOfPage\":{\"@id\":\"https:\/\/www.prijedordanas.com\/?p=247011\"},\"wordCount\":685,\"publisher\":{\"@id\":\"https:\/\/www.prijedordanas.com\/#organization\"},\"articleSection\":[\"Dru\u0161tvo\"],\"inLanguage\":\"en-US\"},{\"@type\":\"WebPage\",\"@id\":\"https:\/\/www.prijedordanas.com\/?p=247011\",\"url\":\"https:\/\/www.prijedordanas.com\/?p=247011\",\"name\":\"Gradona\u010delnik sa stanovnicima Vrbica: Zahvalju\u0107i uspje\u0161no provedenim mjerama Vrbice odbranjene od prethodnih poplava - FOTO - PrijedorDanas.com - Prijedorski gradski portal\",\"isPartOf\":{\"@id\":\"https:\/\/www.prijedordanas.com\/#website\"},\"datePublished\":\"2025-05-13T12:01:02+00:00\",\"dateModified\":\"2025-05-13T12:01:02+00:00\",\"breadcrumb\":{\"@id\":\"https:\/\/www.prijedordanas.com\/?p=247011#breadcrumb\"},\"inLanguage\":\"en-US\",\"potentialAction\":[{\"@type\":\"ReadAction\",\"target\":[\"https:\/\/www.prijedordanas.com\/?p=247011\"]}]},{\"@type\":\"BreadcrumbList\",\"@id\":\"https:\/\/www.prijedordanas.com\/?p=247011#breadcrumb\",\"itemListElement\":[{\"@type\":\"ListItem\",\"position\":1,\"name\":\"Home\",\"item\":\"https:\/\/www.prijedordanas.com\/\"},{\"@type\":\"ListItem\",\"position\":2,\"name\":\"Gradona\u010delnik sa stanovnicima Vrbica: Zahvalju\u0107i uspje\u0161no provedenim mjerama Vrbice odbranjene od prethodnih poplava &#8211; FOTO\"}]},{\"@type\":\"WebSite\",\"@id\":\"https:\/\/www.prijedordanas.com\/#website\",\"url\":\"https:\/\/www.prijedordanas.com\/\",\"name\":\"PrijedorDanas.com - Prijedorski gradski portal\",\"description\":\"Portal o doga\u0111anjima u gradu Prijedoru\",\"publisher\":{\"@id\":\"https:\/\/www.prijedordanas.com\/#organization\"},\"potentialAction\":[{\"@type\":\"SearchAction\",\"target\":{\"@type\":\"EntryPoint\",\"urlTemplate\":\"https:\/\/www.prijedordanas.com\/?s={search_term_string}\"},\"query-input\":\"required name=search_term_string\"}],\"inLanguage\":\"en-US\"},{\"@type\":\"Organization\",\"@id\":\"https:\/\/www.prijedordanas.com\/#organization\",\"name\":\"PrijedorDanas.com\",\"url\":\"https:\/\/www.prijedordanas.com\/\",\"logo\":{\"@type\":\"ImageObject\",\"inLanguage\":\"en-US\",\"@id\":\"https:\/\/www.prijedordanas.com\/#\/schema\/logo\/image\/\",\"url\":\"http:\/\/www.prijedordanas.com\/wp-content\/uploads\/2021\/12\/logopng.png\",\"contentUrl\":\"http:\/\/www.prijedordanas.com\/wp-content\/uploads\/2021\/12\/logopng.png\",\"width\":1019,\"height\":776,\"caption\":\"PrijedorDanas.com\"},\"image\":{\"@id\":\"https:\/\/www.prijedordanas.com\/#\/schema\/logo\/image\/\"},\"sameAs\":[\"https:\/\/www.facebook.com\/PrijedorDanasCom\/\"]},{\"@type\":\"Person\",\"@id\":\"https:\/\/www.prijedordanas.com\/#\/schema\/person\/4e08ccf29b506ca916ff86d46bb700e6\",\"name\":\"admin\",\"image\":{\"@type\":\"ImageObject\",\"inLanguage\":\"en-US\",\"@id\":\"https:\/\/www.prijedordanas.com\/#\/schema\/person\/image\/\",\"url\":\"https:\/\/secure.gravatar.com\/avatar\/1d3fc949d550f0b53a5f0d51e06dfd79?s=96&d=mm&r=g\",\"contentUrl\":\"https:\/\/secure.gravatar.com\/avatar\/1d3fc949d550f0b53a5f0d51e06dfd79?s=96&d=mm&r=g\",\"caption\":\"admin\"},\"url\":\"https:\/\/www.prijedordanas.com\/?author=1\"}]}<\/script>\n<!-- \/ Yoast SEO plugin. -->","yoast_head_json":{"title":"Gradona\u010delnik sa stanovnicima Vrbica: Zahvalju\u0107i uspje\u0161no provedenim mjerama Vrbice odbranjene od prethodnih poplava - FOTO - PrijedorDanas.com - Prijedorski gradski portal","robots":{"index":"index","follow":"follow","max-snippet":"max-snippet:-1","max-image-preview":"max-image-preview:large","max-video-preview":"max-video-preview:-1"},"canonical":"https:\/\/www.prijedordanas.com\/?p=247011","og_locale":"en_US","og_type":"article","og_title":"Gradona\u010delnik sa stanovnicima Vrbica: Zahvalju\u0107i uspje\u0161no provedenim mjerama Vrbice odbranjene od prethodnih poplava - FOTO - PrijedorDanas.com - Prijedorski gradski portal","og_description":"Gradona\u010delnik Prijedora Slobodan Javor obi\u0161ao je naselje Vrbice i sa stanovni\u0161tvom razgovarao o mjerama koje je Grad u prethodnom periodu proveo u ovom naselju, a koje su doprinijele odbrani Vrbica [&hellip;]","og_url":"https:\/\/www.prijedordanas.com\/?p=247011","og_site_name":"PrijedorDanas.com - Prijedorski gradski portal","article_publisher":"https:\/\/www.facebook.com\/PrijedorDanasCom\/","article_published_time":"2025-05-13T12:01:02+00:00","og_image":[{"url":"https:\/\/www.prijedordanas.com\/wp-content\/uploads\/2025\/05\/javor-vrbice-zastita-od-poplava-1-300x225.jpg"}],"author":"admin","twitter_card":"summary_large_image","twitter_misc":{"Written by":"admin","Est. reading time":"4 minutes"},"schema":{"@context":"https:\/\/schema.org","@graph":[{"@type":"Article","@id":"https:\/\/www.prijedordanas.com\/?p=247011#article","isPartOf":{"@id":"https:\/\/www.prijedordanas.com\/?p=247011"},"author":{"name":"admin","@id":"https:\/\/www.prijedordanas.com\/#\/schema\/person\/4e08ccf29b506ca916ff86d46bb700e6"},"headline":"Gradona\u010delnik sa stanovnicima Vrbica: Zahvalju\u0107i uspje\u0161no provedenim mjerama Vrbice odbranjene od prethodnih poplava &#8211; FOTO","datePublished":"2025-05-13T12:01:02+00:00","dateModified":"2025-05-13T12:01:02+00:00","mainEntityOfPage":{"@id":"https:\/\/www.prijedordanas.com\/?p=247011"},"wordCount":685,"publisher":{"@id":"https:\/\/www.prijedordanas.com\/#organization"},"articleSection":["Dru\u0161tvo"],"inLanguage":"en-US"},{"@type":"WebPage","@id":"https:\/\/www.prijedordanas.com\/?p=247011","url":"https:\/\/www.prijedordanas.com\/?p=247011","name":"Gradona\u010delnik sa stanovnicima Vrbica: Zahvalju\u0107i uspje\u0161no provedenim mjerama Vrbice odbranjene od prethodnih poplava - FOTO - PrijedorDanas.com - Prijedorski gradski portal","isPartOf":{"@id":"https:\/\/www.prijedordanas.com\/#website"},"datePublished":"2025-05-13T12:01:02+00:00","dateModified":"2025-05-13T12:01:02+00:00","breadcrumb":{"@id":"https:\/\/www.prijedordanas.com\/?p=247011#breadcrumb"},"inLanguage":"en-US","potentialAction":[{"@type":"ReadAction","target":["https:\/\/www.prijedordanas.com\/?p=247011"]}]},{"@type":"BreadcrumbList","@id":"https:\/\/www.prijedordanas.com\/?p=247011#breadcrumb","itemListElement":[{"@type":"ListItem","position":1,"name":"Home","item":"https:\/\/www.prijedordanas.com\/"},{"@type":"ListItem","position":2,"name":"Gradona\u010delnik sa stanovnicima Vrbica: Zahvalju\u0107i uspje\u0161no provedenim mjerama Vrbice odbranjene od prethodnih poplava &#8211; FOTO"}]},{"@type":"WebSite","@id":"https:\/\/www.prijedordanas.com\/#website","url":"https:\/\/www.prijedordanas.com\/","name":"PrijedorDanas.com - Prijedorski gradski portal","description":"Portal o doga\u0111anjima u gradu Prijedoru","publisher":{"@id":"https:\/\/www.prijedordanas.com\/#organization"},"potentialAction":[{"@type":"SearchAction","target":{"@type":"EntryPoint","urlTemplate":"https:\/\/www.prijedordanas.com\/?s={search_term_string}"},"query-input":"required name=search_term_string"}],"inLanguage":"en-US"},{"@type":"Organization","@id":"https:\/\/www.prijedordanas.com\/#organization","name":"PrijedorDanas.com","url":"https:\/\/www.prijedordanas.com\/","logo":{"@type":"ImageObject","inLanguage":"en-US","@id":"https:\/\/www.prijedordanas.com\/#\/schema\/logo\/image\/","url":"http:\/\/www.prijedordanas.com\/wp-content\/uploads\/2021\/12\/logopng.png","contentUrl":"http:\/\/www.prijedordanas.com\/wp-content\/uploads\/2021\/12\/logopng.png","width":1019,"height":776,"caption":"PrijedorDanas.com"},"image":{"@id":"https:\/\/www.prijedordanas.com\/#\/schema\/logo\/image\/"},"sameAs":["https:\/\/www.facebook.com\/PrijedorDanasCom\/"]},{"@type":"Person","@id":"https:\/\/www.prijedordanas.com\/#\/schema\/person\/4e08ccf29b506ca916ff86d46bb700e6","name":"admin","image":{"@type":"ImageObject","inLanguage":"en-US","@id":"https:\/\/www.prijedordanas.com\/#\/schema\/person\/image\/","url":"https:\/\/secure.gravatar.com\/avatar\/1d3fc949d550f0b53a5f0d51e06dfd79?s=96&d=mm&r=g","contentUrl":"https:\/\/secure.gravatar.com\/avatar\/1d3fc949d550f0b53a5f0d51e06dfd79?s=96&d=mm&r=g","caption":"admin"},"url":"https:\/\/www.prijedordanas.com\/?author=1"}]}},"_links":{"self":[{"href":"https:\/\/www.prijedordanas.com\/index.php?rest_route=\/wp\/v2\/posts\/247011"}],"collection":[{"href":"https:\/\/www.prijedordanas.com\/index.php?rest_route=\/wp\/v2\/posts"}],"about":[{"href":"https:\/\/www.prijedordanas.com\/index.php?rest_route=\/wp\/v2\/types\/post"}],"author":[{"embeddable":true,"href":"https:\/\/www.prijedordanas.com\/index.php?rest_route=\/wp\/v2\/users\/1"}],"replies":[{"embeddable":true,"href":"https:\/\/www.prijedordanas.com\/index.php?rest_route=%2Fwp%2Fv2%2Fcomments&post=247011"}],"version-history":[{"count":1,"href":"https:\/\/www.prijedordanas.com\/index.php?rest_route=\/wp\/v2\/posts\/247011\/revisions"}],"predecessor-version":[{"id":247020,"href":"https:\/\/www.prijedordanas.com\/index.php?rest_route=\/wp\/v2\/posts\/247011\/revisions\/247020"}],"wp:attachment":[{"href":"https:\/\/www.prijedordanas.com\/index.php?rest_route=%2Fwp%2Fv2%2Fmedia&parent=247011"}],"wp:term":[{"taxonomy":"category","embeddable":true,"href":"https:\/\/www.prijedordanas.com\/index.php?rest_route=%2Fwp%2Fv2%2Fcategories&post=247011"},{"taxonomy":"post_tag","embeddable":true,"href":"https:\/\/www.prijedordanas.com\/index.php?rest_route=%2Fwp%2Fv2%2Ftags&post=247011"}],"curies":[{"name":"wp","href":"https:\/\/api.w.org\/{rel}","templated":true}]}}