{"id":246916,"date":"2025-05-11T14:40:24","date_gmt":"2025-05-11T12:40:24","guid":{"rendered":"https:\/\/www.prijedordanas.com\/?p=246916"},"modified":"2025-05-11T14:40:24","modified_gmt":"2025-05-11T12:40:24","slug":"boracko-invalidska-zastita-uvedena-nova-prava-iz-budzeta-grada-prijedora-izmijenjeni-iznosi-novcanih-davanja","status":"publish","type":"post","link":"https:\/\/www.prijedordanas.com\/?p=246916","title":{"rendered":"Bora\u010dko-invalidska za\u0161tita: Uvedena nova prava iz bud\u017eeta grada Prijedora, izmijenjeni iznosi nov\u010danih davanja"},"content":{"rendered":"<p><a href=\"https:\/\/www.prijedordanas.com\/wp-content\/uploads\/2025\/05\/gradska-uprava-pd-maj2025-2.jpg\"><img loading=\"lazy\" decoding=\"async\" src=\"https:\/\/www.prijedordanas.com\/wp-content\/uploads\/2025\/05\/gradska-uprava-pd-maj2025-2-300x225.jpg\" alt=\"\" width=\"300\" height=\"225\" class=\"alignleft size-medium wp-image-246917\" srcset=\"https:\/\/www.prijedordanas.com\/wp-content\/uploads\/2025\/05\/gradska-uprava-pd-maj2025-2-300x225.jpg 300w, https:\/\/www.prijedordanas.com\/wp-content\/uploads\/2025\/05\/gradska-uprava-pd-maj2025-2-640x480.jpg 640w, https:\/\/www.prijedordanas.com\/wp-content\/uploads\/2025\/05\/gradska-uprava-pd-maj2025-2.jpg 667w\" sizes=\"(max-width: 300px) 100vw, 300px\" \/><\/a>Odlukom o dopunskim pravima boraca, ratnih vojnih invalida \/RVI\/ i porodica poginulih boraca i umrlih RVI i boraca Odbrambeno-otad\u017ebinskog rata Republike Srpske grada Prijedora uvedena su dva nova prava na teret bud\u017eeta grada i izmijenjeni iznosi nov\u010danih davanja za postoje\u0107a dopunska prava.<\/p>\n<p>Vr\u0161ilac du\u017enosti na\u010delnika Odjeljenja za bora\u010dko-invalidsku za\u0161titu grada Prijedora Ranko Kolar pojasnio je da su po ranijoj odluci neka prava prevazi\u0111ena, a da su fiksni iznosi zamijenjeni iznosima koji se odre\u0111uju u odnosu na najni\u017eu platu koja je promjenljiva.<\/p>\n<p>&#8220;Nova dopunska prava su banjsko i klimatsko lije\u010denje i rehabilitacija i jednokratna nov\u010dana pomo\u0107 za priklju\u010dak na vodovodnu i elektri\u010dnu mre\u017eu&#8221;, rekao je Kolar.<\/p>\n<p>Od ranije se iz bud\u017eeta grada ispla\u0107uju jednokratna nov\u010dana pomo\u0107 za lije\u010denje, kupovinu lijekova i u slu\u010daju te\u0161kog materijalnog stanja, naknada tro\u0161kova sahrane, nov\u010dana pomo\u0107 za stambeno zbrinjavanje i nov\u010dana pomo\u0107 za \u0161kolovanje djece i nabavku ud\u017ebenika.<\/p>\n<p>Jednokratna nov\u010dana pomo\u0107 za lije\u010denje, kupovinu lijekova i u slu\u010daju te\u0161kog materijalnog stanja dodjeljuje su u iznosu do jedne polovine najni\u017ee plate u Republci Srpskoj jednom u kalendarskoj godini, a u izuzetnim slu\u010dajevima koji se odnose na lije\u010denje malignih i drugih te\u0161kih oboljenja mo\u017ee se odobriti iznos do jedne najni\u017ee plate u Republici Srpskoj.<\/p>\n<p>Pomo\u0107 do jedne polovine najni\u017ee plate u Republici Srpskoj mo\u017ee se korisnicima dodijeliti i zbog te\u0161ke materijalne situacije radi zadovoljavanja osnovnih \u017eivotnih potreba kao i za lije\u010denje te\u0161ke bolesti ili povrede \u010dlana u\u017ee porodice.<\/p>\n<p>Naknada tro\u0161kova sahrane dodjeljuje se u iznosu do jedne polovine najni\u017ee plate u Republici Srpskoj licu koje je umrlog sahranilo, a u slu\u010daju da je umrli \u010dlan porodice poginulog borca, RVI ili borca od prve do tre\u0107e kategorije koji za \u017eivota nije bio korisnik redovnih nov\u010danih primanja osim primanja iz bora\u010dko-invalidske i socijalne za\u0161tite.<\/p>\n<p>U izuzetnim slu\u010dajevima, ova pomo\u0107 se dodjeljuje licu koje je umrlog sahranilo i kada je umrlo lice bilo sa svojstvom borca ostalih kategorija pod uslovom da je u\u010desnik rata u neprekidnom trajanju od odlaska na slu\u017eenje redovnog vojnog roka do kraja rata, a koje za \u017eivota nije bilo korisnik redovnih nov\u010danih primanja osim primanja iz bora\u010dko-invalidske i socijalne za\u0161tite.<\/p>\n<p>Nov\u010dana pomo\u0107 za stambeno zbrinjavanje mo\u017ee se dodijeliti u iznosu najvi\u0161e do \u0161est<br \/>\nnajni\u017eih plata u Republici Srpskoj za izgradnju ili kupovinu stana ili ku\u0107e, a za adaptaciju ku\u0107e ili stana u iznosu do tri najni\u017ee plate u Republici Srpskoj.<\/p>\n<p>Pravo na banjsko i klimatsko lije\u010denje i rehabilitaciju imaju demobilisani borci od prve do tre\u0107e kategorije kao i borci ostalih kategorija koji su ostvarili u\u010de\u0161\u0107e u ratu u neprekidnom trajanju nakon odlaska na redovno slu\u017eenje vojnog roka do kraja rata, RVI i \u010dlanovi porodica poginulih boraca koji to pravo ne mogu ostvariti po drugim osnovama i koji nisu ovo pravo koristila u poslednjih pet godine iz bud\u017eeta grada ili putem Fonda zdravstvenog osiguranja Republike Srpske.<\/p>\n<p>Pravo na nov\u010danu pomo\u0107 za \u0161kolovanje i nabavku ud\u017ebenika mogu da ostvare djeca umrlih RVI korisnici porodi\u010dne invalidnine, djeca umrlih boraca od prve do tre\u0107e kategorije i boraca ostalih kategorija sa ostvarenim u\u010de\u0161\u0107e u ratu u neprekidnom trajanju nakon odlaska na odslu\u017eenje redovnog vojnog roka do kraja rata i djeca RVI i djeca boraca od prve do tre\u0107e kategorije kao i boraca ostalih kategorija sa ostvarenim u\u010de\u0161\u0107em u ratu u neprekidnom trajanju nakon odlaska na odslu\u017eenje redovnog vojnog roka do kraja rata, a bez redovnih mjese\u010dnih primanja osim iz bora\u010dko-invalidske i socijalne za\u0161tite, koja se nalaze na redovnom \u0161kolovanju, a najdalje do navr\u0161ene 26. godine \u017eivota.<\/p>\n<p>Za u\u010denike osnovne i srednje \u0161kole predvi\u0111en je iznos jedne polovine najni\u017ee plate u Republici Srpskoj, a za studente druge i vi\u0161ih godina strukovnih ili akademskih studija iznos jedne najni\u017ee minimalne plate u Republici Srpskoj.<\/p>\n<p>Pravo na jednokratnu nov\u010danu pomo\u0107 za priklju\u010dak na vodovodnu i elektri\u010dnu mre\u017eu imaju \u010dlanovi porodice poginulog borca, RVI i \u010dlanovi porodice umrlog RVI korisnici porodi\u010dne invalidnine, borci od prve do tre\u0107e kategorije kao i borci ostalih kategorija koji su ostvarili u\u010de\u0161\u0107e u neprekidnom trajanju nakon odlaska na redovno slu\u017eenje vojnog roka do kraja rata u iznosu do jedne najni\u017ee plate u Republici Srpskoj, u zavisnosti od sredstava na raspolaganju i materijalne situacije korisnika prava.<\/p>\n<p>Ovo pravo ne mogu koristiti lica koja su ranije koristila ovo pravo, kao ni lica koja koriste porodi\u010dnu ku\u0107u ili stan, a nisu rije\u0161ila pitanje priklju\u010dka na elektri\u010dnu ili vodovodnu mre\u017eu prije stupanja na snagu ove odluke ili bila u vlasni\u0161tvu porodi\u010dne ku\u0107e ili stana, pa su ovu nepokretnost prodala, zamijenila ili na drugi na\u010din otu\u0111ila u vrijeme nakon zavr\u0161etka Odbrambeno-otad\u017ebinskog rata Republike Srpske.<\/p>\n<p>O pravima po ovoj odluci odlu\u010duje Odjeljenje za bora\u010dko-invalidsku za\u0161titu, a na prijedlog Komisije za ostvarivanje dopunskih prava iz bora\u010dko-invalidske za\u0161tite koju na vremenski period od \u010detiri godine imenuje gradona\u010delnik.<\/p>\n<p>Komisiju \u010dine predsjednik i dva \u010dlana sa zamjenicima, a imenuju ih predstavnici Odjeljenja, Bora\u010dke organizacije i Organizacije porodica zarobljenih i poginulih boraca i nestalih civila. <\/p>\n<p>SRNA<br \/>\nFoto &#8211; ilustracija<\/p>\n","protected":false},"excerpt":{"rendered":"<p>Odlukom o dopunskim pravima boraca, ratnih vojnih invalida \/RVI\/ i porodica poginulih boraca i umrlih RVI i boraca Odbrambeno-otad\u017ebinskog rata Republike Srpske grada Prijedora uvedena su dva nova prava na [&hellip;]<\/p>\n","protected":false},"author":1,"featured_media":0,"comment_status":"closed","ping_status":"open","sticky":false,"template":"","format":"standard","meta":{"_monsterinsights_skip_tracking":false,"_monsterinsights_sitenote_active":false,"_monsterinsights_sitenote_note":"","_monsterinsights_sitenote_category":0,"footnotes":""},"categories":[8],"tags":[],"yoast_head":"<!-- This site is optimized with the Yoast SEO plugin v21.6 - https:\/\/yoast.com\/wordpress\/plugins\/seo\/ -->\n<title>Bora\u010dko-invalidska za\u0161tita: Uvedena nova prava iz bud\u017eeta grada Prijedora, izmijenjeni iznosi nov\u010danih davanja - PrijedorDanas.com - Prijedorski gradski portal<\/title>\n<meta name=\"robots\" content=\"index, follow, max-snippet:-1, max-image-preview:large, max-video-preview:-1\" \/>\n<link rel=\"canonical\" href=\"https:\/\/www.prijedordanas.com\/?p=246916\" \/>\n<meta property=\"og:locale\" content=\"en_US\" \/>\n<meta property=\"og:type\" content=\"article\" \/>\n<meta property=\"og:title\" content=\"Bora\u010dko-invalidska za\u0161tita: Uvedena nova prava iz bud\u017eeta grada Prijedora, izmijenjeni iznosi nov\u010danih davanja - PrijedorDanas.com - Prijedorski gradski portal\" \/>\n<meta property=\"og:description\" content=\"Odlukom o dopunskim pravima boraca, ratnih vojnih invalida \/RVI\/ i porodica poginulih boraca i umrlih RVI i boraca Odbrambeno-otad\u017ebinskog rata Republike Srpske grada Prijedora uvedena su dva nova prava na [&hellip;]\" \/>\n<meta property=\"og:url\" content=\"https:\/\/www.prijedordanas.com\/?p=246916\" \/>\n<meta property=\"og:site_name\" content=\"PrijedorDanas.com - Prijedorski gradski portal\" \/>\n<meta property=\"article:publisher\" content=\"https:\/\/www.facebook.com\/PrijedorDanasCom\/\" \/>\n<meta property=\"article:published_time\" content=\"2025-05-11T12:40:24+00:00\" \/>\n<meta property=\"og:image\" content=\"https:\/\/www.prijedordanas.com\/wp-content\/uploads\/2025\/05\/gradska-uprava-pd-maj2025-2-300x225.jpg\" \/>\n<meta name=\"author\" content=\"admin\" \/>\n<meta name=\"twitter:card\" content=\"summary_large_image\" \/>\n<meta name=\"twitter:label1\" content=\"Written by\" \/>\n\t<meta name=\"twitter:data1\" content=\"admin\" \/>\n<script type=\"application\/ld+json\" class=\"yoast-schema-graph\">{\"@context\":\"https:\/\/schema.org\",\"@graph\":[{\"@type\":\"Article\",\"@id\":\"https:\/\/www.prijedordanas.com\/?p=246916#article\",\"isPartOf\":{\"@id\":\"https:\/\/www.prijedordanas.com\/?p=246916\"},\"author\":{\"name\":\"admin\",\"@id\":\"https:\/\/www.prijedordanas.com\/#\/schema\/person\/4e08ccf29b506ca916ff86d46bb700e6\"},\"headline\":\"Bora\u010dko-invalidska za\u0161tita: Uvedena nova prava iz bud\u017eeta grada Prijedora, izmijenjeni iznosi nov\u010danih davanja\",\"datePublished\":\"2025-05-11T12:40:24+00:00\",\"dateModified\":\"2025-05-11T12:40:24+00:00\",\"mainEntityOfPage\":{\"@id\":\"https:\/\/www.prijedordanas.com\/?p=246916\"},\"wordCount\":931,\"publisher\":{\"@id\":\"https:\/\/www.prijedordanas.com\/#organization\"},\"articleSection\":[\"Svakodnevno\"],\"inLanguage\":\"en-US\"},{\"@type\":\"WebPage\",\"@id\":\"https:\/\/www.prijedordanas.com\/?p=246916\",\"url\":\"https:\/\/www.prijedordanas.com\/?p=246916\",\"name\":\"Bora\u010dko-invalidska za\u0161tita: Uvedena nova prava iz bud\u017eeta grada Prijedora, izmijenjeni iznosi nov\u010danih davanja - PrijedorDanas.com - Prijedorski gradski portal\",\"isPartOf\":{\"@id\":\"https:\/\/www.prijedordanas.com\/#website\"},\"datePublished\":\"2025-05-11T12:40:24+00:00\",\"dateModified\":\"2025-05-11T12:40:24+00:00\",\"breadcrumb\":{\"@id\":\"https:\/\/www.prijedordanas.com\/?p=246916#breadcrumb\"},\"inLanguage\":\"en-US\",\"potentialAction\":[{\"@type\":\"ReadAction\",\"target\":[\"https:\/\/www.prijedordanas.com\/?p=246916\"]}]},{\"@type\":\"BreadcrumbList\",\"@id\":\"https:\/\/www.prijedordanas.com\/?p=246916#breadcrumb\",\"itemListElement\":[{\"@type\":\"ListItem\",\"position\":1,\"name\":\"Home\",\"item\":\"https:\/\/www.prijedordanas.com\/\"},{\"@type\":\"ListItem\",\"position\":2,\"name\":\"Bora\u010dko-invalidska za\u0161tita: Uvedena nova prava iz bud\u017eeta grada Prijedora, izmijenjeni iznosi nov\u010danih davanja\"}]},{\"@type\":\"WebSite\",\"@id\":\"https:\/\/www.prijedordanas.com\/#website\",\"url\":\"https:\/\/www.prijedordanas.com\/\",\"name\":\"PrijedorDanas.com - Prijedorski gradski portal\",\"description\":\"Portal o doga\u0111anjima u gradu Prijedoru\",\"publisher\":{\"@id\":\"https:\/\/www.prijedordanas.com\/#organization\"},\"potentialAction\":[{\"@type\":\"SearchAction\",\"target\":{\"@type\":\"EntryPoint\",\"urlTemplate\":\"https:\/\/www.prijedordanas.com\/?s={search_term_string}\"},\"query-input\":\"required name=search_term_string\"}],\"inLanguage\":\"en-US\"},{\"@type\":\"Organization\",\"@id\":\"https:\/\/www.prijedordanas.com\/#organization\",\"name\":\"PrijedorDanas.com\",\"url\":\"https:\/\/www.prijedordanas.com\/\",\"logo\":{\"@type\":\"ImageObject\",\"inLanguage\":\"en-US\",\"@id\":\"https:\/\/www.prijedordanas.com\/#\/schema\/logo\/image\/\",\"url\":\"http:\/\/www.prijedordanas.com\/wp-content\/uploads\/2021\/12\/logopng.png\",\"contentUrl\":\"http:\/\/www.prijedordanas.com\/wp-content\/uploads\/2021\/12\/logopng.png\",\"width\":1019,\"height\":776,\"caption\":\"PrijedorDanas.com\"},\"image\":{\"@id\":\"https:\/\/www.prijedordanas.com\/#\/schema\/logo\/image\/\"},\"sameAs\":[\"https:\/\/www.facebook.com\/PrijedorDanasCom\/\"]},{\"@type\":\"Person\",\"@id\":\"https:\/\/www.prijedordanas.com\/#\/schema\/person\/4e08ccf29b506ca916ff86d46bb700e6\",\"name\":\"admin\",\"image\":{\"@type\":\"ImageObject\",\"inLanguage\":\"en-US\",\"@id\":\"https:\/\/www.prijedordanas.com\/#\/schema\/person\/image\/\",\"url\":\"https:\/\/secure.gravatar.com\/avatar\/1d3fc949d550f0b53a5f0d51e06dfd79?s=96&d=mm&r=g\",\"contentUrl\":\"https:\/\/secure.gravatar.com\/avatar\/1d3fc949d550f0b53a5f0d51e06dfd79?s=96&d=mm&r=g\",\"caption\":\"admin\"},\"url\":\"https:\/\/www.prijedordanas.com\/?author=1\"}]}<\/script>\n<!-- \/ Yoast SEO plugin. -->","yoast_head_json":{"title":"Bora\u010dko-invalidska za\u0161tita: Uvedena nova prava iz bud\u017eeta grada Prijedora, izmijenjeni iznosi nov\u010danih davanja - PrijedorDanas.com - Prijedorski gradski portal","robots":{"index":"index","follow":"follow","max-snippet":"max-snippet:-1","max-image-preview":"max-image-preview:large","max-video-preview":"max-video-preview:-1"},"canonical":"https:\/\/www.prijedordanas.com\/?p=246916","og_locale":"en_US","og_type":"article","og_title":"Bora\u010dko-invalidska za\u0161tita: Uvedena nova prava iz bud\u017eeta grada Prijedora, izmijenjeni iznosi nov\u010danih davanja - PrijedorDanas.com - Prijedorski gradski portal","og_description":"Odlukom o dopunskim pravima boraca, ratnih vojnih invalida \/RVI\/ i porodica poginulih boraca i umrlih RVI i boraca Odbrambeno-otad\u017ebinskog rata Republike Srpske grada Prijedora uvedena su dva nova prava na [&hellip;]","og_url":"https:\/\/www.prijedordanas.com\/?p=246916","og_site_name":"PrijedorDanas.com - Prijedorski gradski portal","article_publisher":"https:\/\/www.facebook.com\/PrijedorDanasCom\/","article_published_time":"2025-05-11T12:40:24+00:00","og_image":[{"url":"https:\/\/www.prijedordanas.com\/wp-content\/uploads\/2025\/05\/gradska-uprava-pd-maj2025-2-300x225.jpg"}],"author":"admin","twitter_card":"summary_large_image","twitter_misc":{"Written by":"admin"},"schema":{"@context":"https:\/\/schema.org","@graph":[{"@type":"Article","@id":"https:\/\/www.prijedordanas.com\/?p=246916#article","isPartOf":{"@id":"https:\/\/www.prijedordanas.com\/?p=246916"},"author":{"name":"admin","@id":"https:\/\/www.prijedordanas.com\/#\/schema\/person\/4e08ccf29b506ca916ff86d46bb700e6"},"headline":"Bora\u010dko-invalidska za\u0161tita: Uvedena nova prava iz bud\u017eeta grada Prijedora, izmijenjeni iznosi nov\u010danih davanja","datePublished":"2025-05-11T12:40:24+00:00","dateModified":"2025-05-11T12:40:24+00:00","mainEntityOfPage":{"@id":"https:\/\/www.prijedordanas.com\/?p=246916"},"wordCount":931,"publisher":{"@id":"https:\/\/www.prijedordanas.com\/#organization"},"articleSection":["Svakodnevno"],"inLanguage":"en-US"},{"@type":"WebPage","@id":"https:\/\/www.prijedordanas.com\/?p=246916","url":"https:\/\/www.prijedordanas.com\/?p=246916","name":"Bora\u010dko-invalidska za\u0161tita: Uvedena nova prava iz bud\u017eeta grada Prijedora, izmijenjeni iznosi nov\u010danih davanja - PrijedorDanas.com - Prijedorski gradski portal","isPartOf":{"@id":"https:\/\/www.prijedordanas.com\/#website"},"datePublished":"2025-05-11T12:40:24+00:00","dateModified":"2025-05-11T12:40:24+00:00","breadcrumb":{"@id":"https:\/\/www.prijedordanas.com\/?p=246916#breadcrumb"},"inLanguage":"en-US","potentialAction":[{"@type":"ReadAction","target":["https:\/\/www.prijedordanas.com\/?p=246916"]}]},{"@type":"BreadcrumbList","@id":"https:\/\/www.prijedordanas.com\/?p=246916#breadcrumb","itemListElement":[{"@type":"ListItem","position":1,"name":"Home","item":"https:\/\/www.prijedordanas.com\/"},{"@type":"ListItem","position":2,"name":"Bora\u010dko-invalidska za\u0161tita: Uvedena nova prava iz bud\u017eeta grada Prijedora, izmijenjeni iznosi nov\u010danih davanja"}]},{"@type":"WebSite","@id":"https:\/\/www.prijedordanas.com\/#website","url":"https:\/\/www.prijedordanas.com\/","name":"PrijedorDanas.com - Prijedorski gradski portal","description":"Portal o doga\u0111anjima u gradu Prijedoru","publisher":{"@id":"https:\/\/www.prijedordanas.com\/#organization"},"potentialAction":[{"@type":"SearchAction","target":{"@type":"EntryPoint","urlTemplate":"https:\/\/www.prijedordanas.com\/?s={search_term_string}"},"query-input":"required name=search_term_string"}],"inLanguage":"en-US"},{"@type":"Organization","@id":"https:\/\/www.prijedordanas.com\/#organization","name":"PrijedorDanas.com","url":"https:\/\/www.prijedordanas.com\/","logo":{"@type":"ImageObject","inLanguage":"en-US","@id":"https:\/\/www.prijedordanas.com\/#\/schema\/logo\/image\/","url":"http:\/\/www.prijedordanas.com\/wp-content\/uploads\/2021\/12\/logopng.png","contentUrl":"http:\/\/www.prijedordanas.com\/wp-content\/uploads\/2021\/12\/logopng.png","width":1019,"height":776,"caption":"PrijedorDanas.com"},"image":{"@id":"https:\/\/www.prijedordanas.com\/#\/schema\/logo\/image\/"},"sameAs":["https:\/\/www.facebook.com\/PrijedorDanasCom\/"]},{"@type":"Person","@id":"https:\/\/www.prijedordanas.com\/#\/schema\/person\/4e08ccf29b506ca916ff86d46bb700e6","name":"admin","image":{"@type":"ImageObject","inLanguage":"en-US","@id":"https:\/\/www.prijedordanas.com\/#\/schema\/person\/image\/","url":"https:\/\/secure.gravatar.com\/avatar\/1d3fc949d550f0b53a5f0d51e06dfd79?s=96&d=mm&r=g","contentUrl":"https:\/\/secure.gravatar.com\/avatar\/1d3fc949d550f0b53a5f0d51e06dfd79?s=96&d=mm&r=g","caption":"admin"},"url":"https:\/\/www.prijedordanas.com\/?author=1"}]}},"_links":{"self":[{"href":"https:\/\/www.prijedordanas.com\/index.php?rest_route=\/wp\/v2\/posts\/246916"}],"collection":[{"href":"https:\/\/www.prijedordanas.com\/index.php?rest_route=\/wp\/v2\/posts"}],"about":[{"href":"https:\/\/www.prijedordanas.com\/index.php?rest_route=\/wp\/v2\/types\/post"}],"author":[{"embeddable":true,"href":"https:\/\/www.prijedordanas.com\/index.php?rest_route=\/wp\/v2\/users\/1"}],"replies":[{"embeddable":true,"href":"https:\/\/www.prijedordanas.com\/index.php?rest_route=%2Fwp%2Fv2%2Fcomments&post=246916"}],"version-history":[{"count":1,"href":"https:\/\/www.prijedordanas.com\/index.php?rest_route=\/wp\/v2\/posts\/246916\/revisions"}],"predecessor-version":[{"id":246918,"href":"https:\/\/www.prijedordanas.com\/index.php?rest_route=\/wp\/v2\/posts\/246916\/revisions\/246918"}],"wp:attachment":[{"href":"https:\/\/www.prijedordanas.com\/index.php?rest_route=%2Fwp%2Fv2%2Fmedia&parent=246916"}],"wp:term":[{"taxonomy":"category","embeddable":true,"href":"https:\/\/www.prijedordanas.com\/index.php?rest_route=%2Fwp%2Fv2%2Fcategories&post=246916"},{"taxonomy":"post_tag","embeddable":true,"href":"https:\/\/www.prijedordanas.com\/index.php?rest_route=%2Fwp%2Fv2%2Ftags&post=246916"}],"curies":[{"name":"wp","href":"https:\/\/api.w.org\/{rel}","templated":true}]}}