{"id":246894,"date":"2025-05-11T10:24:55","date_gmt":"2025-05-11T08:24:55","guid":{"rendered":"https:\/\/www.prijedordanas.com\/?p=246894"},"modified":"2025-05-11T10:24:55","modified_gmt":"2025-05-11T08:24:55","slug":"sudar-autobusa-i-auta-na-putu-banjaluka-prijedor-povrijedene-cetiri-osobe-foto","status":"publish","type":"post","link":"https:\/\/www.prijedordanas.com\/?p=246894","title":{"rendered":"Sudar autobusa i auta na putu Banjaluka-Prijedor, povrije\u0111ene \u010detiri osobe &#8211; FOTO"},"content":{"rendered":"<p><a href=\"https:\/\/www.prijedordanas.com\/wp-content\/uploads\/2025\/05\/vatrogasci-bl-saobracajka-prijakovci-10maj-1.jpg\"><img loading=\"lazy\" decoding=\"async\" src=\"https:\/\/www.prijedordanas.com\/wp-content\/uploads\/2025\/05\/vatrogasci-bl-saobracajka-prijakovci-10maj-1-300x226.jpg\" alt=\"\" width=\"300\" height=\"226\" class=\"alignleft size-medium wp-image-246895\" srcset=\"https:\/\/www.prijedordanas.com\/wp-content\/uploads\/2025\/05\/vatrogasci-bl-saobracajka-prijakovci-10maj-1-300x226.jpg 300w, https:\/\/www.prijedordanas.com\/wp-content\/uploads\/2025\/05\/vatrogasci-bl-saobracajka-prijakovci-10maj-1-640x480.jpg 640w, https:\/\/www.prijedordanas.com\/wp-content\/uploads\/2025\/05\/vatrogasci-bl-saobracajka-prijakovci-10maj-1.jpg 664w\" sizes=\"(max-width: 300px) 100vw, 300px\" \/><\/a>\u010cetiri osobe povrije\u0111ene su sino\u0107 u sudaru automobila i autobusa u mjestu Prijakovci na putu Banjaluka &#8211; Prijedor, potvr\u0111eno je za ATV iz PU Banjaluka.<\/p>\n<p>&#8220;Policijski slu\u017ebenici PU Banjaluka izvr\u0161ili su uvi\u0111aj na licu mjesta saobra\u0107ajne nezgode koja se dogodila sino\u0107 oko 21,10 \u010dasova na magistralnom putu Banjaluka &#8211; Prijedor u mjestu Prijakovci. U nezgodi je u\u010destvovao autobus i putni\u010dko vozilo, a \u010detiri lica su zadobila tjelesne povrede i ljekarska pomo\u0107 im je ukazana na UKC RS. Na magistralnom putu MI &#8211; 108 Banjaluka &#8211; Prijedor je u periodu od 21,40 do 22,40 \u010dasova je bila potpuna obustava saobra\u0107aja, zbog vr\u0161enja uvi\u0111aja&#8221;, re\u010deno je iz policije.<\/p>\n<p><a href=\"https:\/\/www.atvbl.rs\/lat\/vijesti\/hronika\/sudar-autobusa-i-auta-na-putu-banjaluka-prijedor-cetiri-osobe-povrijedene-11-5-2025\" rel=\"noopener\" target=\"_blank\">atvbl.rs<\/a><br \/>\nFoto: Vatrogasno-spasila\u010dka brigada Banjaluka<\/p>\n<p><a href=\"https:\/\/www.prijedordanas.com\/wp-content\/uploads\/2025\/05\/vatrogasci-bl-saobracajka-prijakovci-10maj-2.jpg\"><img loading=\"lazy\" decoding=\"async\" src=\"https:\/\/www.prijedordanas.com\/wp-content\/uploads\/2025\/05\/vatrogasci-bl-saobracajka-prijakovci-10maj-2-300x226.jpg\" alt=\"\" width=\"300\" height=\"226\" class=\"alignleft size-medium wp-image-246896\" srcset=\"https:\/\/www.prijedordanas.com\/wp-content\/uploads\/2025\/05\/vatrogasci-bl-saobracajka-prijakovci-10maj-2-300x226.jpg 300w, https:\/\/www.prijedordanas.com\/wp-content\/uploads\/2025\/05\/vatrogasci-bl-saobracajka-prijakovci-10maj-2-640x480.jpg 640w, https:\/\/www.prijedordanas.com\/wp-content\/uploads\/2025\/05\/vatrogasci-bl-saobracajka-prijakovci-10maj-2.jpg 664w\" sizes=\"(max-width: 300px) 100vw, 300px\" \/><\/a><\/p>\n","protected":false},"excerpt":{"rendered":"<p>\u010cetiri osobe povrije\u0111ene su sino\u0107 u sudaru automobila i autobusa u mjestu Prijakovci na putu Banjaluka &#8211; Prijedor, potvr\u0111eno je za ATV iz PU Banjaluka. &#8220;Policijski slu\u017ebenici PU Banjaluka izvr\u0161ili [&hellip;]<\/p>\n","protected":false},"author":1,"featured_media":0,"comment_status":"closed","ping_status":"open","sticky":false,"template":"","format":"standard","meta":{"_monsterinsights_skip_tracking":false,"_monsterinsights_sitenote_active":false,"_monsterinsights_sitenote_note":"","_monsterinsights_sitenote_category":0,"footnotes":""},"categories":[5],"tags":[],"yoast_head":"<!-- This site is optimized with the Yoast SEO plugin v21.6 - https:\/\/yoast.com\/wordpress\/plugins\/seo\/ -->\n<title>Sudar autobusa i auta na putu Banjaluka-Prijedor, povrije\u0111ene \u010detiri osobe - FOTO - PrijedorDanas.com - Prijedorski gradski portal<\/title>\n<meta name=\"robots\" content=\"index, follow, max-snippet:-1, max-image-preview:large, max-video-preview:-1\" \/>\n<link rel=\"canonical\" href=\"https:\/\/www.prijedordanas.com\/?p=246894\" \/>\n<meta property=\"og:locale\" content=\"en_US\" \/>\n<meta property=\"og:type\" content=\"article\" \/>\n<meta property=\"og:title\" content=\"Sudar autobusa i auta na putu Banjaluka-Prijedor, povrije\u0111ene \u010detiri osobe - FOTO - PrijedorDanas.com - Prijedorski gradski portal\" \/>\n<meta property=\"og:description\" content=\"\u010cetiri osobe povrije\u0111ene su sino\u0107 u sudaru automobila i autobusa u mjestu Prijakovci na putu Banjaluka &#8211; Prijedor, potvr\u0111eno je za ATV iz PU Banjaluka. &#8220;Policijski slu\u017ebenici PU Banjaluka izvr\u0161ili [&hellip;]\" \/>\n<meta property=\"og:url\" content=\"https:\/\/www.prijedordanas.com\/?p=246894\" \/>\n<meta property=\"og:site_name\" content=\"PrijedorDanas.com - Prijedorski gradski portal\" \/>\n<meta property=\"article:publisher\" content=\"https:\/\/www.facebook.com\/PrijedorDanasCom\/\" \/>\n<meta property=\"article:published_time\" content=\"2025-05-11T08:24:55+00:00\" \/>\n<meta property=\"og:image\" content=\"https:\/\/www.prijedordanas.com\/wp-content\/uploads\/2025\/05\/vatrogasci-bl-saobracajka-prijakovci-10maj-1-300x226.jpg\" \/>\n<meta name=\"author\" content=\"admin\" \/>\n<meta name=\"twitter:card\" content=\"summary_large_image\" \/>\n<meta name=\"twitter:label1\" content=\"Written by\" \/>\n\t<meta name=\"twitter:data1\" content=\"admin\" \/>\n<script type=\"application\/ld+json\" class=\"yoast-schema-graph\">{\"@context\":\"https:\/\/schema.org\",\"@graph\":[{\"@type\":\"Article\",\"@id\":\"https:\/\/www.prijedordanas.com\/?p=246894#article\",\"isPartOf\":{\"@id\":\"https:\/\/www.prijedordanas.com\/?p=246894\"},\"author\":{\"name\":\"admin\",\"@id\":\"https:\/\/www.prijedordanas.com\/#\/schema\/person\/4e08ccf29b506ca916ff86d46bb700e6\"},\"headline\":\"Sudar autobusa i auta na putu Banjaluka-Prijedor, povrije\u0111ene \u010detiri osobe &#8211; FOTO\",\"datePublished\":\"2025-05-11T08:24:55+00:00\",\"dateModified\":\"2025-05-11T08:24:55+00:00\",\"mainEntityOfPage\":{\"@id\":\"https:\/\/www.prijedordanas.com\/?p=246894\"},\"wordCount\":134,\"publisher\":{\"@id\":\"https:\/\/www.prijedordanas.com\/#organization\"},\"articleSection\":[\"Hronika\"],\"inLanguage\":\"en-US\"},{\"@type\":\"WebPage\",\"@id\":\"https:\/\/www.prijedordanas.com\/?p=246894\",\"url\":\"https:\/\/www.prijedordanas.com\/?p=246894\",\"name\":\"Sudar autobusa i auta na putu Banjaluka-Prijedor, povrije\u0111ene \u010detiri osobe - FOTO - PrijedorDanas.com - Prijedorski gradski portal\",\"isPartOf\":{\"@id\":\"https:\/\/www.prijedordanas.com\/#website\"},\"datePublished\":\"2025-05-11T08:24:55+00:00\",\"dateModified\":\"2025-05-11T08:24:55+00:00\",\"breadcrumb\":{\"@id\":\"https:\/\/www.prijedordanas.com\/?p=246894#breadcrumb\"},\"inLanguage\":\"en-US\",\"potentialAction\":[{\"@type\":\"ReadAction\",\"target\":[\"https:\/\/www.prijedordanas.com\/?p=246894\"]}]},{\"@type\":\"BreadcrumbList\",\"@id\":\"https:\/\/www.prijedordanas.com\/?p=246894#breadcrumb\",\"itemListElement\":[{\"@type\":\"ListItem\",\"position\":1,\"name\":\"Home\",\"item\":\"https:\/\/www.prijedordanas.com\/\"},{\"@type\":\"ListItem\",\"position\":2,\"name\":\"Sudar autobusa i auta na putu Banjaluka-Prijedor, povrije\u0111ene \u010detiri osobe &#8211; FOTO\"}]},{\"@type\":\"WebSite\",\"@id\":\"https:\/\/www.prijedordanas.com\/#website\",\"url\":\"https:\/\/www.prijedordanas.com\/\",\"name\":\"PrijedorDanas.com - Prijedorski gradski portal\",\"description\":\"Portal o doga\u0111anjima u gradu Prijedoru\",\"publisher\":{\"@id\":\"https:\/\/www.prijedordanas.com\/#organization\"},\"potentialAction\":[{\"@type\":\"SearchAction\",\"target\":{\"@type\":\"EntryPoint\",\"urlTemplate\":\"https:\/\/www.prijedordanas.com\/?s={search_term_string}\"},\"query-input\":\"required name=search_term_string\"}],\"inLanguage\":\"en-US\"},{\"@type\":\"Organization\",\"@id\":\"https:\/\/www.prijedordanas.com\/#organization\",\"name\":\"PrijedorDanas.com\",\"url\":\"https:\/\/www.prijedordanas.com\/\",\"logo\":{\"@type\":\"ImageObject\",\"inLanguage\":\"en-US\",\"@id\":\"https:\/\/www.prijedordanas.com\/#\/schema\/logo\/image\/\",\"url\":\"http:\/\/www.prijedordanas.com\/wp-content\/uploads\/2021\/12\/logopng.png\",\"contentUrl\":\"http:\/\/www.prijedordanas.com\/wp-content\/uploads\/2021\/12\/logopng.png\",\"width\":1019,\"height\":776,\"caption\":\"PrijedorDanas.com\"},\"image\":{\"@id\":\"https:\/\/www.prijedordanas.com\/#\/schema\/logo\/image\/\"},\"sameAs\":[\"https:\/\/www.facebook.com\/PrijedorDanasCom\/\"]},{\"@type\":\"Person\",\"@id\":\"https:\/\/www.prijedordanas.com\/#\/schema\/person\/4e08ccf29b506ca916ff86d46bb700e6\",\"name\":\"admin\",\"image\":{\"@type\":\"ImageObject\",\"inLanguage\":\"en-US\",\"@id\":\"https:\/\/www.prijedordanas.com\/#\/schema\/person\/image\/\",\"url\":\"https:\/\/secure.gravatar.com\/avatar\/1d3fc949d550f0b53a5f0d51e06dfd79?s=96&d=mm&r=g\",\"contentUrl\":\"https:\/\/secure.gravatar.com\/avatar\/1d3fc949d550f0b53a5f0d51e06dfd79?s=96&d=mm&r=g\",\"caption\":\"admin\"},\"url\":\"https:\/\/www.prijedordanas.com\/?author=1\"}]}<\/script>\n<!-- \/ Yoast SEO plugin. -->","yoast_head_json":{"title":"Sudar autobusa i auta na putu Banjaluka-Prijedor, povrije\u0111ene \u010detiri osobe - FOTO - PrijedorDanas.com - Prijedorski gradski portal","robots":{"index":"index","follow":"follow","max-snippet":"max-snippet:-1","max-image-preview":"max-image-preview:large","max-video-preview":"max-video-preview:-1"},"canonical":"https:\/\/www.prijedordanas.com\/?p=246894","og_locale":"en_US","og_type":"article","og_title":"Sudar autobusa i auta na putu Banjaluka-Prijedor, povrije\u0111ene \u010detiri osobe - FOTO - PrijedorDanas.com - Prijedorski gradski portal","og_description":"\u010cetiri osobe povrije\u0111ene su sino\u0107 u sudaru automobila i autobusa u mjestu Prijakovci na putu Banjaluka &#8211; Prijedor, potvr\u0111eno je za ATV iz PU Banjaluka. &#8220;Policijski slu\u017ebenici PU Banjaluka izvr\u0161ili [&hellip;]","og_url":"https:\/\/www.prijedordanas.com\/?p=246894","og_site_name":"PrijedorDanas.com - Prijedorski gradski portal","article_publisher":"https:\/\/www.facebook.com\/PrijedorDanasCom\/","article_published_time":"2025-05-11T08:24:55+00:00","og_image":[{"url":"https:\/\/www.prijedordanas.com\/wp-content\/uploads\/2025\/05\/vatrogasci-bl-saobracajka-prijakovci-10maj-1-300x226.jpg"}],"author":"admin","twitter_card":"summary_large_image","twitter_misc":{"Written by":"admin"},"schema":{"@context":"https:\/\/schema.org","@graph":[{"@type":"Article","@id":"https:\/\/www.prijedordanas.com\/?p=246894#article","isPartOf":{"@id":"https:\/\/www.prijedordanas.com\/?p=246894"},"author":{"name":"admin","@id":"https:\/\/www.prijedordanas.com\/#\/schema\/person\/4e08ccf29b506ca916ff86d46bb700e6"},"headline":"Sudar autobusa i auta na putu Banjaluka-Prijedor, povrije\u0111ene \u010detiri osobe &#8211; FOTO","datePublished":"2025-05-11T08:24:55+00:00","dateModified":"2025-05-11T08:24:55+00:00","mainEntityOfPage":{"@id":"https:\/\/www.prijedordanas.com\/?p=246894"},"wordCount":134,"publisher":{"@id":"https:\/\/www.prijedordanas.com\/#organization"},"articleSection":["Hronika"],"inLanguage":"en-US"},{"@type":"WebPage","@id":"https:\/\/www.prijedordanas.com\/?p=246894","url":"https:\/\/www.prijedordanas.com\/?p=246894","name":"Sudar autobusa i auta na putu Banjaluka-Prijedor, povrije\u0111ene \u010detiri osobe - FOTO - PrijedorDanas.com - Prijedorski gradski portal","isPartOf":{"@id":"https:\/\/www.prijedordanas.com\/#website"},"datePublished":"2025-05-11T08:24:55+00:00","dateModified":"2025-05-11T08:24:55+00:00","breadcrumb":{"@id":"https:\/\/www.prijedordanas.com\/?p=246894#breadcrumb"},"inLanguage":"en-US","potentialAction":[{"@type":"ReadAction","target":["https:\/\/www.prijedordanas.com\/?p=246894"]}]},{"@type":"BreadcrumbList","@id":"https:\/\/www.prijedordanas.com\/?p=246894#breadcrumb","itemListElement":[{"@type":"ListItem","position":1,"name":"Home","item":"https:\/\/www.prijedordanas.com\/"},{"@type":"ListItem","position":2,"name":"Sudar autobusa i auta na putu Banjaluka-Prijedor, povrije\u0111ene \u010detiri osobe &#8211; FOTO"}]},{"@type":"WebSite","@id":"https:\/\/www.prijedordanas.com\/#website","url":"https:\/\/www.prijedordanas.com\/","name":"PrijedorDanas.com - Prijedorski gradski portal","description":"Portal o doga\u0111anjima u gradu Prijedoru","publisher":{"@id":"https:\/\/www.prijedordanas.com\/#organization"},"potentialAction":[{"@type":"SearchAction","target":{"@type":"EntryPoint","urlTemplate":"https:\/\/www.prijedordanas.com\/?s={search_term_string}"},"query-input":"required name=search_term_string"}],"inLanguage":"en-US"},{"@type":"Organization","@id":"https:\/\/www.prijedordanas.com\/#organization","name":"PrijedorDanas.com","url":"https:\/\/www.prijedordanas.com\/","logo":{"@type":"ImageObject","inLanguage":"en-US","@id":"https:\/\/www.prijedordanas.com\/#\/schema\/logo\/image\/","url":"http:\/\/www.prijedordanas.com\/wp-content\/uploads\/2021\/12\/logopng.png","contentUrl":"http:\/\/www.prijedordanas.com\/wp-content\/uploads\/2021\/12\/logopng.png","width":1019,"height":776,"caption":"PrijedorDanas.com"},"image":{"@id":"https:\/\/www.prijedordanas.com\/#\/schema\/logo\/image\/"},"sameAs":["https:\/\/www.facebook.com\/PrijedorDanasCom\/"]},{"@type":"Person","@id":"https:\/\/www.prijedordanas.com\/#\/schema\/person\/4e08ccf29b506ca916ff86d46bb700e6","name":"admin","image":{"@type":"ImageObject","inLanguage":"en-US","@id":"https:\/\/www.prijedordanas.com\/#\/schema\/person\/image\/","url":"https:\/\/secure.gravatar.com\/avatar\/1d3fc949d550f0b53a5f0d51e06dfd79?s=96&d=mm&r=g","contentUrl":"https:\/\/secure.gravatar.com\/avatar\/1d3fc949d550f0b53a5f0d51e06dfd79?s=96&d=mm&r=g","caption":"admin"},"url":"https:\/\/www.prijedordanas.com\/?author=1"}]}},"_links":{"self":[{"href":"https:\/\/www.prijedordanas.com\/index.php?rest_route=\/wp\/v2\/posts\/246894"}],"collection":[{"href":"https:\/\/www.prijedordanas.com\/index.php?rest_route=\/wp\/v2\/posts"}],"about":[{"href":"https:\/\/www.prijedordanas.com\/index.php?rest_route=\/wp\/v2\/types\/post"}],"author":[{"embeddable":true,"href":"https:\/\/www.prijedordanas.com\/index.php?rest_route=\/wp\/v2\/users\/1"}],"replies":[{"embeddable":true,"href":"https:\/\/www.prijedordanas.com\/index.php?rest_route=%2Fwp%2Fv2%2Fcomments&post=246894"}],"version-history":[{"count":1,"href":"https:\/\/www.prijedordanas.com\/index.php?rest_route=\/wp\/v2\/posts\/246894\/revisions"}],"predecessor-version":[{"id":246897,"href":"https:\/\/www.prijedordanas.com\/index.php?rest_route=\/wp\/v2\/posts\/246894\/revisions\/246897"}],"wp:attachment":[{"href":"https:\/\/www.prijedordanas.com\/index.php?rest_route=%2Fwp%2Fv2%2Fmedia&parent=246894"}],"wp:term":[{"taxonomy":"category","embeddable":true,"href":"https:\/\/www.prijedordanas.com\/index.php?rest_route=%2Fwp%2Fv2%2Fcategories&post=246894"},{"taxonomy":"post_tag","embeddable":true,"href":"https:\/\/www.prijedordanas.com\/index.php?rest_route=%2Fwp%2Fv2%2Ftags&post=246894"}],"curies":[{"name":"wp","href":"https:\/\/api.w.org\/{rel}","templated":true}]}}