{"id":246891,"date":"2025-05-11T10:08:05","date_gmt":"2025-05-11T08:08:05","guid":{"rendered":"https:\/\/www.prijedordanas.com\/?p=246891"},"modified":"2025-05-11T10:08:05","modified_gmt":"2025-05-11T08:08:05","slug":"fondacija-nikola-baros-prijedor-s-ljubavlju-iz-beograda-stihovi-kao-poklon-povodom-dana-grada","status":"publish","type":"post","link":"https:\/\/www.prijedordanas.com\/?p=246891","title":{"rendered":"Fondacija &#8220;Nikola Baro\u0161&#8221; Prijedor: S ljubavlju iz Beograda &#8211; Stihovi kao poklon povodom Dana grada"},"content":{"rendered":"<p><a href=\"https:\/\/www.prijedordanas.com\/wp-content\/uploads\/2025\/05\/prijedorski-bukvar-prilika-za-lirika.jpg\"><img loading=\"lazy\" decoding=\"async\" src=\"https:\/\/www.prijedordanas.com\/wp-content\/uploads\/2025\/05\/prijedorski-bukvar-prilika-za-lirika-300x293.jpg\" alt=\"\" width=\"300\" height=\"293\" class=\"alignleft size-medium wp-image-246892\" srcset=\"https:\/\/www.prijedordanas.com\/wp-content\/uploads\/2025\/05\/prijedorski-bukvar-prilika-za-lirika-300x293.jpg 300w, https:\/\/www.prijedordanas.com\/wp-content\/uploads\/2025\/05\/prijedorski-bukvar-prilika-za-lirika-50x50.jpg 50w, https:\/\/www.prijedordanas.com\/wp-content\/uploads\/2025\/05\/prijedorski-bukvar-prilika-za-lirika.jpg 600w\" sizes=\"(max-width: 300px) 100vw, 300px\" \/><\/a>Povodom 16. Maja, Dana grada, Fondacija \u201cNikola Baro\u0161\u201d organizuje  humanitarne knji\u017eevne dane u Prijedoru.<\/p>\n<p>Srijeda,28. maj<\/p>\n<p>19.30 \u010dasova \u2013 Galerija \u201eSreten Stojanovi\u0107\u201d<br \/>\n\u201ePutnik i pisac\u201d \u2013 ve\u010de sa Viktorom Lazi\u0107em<br \/>\nPisac, novinar, prevodilac, osniva\u010d Muzeja knjige i putovanja, Viktor Lazi\u0107, razgovora\u0107e sa knji\u017eevnicom Mirjanom Bulatovi\u0107<\/p>\n<p>\u010cetvrtak, 29. maj<\/p>\n<p>Mirjana Bulatovi\u0107\u2013  \u201eOd \u0161kole do \u0161kole s torbom punom pjesama\u201d<br \/>\nGost: Sla\u0111ana Bu\u0161i\u0107<br \/>\nMuzi\u010dki za\u010din: Dra\u017eenka Jovi\u010din<\/p>\n<p>10.00 \u010dasova \u2013 O\u0160 \u201ePetar Ko\u010di\u0107\u201c<br \/>\n12.00 \u010dasova \u2013 O\u0160 \u201eDositej Obradovi\u0107\u201c<\/p>\n<p>19.30 \u010dasova \u2013 Pozori\u0161te Prijedor<br \/>\nPromocija knjige \u201ePrijedorski bukvar \u2013 prilika za lirika\u201c<br \/>\nU\u010destvuju autori: Mirjana Bulatovi\u0107, Zoran Stani\u0107 i Nata\u0161a Bubalo (ilustracije)<br \/>\nMuzi\u010dki za\u010din: Dra\u017eenka Jovi\u010din<\/p>\n<p>Petak,30. maj<\/p>\n<p>Mirjana Bulatovi\u0107 \u2013\u201eOd \u0161kole do \u0161kole s torbom punom pjesama\u201c<\/p>\n<p>10 \u010dasova \u2013 O\u0160 \u201eDesanka Maksimovi\u0107\u201c<br \/>\n12 \u010dasova \u2013 O\u0160 \u201eBranko \u0106opi\u0107\u201c<\/p>\n<p>Svi programi su humanitarnog karaktera.<\/p>\n<p>Organizator knji\u017eevnih dana su Fondacija \u201eNikola Baro\u0161\u201c uz podr\u0161ku Grada, Galerije \u201eSreten Stojanovi\u0107\u201c i Pozori\u0161ta Prijedor.<\/p>\n<p><strong><a href=\"https:\/\/kozarski.com\/s-ljubavlju-iz-beograda-stihovi-kao-poklon-povodom-dana-grada\/\" rel=\"noopener\" target=\"_blank\">kozarski.com<\/a><\/strong><\/p>\n","protected":false},"excerpt":{"rendered":"<p>Povodom 16. Maja, Dana grada, Fondacija \u201cNikola Baro\u0161\u201d organizuje humanitarne knji\u017eevne dane u Prijedoru. Srijeda,28. maj 19.30 \u010dasova \u2013 Galerija \u201eSreten Stojanovi\u0107\u201d \u201ePutnik i pisac\u201d \u2013 ve\u010de sa Viktorom Lazi\u0107em [&hellip;]<\/p>\n","protected":false},"author":1,"featured_media":0,"comment_status":"closed","ping_status":"open","sticky":false,"template":"","format":"standard","meta":{"_monsterinsights_skip_tracking":false,"_monsterinsights_sitenote_active":false,"_monsterinsights_sitenote_note":"","_monsterinsights_sitenote_category":0,"footnotes":""},"categories":[3],"tags":[],"yoast_head":"<!-- This site is optimized with the Yoast SEO plugin v21.6 - https:\/\/yoast.com\/wordpress\/plugins\/seo\/ -->\n<title>Fondacija &quot;Nikola Baro\u0161&quot; Prijedor: S ljubavlju iz Beograda - Stihovi kao poklon povodom Dana grada - PrijedorDanas.com - Prijedorski gradski portal<\/title>\n<meta name=\"robots\" content=\"index, follow, max-snippet:-1, max-image-preview:large, max-video-preview:-1\" \/>\n<link rel=\"canonical\" href=\"https:\/\/www.prijedordanas.com\/?p=246891\" \/>\n<meta property=\"og:locale\" content=\"en_US\" \/>\n<meta property=\"og:type\" content=\"article\" \/>\n<meta property=\"og:title\" content=\"Fondacija &quot;Nikola Baro\u0161&quot; Prijedor: S ljubavlju iz Beograda - Stihovi kao poklon povodom Dana grada - PrijedorDanas.com - Prijedorski gradski portal\" \/>\n<meta property=\"og:description\" content=\"Povodom 16. Maja, Dana grada, Fondacija \u201cNikola Baro\u0161\u201d organizuje humanitarne knji\u017eevne dane u Prijedoru. Srijeda,28. maj 19.30 \u010dasova \u2013 Galerija \u201eSreten Stojanovi\u0107\u201d \u201ePutnik i pisac\u201d \u2013 ve\u010de sa Viktorom Lazi\u0107em [&hellip;]\" \/>\n<meta property=\"og:url\" content=\"https:\/\/www.prijedordanas.com\/?p=246891\" \/>\n<meta property=\"og:site_name\" content=\"PrijedorDanas.com - Prijedorski gradski portal\" \/>\n<meta property=\"article:publisher\" content=\"https:\/\/www.facebook.com\/PrijedorDanasCom\/\" \/>\n<meta property=\"article:published_time\" content=\"2025-05-11T08:08:05+00:00\" \/>\n<meta property=\"og:image\" content=\"https:\/\/www.prijedordanas.com\/wp-content\/uploads\/2025\/05\/prijedorski-bukvar-prilika-za-lirika-300x293.jpg\" \/>\n<meta name=\"author\" content=\"admin\" \/>\n<meta name=\"twitter:card\" content=\"summary_large_image\" \/>\n<meta name=\"twitter:label1\" content=\"Written by\" \/>\n\t<meta name=\"twitter:data1\" content=\"admin\" \/>\n\t<meta name=\"twitter:label2\" content=\"Est. reading time\" \/>\n\t<meta name=\"twitter:data2\" content=\"1 minute\" \/>\n<script type=\"application\/ld+json\" class=\"yoast-schema-graph\">{\"@context\":\"https:\/\/schema.org\",\"@graph\":[{\"@type\":\"Article\",\"@id\":\"https:\/\/www.prijedordanas.com\/?p=246891#article\",\"isPartOf\":{\"@id\":\"https:\/\/www.prijedordanas.com\/?p=246891\"},\"author\":{\"name\":\"admin\",\"@id\":\"https:\/\/www.prijedordanas.com\/#\/schema\/person\/4e08ccf29b506ca916ff86d46bb700e6\"},\"headline\":\"Fondacija &#8220;Nikola Baro\u0161&#8221; Prijedor: S ljubavlju iz Beograda &#8211; Stihovi kao poklon povodom Dana grada\",\"datePublished\":\"2025-05-11T08:08:05+00:00\",\"dateModified\":\"2025-05-11T08:08:05+00:00\",\"mainEntityOfPage\":{\"@id\":\"https:\/\/www.prijedordanas.com\/?p=246891\"},\"wordCount\":172,\"publisher\":{\"@id\":\"https:\/\/www.prijedordanas.com\/#organization\"},\"articleSection\":[\"\u017divot\"],\"inLanguage\":\"en-US\"},{\"@type\":\"WebPage\",\"@id\":\"https:\/\/www.prijedordanas.com\/?p=246891\",\"url\":\"https:\/\/www.prijedordanas.com\/?p=246891\",\"name\":\"Fondacija \\\"Nikola Baro\u0161\\\" Prijedor: S ljubavlju iz Beograda - Stihovi kao poklon povodom Dana grada - PrijedorDanas.com - Prijedorski gradski portal\",\"isPartOf\":{\"@id\":\"https:\/\/www.prijedordanas.com\/#website\"},\"datePublished\":\"2025-05-11T08:08:05+00:00\",\"dateModified\":\"2025-05-11T08:08:05+00:00\",\"breadcrumb\":{\"@id\":\"https:\/\/www.prijedordanas.com\/?p=246891#breadcrumb\"},\"inLanguage\":\"en-US\",\"potentialAction\":[{\"@type\":\"ReadAction\",\"target\":[\"https:\/\/www.prijedordanas.com\/?p=246891\"]}]},{\"@type\":\"BreadcrumbList\",\"@id\":\"https:\/\/www.prijedordanas.com\/?p=246891#breadcrumb\",\"itemListElement\":[{\"@type\":\"ListItem\",\"position\":1,\"name\":\"Home\",\"item\":\"https:\/\/www.prijedordanas.com\/\"},{\"@type\":\"ListItem\",\"position\":2,\"name\":\"Fondacija &#8220;Nikola Baro\u0161&#8221; Prijedor: S ljubavlju iz Beograda &#8211; Stihovi kao poklon povodom Dana grada\"}]},{\"@type\":\"WebSite\",\"@id\":\"https:\/\/www.prijedordanas.com\/#website\",\"url\":\"https:\/\/www.prijedordanas.com\/\",\"name\":\"PrijedorDanas.com - Prijedorski gradski portal\",\"description\":\"Portal o doga\u0111anjima u gradu Prijedoru\",\"publisher\":{\"@id\":\"https:\/\/www.prijedordanas.com\/#organization\"},\"potentialAction\":[{\"@type\":\"SearchAction\",\"target\":{\"@type\":\"EntryPoint\",\"urlTemplate\":\"https:\/\/www.prijedordanas.com\/?s={search_term_string}\"},\"query-input\":\"required name=search_term_string\"}],\"inLanguage\":\"en-US\"},{\"@type\":\"Organization\",\"@id\":\"https:\/\/www.prijedordanas.com\/#organization\",\"name\":\"PrijedorDanas.com\",\"url\":\"https:\/\/www.prijedordanas.com\/\",\"logo\":{\"@type\":\"ImageObject\",\"inLanguage\":\"en-US\",\"@id\":\"https:\/\/www.prijedordanas.com\/#\/schema\/logo\/image\/\",\"url\":\"http:\/\/www.prijedordanas.com\/wp-content\/uploads\/2021\/12\/logopng.png\",\"contentUrl\":\"http:\/\/www.prijedordanas.com\/wp-content\/uploads\/2021\/12\/logopng.png\",\"width\":1019,\"height\":776,\"caption\":\"PrijedorDanas.com\"},\"image\":{\"@id\":\"https:\/\/www.prijedordanas.com\/#\/schema\/logo\/image\/\"},\"sameAs\":[\"https:\/\/www.facebook.com\/PrijedorDanasCom\/\"]},{\"@type\":\"Person\",\"@id\":\"https:\/\/www.prijedordanas.com\/#\/schema\/person\/4e08ccf29b506ca916ff86d46bb700e6\",\"name\":\"admin\",\"image\":{\"@type\":\"ImageObject\",\"inLanguage\":\"en-US\",\"@id\":\"https:\/\/www.prijedordanas.com\/#\/schema\/person\/image\/\",\"url\":\"https:\/\/secure.gravatar.com\/avatar\/1d3fc949d550f0b53a5f0d51e06dfd79?s=96&d=mm&r=g\",\"contentUrl\":\"https:\/\/secure.gravatar.com\/avatar\/1d3fc949d550f0b53a5f0d51e06dfd79?s=96&d=mm&r=g\",\"caption\":\"admin\"},\"url\":\"https:\/\/www.prijedordanas.com\/?author=1\"}]}<\/script>\n<!-- \/ Yoast SEO plugin. -->","yoast_head_json":{"title":"Fondacija \"Nikola Baro\u0161\" Prijedor: S ljubavlju iz Beograda - Stihovi kao poklon povodom Dana grada - PrijedorDanas.com - Prijedorski gradski portal","robots":{"index":"index","follow":"follow","max-snippet":"max-snippet:-1","max-image-preview":"max-image-preview:large","max-video-preview":"max-video-preview:-1"},"canonical":"https:\/\/www.prijedordanas.com\/?p=246891","og_locale":"en_US","og_type":"article","og_title":"Fondacija \"Nikola Baro\u0161\" Prijedor: S ljubavlju iz Beograda - Stihovi kao poklon povodom Dana grada - PrijedorDanas.com - Prijedorski gradski portal","og_description":"Povodom 16. Maja, Dana grada, Fondacija \u201cNikola Baro\u0161\u201d organizuje humanitarne knji\u017eevne dane u Prijedoru. Srijeda,28. maj 19.30 \u010dasova \u2013 Galerija \u201eSreten Stojanovi\u0107\u201d \u201ePutnik i pisac\u201d \u2013 ve\u010de sa Viktorom Lazi\u0107em [&hellip;]","og_url":"https:\/\/www.prijedordanas.com\/?p=246891","og_site_name":"PrijedorDanas.com - Prijedorski gradski portal","article_publisher":"https:\/\/www.facebook.com\/PrijedorDanasCom\/","article_published_time":"2025-05-11T08:08:05+00:00","og_image":[{"url":"https:\/\/www.prijedordanas.com\/wp-content\/uploads\/2025\/05\/prijedorski-bukvar-prilika-za-lirika-300x293.jpg"}],"author":"admin","twitter_card":"summary_large_image","twitter_misc":{"Written by":"admin","Est. reading time":"1 minute"},"schema":{"@context":"https:\/\/schema.org","@graph":[{"@type":"Article","@id":"https:\/\/www.prijedordanas.com\/?p=246891#article","isPartOf":{"@id":"https:\/\/www.prijedordanas.com\/?p=246891"},"author":{"name":"admin","@id":"https:\/\/www.prijedordanas.com\/#\/schema\/person\/4e08ccf29b506ca916ff86d46bb700e6"},"headline":"Fondacija &#8220;Nikola Baro\u0161&#8221; Prijedor: S ljubavlju iz Beograda &#8211; Stihovi kao poklon povodom Dana grada","datePublished":"2025-05-11T08:08:05+00:00","dateModified":"2025-05-11T08:08:05+00:00","mainEntityOfPage":{"@id":"https:\/\/www.prijedordanas.com\/?p=246891"},"wordCount":172,"publisher":{"@id":"https:\/\/www.prijedordanas.com\/#organization"},"articleSection":["\u017divot"],"inLanguage":"en-US"},{"@type":"WebPage","@id":"https:\/\/www.prijedordanas.com\/?p=246891","url":"https:\/\/www.prijedordanas.com\/?p=246891","name":"Fondacija \"Nikola Baro\u0161\" Prijedor: S ljubavlju iz Beograda - Stihovi kao poklon povodom Dana grada - PrijedorDanas.com - Prijedorski gradski portal","isPartOf":{"@id":"https:\/\/www.prijedordanas.com\/#website"},"datePublished":"2025-05-11T08:08:05+00:00","dateModified":"2025-05-11T08:08:05+00:00","breadcrumb":{"@id":"https:\/\/www.prijedordanas.com\/?p=246891#breadcrumb"},"inLanguage":"en-US","potentialAction":[{"@type":"ReadAction","target":["https:\/\/www.prijedordanas.com\/?p=246891"]}]},{"@type":"BreadcrumbList","@id":"https:\/\/www.prijedordanas.com\/?p=246891#breadcrumb","itemListElement":[{"@type":"ListItem","position":1,"name":"Home","item":"https:\/\/www.prijedordanas.com\/"},{"@type":"ListItem","position":2,"name":"Fondacija &#8220;Nikola Baro\u0161&#8221; Prijedor: S ljubavlju iz Beograda &#8211; Stihovi kao poklon povodom Dana grada"}]},{"@type":"WebSite","@id":"https:\/\/www.prijedordanas.com\/#website","url":"https:\/\/www.prijedordanas.com\/","name":"PrijedorDanas.com - Prijedorski gradski portal","description":"Portal o doga\u0111anjima u gradu Prijedoru","publisher":{"@id":"https:\/\/www.prijedordanas.com\/#organization"},"potentialAction":[{"@type":"SearchAction","target":{"@type":"EntryPoint","urlTemplate":"https:\/\/www.prijedordanas.com\/?s={search_term_string}"},"query-input":"required name=search_term_string"}],"inLanguage":"en-US"},{"@type":"Organization","@id":"https:\/\/www.prijedordanas.com\/#organization","name":"PrijedorDanas.com","url":"https:\/\/www.prijedordanas.com\/","logo":{"@type":"ImageObject","inLanguage":"en-US","@id":"https:\/\/www.prijedordanas.com\/#\/schema\/logo\/image\/","url":"http:\/\/www.prijedordanas.com\/wp-content\/uploads\/2021\/12\/logopng.png","contentUrl":"http:\/\/www.prijedordanas.com\/wp-content\/uploads\/2021\/12\/logopng.png","width":1019,"height":776,"caption":"PrijedorDanas.com"},"image":{"@id":"https:\/\/www.prijedordanas.com\/#\/schema\/logo\/image\/"},"sameAs":["https:\/\/www.facebook.com\/PrijedorDanasCom\/"]},{"@type":"Person","@id":"https:\/\/www.prijedordanas.com\/#\/schema\/person\/4e08ccf29b506ca916ff86d46bb700e6","name":"admin","image":{"@type":"ImageObject","inLanguage":"en-US","@id":"https:\/\/www.prijedordanas.com\/#\/schema\/person\/image\/","url":"https:\/\/secure.gravatar.com\/avatar\/1d3fc949d550f0b53a5f0d51e06dfd79?s=96&d=mm&r=g","contentUrl":"https:\/\/secure.gravatar.com\/avatar\/1d3fc949d550f0b53a5f0d51e06dfd79?s=96&d=mm&r=g","caption":"admin"},"url":"https:\/\/www.prijedordanas.com\/?author=1"}]}},"_links":{"self":[{"href":"https:\/\/www.prijedordanas.com\/index.php?rest_route=\/wp\/v2\/posts\/246891"}],"collection":[{"href":"https:\/\/www.prijedordanas.com\/index.php?rest_route=\/wp\/v2\/posts"}],"about":[{"href":"https:\/\/www.prijedordanas.com\/index.php?rest_route=\/wp\/v2\/types\/post"}],"author":[{"embeddable":true,"href":"https:\/\/www.prijedordanas.com\/index.php?rest_route=\/wp\/v2\/users\/1"}],"replies":[{"embeddable":true,"href":"https:\/\/www.prijedordanas.com\/index.php?rest_route=%2Fwp%2Fv2%2Fcomments&post=246891"}],"version-history":[{"count":1,"href":"https:\/\/www.prijedordanas.com\/index.php?rest_route=\/wp\/v2\/posts\/246891\/revisions"}],"predecessor-version":[{"id":246893,"href":"https:\/\/www.prijedordanas.com\/index.php?rest_route=\/wp\/v2\/posts\/246891\/revisions\/246893"}],"wp:attachment":[{"href":"https:\/\/www.prijedordanas.com\/index.php?rest_route=%2Fwp%2Fv2%2Fmedia&parent=246891"}],"wp:term":[{"taxonomy":"category","embeddable":true,"href":"https:\/\/www.prijedordanas.com\/index.php?rest_route=%2Fwp%2Fv2%2Fcategories&post=246891"},{"taxonomy":"post_tag","embeddable":true,"href":"https:\/\/www.prijedordanas.com\/index.php?rest_route=%2Fwp%2Fv2%2Ftags&post=246891"}],"curies":[{"name":"wp","href":"https:\/\/api.w.org\/{rel}","templated":true}]}}