{"id":246871,"date":"2025-05-10T15:26:08","date_gmt":"2025-05-10T13:26:08","guid":{"rendered":"https:\/\/www.prijedordanas.com\/?p=246871"},"modified":"2025-05-10T15:26:08","modified_gmt":"2025-05-10T13:26:08","slug":"udruzenje-bolji-dani-iz-prijedora-obiljezilo-godisnjicu-rada-i-krsnu-slavu-durdevdan","status":"publish","type":"post","link":"https:\/\/www.prijedordanas.com\/?p=246871","title":{"rendered":"Udru\u017eenje &#8220;Bolji dani&#8221; iz Prijedora obilje\u017eilo godi\u0161njicu rada i krsnu slavu \u0110ur\u0111evdan"},"content":{"rendered":"<p><a href=\"https:\/\/www.prijedordanas.com\/wp-content\/uploads\/2025\/05\/udruzenje-bolji-dani-godisnjica-rada-slava-djurdjevdan-1.jpg\"><img loading=\"lazy\" decoding=\"async\" class=\"alignleft size-medium wp-image-246872\" src=\"https:\/\/www.prijedordanas.com\/wp-content\/uploads\/2025\/05\/udruzenje-bolji-dani-godisnjica-rada-slava-djurdjevdan-1-300x225.jpg\" alt=\"\" width=\"300\" height=\"225\" srcset=\"https:\/\/www.prijedordanas.com\/wp-content\/uploads\/2025\/05\/udruzenje-bolji-dani-godisnjica-rada-slava-djurdjevdan-1-300x225.jpg 300w, https:\/\/www.prijedordanas.com\/wp-content\/uploads\/2025\/05\/udruzenje-bolji-dani-godisnjica-rada-slava-djurdjevdan-1-640x480.jpg 640w, https:\/\/www.prijedordanas.com\/wp-content\/uploads\/2025\/05\/udruzenje-bolji-dani-godisnjica-rada-slava-djurdjevdan-1.jpg 667w\" sizes=\"(max-width: 300px) 100vw, 300px\" \/><\/a>Udru\u017eenje Roma \u201cBolji dani\u201d iz Prijedora sve\u010dano je obilje\u017eilo prvu godi\u0161njicu svog postojanja, kao i krsnu slavu \u0110ur\u0111evdan.<\/p>\n<p>Skromna ali zna\u010dajna sve\u010danost okupila je \u010dlanove romske zajednice iz Prijedora i okoline.<\/p>\n<p>Predsjednik Udru\u017eenja, Elvis Osmanovi\u0107, istakao je da je cilj organizacije unapre\u0111enje \u017eivota Roma u Prijedoru, ali i o\u010duvanje romskog jezika, kulture i tradicije.<\/p>\n<p>Posebno je zahvalio Gradskoj upravi Prijedora na dosada\u0161njoj podr\u0161ci i saradnji.<\/p>\n<p>\u201eNastoja\u0107emo da u na\u0161em budu\u0107em radu dodatno pobolj\u0161amo polo\u017eaj Roma. Saradnja sa Gradskom upravom je na visokom nivou, te ovom prilikom \u017eelim da im zahvalim na pomo\u0107i na\u0161im sunarodnicima. \u017delimo da Romi budu punopravni gra\u0111ani ovog grada i da kroz svoj rad doprinesemo razvoju Prijedora i Republike Srpske\u201c, poru\u010dio je Osmanovi\u0107.<\/p>\n<p><a href=\"https:\/\/www.prijedordanas.com\/wp-content\/uploads\/2025\/05\/udruzenje-bolji-dani-godisnjica-rada-slava-djurdjevdan-2.jpg\"><img loading=\"lazy\" decoding=\"async\" src=\"https:\/\/www.prijedordanas.com\/wp-content\/uploads\/2025\/05\/udruzenje-bolji-dani-godisnjica-rada-slava-djurdjevdan-2-300x225.jpg\" alt=\"\" width=\"300\" height=\"225\" class=\"alignleft size-medium wp-image-246873\" srcset=\"https:\/\/www.prijedordanas.com\/wp-content\/uploads\/2025\/05\/udruzenje-bolji-dani-godisnjica-rada-slava-djurdjevdan-2-300x225.jpg 300w, https:\/\/www.prijedordanas.com\/wp-content\/uploads\/2025\/05\/udruzenje-bolji-dani-godisnjica-rada-slava-djurdjevdan-2-640x480.jpg 640w, https:\/\/www.prijedordanas.com\/wp-content\/uploads\/2025\/05\/udruzenje-bolji-dani-godisnjica-rada-slava-djurdjevdan-2.jpg 667w\" sizes=\"(max-width: 300px) 100vw, 300px\" \/><\/a>Sve\u010danosti je prisustvovao i zamjenik gradona\u010delnika Prijedora, Nenad Mejaki\u0107, \u010dime je dodatno potvr\u0111ena podr\u0161ka lokalne vlasti inicijativama romske zajednice.<\/p>\n<p><strong><a href=\"https:\/\/kozarski.com\/udruzenje-bolji-dani-obiljezilo-godisnjicu-rada-i-djurdjevdan\/\" target=\"_blank\" rel=\"noopener\">kozarski.com<\/a><\/strong><\/p>\n","protected":false},"excerpt":{"rendered":"<p>Udru\u017eenje Roma \u201cBolji dani\u201d iz Prijedora sve\u010dano je obilje\u017eilo prvu godi\u0161njicu svog postojanja, kao i krsnu slavu \u0110ur\u0111evdan. Skromna ali zna\u010dajna sve\u010danost okupila je \u010dlanove romske zajednice iz Prijedora i [&hellip;]<\/p>\n","protected":false},"author":1,"featured_media":0,"comment_status":"closed","ping_status":"open","sticky":false,"template":"","format":"standard","meta":{"_monsterinsights_skip_tracking":false,"_monsterinsights_sitenote_active":false,"_monsterinsights_sitenote_note":"","_monsterinsights_sitenote_category":0,"footnotes":""},"categories":[8],"tags":[],"yoast_head":"<!-- This site is optimized with the Yoast SEO plugin v21.6 - https:\/\/yoast.com\/wordpress\/plugins\/seo\/ -->\n<title>Udru\u017eenje &quot;Bolji dani&quot; iz Prijedora obilje\u017eilo godi\u0161njicu rada i krsnu slavu \u0110ur\u0111evdan - PrijedorDanas.com - Prijedorski gradski portal<\/title>\n<meta name=\"robots\" content=\"index, follow, max-snippet:-1, max-image-preview:large, max-video-preview:-1\" \/>\n<link rel=\"canonical\" href=\"https:\/\/www.prijedordanas.com\/?p=246871\" \/>\n<meta property=\"og:locale\" content=\"en_US\" \/>\n<meta property=\"og:type\" content=\"article\" \/>\n<meta property=\"og:title\" content=\"Udru\u017eenje &quot;Bolji dani&quot; iz Prijedora obilje\u017eilo godi\u0161njicu rada i krsnu slavu \u0110ur\u0111evdan - PrijedorDanas.com - Prijedorski gradski portal\" \/>\n<meta property=\"og:description\" content=\"Udru\u017eenje Roma \u201cBolji dani\u201d iz Prijedora sve\u010dano je obilje\u017eilo prvu godi\u0161njicu svog postojanja, kao i krsnu slavu \u0110ur\u0111evdan. Skromna ali zna\u010dajna sve\u010danost okupila je \u010dlanove romske zajednice iz Prijedora i [&hellip;]\" \/>\n<meta property=\"og:url\" content=\"https:\/\/www.prijedordanas.com\/?p=246871\" \/>\n<meta property=\"og:site_name\" content=\"PrijedorDanas.com - Prijedorski gradski portal\" \/>\n<meta property=\"article:publisher\" content=\"https:\/\/www.facebook.com\/PrijedorDanasCom\/\" \/>\n<meta property=\"article:published_time\" content=\"2025-05-10T13:26:08+00:00\" \/>\n<meta property=\"og:image\" content=\"https:\/\/www.prijedordanas.com\/wp-content\/uploads\/2025\/05\/udruzenje-bolji-dani-godisnjica-rada-slava-djurdjevdan-1-300x225.jpg\" \/>\n<meta name=\"author\" content=\"admin\" \/>\n<meta name=\"twitter:card\" content=\"summary_large_image\" \/>\n<meta name=\"twitter:label1\" content=\"Written by\" \/>\n\t<meta name=\"twitter:data1\" content=\"admin\" \/>\n\t<meta name=\"twitter:label2\" content=\"Est. reading time\" \/>\n\t<meta name=\"twitter:data2\" content=\"1 minute\" \/>\n<script type=\"application\/ld+json\" class=\"yoast-schema-graph\">{\"@context\":\"https:\/\/schema.org\",\"@graph\":[{\"@type\":\"Article\",\"@id\":\"https:\/\/www.prijedordanas.com\/?p=246871#article\",\"isPartOf\":{\"@id\":\"https:\/\/www.prijedordanas.com\/?p=246871\"},\"author\":{\"name\":\"admin\",\"@id\":\"https:\/\/www.prijedordanas.com\/#\/schema\/person\/4e08ccf29b506ca916ff86d46bb700e6\"},\"headline\":\"Udru\u017eenje &#8220;Bolji dani&#8221; iz Prijedora obilje\u017eilo godi\u0161njicu rada i krsnu slavu \u0110ur\u0111evdan\",\"datePublished\":\"2025-05-10T13:26:08+00:00\",\"dateModified\":\"2025-05-10T13:26:08+00:00\",\"mainEntityOfPage\":{\"@id\":\"https:\/\/www.prijedordanas.com\/?p=246871\"},\"wordCount\":178,\"publisher\":{\"@id\":\"https:\/\/www.prijedordanas.com\/#organization\"},\"articleSection\":[\"Svakodnevno\"],\"inLanguage\":\"en-US\"},{\"@type\":\"WebPage\",\"@id\":\"https:\/\/www.prijedordanas.com\/?p=246871\",\"url\":\"https:\/\/www.prijedordanas.com\/?p=246871\",\"name\":\"Udru\u017eenje \\\"Bolji dani\\\" iz Prijedora obilje\u017eilo godi\u0161njicu rada i krsnu slavu \u0110ur\u0111evdan - PrijedorDanas.com - Prijedorski gradski portal\",\"isPartOf\":{\"@id\":\"https:\/\/www.prijedordanas.com\/#website\"},\"datePublished\":\"2025-05-10T13:26:08+00:00\",\"dateModified\":\"2025-05-10T13:26:08+00:00\",\"breadcrumb\":{\"@id\":\"https:\/\/www.prijedordanas.com\/?p=246871#breadcrumb\"},\"inLanguage\":\"en-US\",\"potentialAction\":[{\"@type\":\"ReadAction\",\"target\":[\"https:\/\/www.prijedordanas.com\/?p=246871\"]}]},{\"@type\":\"BreadcrumbList\",\"@id\":\"https:\/\/www.prijedordanas.com\/?p=246871#breadcrumb\",\"itemListElement\":[{\"@type\":\"ListItem\",\"position\":1,\"name\":\"Home\",\"item\":\"https:\/\/www.prijedordanas.com\/\"},{\"@type\":\"ListItem\",\"position\":2,\"name\":\"Udru\u017eenje &#8220;Bolji dani&#8221; iz Prijedora obilje\u017eilo godi\u0161njicu rada i krsnu slavu \u0110ur\u0111evdan\"}]},{\"@type\":\"WebSite\",\"@id\":\"https:\/\/www.prijedordanas.com\/#website\",\"url\":\"https:\/\/www.prijedordanas.com\/\",\"name\":\"PrijedorDanas.com - Prijedorski gradski portal\",\"description\":\"Portal o doga\u0111anjima u gradu Prijedoru\",\"publisher\":{\"@id\":\"https:\/\/www.prijedordanas.com\/#organization\"},\"potentialAction\":[{\"@type\":\"SearchAction\",\"target\":{\"@type\":\"EntryPoint\",\"urlTemplate\":\"https:\/\/www.prijedordanas.com\/?s={search_term_string}\"},\"query-input\":\"required name=search_term_string\"}],\"inLanguage\":\"en-US\"},{\"@type\":\"Organization\",\"@id\":\"https:\/\/www.prijedordanas.com\/#organization\",\"name\":\"PrijedorDanas.com\",\"url\":\"https:\/\/www.prijedordanas.com\/\",\"logo\":{\"@type\":\"ImageObject\",\"inLanguage\":\"en-US\",\"@id\":\"https:\/\/www.prijedordanas.com\/#\/schema\/logo\/image\/\",\"url\":\"http:\/\/www.prijedordanas.com\/wp-content\/uploads\/2021\/12\/logopng.png\",\"contentUrl\":\"http:\/\/www.prijedordanas.com\/wp-content\/uploads\/2021\/12\/logopng.png\",\"width\":1019,\"height\":776,\"caption\":\"PrijedorDanas.com\"},\"image\":{\"@id\":\"https:\/\/www.prijedordanas.com\/#\/schema\/logo\/image\/\"},\"sameAs\":[\"https:\/\/www.facebook.com\/PrijedorDanasCom\/\"]},{\"@type\":\"Person\",\"@id\":\"https:\/\/www.prijedordanas.com\/#\/schema\/person\/4e08ccf29b506ca916ff86d46bb700e6\",\"name\":\"admin\",\"image\":{\"@type\":\"ImageObject\",\"inLanguage\":\"en-US\",\"@id\":\"https:\/\/www.prijedordanas.com\/#\/schema\/person\/image\/\",\"url\":\"https:\/\/secure.gravatar.com\/avatar\/1d3fc949d550f0b53a5f0d51e06dfd79?s=96&d=mm&r=g\",\"contentUrl\":\"https:\/\/secure.gravatar.com\/avatar\/1d3fc949d550f0b53a5f0d51e06dfd79?s=96&d=mm&r=g\",\"caption\":\"admin\"},\"url\":\"https:\/\/www.prijedordanas.com\/?author=1\"}]}<\/script>\n<!-- \/ Yoast SEO plugin. -->","yoast_head_json":{"title":"Udru\u017eenje \"Bolji dani\" iz Prijedora obilje\u017eilo godi\u0161njicu rada i krsnu slavu \u0110ur\u0111evdan - PrijedorDanas.com - Prijedorski gradski portal","robots":{"index":"index","follow":"follow","max-snippet":"max-snippet:-1","max-image-preview":"max-image-preview:large","max-video-preview":"max-video-preview:-1"},"canonical":"https:\/\/www.prijedordanas.com\/?p=246871","og_locale":"en_US","og_type":"article","og_title":"Udru\u017eenje \"Bolji dani\" iz Prijedora obilje\u017eilo godi\u0161njicu rada i krsnu slavu \u0110ur\u0111evdan - PrijedorDanas.com - Prijedorski gradski portal","og_description":"Udru\u017eenje Roma \u201cBolji dani\u201d iz Prijedora sve\u010dano je obilje\u017eilo prvu godi\u0161njicu svog postojanja, kao i krsnu slavu \u0110ur\u0111evdan. Skromna ali zna\u010dajna sve\u010danost okupila je \u010dlanove romske zajednice iz Prijedora i [&hellip;]","og_url":"https:\/\/www.prijedordanas.com\/?p=246871","og_site_name":"PrijedorDanas.com - Prijedorski gradski portal","article_publisher":"https:\/\/www.facebook.com\/PrijedorDanasCom\/","article_published_time":"2025-05-10T13:26:08+00:00","og_image":[{"url":"https:\/\/www.prijedordanas.com\/wp-content\/uploads\/2025\/05\/udruzenje-bolji-dani-godisnjica-rada-slava-djurdjevdan-1-300x225.jpg"}],"author":"admin","twitter_card":"summary_large_image","twitter_misc":{"Written by":"admin","Est. reading time":"1 minute"},"schema":{"@context":"https:\/\/schema.org","@graph":[{"@type":"Article","@id":"https:\/\/www.prijedordanas.com\/?p=246871#article","isPartOf":{"@id":"https:\/\/www.prijedordanas.com\/?p=246871"},"author":{"name":"admin","@id":"https:\/\/www.prijedordanas.com\/#\/schema\/person\/4e08ccf29b506ca916ff86d46bb700e6"},"headline":"Udru\u017eenje &#8220;Bolji dani&#8221; iz Prijedora obilje\u017eilo godi\u0161njicu rada i krsnu slavu \u0110ur\u0111evdan","datePublished":"2025-05-10T13:26:08+00:00","dateModified":"2025-05-10T13:26:08+00:00","mainEntityOfPage":{"@id":"https:\/\/www.prijedordanas.com\/?p=246871"},"wordCount":178,"publisher":{"@id":"https:\/\/www.prijedordanas.com\/#organization"},"articleSection":["Svakodnevno"],"inLanguage":"en-US"},{"@type":"WebPage","@id":"https:\/\/www.prijedordanas.com\/?p=246871","url":"https:\/\/www.prijedordanas.com\/?p=246871","name":"Udru\u017eenje \"Bolji dani\" iz Prijedora obilje\u017eilo godi\u0161njicu rada i krsnu slavu \u0110ur\u0111evdan - PrijedorDanas.com - Prijedorski gradski portal","isPartOf":{"@id":"https:\/\/www.prijedordanas.com\/#website"},"datePublished":"2025-05-10T13:26:08+00:00","dateModified":"2025-05-10T13:26:08+00:00","breadcrumb":{"@id":"https:\/\/www.prijedordanas.com\/?p=246871#breadcrumb"},"inLanguage":"en-US","potentialAction":[{"@type":"ReadAction","target":["https:\/\/www.prijedordanas.com\/?p=246871"]}]},{"@type":"BreadcrumbList","@id":"https:\/\/www.prijedordanas.com\/?p=246871#breadcrumb","itemListElement":[{"@type":"ListItem","position":1,"name":"Home","item":"https:\/\/www.prijedordanas.com\/"},{"@type":"ListItem","position":2,"name":"Udru\u017eenje &#8220;Bolji dani&#8221; iz Prijedora obilje\u017eilo godi\u0161njicu rada i krsnu slavu \u0110ur\u0111evdan"}]},{"@type":"WebSite","@id":"https:\/\/www.prijedordanas.com\/#website","url":"https:\/\/www.prijedordanas.com\/","name":"PrijedorDanas.com - Prijedorski gradski portal","description":"Portal o doga\u0111anjima u gradu Prijedoru","publisher":{"@id":"https:\/\/www.prijedordanas.com\/#organization"},"potentialAction":[{"@type":"SearchAction","target":{"@type":"EntryPoint","urlTemplate":"https:\/\/www.prijedordanas.com\/?s={search_term_string}"},"query-input":"required name=search_term_string"}],"inLanguage":"en-US"},{"@type":"Organization","@id":"https:\/\/www.prijedordanas.com\/#organization","name":"PrijedorDanas.com","url":"https:\/\/www.prijedordanas.com\/","logo":{"@type":"ImageObject","inLanguage":"en-US","@id":"https:\/\/www.prijedordanas.com\/#\/schema\/logo\/image\/","url":"http:\/\/www.prijedordanas.com\/wp-content\/uploads\/2021\/12\/logopng.png","contentUrl":"http:\/\/www.prijedordanas.com\/wp-content\/uploads\/2021\/12\/logopng.png","width":1019,"height":776,"caption":"PrijedorDanas.com"},"image":{"@id":"https:\/\/www.prijedordanas.com\/#\/schema\/logo\/image\/"},"sameAs":["https:\/\/www.facebook.com\/PrijedorDanasCom\/"]},{"@type":"Person","@id":"https:\/\/www.prijedordanas.com\/#\/schema\/person\/4e08ccf29b506ca916ff86d46bb700e6","name":"admin","image":{"@type":"ImageObject","inLanguage":"en-US","@id":"https:\/\/www.prijedordanas.com\/#\/schema\/person\/image\/","url":"https:\/\/secure.gravatar.com\/avatar\/1d3fc949d550f0b53a5f0d51e06dfd79?s=96&d=mm&r=g","contentUrl":"https:\/\/secure.gravatar.com\/avatar\/1d3fc949d550f0b53a5f0d51e06dfd79?s=96&d=mm&r=g","caption":"admin"},"url":"https:\/\/www.prijedordanas.com\/?author=1"}]}},"_links":{"self":[{"href":"https:\/\/www.prijedordanas.com\/index.php?rest_route=\/wp\/v2\/posts\/246871"}],"collection":[{"href":"https:\/\/www.prijedordanas.com\/index.php?rest_route=\/wp\/v2\/posts"}],"about":[{"href":"https:\/\/www.prijedordanas.com\/index.php?rest_route=\/wp\/v2\/types\/post"}],"author":[{"embeddable":true,"href":"https:\/\/www.prijedordanas.com\/index.php?rest_route=\/wp\/v2\/users\/1"}],"replies":[{"embeddable":true,"href":"https:\/\/www.prijedordanas.com\/index.php?rest_route=%2Fwp%2Fv2%2Fcomments&post=246871"}],"version-history":[{"count":1,"href":"https:\/\/www.prijedordanas.com\/index.php?rest_route=\/wp\/v2\/posts\/246871\/revisions"}],"predecessor-version":[{"id":246874,"href":"https:\/\/www.prijedordanas.com\/index.php?rest_route=\/wp\/v2\/posts\/246871\/revisions\/246874"}],"wp:attachment":[{"href":"https:\/\/www.prijedordanas.com\/index.php?rest_route=%2Fwp%2Fv2%2Fmedia&parent=246871"}],"wp:term":[{"taxonomy":"category","embeddable":true,"href":"https:\/\/www.prijedordanas.com\/index.php?rest_route=%2Fwp%2Fv2%2Fcategories&post=246871"},{"taxonomy":"post_tag","embeddable":true,"href":"https:\/\/www.prijedordanas.com\/index.php?rest_route=%2Fwp%2Fv2%2Ftags&post=246871"}],"curies":[{"name":"wp","href":"https:\/\/api.w.org\/{rel}","templated":true}]}}