{"id":246749,"date":"2025-05-08T11:03:06","date_gmt":"2025-05-08T09:03:06","guid":{"rendered":"https:\/\/www.prijedordanas.com\/?p=246749"},"modified":"2025-05-08T11:03:06","modified_gmt":"2025-05-08T09:03:06","slug":"derbi-druge-lige-zapad-fudbaleri-omarske-docekuju-brdo-i-ocekuju-potvrdu-titule-sampiona","status":"publish","type":"post","link":"https:\/\/www.prijedordanas.com\/?p=246749","title":{"rendered":"Derbi Druge lige &#8220;Zapad&#8221;: Fudbaleri &#8220;Omarske&#8221; do\u010dekuju &#8220;Brdo&#8221; i o\u010dekuju potvrdu titule \u0161ampiona"},"content":{"rendered":"<p><a href=\"https:\/\/www.prijedordanas.com\/wp-content\/uploads\/2025\/05\/omarska-brdo-najava-proljece2025.jpg\"><img loading=\"lazy\" decoding=\"async\" src=\"https:\/\/www.prijedordanas.com\/wp-content\/uploads\/2025\/05\/omarska-brdo-najava-proljece2025-300x300.jpg\" alt=\"\" width=\"300\" height=\"300\" class=\"alignleft size-medium wp-image-246750\" srcset=\"https:\/\/www.prijedordanas.com\/wp-content\/uploads\/2025\/05\/omarska-brdo-najava-proljece2025-300x300.jpg 300w, https:\/\/www.prijedordanas.com\/wp-content\/uploads\/2025\/05\/omarska-brdo-najava-proljece2025-150x150.jpg 150w, https:\/\/www.prijedordanas.com\/wp-content\/uploads\/2025\/05\/omarska-brdo-najava-proljece2025-50x50.jpg 50w, https:\/\/www.prijedordanas.com\/wp-content\/uploads\/2025\/05\/omarska-brdo-najava-proljece2025.jpg 540w\" sizes=\"(max-width: 300px) 100vw, 300px\" \/><\/a>Omarska \u2013 Brdo<br \/>\n\u010cetvrtak, 8.maj u 17:30<\/p>\n<p>Do\u0161ao je i taj dan. Omarska od po\u010detka prvenstva igra dominantno, konstantno je na liderskoj poziciji i  u \u010detvrtak je u poziciji da i matemati\u010dki obezbjedi titulu prvaka i povratak u Prvu ligu Republike Srpske.<\/p>\n<p>Ipak, zadatak nije lak, jer nam u goste dolazi najte\u017ei protivnik, drugoplasirana ekipa Brda, ali zato je mo\u017eda tako i najsla\u0111e, da se u direktnom duelu, jo\u0161 jednom potvrdi dominacija i pred doma\u0107im navija\u010dima osigura \u0161ampionska titula.<\/p>\n<p>Omarskoj je za ovjeru titule dovoljan i bod, ali apsolutno niko ne misli da se igra na remi. Svi u klubu su spremni da daju svoj maksimum od prve minute kako bi se zabilje\u017eila nova tri boda.<\/p>\n<p>\u0160to se ti\u010de taktike, tu nepoznanica nema, obe ekipe se poznaju do najsitnijeg detalja. Brdo je bez ikakve sumnje kvalitetna ekipa, posebno opasna iz kontranapada preko brazilca Edinja, ali ima Omarska lijek i za njega, a sa druge strane sigurni smo da smo kvalitetnija i spremnija ekipa i da \u0107emo u \u010detvrtak ostvariti pobjedu.<\/p>\n<p>Pozivamo sve navija\u010de da do\u0111u u \u010detvrtak u 17:30  na stadion \u201dKi\u010demska lokva\u201d da zajedno sa na\u0161im sjajnim momcima proslavimo povratak u prvoliga\u0161ko dru\u0161tvo. Zaslu\u017eili smo.<\/p>\n<p>\u0160to se ti\u010de igra\u010dkog kadra, sve su prilike da se u ekipu nakon povrede vra\u0107a Rosi\u0107, a mogu\u0107e i Krecelj, tako d abi napokon Omarska mogla biti kompetna.<\/p>\n<p>Jo\u0161 jednom napominjemo da se utakmica igra u \u010detvrtak, 8.maja sa poe\u010dtkom u 17:30 \u010dasova, a sudija je Tepi\u0107 Petar iz \u010celinca.<\/p>\n<p>Predstavljamo Brdo<\/p>\n<p>OFK Brdo je formiran 2005 godine. Ina\u010de, prije rata na podru\u010dju tzv. Brda (niz sela na lijevoj obali Sane djelovalo je dosta klubova, otprilike u svakom selu po jedan: Polet iz Hambarina, Patrija Rizvanovi\u0107i, Mladost \u010carakovo, Rakov\u010dani 79, Sloboda Bi\u0161\u0107ani, svi uglavnom bez nekih ve\u0107ih uspjeha. Kao \u0161to rekoh, nakon rata je formiran klub OFK Brdo sa idejom da se formira jedan klub koji \u0107e okupljati igra\u010de i simpatizere svih sela koja \u010dine Brdo.<\/p>\n<p>Od samog po\u010detka Brdo je predvo\u0111eno Ismetom Im\u0161irevi\u0107em i uz svesrdnu podr\u0161ku dijaspore pokazalo da se ne\u0107e zadovoljiti pukim postojanjem. Naime, klub je raspolagao sa zna\u010dajnim nov\u010danim sredstvima pa je mnogo ulagano u ekipu, a u isto vrijeme i u infrastrukturu, tako da se sada Brdo mo\u017ee pohvaliti i terenom, ali i prate\u0107im objektima.<\/p>\n<p>Prvi rezultatski uspjeh ostvaren je ve\u0107 u sezoni 2006\/07, kada su u osvojili drugo mjesto u okviru Me\u0111uop\u0161tinske lige, a potom u bara\u017eu savladali Partizan iz Kostajnice sa 1-0 i obezbjedili plasman u podru\u010dnu ligu Prijedor. Brdo je potom bilo veoma stabilan \u010dlan Podru\u010dne lige sve do 2012 godine kada je prili\u010dno ubjedljivo osvojilo titulu ispred Kne\u017eopoljca i ostvarilo plasman u Regionalnu ligu.<\/p>\n<p>Potom je OFK Brdo bilo stabilan \u010dlan regionalne lige sedam sezona, da bi u sezoni 2019\/20  zavr\u0161ilo kao drugoplasirano iza ekipe Progresa, ali je zbog reorganizacije takmi\u010denja ostvarilo svoj najve\u0107i uspjeh, plasman u drugu ligu.<\/p>\n<p>Me\u0111usobni susreti<\/p>\n<p>Omarska je do sada sa Brdom odigrala vrlo malo prvenstvenih utakmica. Zanimljivo je da smo uvijek igrali u sezonama u kojima je Omarska osvajala titulu \u0161ampiona. Na svom \u0161ampionskom putu u Podru\u010dnoj ligi sezoni 2007\/08 slavili smo oba puta. U gostima 2-0, a kod ku\u0107e posebno ubjedljivo 5-0. Potom smo se ponovo susreli u sezoni 2012\/13 ovaj put u okviru Regionalne lige. Omarska je ubjedljivo slavila u Hambarinama 6-1, a Brdo se revan\u0161iralo u Omarskoj zabilje\u017eiv\u0161i prvu pobjedu 2:0. Ipak, treba re\u0107i da je taj susret odigran kad je Omarska ve\u0107 obezbjedila titulu, pa je ekipa Omarske \u201dizduvala\u201d pred tu utakmicu.<\/p>\n<p>Tako\u0111e i u sezoni 2020\/21, ubjedljivo smo slavili u gostima, ponovo sa 6-1, a revan\u0161 nije odigran zbog korone, i tada smo se plasirali u prvu ligu, kao i ove godine.<\/p>\n<p>2007\/08           5-0       2-0<br \/>\n2012\/13           1-3        6-1<br \/>\n2020\/21                        6-1<br \/>\n2024\/25                        2-1<\/p>\n<p>fkomarska.com<\/p>\n","protected":false},"excerpt":{"rendered":"<p>Omarska \u2013 Brdo \u010cetvrtak, 8.maj u 17:30 Do\u0161ao je i taj dan. Omarska od po\u010detka prvenstva igra dominantno, konstantno je na liderskoj poziciji i u \u010detvrtak je u poziciji da [&hellip;]<\/p>\n","protected":false},"author":1,"featured_media":0,"comment_status":"closed","ping_status":"open","sticky":false,"template":"","format":"standard","meta":{"_monsterinsights_skip_tracking":false,"_monsterinsights_sitenote_active":false,"_monsterinsights_sitenote_note":"","_monsterinsights_sitenote_category":0,"footnotes":""},"categories":[7],"tags":[],"yoast_head":"<!-- This site is optimized with the Yoast SEO plugin v21.6 - https:\/\/yoast.com\/wordpress\/plugins\/seo\/ -->\n<title>Derbi Druge lige &quot;Zapad&quot;: Fudbaleri &quot;Omarske&quot; do\u010dekuju &quot;Brdo&quot; i o\u010dekuju potvrdu titule \u0161ampiona - PrijedorDanas.com - Prijedorski gradski portal<\/title>\n<meta name=\"robots\" content=\"index, follow, max-snippet:-1, max-image-preview:large, max-video-preview:-1\" \/>\n<link rel=\"canonical\" href=\"https:\/\/www.prijedordanas.com\/?p=246749\" \/>\n<meta property=\"og:locale\" content=\"en_US\" \/>\n<meta property=\"og:type\" content=\"article\" \/>\n<meta property=\"og:title\" content=\"Derbi Druge lige &quot;Zapad&quot;: Fudbaleri &quot;Omarske&quot; do\u010dekuju &quot;Brdo&quot; i o\u010dekuju potvrdu titule \u0161ampiona - PrijedorDanas.com - Prijedorski gradski portal\" \/>\n<meta property=\"og:description\" content=\"Omarska \u2013 Brdo \u010cetvrtak, 8.maj u 17:30 Do\u0161ao je i taj dan. Omarska od po\u010detka prvenstva igra dominantno, konstantno je na liderskoj poziciji i u \u010detvrtak je u poziciji da [&hellip;]\" \/>\n<meta property=\"og:url\" content=\"https:\/\/www.prijedordanas.com\/?p=246749\" \/>\n<meta property=\"og:site_name\" content=\"PrijedorDanas.com - Prijedorski gradski portal\" \/>\n<meta property=\"article:publisher\" content=\"https:\/\/www.facebook.com\/PrijedorDanasCom\/\" \/>\n<meta property=\"article:published_time\" content=\"2025-05-08T09:03:06+00:00\" \/>\n<meta property=\"og:image\" content=\"https:\/\/www.prijedordanas.com\/wp-content\/uploads\/2025\/05\/omarska-brdo-najava-proljece2025-300x300.jpg\" \/>\n<meta name=\"author\" content=\"admin\" \/>\n<meta name=\"twitter:card\" content=\"summary_large_image\" \/>\n<meta name=\"twitter:label1\" content=\"Written by\" \/>\n\t<meta name=\"twitter:data1\" content=\"admin\" \/>\n<script type=\"application\/ld+json\" class=\"yoast-schema-graph\">{\"@context\":\"https:\/\/schema.org\",\"@graph\":[{\"@type\":\"Article\",\"@id\":\"https:\/\/www.prijedordanas.com\/?p=246749#article\",\"isPartOf\":{\"@id\":\"https:\/\/www.prijedordanas.com\/?p=246749\"},\"author\":{\"name\":\"admin\",\"@id\":\"https:\/\/www.prijedordanas.com\/#\/schema\/person\/4e08ccf29b506ca916ff86d46bb700e6\"},\"headline\":\"Derbi Druge lige &#8220;Zapad&#8221;: Fudbaleri &#8220;Omarske&#8221; do\u010dekuju &#8220;Brdo&#8221; i o\u010dekuju potvrdu titule \u0161ampiona\",\"datePublished\":\"2025-05-08T09:03:06+00:00\",\"dateModified\":\"2025-05-08T09:03:06+00:00\",\"mainEntityOfPage\":{\"@id\":\"https:\/\/www.prijedordanas.com\/?p=246749\"},\"wordCount\":675,\"publisher\":{\"@id\":\"https:\/\/www.prijedordanas.com\/#organization\"},\"articleSection\":[\"Sport\"],\"inLanguage\":\"en-US\"},{\"@type\":\"WebPage\",\"@id\":\"https:\/\/www.prijedordanas.com\/?p=246749\",\"url\":\"https:\/\/www.prijedordanas.com\/?p=246749\",\"name\":\"Derbi Druge lige \\\"Zapad\\\": Fudbaleri \\\"Omarske\\\" do\u010dekuju \\\"Brdo\\\" i o\u010dekuju potvrdu titule \u0161ampiona - PrijedorDanas.com - Prijedorski gradski portal\",\"isPartOf\":{\"@id\":\"https:\/\/www.prijedordanas.com\/#website\"},\"datePublished\":\"2025-05-08T09:03:06+00:00\",\"dateModified\":\"2025-05-08T09:03:06+00:00\",\"breadcrumb\":{\"@id\":\"https:\/\/www.prijedordanas.com\/?p=246749#breadcrumb\"},\"inLanguage\":\"en-US\",\"potentialAction\":[{\"@type\":\"ReadAction\",\"target\":[\"https:\/\/www.prijedordanas.com\/?p=246749\"]}]},{\"@type\":\"BreadcrumbList\",\"@id\":\"https:\/\/www.prijedordanas.com\/?p=246749#breadcrumb\",\"itemListElement\":[{\"@type\":\"ListItem\",\"position\":1,\"name\":\"Home\",\"item\":\"https:\/\/www.prijedordanas.com\/\"},{\"@type\":\"ListItem\",\"position\":2,\"name\":\"Derbi Druge lige &#8220;Zapad&#8221;: Fudbaleri &#8220;Omarske&#8221; do\u010dekuju &#8220;Brdo&#8221; i o\u010dekuju potvrdu titule \u0161ampiona\"}]},{\"@type\":\"WebSite\",\"@id\":\"https:\/\/www.prijedordanas.com\/#website\",\"url\":\"https:\/\/www.prijedordanas.com\/\",\"name\":\"PrijedorDanas.com - Prijedorski gradski portal\",\"description\":\"Portal o doga\u0111anjima u gradu Prijedoru\",\"publisher\":{\"@id\":\"https:\/\/www.prijedordanas.com\/#organization\"},\"potentialAction\":[{\"@type\":\"SearchAction\",\"target\":{\"@type\":\"EntryPoint\",\"urlTemplate\":\"https:\/\/www.prijedordanas.com\/?s={search_term_string}\"},\"query-input\":\"required name=search_term_string\"}],\"inLanguage\":\"en-US\"},{\"@type\":\"Organization\",\"@id\":\"https:\/\/www.prijedordanas.com\/#organization\",\"name\":\"PrijedorDanas.com\",\"url\":\"https:\/\/www.prijedordanas.com\/\",\"logo\":{\"@type\":\"ImageObject\",\"inLanguage\":\"en-US\",\"@id\":\"https:\/\/www.prijedordanas.com\/#\/schema\/logo\/image\/\",\"url\":\"http:\/\/www.prijedordanas.com\/wp-content\/uploads\/2021\/12\/logopng.png\",\"contentUrl\":\"http:\/\/www.prijedordanas.com\/wp-content\/uploads\/2021\/12\/logopng.png\",\"width\":1019,\"height\":776,\"caption\":\"PrijedorDanas.com\"},\"image\":{\"@id\":\"https:\/\/www.prijedordanas.com\/#\/schema\/logo\/image\/\"},\"sameAs\":[\"https:\/\/www.facebook.com\/PrijedorDanasCom\/\"]},{\"@type\":\"Person\",\"@id\":\"https:\/\/www.prijedordanas.com\/#\/schema\/person\/4e08ccf29b506ca916ff86d46bb700e6\",\"name\":\"admin\",\"image\":{\"@type\":\"ImageObject\",\"inLanguage\":\"en-US\",\"@id\":\"https:\/\/www.prijedordanas.com\/#\/schema\/person\/image\/\",\"url\":\"https:\/\/secure.gravatar.com\/avatar\/1d3fc949d550f0b53a5f0d51e06dfd79?s=96&d=mm&r=g\",\"contentUrl\":\"https:\/\/secure.gravatar.com\/avatar\/1d3fc949d550f0b53a5f0d51e06dfd79?s=96&d=mm&r=g\",\"caption\":\"admin\"},\"url\":\"https:\/\/www.prijedordanas.com\/?author=1\"}]}<\/script>\n<!-- \/ Yoast SEO plugin. -->","yoast_head_json":{"title":"Derbi Druge lige \"Zapad\": Fudbaleri \"Omarske\" do\u010dekuju \"Brdo\" i o\u010dekuju potvrdu titule \u0161ampiona - PrijedorDanas.com - Prijedorski gradski portal","robots":{"index":"index","follow":"follow","max-snippet":"max-snippet:-1","max-image-preview":"max-image-preview:large","max-video-preview":"max-video-preview:-1"},"canonical":"https:\/\/www.prijedordanas.com\/?p=246749","og_locale":"en_US","og_type":"article","og_title":"Derbi Druge lige \"Zapad\": Fudbaleri \"Omarske\" do\u010dekuju \"Brdo\" i o\u010dekuju potvrdu titule \u0161ampiona - PrijedorDanas.com - Prijedorski gradski portal","og_description":"Omarska \u2013 Brdo \u010cetvrtak, 8.maj u 17:30 Do\u0161ao je i taj dan. Omarska od po\u010detka prvenstva igra dominantno, konstantno je na liderskoj poziciji i u \u010detvrtak je u poziciji da [&hellip;]","og_url":"https:\/\/www.prijedordanas.com\/?p=246749","og_site_name":"PrijedorDanas.com - Prijedorski gradski portal","article_publisher":"https:\/\/www.facebook.com\/PrijedorDanasCom\/","article_published_time":"2025-05-08T09:03:06+00:00","og_image":[{"url":"https:\/\/www.prijedordanas.com\/wp-content\/uploads\/2025\/05\/omarska-brdo-najava-proljece2025-300x300.jpg"}],"author":"admin","twitter_card":"summary_large_image","twitter_misc":{"Written by":"admin"},"schema":{"@context":"https:\/\/schema.org","@graph":[{"@type":"Article","@id":"https:\/\/www.prijedordanas.com\/?p=246749#article","isPartOf":{"@id":"https:\/\/www.prijedordanas.com\/?p=246749"},"author":{"name":"admin","@id":"https:\/\/www.prijedordanas.com\/#\/schema\/person\/4e08ccf29b506ca916ff86d46bb700e6"},"headline":"Derbi Druge lige &#8220;Zapad&#8221;: Fudbaleri &#8220;Omarske&#8221; do\u010dekuju &#8220;Brdo&#8221; i o\u010dekuju potvrdu titule \u0161ampiona","datePublished":"2025-05-08T09:03:06+00:00","dateModified":"2025-05-08T09:03:06+00:00","mainEntityOfPage":{"@id":"https:\/\/www.prijedordanas.com\/?p=246749"},"wordCount":675,"publisher":{"@id":"https:\/\/www.prijedordanas.com\/#organization"},"articleSection":["Sport"],"inLanguage":"en-US"},{"@type":"WebPage","@id":"https:\/\/www.prijedordanas.com\/?p=246749","url":"https:\/\/www.prijedordanas.com\/?p=246749","name":"Derbi Druge lige \"Zapad\": Fudbaleri \"Omarske\" do\u010dekuju \"Brdo\" i o\u010dekuju potvrdu titule \u0161ampiona - PrijedorDanas.com - Prijedorski gradski portal","isPartOf":{"@id":"https:\/\/www.prijedordanas.com\/#website"},"datePublished":"2025-05-08T09:03:06+00:00","dateModified":"2025-05-08T09:03:06+00:00","breadcrumb":{"@id":"https:\/\/www.prijedordanas.com\/?p=246749#breadcrumb"},"inLanguage":"en-US","potentialAction":[{"@type":"ReadAction","target":["https:\/\/www.prijedordanas.com\/?p=246749"]}]},{"@type":"BreadcrumbList","@id":"https:\/\/www.prijedordanas.com\/?p=246749#breadcrumb","itemListElement":[{"@type":"ListItem","position":1,"name":"Home","item":"https:\/\/www.prijedordanas.com\/"},{"@type":"ListItem","position":2,"name":"Derbi Druge lige &#8220;Zapad&#8221;: Fudbaleri &#8220;Omarske&#8221; do\u010dekuju &#8220;Brdo&#8221; i o\u010dekuju potvrdu titule \u0161ampiona"}]},{"@type":"WebSite","@id":"https:\/\/www.prijedordanas.com\/#website","url":"https:\/\/www.prijedordanas.com\/","name":"PrijedorDanas.com - Prijedorski gradski portal","description":"Portal o doga\u0111anjima u gradu Prijedoru","publisher":{"@id":"https:\/\/www.prijedordanas.com\/#organization"},"potentialAction":[{"@type":"SearchAction","target":{"@type":"EntryPoint","urlTemplate":"https:\/\/www.prijedordanas.com\/?s={search_term_string}"},"query-input":"required name=search_term_string"}],"inLanguage":"en-US"},{"@type":"Organization","@id":"https:\/\/www.prijedordanas.com\/#organization","name":"PrijedorDanas.com","url":"https:\/\/www.prijedordanas.com\/","logo":{"@type":"ImageObject","inLanguage":"en-US","@id":"https:\/\/www.prijedordanas.com\/#\/schema\/logo\/image\/","url":"http:\/\/www.prijedordanas.com\/wp-content\/uploads\/2021\/12\/logopng.png","contentUrl":"http:\/\/www.prijedordanas.com\/wp-content\/uploads\/2021\/12\/logopng.png","width":1019,"height":776,"caption":"PrijedorDanas.com"},"image":{"@id":"https:\/\/www.prijedordanas.com\/#\/schema\/logo\/image\/"},"sameAs":["https:\/\/www.facebook.com\/PrijedorDanasCom\/"]},{"@type":"Person","@id":"https:\/\/www.prijedordanas.com\/#\/schema\/person\/4e08ccf29b506ca916ff86d46bb700e6","name":"admin","image":{"@type":"ImageObject","inLanguage":"en-US","@id":"https:\/\/www.prijedordanas.com\/#\/schema\/person\/image\/","url":"https:\/\/secure.gravatar.com\/avatar\/1d3fc949d550f0b53a5f0d51e06dfd79?s=96&d=mm&r=g","contentUrl":"https:\/\/secure.gravatar.com\/avatar\/1d3fc949d550f0b53a5f0d51e06dfd79?s=96&d=mm&r=g","caption":"admin"},"url":"https:\/\/www.prijedordanas.com\/?author=1"}]}},"_links":{"self":[{"href":"https:\/\/www.prijedordanas.com\/index.php?rest_route=\/wp\/v2\/posts\/246749"}],"collection":[{"href":"https:\/\/www.prijedordanas.com\/index.php?rest_route=\/wp\/v2\/posts"}],"about":[{"href":"https:\/\/www.prijedordanas.com\/index.php?rest_route=\/wp\/v2\/types\/post"}],"author":[{"embeddable":true,"href":"https:\/\/www.prijedordanas.com\/index.php?rest_route=\/wp\/v2\/users\/1"}],"replies":[{"embeddable":true,"href":"https:\/\/www.prijedordanas.com\/index.php?rest_route=%2Fwp%2Fv2%2Fcomments&post=246749"}],"version-history":[{"count":1,"href":"https:\/\/www.prijedordanas.com\/index.php?rest_route=\/wp\/v2\/posts\/246749\/revisions"}],"predecessor-version":[{"id":246751,"href":"https:\/\/www.prijedordanas.com\/index.php?rest_route=\/wp\/v2\/posts\/246749\/revisions\/246751"}],"wp:attachment":[{"href":"https:\/\/www.prijedordanas.com\/index.php?rest_route=%2Fwp%2Fv2%2Fmedia&parent=246749"}],"wp:term":[{"taxonomy":"category","embeddable":true,"href":"https:\/\/www.prijedordanas.com\/index.php?rest_route=%2Fwp%2Fv2%2Fcategories&post=246749"},{"taxonomy":"post_tag","embeddable":true,"href":"https:\/\/www.prijedordanas.com\/index.php?rest_route=%2Fwp%2Fv2%2Ftags&post=246749"}],"curies":[{"name":"wp","href":"https:\/\/api.w.org\/{rel}","templated":true}]}}