{"id":246708,"date":"2025-05-06T21:39:19","date_gmt":"2025-05-06T19:39:19","guid":{"rendered":"https:\/\/www.prijedordanas.com\/?p=246708"},"modified":"2025-05-07T21:43:40","modified_gmt":"2025-05-07T19:43:40","slug":"gradonacelnik-javor-posjetio-mladena-brankovica-i-pruzio-punu-podrsku-njegovoj-porodici","status":"publish","type":"post","link":"https:\/\/www.prijedordanas.com\/?p=246708","title":{"rendered":"Gradona\u010delnik Javor posjetio Mladena Brankovi\u0107a i pru\u017eio punu podr\u0161ku njegovoj porodici"},"content":{"rendered":"<p><a href=\"https:\/\/www.prijedordanas.com\/wp-content\/uploads\/2025\/05\/javor-brankovic-1.jpg\"><img loading=\"lazy\" decoding=\"async\" class=\"alignleft size-medium wp-image-246709\" src=\"https:\/\/www.prijedordanas.com\/wp-content\/uploads\/2025\/05\/javor-brankovic-1-300x226.jpg\" alt=\"\" width=\"300\" height=\"226\" srcset=\"https:\/\/www.prijedordanas.com\/wp-content\/uploads\/2025\/05\/javor-brankovic-1-300x226.jpg 300w, https:\/\/www.prijedordanas.com\/wp-content\/uploads\/2025\/05\/javor-brankovic-1-640x480.jpg 640w, https:\/\/www.prijedordanas.com\/wp-content\/uploads\/2025\/05\/javor-brankovic-1.jpg 664w\" sizes=\"(max-width: 300px) 100vw, 300px\" \/><\/a>Gradona\u010delnik Prijedora Slobodan Javor, zajedno s na\u010delnikom gradskog Odjeljenja za stambeno-komunalne poslove Aleksandrom \u0160obotom, obi\u0161ao je sugra\u0111anina Mladena Brankovi\u0107a koji od pretpro\u0161le no\u0107i boravi u \u0161atoru ispred zgrade Gradske uprave.<\/p>\n<p>Brankovi\u0107 se na ovaj korak odlu\u010dio u nastojanju da uka\u017ee na te\u017eak polo\u017eaj u kojem se nalazi njegova porodica nakon \u0161to im je ku\u0107a u naselju Gomjenica te\u0161ko o\u0161te\u0107ena u nedavnim poplavama i postala neuslovna za \u017eivot, i koji zahtijeva \u0161to skoriju isplatu od\u0161tete neophodne za njenu obnovu.<\/p>\n<p>Gradona\u010delnik Javor je istakao da duboko razumije Brankovi\u0107evu brigu i frustraciju, te naglasio da ga kao \u010dovjeka i oca posebno poga\u0111a \u010dinjenica da su danas s njim kod \u0161atora, uprkos ki\u0161i, i njegova supruga i maloljetno dijete.<\/p>\n<p><a href=\"https:\/\/www.prijedordanas.com\/wp-content\/uploads\/2025\/05\/javor-brankovic-3.jpg\"><img loading=\"lazy\" decoding=\"async\" class=\"alignleft size-medium wp-image-246710\" src=\"https:\/\/www.prijedordanas.com\/wp-content\/uploads\/2025\/05\/javor-brankovic-3-300x226.jpg\" alt=\"\" width=\"300\" height=\"226\" srcset=\"https:\/\/www.prijedordanas.com\/wp-content\/uploads\/2025\/05\/javor-brankovic-3-300x226.jpg 300w, https:\/\/www.prijedordanas.com\/wp-content\/uploads\/2025\/05\/javor-brankovic-3.jpg 600w\" sizes=\"(max-width: 300px) 100vw, 300px\" \/><\/a>U ime Grada Prijedora, gradona\u010delnik je Brankovi\u0107ima za vrijeme boravka ispred Gradske uprave ponudio svu neophodnu podr\u0161ku &#8211; uklju\u010duju\u0107i hranu, pi\u0107e i toplu odje\u0107u. Jo\u0161 jednom im je ponudio i alternativni smje\u0161taj u jednom od gradskih hotela, o tro\u0161ku Grada, sve do stvaranja uslova za povratak u njihovu ku\u0107u.<\/p>\n<p>Gradona\u010delnik je informisao porodicu Brankovi\u0107 da je ukupna \u0161teta od poplava u Prijedoru u potpunosti popisana i procijenjena na oko 13 miliona KM, te da \u0107e izvje\u0161taji popisnih komisija biti razmatrani na sjednici Skup\u0161tine grada 14. maja. <\/p>\n<p>Po okon\u010danju tog procesa i dozna\u010davanju sredstava od strane Vlade Republike Srpske, zapo\u010de\u0107e isplata od\u0161tete svim gra\u0111anima koji su pretrpjeli materijalnu \u0161tetu.<\/p>\n<p><a href=\"https:\/\/www.prijedordanas.com\/wp-content\/uploads\/2025\/05\/javor-brankovic-2.jpg\"><img loading=\"lazy\" decoding=\"async\" src=\"https:\/\/www.prijedordanas.com\/wp-content\/uploads\/2025\/05\/javor-brankovic-2-300x226.jpg\" alt=\"\" width=\"300\" height=\"226\" class=\"alignleft size-medium wp-image-246711\" srcset=\"https:\/\/www.prijedordanas.com\/wp-content\/uploads\/2025\/05\/javor-brankovic-2-300x226.jpg 300w, https:\/\/www.prijedordanas.com\/wp-content\/uploads\/2025\/05\/javor-brankovic-2.jpg 600w\" sizes=\"(max-width: 300px) 100vw, 300px\" \/><\/a>Gradona\u010delnik je istakao i da je iz Voda Srpske informisan da \u0107e nakon uva\u017eene \u017ealbe jednog ponu\u0111a\u010da, postupak javne nabavke za sprovo\u0111enje hitnih mjera za\u0161tite grada Prijedora od poplava biti nastavljen 8. maja, a okon\u010dan naredne sedmice, kada \u0107e po\u010deti i radovi. Radovi na ovom projektu vrijednosti od 5,5 miliona KM od krucijalnog su zna\u010daja za Grad i obuhvati\u0107e izgradnju parapetnih zidova, nasipa i \u010di\u0161\u0107enje obodnih kanala u blizini mosta u Brezi\u010danima.<\/p>\n<p>Mladen Brankovi\u0107 se zahvalio gradona\u010delniku na posjeti i ponu\u0111enoj pomo\u0107i, izraziv\u0161i nadu da \u0107e njegova porodica uskoro dobiti mogu\u0107nost da se vrati u svoj dom i nastavi \u017eivot u dostojanstvenim uslovima.<\/p>\n<p>Gradska uprava Prijedor ostaje na raspolaganju svim svojim gra\u0111anima, s punim razumijevanjem i posve\u0107eno\u0161\u0107u rje\u0161avanju \u017eivotnih pitanja.<\/p>\n<p><a href=\"https:\/\/www.prijedorgrad.org\/sr-EU\/vijesti-sadrzaj.html?vid=21815\" target=\"_blank\" rel=\"noopener\">prijedorgrad.org<\/a><\/p>\n","protected":false},"excerpt":{"rendered":"<p>Gradona\u010delnik Prijedora Slobodan Javor, zajedno s na\u010delnikom gradskog Odjeljenja za stambeno-komunalne poslove Aleksandrom \u0160obotom, obi\u0161ao je sugra\u0111anina Mladena Brankovi\u0107a koji od pretpro\u0161le no\u0107i boravi u \u0161atoru ispred zgrade Gradske uprave. [&hellip;]<\/p>\n","protected":false},"author":1,"featured_media":0,"comment_status":"closed","ping_status":"open","sticky":false,"template":"","format":"standard","meta":{"_monsterinsights_skip_tracking":false,"_monsterinsights_sitenote_active":false,"_monsterinsights_sitenote_note":"","_monsterinsights_sitenote_category":0,"footnotes":""},"categories":[3],"tags":[],"yoast_head":"<!-- This site is optimized with the Yoast SEO plugin v21.6 - https:\/\/yoast.com\/wordpress\/plugins\/seo\/ -->\n<title>Gradona\u010delnik Javor posjetio Mladena Brankovi\u0107a i pru\u017eio punu podr\u0161ku njegovoj porodici - PrijedorDanas.com - Prijedorski gradski portal<\/title>\n<meta name=\"robots\" content=\"index, follow, max-snippet:-1, max-image-preview:large, max-video-preview:-1\" \/>\n<link rel=\"canonical\" href=\"https:\/\/www.prijedordanas.com\/?p=246708\" \/>\n<meta property=\"og:locale\" content=\"en_US\" \/>\n<meta property=\"og:type\" content=\"article\" \/>\n<meta property=\"og:title\" content=\"Gradona\u010delnik Javor posjetio Mladena Brankovi\u0107a i pru\u017eio punu podr\u0161ku njegovoj porodici - PrijedorDanas.com - Prijedorski gradski portal\" \/>\n<meta property=\"og:description\" content=\"Gradona\u010delnik Prijedora Slobodan Javor, zajedno s na\u010delnikom gradskog Odjeljenja za stambeno-komunalne poslove Aleksandrom \u0160obotom, obi\u0161ao je sugra\u0111anina Mladena Brankovi\u0107a koji od pretpro\u0161le no\u0107i boravi u \u0161atoru ispred zgrade Gradske uprave. [&hellip;]\" \/>\n<meta property=\"og:url\" content=\"https:\/\/www.prijedordanas.com\/?p=246708\" \/>\n<meta property=\"og:site_name\" content=\"PrijedorDanas.com - Prijedorski gradski portal\" \/>\n<meta property=\"article:publisher\" content=\"https:\/\/www.facebook.com\/PrijedorDanasCom\/\" \/>\n<meta property=\"article:published_time\" content=\"2025-05-06T19:39:19+00:00\" \/>\n<meta property=\"article:modified_time\" content=\"2025-05-07T19:43:40+00:00\" \/>\n<meta property=\"og:image\" content=\"https:\/\/www.prijedordanas.com\/wp-content\/uploads\/2025\/05\/javor-brankovic-1-300x226.jpg\" \/>\n<meta name=\"author\" content=\"admin\" \/>\n<meta name=\"twitter:card\" content=\"summary_large_image\" \/>\n<meta name=\"twitter:label1\" content=\"Written by\" \/>\n\t<meta name=\"twitter:data1\" content=\"admin\" \/>\n\t<meta name=\"twitter:label2\" content=\"Est. reading time\" \/>\n\t<meta name=\"twitter:data2\" content=\"2 minutes\" \/>\n<script type=\"application\/ld+json\" class=\"yoast-schema-graph\">{\"@context\":\"https:\/\/schema.org\",\"@graph\":[{\"@type\":\"Article\",\"@id\":\"https:\/\/www.prijedordanas.com\/?p=246708#article\",\"isPartOf\":{\"@id\":\"https:\/\/www.prijedordanas.com\/?p=246708\"},\"author\":{\"name\":\"admin\",\"@id\":\"https:\/\/www.prijedordanas.com\/#\/schema\/person\/4e08ccf29b506ca916ff86d46bb700e6\"},\"headline\":\"Gradona\u010delnik Javor posjetio Mladena Brankovi\u0107a i pru\u017eio punu podr\u0161ku njegovoj porodici\",\"datePublished\":\"2025-05-06T19:39:19+00:00\",\"dateModified\":\"2025-05-07T19:43:40+00:00\",\"mainEntityOfPage\":{\"@id\":\"https:\/\/www.prijedordanas.com\/?p=246708\"},\"wordCount\":416,\"publisher\":{\"@id\":\"https:\/\/www.prijedordanas.com\/#organization\"},\"articleSection\":[\"\u017divot\"],\"inLanguage\":\"en-US\"},{\"@type\":\"WebPage\",\"@id\":\"https:\/\/www.prijedordanas.com\/?p=246708\",\"url\":\"https:\/\/www.prijedordanas.com\/?p=246708\",\"name\":\"Gradona\u010delnik Javor posjetio Mladena Brankovi\u0107a i pru\u017eio punu podr\u0161ku njegovoj porodici - PrijedorDanas.com - Prijedorski gradski portal\",\"isPartOf\":{\"@id\":\"https:\/\/www.prijedordanas.com\/#website\"},\"datePublished\":\"2025-05-06T19:39:19+00:00\",\"dateModified\":\"2025-05-07T19:43:40+00:00\",\"breadcrumb\":{\"@id\":\"https:\/\/www.prijedordanas.com\/?p=246708#breadcrumb\"},\"inLanguage\":\"en-US\",\"potentialAction\":[{\"@type\":\"ReadAction\",\"target\":[\"https:\/\/www.prijedordanas.com\/?p=246708\"]}]},{\"@type\":\"BreadcrumbList\",\"@id\":\"https:\/\/www.prijedordanas.com\/?p=246708#breadcrumb\",\"itemListElement\":[{\"@type\":\"ListItem\",\"position\":1,\"name\":\"Home\",\"item\":\"https:\/\/www.prijedordanas.com\/\"},{\"@type\":\"ListItem\",\"position\":2,\"name\":\"Gradona\u010delnik Javor posjetio Mladena Brankovi\u0107a i pru\u017eio punu podr\u0161ku njegovoj porodici\"}]},{\"@type\":\"WebSite\",\"@id\":\"https:\/\/www.prijedordanas.com\/#website\",\"url\":\"https:\/\/www.prijedordanas.com\/\",\"name\":\"PrijedorDanas.com - Prijedorski gradski portal\",\"description\":\"Portal o doga\u0111anjima u gradu Prijedoru\",\"publisher\":{\"@id\":\"https:\/\/www.prijedordanas.com\/#organization\"},\"potentialAction\":[{\"@type\":\"SearchAction\",\"target\":{\"@type\":\"EntryPoint\",\"urlTemplate\":\"https:\/\/www.prijedordanas.com\/?s={search_term_string}\"},\"query-input\":\"required name=search_term_string\"}],\"inLanguage\":\"en-US\"},{\"@type\":\"Organization\",\"@id\":\"https:\/\/www.prijedordanas.com\/#organization\",\"name\":\"PrijedorDanas.com\",\"url\":\"https:\/\/www.prijedordanas.com\/\",\"logo\":{\"@type\":\"ImageObject\",\"inLanguage\":\"en-US\",\"@id\":\"https:\/\/www.prijedordanas.com\/#\/schema\/logo\/image\/\",\"url\":\"http:\/\/www.prijedordanas.com\/wp-content\/uploads\/2021\/12\/logopng.png\",\"contentUrl\":\"http:\/\/www.prijedordanas.com\/wp-content\/uploads\/2021\/12\/logopng.png\",\"width\":1019,\"height\":776,\"caption\":\"PrijedorDanas.com\"},\"image\":{\"@id\":\"https:\/\/www.prijedordanas.com\/#\/schema\/logo\/image\/\"},\"sameAs\":[\"https:\/\/www.facebook.com\/PrijedorDanasCom\/\"]},{\"@type\":\"Person\",\"@id\":\"https:\/\/www.prijedordanas.com\/#\/schema\/person\/4e08ccf29b506ca916ff86d46bb700e6\",\"name\":\"admin\",\"image\":{\"@type\":\"ImageObject\",\"inLanguage\":\"en-US\",\"@id\":\"https:\/\/www.prijedordanas.com\/#\/schema\/person\/image\/\",\"url\":\"https:\/\/secure.gravatar.com\/avatar\/1d3fc949d550f0b53a5f0d51e06dfd79?s=96&d=mm&r=g\",\"contentUrl\":\"https:\/\/secure.gravatar.com\/avatar\/1d3fc949d550f0b53a5f0d51e06dfd79?s=96&d=mm&r=g\",\"caption\":\"admin\"},\"url\":\"https:\/\/www.prijedordanas.com\/?author=1\"}]}<\/script>\n<!-- \/ Yoast SEO plugin. -->","yoast_head_json":{"title":"Gradona\u010delnik Javor posjetio Mladena Brankovi\u0107a i pru\u017eio punu podr\u0161ku njegovoj porodici - PrijedorDanas.com - Prijedorski gradski portal","robots":{"index":"index","follow":"follow","max-snippet":"max-snippet:-1","max-image-preview":"max-image-preview:large","max-video-preview":"max-video-preview:-1"},"canonical":"https:\/\/www.prijedordanas.com\/?p=246708","og_locale":"en_US","og_type":"article","og_title":"Gradona\u010delnik Javor posjetio Mladena Brankovi\u0107a i pru\u017eio punu podr\u0161ku njegovoj porodici - PrijedorDanas.com - Prijedorski gradski portal","og_description":"Gradona\u010delnik Prijedora Slobodan Javor, zajedno s na\u010delnikom gradskog Odjeljenja za stambeno-komunalne poslove Aleksandrom \u0160obotom, obi\u0161ao je sugra\u0111anina Mladena Brankovi\u0107a koji od pretpro\u0161le no\u0107i boravi u \u0161atoru ispred zgrade Gradske uprave. [&hellip;]","og_url":"https:\/\/www.prijedordanas.com\/?p=246708","og_site_name":"PrijedorDanas.com - Prijedorski gradski portal","article_publisher":"https:\/\/www.facebook.com\/PrijedorDanasCom\/","article_published_time":"2025-05-06T19:39:19+00:00","article_modified_time":"2025-05-07T19:43:40+00:00","og_image":[{"url":"https:\/\/www.prijedordanas.com\/wp-content\/uploads\/2025\/05\/javor-brankovic-1-300x226.jpg"}],"author":"admin","twitter_card":"summary_large_image","twitter_misc":{"Written by":"admin","Est. reading time":"2 minutes"},"schema":{"@context":"https:\/\/schema.org","@graph":[{"@type":"Article","@id":"https:\/\/www.prijedordanas.com\/?p=246708#article","isPartOf":{"@id":"https:\/\/www.prijedordanas.com\/?p=246708"},"author":{"name":"admin","@id":"https:\/\/www.prijedordanas.com\/#\/schema\/person\/4e08ccf29b506ca916ff86d46bb700e6"},"headline":"Gradona\u010delnik Javor posjetio Mladena Brankovi\u0107a i pru\u017eio punu podr\u0161ku njegovoj porodici","datePublished":"2025-05-06T19:39:19+00:00","dateModified":"2025-05-07T19:43:40+00:00","mainEntityOfPage":{"@id":"https:\/\/www.prijedordanas.com\/?p=246708"},"wordCount":416,"publisher":{"@id":"https:\/\/www.prijedordanas.com\/#organization"},"articleSection":["\u017divot"],"inLanguage":"en-US"},{"@type":"WebPage","@id":"https:\/\/www.prijedordanas.com\/?p=246708","url":"https:\/\/www.prijedordanas.com\/?p=246708","name":"Gradona\u010delnik Javor posjetio Mladena Brankovi\u0107a i pru\u017eio punu podr\u0161ku njegovoj porodici - PrijedorDanas.com - Prijedorski gradski portal","isPartOf":{"@id":"https:\/\/www.prijedordanas.com\/#website"},"datePublished":"2025-05-06T19:39:19+00:00","dateModified":"2025-05-07T19:43:40+00:00","breadcrumb":{"@id":"https:\/\/www.prijedordanas.com\/?p=246708#breadcrumb"},"inLanguage":"en-US","potentialAction":[{"@type":"ReadAction","target":["https:\/\/www.prijedordanas.com\/?p=246708"]}]},{"@type":"BreadcrumbList","@id":"https:\/\/www.prijedordanas.com\/?p=246708#breadcrumb","itemListElement":[{"@type":"ListItem","position":1,"name":"Home","item":"https:\/\/www.prijedordanas.com\/"},{"@type":"ListItem","position":2,"name":"Gradona\u010delnik Javor posjetio Mladena Brankovi\u0107a i pru\u017eio punu podr\u0161ku njegovoj porodici"}]},{"@type":"WebSite","@id":"https:\/\/www.prijedordanas.com\/#website","url":"https:\/\/www.prijedordanas.com\/","name":"PrijedorDanas.com - Prijedorski gradski portal","description":"Portal o doga\u0111anjima u gradu Prijedoru","publisher":{"@id":"https:\/\/www.prijedordanas.com\/#organization"},"potentialAction":[{"@type":"SearchAction","target":{"@type":"EntryPoint","urlTemplate":"https:\/\/www.prijedordanas.com\/?s={search_term_string}"},"query-input":"required name=search_term_string"}],"inLanguage":"en-US"},{"@type":"Organization","@id":"https:\/\/www.prijedordanas.com\/#organization","name":"PrijedorDanas.com","url":"https:\/\/www.prijedordanas.com\/","logo":{"@type":"ImageObject","inLanguage":"en-US","@id":"https:\/\/www.prijedordanas.com\/#\/schema\/logo\/image\/","url":"http:\/\/www.prijedordanas.com\/wp-content\/uploads\/2021\/12\/logopng.png","contentUrl":"http:\/\/www.prijedordanas.com\/wp-content\/uploads\/2021\/12\/logopng.png","width":1019,"height":776,"caption":"PrijedorDanas.com"},"image":{"@id":"https:\/\/www.prijedordanas.com\/#\/schema\/logo\/image\/"},"sameAs":["https:\/\/www.facebook.com\/PrijedorDanasCom\/"]},{"@type":"Person","@id":"https:\/\/www.prijedordanas.com\/#\/schema\/person\/4e08ccf29b506ca916ff86d46bb700e6","name":"admin","image":{"@type":"ImageObject","inLanguage":"en-US","@id":"https:\/\/www.prijedordanas.com\/#\/schema\/person\/image\/","url":"https:\/\/secure.gravatar.com\/avatar\/1d3fc949d550f0b53a5f0d51e06dfd79?s=96&d=mm&r=g","contentUrl":"https:\/\/secure.gravatar.com\/avatar\/1d3fc949d550f0b53a5f0d51e06dfd79?s=96&d=mm&r=g","caption":"admin"},"url":"https:\/\/www.prijedordanas.com\/?author=1"}]}},"_links":{"self":[{"href":"https:\/\/www.prijedordanas.com\/index.php?rest_route=\/wp\/v2\/posts\/246708"}],"collection":[{"href":"https:\/\/www.prijedordanas.com\/index.php?rest_route=\/wp\/v2\/posts"}],"about":[{"href":"https:\/\/www.prijedordanas.com\/index.php?rest_route=\/wp\/v2\/types\/post"}],"author":[{"embeddable":true,"href":"https:\/\/www.prijedordanas.com\/index.php?rest_route=\/wp\/v2\/users\/1"}],"replies":[{"embeddable":true,"href":"https:\/\/www.prijedordanas.com\/index.php?rest_route=%2Fwp%2Fv2%2Fcomments&post=246708"}],"version-history":[{"count":1,"href":"https:\/\/www.prijedordanas.com\/index.php?rest_route=\/wp\/v2\/posts\/246708\/revisions"}],"predecessor-version":[{"id":246712,"href":"https:\/\/www.prijedordanas.com\/index.php?rest_route=\/wp\/v2\/posts\/246708\/revisions\/246712"}],"wp:attachment":[{"href":"https:\/\/www.prijedordanas.com\/index.php?rest_route=%2Fwp%2Fv2%2Fmedia&parent=246708"}],"wp:term":[{"taxonomy":"category","embeddable":true,"href":"https:\/\/www.prijedordanas.com\/index.php?rest_route=%2Fwp%2Fv2%2Fcategories&post=246708"},{"taxonomy":"post_tag","embeddable":true,"href":"https:\/\/www.prijedordanas.com\/index.php?rest_route=%2Fwp%2Fv2%2Ftags&post=246708"}],"curies":[{"name":"wp","href":"https:\/\/api.w.org\/{rel}","templated":true}]}}