{"id":246683,"date":"2025-05-07T13:34:22","date_gmt":"2025-05-07T11:34:22","guid":{"rendered":"https:\/\/www.prijedordanas.com\/?p=246683"},"modified":"2025-05-07T13:34:22","modified_gmt":"2025-05-07T11:34:22","slug":"odbor-za-zalbe-grada-prijedora-razmatrano-osam-zalbi-sve-odluke-u-korist-gradske-uprave","status":"publish","type":"post","link":"https:\/\/www.prijedordanas.com\/?p=246683","title":{"rendered":"Odbor za \u017ealbe grada Prijedora: Razmatrano osam \u017ealbi, sve odluke u korist Gradske uprave"},"content":{"rendered":"<p><a href=\"https:\/\/www.prijedordanas.com\/wp-content\/uploads\/2025\/05\/gradska-uprava-pd-maj2025-4-2.jpg\"><img loading=\"lazy\" decoding=\"async\" src=\"https:\/\/www.prijedordanas.com\/wp-content\/uploads\/2025\/05\/gradska-uprava-pd-maj2025-4-2-300x225.jpg\" alt=\"\" width=\"300\" height=\"225\" class=\"alignleft size-medium wp-image-246684\" srcset=\"https:\/\/www.prijedordanas.com\/wp-content\/uploads\/2025\/05\/gradska-uprava-pd-maj2025-4-2-300x225.jpg 300w, https:\/\/www.prijedordanas.com\/wp-content\/uploads\/2025\/05\/gradska-uprava-pd-maj2025-4-2-640x480.jpg 640w, https:\/\/www.prijedordanas.com\/wp-content\/uploads\/2025\/05\/gradska-uprava-pd-maj2025-4-2.jpg 667w\" sizes=\"(max-width: 300px) 100vw, 300px\" \/><\/a>Odbor za \u017ealbe grada Prijedora u toku 2024. godine razmatrao je ukupno osam \u017ealbi i u svim predmetima odbio je \u017ealbe i donio odluke u korist Gradske uprave.<\/p>\n<p>U svih osam slu\u010dajeva Odbor za \u017ealbe utvrdio je da je prvostepeni organ pravilno sproveo prvostepeni postupak, da su doneseni akti pravilni i na zakonu osnovani i da su navodi podnosilaca \u017ealbi ili neosnovani, bez dokazne te\u017eine da ospore akte Gradske uprave, ili neblagovremeni.<\/p>\n<p>U pet slu\u010dajeva u pitanju su \u017ealbe kandidata za popunjavanje radnih mjesta u Gradskoj upravi na izbor drugih kandidata na ta radna mjesta.<\/p>\n<p>U dva slu\u010daja u pitanju su \u017ealbe radnika Gradske uprave na izre\u010dene disciplinske mjere, a u jednom \u017ealba radnika Gradske uprave protiv rje\u0161enja o premje\u0161atju s radnog mjesta starje\u0161ina Teritorijalne vatrogasno-spasila\u010dke jedinice Prijedor.<\/p>\n<p>Odbor za \u017ealbe je tijelo Gradske uprave koje odlu\u010duje u drugom stepenu o \u017ealbama u\u010desnika javnog konkursa u postupku zapo\u0161ljavanja u Gradsku upravu i o \u017ealbama koje se odnose na statusna pitanja slu\u017ebenika i namje\u0161tenika u organima jedinice lokalne samouprave.<\/p>\n<p>Odluke Odbora za \u017ealbe su kona\u010dne, a mogu se preispitivati kod nadle\u017enog suda u upravnom sporu.<\/p>\n<p>SRNA<br \/>\nFoto &#8211; ilustracija<\/p>\n","protected":false},"excerpt":{"rendered":"<p>Odbor za \u017ealbe grada Prijedora u toku 2024. godine razmatrao je ukupno osam \u017ealbi i u svim predmetima odbio je \u017ealbe i donio odluke u korist Gradske uprave. U svih [&hellip;]<\/p>\n","protected":false},"author":1,"featured_media":0,"comment_status":"closed","ping_status":"open","sticky":false,"template":"","format":"standard","meta":{"_monsterinsights_skip_tracking":false,"_monsterinsights_sitenote_active":false,"_monsterinsights_sitenote_note":"","_monsterinsights_sitenote_category":0,"footnotes":""},"categories":[4],"tags":[],"yoast_head":"<!-- This site is optimized with the Yoast SEO plugin v21.6 - https:\/\/yoast.com\/wordpress\/plugins\/seo\/ -->\n<title>Odbor za \u017ealbe grada Prijedora: Razmatrano osam \u017ealbi, sve odluke u korist Gradske uprave - PrijedorDanas.com - Prijedorski gradski portal<\/title>\n<meta name=\"robots\" content=\"index, follow, max-snippet:-1, max-image-preview:large, max-video-preview:-1\" \/>\n<link rel=\"canonical\" href=\"https:\/\/www.prijedordanas.com\/?p=246683\" \/>\n<meta property=\"og:locale\" content=\"en_US\" \/>\n<meta property=\"og:type\" content=\"article\" \/>\n<meta property=\"og:title\" content=\"Odbor za \u017ealbe grada Prijedora: Razmatrano osam \u017ealbi, sve odluke u korist Gradske uprave - PrijedorDanas.com - Prijedorski gradski portal\" \/>\n<meta property=\"og:description\" content=\"Odbor za \u017ealbe grada Prijedora u toku 2024. godine razmatrao je ukupno osam \u017ealbi i u svim predmetima odbio je \u017ealbe i donio odluke u korist Gradske uprave. U svih [&hellip;]\" \/>\n<meta property=\"og:url\" content=\"https:\/\/www.prijedordanas.com\/?p=246683\" \/>\n<meta property=\"og:site_name\" content=\"PrijedorDanas.com - Prijedorski gradski portal\" \/>\n<meta property=\"article:publisher\" content=\"https:\/\/www.facebook.com\/PrijedorDanasCom\/\" \/>\n<meta property=\"article:published_time\" content=\"2025-05-07T11:34:22+00:00\" \/>\n<meta property=\"og:image\" content=\"https:\/\/www.prijedordanas.com\/wp-content\/uploads\/2025\/05\/gradska-uprava-pd-maj2025-4-2-300x225.jpg\" \/>\n<meta name=\"author\" content=\"admin\" \/>\n<meta name=\"twitter:card\" content=\"summary_large_image\" \/>\n<meta name=\"twitter:label1\" content=\"Written by\" \/>\n\t<meta name=\"twitter:data1\" content=\"admin\" \/>\n<script type=\"application\/ld+json\" class=\"yoast-schema-graph\">{\"@context\":\"https:\/\/schema.org\",\"@graph\":[{\"@type\":\"Article\",\"@id\":\"https:\/\/www.prijedordanas.com\/?p=246683#article\",\"isPartOf\":{\"@id\":\"https:\/\/www.prijedordanas.com\/?p=246683\"},\"author\":{\"name\":\"admin\",\"@id\":\"https:\/\/www.prijedordanas.com\/#\/schema\/person\/4e08ccf29b506ca916ff86d46bb700e6\"},\"headline\":\"Odbor za \u017ealbe grada Prijedora: Razmatrano osam \u017ealbi, sve odluke u korist Gradske uprave\",\"datePublished\":\"2025-05-07T11:34:22+00:00\",\"dateModified\":\"2025-05-07T11:34:22+00:00\",\"mainEntityOfPage\":{\"@id\":\"https:\/\/www.prijedordanas.com\/?p=246683\"},\"wordCount\":217,\"publisher\":{\"@id\":\"https:\/\/www.prijedordanas.com\/#organization\"},\"articleSection\":[\"Dru\u0161tvo\"],\"inLanguage\":\"en-US\"},{\"@type\":\"WebPage\",\"@id\":\"https:\/\/www.prijedordanas.com\/?p=246683\",\"url\":\"https:\/\/www.prijedordanas.com\/?p=246683\",\"name\":\"Odbor za \u017ealbe grada Prijedora: Razmatrano osam \u017ealbi, sve odluke u korist Gradske uprave - PrijedorDanas.com - Prijedorski gradski portal\",\"isPartOf\":{\"@id\":\"https:\/\/www.prijedordanas.com\/#website\"},\"datePublished\":\"2025-05-07T11:34:22+00:00\",\"dateModified\":\"2025-05-07T11:34:22+00:00\",\"breadcrumb\":{\"@id\":\"https:\/\/www.prijedordanas.com\/?p=246683#breadcrumb\"},\"inLanguage\":\"en-US\",\"potentialAction\":[{\"@type\":\"ReadAction\",\"target\":[\"https:\/\/www.prijedordanas.com\/?p=246683\"]}]},{\"@type\":\"BreadcrumbList\",\"@id\":\"https:\/\/www.prijedordanas.com\/?p=246683#breadcrumb\",\"itemListElement\":[{\"@type\":\"ListItem\",\"position\":1,\"name\":\"Home\",\"item\":\"https:\/\/www.prijedordanas.com\/\"},{\"@type\":\"ListItem\",\"position\":2,\"name\":\"Odbor za \u017ealbe grada Prijedora: Razmatrano osam \u017ealbi, sve odluke u korist Gradske uprave\"}]},{\"@type\":\"WebSite\",\"@id\":\"https:\/\/www.prijedordanas.com\/#website\",\"url\":\"https:\/\/www.prijedordanas.com\/\",\"name\":\"PrijedorDanas.com - Prijedorski gradski portal\",\"description\":\"Portal o doga\u0111anjima u gradu Prijedoru\",\"publisher\":{\"@id\":\"https:\/\/www.prijedordanas.com\/#organization\"},\"potentialAction\":[{\"@type\":\"SearchAction\",\"target\":{\"@type\":\"EntryPoint\",\"urlTemplate\":\"https:\/\/www.prijedordanas.com\/?s={search_term_string}\"},\"query-input\":\"required name=search_term_string\"}],\"inLanguage\":\"en-US\"},{\"@type\":\"Organization\",\"@id\":\"https:\/\/www.prijedordanas.com\/#organization\",\"name\":\"PrijedorDanas.com\",\"url\":\"https:\/\/www.prijedordanas.com\/\",\"logo\":{\"@type\":\"ImageObject\",\"inLanguage\":\"en-US\",\"@id\":\"https:\/\/www.prijedordanas.com\/#\/schema\/logo\/image\/\",\"url\":\"http:\/\/www.prijedordanas.com\/wp-content\/uploads\/2021\/12\/logopng.png\",\"contentUrl\":\"http:\/\/www.prijedordanas.com\/wp-content\/uploads\/2021\/12\/logopng.png\",\"width\":1019,\"height\":776,\"caption\":\"PrijedorDanas.com\"},\"image\":{\"@id\":\"https:\/\/www.prijedordanas.com\/#\/schema\/logo\/image\/\"},\"sameAs\":[\"https:\/\/www.facebook.com\/PrijedorDanasCom\/\"]},{\"@type\":\"Person\",\"@id\":\"https:\/\/www.prijedordanas.com\/#\/schema\/person\/4e08ccf29b506ca916ff86d46bb700e6\",\"name\":\"admin\",\"image\":{\"@type\":\"ImageObject\",\"inLanguage\":\"en-US\",\"@id\":\"https:\/\/www.prijedordanas.com\/#\/schema\/person\/image\/\",\"url\":\"https:\/\/secure.gravatar.com\/avatar\/1d3fc949d550f0b53a5f0d51e06dfd79?s=96&d=mm&r=g\",\"contentUrl\":\"https:\/\/secure.gravatar.com\/avatar\/1d3fc949d550f0b53a5f0d51e06dfd79?s=96&d=mm&r=g\",\"caption\":\"admin\"},\"url\":\"https:\/\/www.prijedordanas.com\/?author=1\"}]}<\/script>\n<!-- \/ Yoast SEO plugin. -->","yoast_head_json":{"title":"Odbor za \u017ealbe grada Prijedora: Razmatrano osam \u017ealbi, sve odluke u korist Gradske uprave - PrijedorDanas.com - Prijedorski gradski portal","robots":{"index":"index","follow":"follow","max-snippet":"max-snippet:-1","max-image-preview":"max-image-preview:large","max-video-preview":"max-video-preview:-1"},"canonical":"https:\/\/www.prijedordanas.com\/?p=246683","og_locale":"en_US","og_type":"article","og_title":"Odbor za \u017ealbe grada Prijedora: Razmatrano osam \u017ealbi, sve odluke u korist Gradske uprave - PrijedorDanas.com - Prijedorski gradski portal","og_description":"Odbor za \u017ealbe grada Prijedora u toku 2024. godine razmatrao je ukupno osam \u017ealbi i u svim predmetima odbio je \u017ealbe i donio odluke u korist Gradske uprave. U svih [&hellip;]","og_url":"https:\/\/www.prijedordanas.com\/?p=246683","og_site_name":"PrijedorDanas.com - Prijedorski gradski portal","article_publisher":"https:\/\/www.facebook.com\/PrijedorDanasCom\/","article_published_time":"2025-05-07T11:34:22+00:00","og_image":[{"url":"https:\/\/www.prijedordanas.com\/wp-content\/uploads\/2025\/05\/gradska-uprava-pd-maj2025-4-2-300x225.jpg"}],"author":"admin","twitter_card":"summary_large_image","twitter_misc":{"Written by":"admin"},"schema":{"@context":"https:\/\/schema.org","@graph":[{"@type":"Article","@id":"https:\/\/www.prijedordanas.com\/?p=246683#article","isPartOf":{"@id":"https:\/\/www.prijedordanas.com\/?p=246683"},"author":{"name":"admin","@id":"https:\/\/www.prijedordanas.com\/#\/schema\/person\/4e08ccf29b506ca916ff86d46bb700e6"},"headline":"Odbor za \u017ealbe grada Prijedora: Razmatrano osam \u017ealbi, sve odluke u korist Gradske uprave","datePublished":"2025-05-07T11:34:22+00:00","dateModified":"2025-05-07T11:34:22+00:00","mainEntityOfPage":{"@id":"https:\/\/www.prijedordanas.com\/?p=246683"},"wordCount":217,"publisher":{"@id":"https:\/\/www.prijedordanas.com\/#organization"},"articleSection":["Dru\u0161tvo"],"inLanguage":"en-US"},{"@type":"WebPage","@id":"https:\/\/www.prijedordanas.com\/?p=246683","url":"https:\/\/www.prijedordanas.com\/?p=246683","name":"Odbor za \u017ealbe grada Prijedora: Razmatrano osam \u017ealbi, sve odluke u korist Gradske uprave - PrijedorDanas.com - Prijedorski gradski portal","isPartOf":{"@id":"https:\/\/www.prijedordanas.com\/#website"},"datePublished":"2025-05-07T11:34:22+00:00","dateModified":"2025-05-07T11:34:22+00:00","breadcrumb":{"@id":"https:\/\/www.prijedordanas.com\/?p=246683#breadcrumb"},"inLanguage":"en-US","potentialAction":[{"@type":"ReadAction","target":["https:\/\/www.prijedordanas.com\/?p=246683"]}]},{"@type":"BreadcrumbList","@id":"https:\/\/www.prijedordanas.com\/?p=246683#breadcrumb","itemListElement":[{"@type":"ListItem","position":1,"name":"Home","item":"https:\/\/www.prijedordanas.com\/"},{"@type":"ListItem","position":2,"name":"Odbor za \u017ealbe grada Prijedora: Razmatrano osam \u017ealbi, sve odluke u korist Gradske uprave"}]},{"@type":"WebSite","@id":"https:\/\/www.prijedordanas.com\/#website","url":"https:\/\/www.prijedordanas.com\/","name":"PrijedorDanas.com - Prijedorski gradski portal","description":"Portal o doga\u0111anjima u gradu Prijedoru","publisher":{"@id":"https:\/\/www.prijedordanas.com\/#organization"},"potentialAction":[{"@type":"SearchAction","target":{"@type":"EntryPoint","urlTemplate":"https:\/\/www.prijedordanas.com\/?s={search_term_string}"},"query-input":"required name=search_term_string"}],"inLanguage":"en-US"},{"@type":"Organization","@id":"https:\/\/www.prijedordanas.com\/#organization","name":"PrijedorDanas.com","url":"https:\/\/www.prijedordanas.com\/","logo":{"@type":"ImageObject","inLanguage":"en-US","@id":"https:\/\/www.prijedordanas.com\/#\/schema\/logo\/image\/","url":"http:\/\/www.prijedordanas.com\/wp-content\/uploads\/2021\/12\/logopng.png","contentUrl":"http:\/\/www.prijedordanas.com\/wp-content\/uploads\/2021\/12\/logopng.png","width":1019,"height":776,"caption":"PrijedorDanas.com"},"image":{"@id":"https:\/\/www.prijedordanas.com\/#\/schema\/logo\/image\/"},"sameAs":["https:\/\/www.facebook.com\/PrijedorDanasCom\/"]},{"@type":"Person","@id":"https:\/\/www.prijedordanas.com\/#\/schema\/person\/4e08ccf29b506ca916ff86d46bb700e6","name":"admin","image":{"@type":"ImageObject","inLanguage":"en-US","@id":"https:\/\/www.prijedordanas.com\/#\/schema\/person\/image\/","url":"https:\/\/secure.gravatar.com\/avatar\/1d3fc949d550f0b53a5f0d51e06dfd79?s=96&d=mm&r=g","contentUrl":"https:\/\/secure.gravatar.com\/avatar\/1d3fc949d550f0b53a5f0d51e06dfd79?s=96&d=mm&r=g","caption":"admin"},"url":"https:\/\/www.prijedordanas.com\/?author=1"}]}},"_links":{"self":[{"href":"https:\/\/www.prijedordanas.com\/index.php?rest_route=\/wp\/v2\/posts\/246683"}],"collection":[{"href":"https:\/\/www.prijedordanas.com\/index.php?rest_route=\/wp\/v2\/posts"}],"about":[{"href":"https:\/\/www.prijedordanas.com\/index.php?rest_route=\/wp\/v2\/types\/post"}],"author":[{"embeddable":true,"href":"https:\/\/www.prijedordanas.com\/index.php?rest_route=\/wp\/v2\/users\/1"}],"replies":[{"embeddable":true,"href":"https:\/\/www.prijedordanas.com\/index.php?rest_route=%2Fwp%2Fv2%2Fcomments&post=246683"}],"version-history":[{"count":1,"href":"https:\/\/www.prijedordanas.com\/index.php?rest_route=\/wp\/v2\/posts\/246683\/revisions"}],"predecessor-version":[{"id":246685,"href":"https:\/\/www.prijedordanas.com\/index.php?rest_route=\/wp\/v2\/posts\/246683\/revisions\/246685"}],"wp:attachment":[{"href":"https:\/\/www.prijedordanas.com\/index.php?rest_route=%2Fwp%2Fv2%2Fmedia&parent=246683"}],"wp:term":[{"taxonomy":"category","embeddable":true,"href":"https:\/\/www.prijedordanas.com\/index.php?rest_route=%2Fwp%2Fv2%2Fcategories&post=246683"},{"taxonomy":"post_tag","embeddable":true,"href":"https:\/\/www.prijedordanas.com\/index.php?rest_route=%2Fwp%2Fv2%2Ftags&post=246683"}],"curies":[{"name":"wp","href":"https:\/\/api.w.org\/{rel}","templated":true}]}}