{"id":246590,"date":"2025-05-05T15:15:27","date_gmt":"2025-05-05T13:15:27","guid":{"rendered":"https:\/\/www.prijedordanas.com\/?p=246590"},"modified":"2025-05-05T15:15:27","modified_gmt":"2025-05-05T13:15:27","slug":"problemi-s-rjecicom-puharskom-traju-godinama-video","status":"publish","type":"post","link":"https:\/\/www.prijedordanas.com\/?p=246590","title":{"rendered":"Problemi s rje\u010dicom Puharskom traju godinama &#8211; VIDEO"},"content":{"rendered":"<p><a href=\"https:\/\/www.prijedordanas.com\/wp-content\/uploads\/2025\/05\/kozarski-rjecica-puharska-1.jpg\"><img loading=\"lazy\" decoding=\"async\" class=\"alignleft size-medium wp-image-246591\" src=\"https:\/\/www.prijedordanas.com\/wp-content\/uploads\/2025\/05\/kozarski-rjecica-puharska-1-300x225.jpg\" alt=\"\" width=\"300\" height=\"225\" srcset=\"https:\/\/www.prijedordanas.com\/wp-content\/uploads\/2025\/05\/kozarski-rjecica-puharska-1-300x225.jpg 300w, https:\/\/www.prijedordanas.com\/wp-content\/uploads\/2025\/05\/kozarski-rjecica-puharska-1-640x480.jpg 640w, https:\/\/www.prijedordanas.com\/wp-content\/uploads\/2025\/05\/kozarski-rjecica-puharska-1.jpg 667w\" sizes=\"(max-width: 300px) 100vw, 300px\" \/><\/a>Na jednoj od sjednica Skup\u0161tine grada Prijedora, mje\u0161tanka Donje Puharske Alma Semani\u0107 apelovala je na nadle\u017ene da se po\u010dne s rje\u0161avanjem problema koje uzrokuje rje\u010dica Puharska prilikom ve\u0107ih padavina.<\/p>\n<p>Na ovom vodotoku se, po njenom mi\u0161ljenju, mora pristupiti regulaciji i \u010di\u0161\u0107enju samog korita.<\/p>\n<p>\u201eVi\u0161e godina imamo problem izlijevanja vode u ki\u0161nim danima, odnosno \u010dak i u ljetnom periodu, nakon par sati ki\u0161e, Puharska se veoma brzo izlije iz korita i poplavi podrume, ku\u0107e, ba\u0161te svih okolnih doma\u0107instava koje se nalaze uz sam potok. Nije to samo vezano za Puharsku. Vezano je to i za Gornju Puharsku, dubi\u010dku cestu, naselje prema Jelovcu. Dolazi do izlijevanja malo \u0161irih razmjera\u201c, ka\u017ee Semani\u0107eva.<\/p>\n<p><a href=\"https:\/\/www.prijedordanas.com\/wp-content\/uploads\/2025\/05\/kozarski-alma-semanic.jpg\"><img loading=\"lazy\" decoding=\"async\" class=\"alignleft size-medium wp-image-246592\" src=\"https:\/\/www.prijedordanas.com\/wp-content\/uploads\/2025\/05\/kozarski-alma-semanic-300x169.jpg\" alt=\"\" width=\"300\" height=\"169\" srcset=\"https:\/\/www.prijedordanas.com\/wp-content\/uploads\/2025\/05\/kozarski-alma-semanic-300x169.jpg 300w, https:\/\/www.prijedordanas.com\/wp-content\/uploads\/2025\/05\/kozarski-alma-semanic.jpg 600w\" sizes=\"(max-width: 300px) 100vw, 300px\" \/><\/a>Prije desetak godina pokupljen je kabasti otpad iz korita Puharske, a jednom je orezano drve\u0107e.<\/p>\n<p>Vr\u0161ilac du\u017enosti na\u010delnika Odjeljenja za saobra\u0107aj, komunalne poslove i za\u0161titu \u017eivotne sredine i imovinsko-stambene poslove Aleksandar \u0160obot ka\u017ee da je ovaj problem dobro poznat Gradskoj upravi.<\/p>\n<p>Pro\u0161le godine je, po njegovim rije\u010dima, izra\u0111en projekat korita, odnosno oblaganje korita i sanaciju popucalog dijela.<\/p>\n<p>\u201eMi \u0107emo ove godine u\u0107i u taj dio radova, projekat je zavr\u0161en, izvo\u0111a\u010d izabran i to \u0107emo rije\u0161iti. A \u0161to se ti\u010de daljeg nastavka regulacije korita, Odjeljenje je dalo nalog Zavodu za izgradnju grada da nam izradi vi\u0161e tipova projekata sanacije\u201c, navodi Aleksandar \u0160obot.<\/p>\n<p><a href=\"https:\/\/www.prijedordanas.com\/wp-content\/uploads\/2025\/05\/kozarski-sobot.jpg\"><img loading=\"lazy\" decoding=\"async\" class=\"alignleft size-medium wp-image-246593\" src=\"https:\/\/www.prijedordanas.com\/wp-content\/uploads\/2025\/05\/kozarski-sobot-300x169.jpg\" alt=\"\" width=\"300\" height=\"169\" srcset=\"https:\/\/www.prijedordanas.com\/wp-content\/uploads\/2025\/05\/kozarski-sobot-300x169.jpg 300w, https:\/\/www.prijedordanas.com\/wp-content\/uploads\/2025\/05\/kozarski-sobot.jpg 600w\" sizes=\"(max-width: 300px) 100vw, 300px\" \/><\/a>\u0160obot isti\u010de da sanacija podrazumijeva ulazak ma\u0161ina, privremene puteve za izvla\u010denje materijala. Upravo je tu najve\u0107i problem \u2013 pristup samom koritu, jer su mje\u0161tani na nekim lokacijama sami zasipali korito Puharske da bi pro\u0161irili svoje posjede, a ponegdje se na samo pola metra od korita nalazi objekat.<\/p>\n<p>\u201eMi \u0107emo u\u0107i u te radove kad bude najni\u017ei vodostaj. U\u0107i \u0107emo sa malim ma\u0161inama i motornim pilama, uz mi\u0161ljenje i smjernice \u2018Voda Srpske\u2019 \u0161to se ti\u010de samog drve\u0107a u koritu. Zasad je to izvjesna varijanta, jer ovo sve ostalo je nepopularno. \u010cak sama regulacija koja je bila planski, zahtijeva ne samo ru\u0161enje tih objekata koji su ve\u0107 u koritu Puharske, nego i otkup zemlji\u0161ta, odnosno ekspoprijaciju privatne imovine. Tad bi se dobilo ure\u0111eno korito\u201c, poja\u0161njava \u0160obot.<\/p>\n<p>Potvrdio je da je problem plavljenja izra\u017een i na dubi\u010dkoj cesti, a u bud\u017eetu je predvi\u0111en projekat regulacije potoka Maksovac.<\/p>\n<p><a href=\"https:\/\/www.prijedordanas.com\/wp-content\/uploads\/2025\/05\/kozarski-rjecica-puharska-2.jpg\"><img loading=\"lazy\" decoding=\"async\" src=\"https:\/\/www.prijedordanas.com\/wp-content\/uploads\/2025\/05\/kozarski-rjecica-puharska-2-300x169.jpg\" alt=\"\" width=\"300\" height=\"169\" class=\"alignleft size-medium wp-image-246594\" srcset=\"https:\/\/www.prijedordanas.com\/wp-content\/uploads\/2025\/05\/kozarski-rjecica-puharska-2-300x169.jpg 300w, https:\/\/www.prijedordanas.com\/wp-content\/uploads\/2025\/05\/kozarski-rjecica-puharska-2.jpg 600w\" sizes=\"(max-width: 300px) 100vw, 300px\" \/><\/a>Uzvodno od stadiona, bi\u0107e iskopan rasteretni kanal koji \u0107e biti na razli\u010ditim visinama od nastavka kanala kada se podigne nivo on \u0107e primati i kraj kasarne \u0107e biti zacijevljeno.<\/p>\n<p>Trenutno je u fokusu dobijanje gra\u0111evinske dozvole za propust ispod magistralnog puta prema Dubici. Od \u201ePuteva\u201c se mora dobiti dozvola za prekop trupa puta i da se izradi propust.<\/p>\n<p>Problem plavljenja oko sportske dvorane na Urijama je, po rije\u010dima \u0160obota, uzrokovan izgradnjom Aerodromskog naselja.<\/p>\n<p>\u201eTu su nekad bile livade i zemlja je sama upijala vodu. Sad tu imamo objekte, ura\u0111ene asfalte i postoji problem, jer je postoje\u0107a kanalizacija ura\u0111ena da bude fekalna. Na\u017ealost, sad imamo mje\u0161tovitu kanalizaciju, \u0161to zna\u010di da ljudi odvode vodu s oluka u kanalizaciju. Kad imamo pljusak i velike padavine, sve se to u jednom trenutku slije dole i sistem to ne mo\u017ee da primi\u201c, ka\u017ee \u0160obot i navodi da je tu bila i velika depresija koja je svojevremeno apsorbovala dio voda koje su dolazile s brda gdje je sada Aerodromsko naselje. Me\u0111utim, sad je tu izgra\u0111ena dvorana. S obzirom da je sve nasuto, ostalo se bez prirodnog upojnog polja, nego se, kako je naveo, voda direktno slije na dubi\u010dku cestu.<\/p>\n<p>\u201eTo je jo\u0161 jedan problem koji moramo rje\u0161avati, a brojni vodotoci nisu ucrtani u planske dokumente kad su trebali\u201c, isti\u010de \u0160obot.<\/p>\n<p><strong><a href=\"https:\/\/kozarski.com\/problemi-s-rjecicom-puharskom-traju-godinama\/\" target=\"_blank\" rel=\"noopener\">kozarski.com<\/a><\/strong><\/p>\n<p><iframe loading=\"lazy\" title=\"PROBLEMI S RJE\u010cICOM PUHARSKOM TRAJU GODINAMA\" width=\"500\" height=\"281\" src=\"https:\/\/www.youtube.com\/embed\/sWk1uQs3zwE?feature=oembed\" frameborder=\"0\" allow=\"accelerometer; autoplay; clipboard-write; encrypted-media; gyroscope; picture-in-picture; web-share\" referrerpolicy=\"strict-origin-when-cross-origin\" allowfullscreen><\/iframe><\/p>\n","protected":false},"excerpt":{"rendered":"<p>Na jednoj od sjednica Skup\u0161tine grada Prijedora, mje\u0161tanka Donje Puharske Alma Semani\u0107 apelovala je na nadle\u017ene da se po\u010dne s rje\u0161avanjem problema koje uzrokuje rje\u010dica Puharska prilikom ve\u0107ih padavina. Na [&hellip;]<\/p>\n","protected":false},"author":1,"featured_media":0,"comment_status":"closed","ping_status":"open","sticky":false,"template":"","format":"standard","meta":{"_monsterinsights_skip_tracking":false,"_monsterinsights_sitenote_active":false,"_monsterinsights_sitenote_note":"","_monsterinsights_sitenote_category":0,"footnotes":""},"categories":[4],"tags":[],"yoast_head":"<!-- This site is optimized with the Yoast SEO plugin v21.6 - https:\/\/yoast.com\/wordpress\/plugins\/seo\/ -->\n<title>Problemi s rje\u010dicom Puharskom traju godinama - VIDEO - PrijedorDanas.com - Prijedorski gradski portal<\/title>\n<meta name=\"robots\" content=\"index, follow, max-snippet:-1, max-image-preview:large, max-video-preview:-1\" \/>\n<link rel=\"canonical\" href=\"https:\/\/www.prijedordanas.com\/?p=246590\" \/>\n<meta property=\"og:locale\" content=\"en_US\" \/>\n<meta property=\"og:type\" content=\"article\" \/>\n<meta property=\"og:title\" content=\"Problemi s rje\u010dicom Puharskom traju godinama - VIDEO - PrijedorDanas.com - Prijedorski gradski portal\" \/>\n<meta property=\"og:description\" content=\"Na jednoj od sjednica Skup\u0161tine grada Prijedora, mje\u0161tanka Donje Puharske Alma Semani\u0107 apelovala je na nadle\u017ene da se po\u010dne s rje\u0161avanjem problema koje uzrokuje rje\u010dica Puharska prilikom ve\u0107ih padavina. Na [&hellip;]\" \/>\n<meta property=\"og:url\" content=\"https:\/\/www.prijedordanas.com\/?p=246590\" \/>\n<meta property=\"og:site_name\" content=\"PrijedorDanas.com - Prijedorski gradski portal\" \/>\n<meta property=\"article:publisher\" content=\"https:\/\/www.facebook.com\/PrijedorDanasCom\/\" \/>\n<meta property=\"article:published_time\" content=\"2025-05-05T13:15:27+00:00\" \/>\n<meta property=\"og:image\" content=\"https:\/\/www.prijedordanas.com\/wp-content\/uploads\/2025\/05\/kozarski-rjecica-puharska-1-300x225.jpg\" \/>\n<meta name=\"author\" content=\"admin\" \/>\n<meta name=\"twitter:card\" content=\"summary_large_image\" \/>\n<meta name=\"twitter:label1\" content=\"Written by\" \/>\n\t<meta name=\"twitter:data1\" content=\"admin\" \/>\n\t<meta name=\"twitter:label2\" content=\"Est. reading time\" \/>\n\t<meta name=\"twitter:data2\" content=\"4 minutes\" \/>\n<script type=\"application\/ld+json\" class=\"yoast-schema-graph\">{\"@context\":\"https:\/\/schema.org\",\"@graph\":[{\"@type\":\"Article\",\"@id\":\"https:\/\/www.prijedordanas.com\/?p=246590#article\",\"isPartOf\":{\"@id\":\"https:\/\/www.prijedordanas.com\/?p=246590\"},\"author\":{\"name\":\"admin\",\"@id\":\"https:\/\/www.prijedordanas.com\/#\/schema\/person\/4e08ccf29b506ca916ff86d46bb700e6\"},\"headline\":\"Problemi s rje\u010dicom Puharskom traju godinama &#8211; VIDEO\",\"datePublished\":\"2025-05-05T13:15:27+00:00\",\"dateModified\":\"2025-05-05T13:15:27+00:00\",\"mainEntityOfPage\":{\"@id\":\"https:\/\/www.prijedordanas.com\/?p=246590\"},\"wordCount\":660,\"publisher\":{\"@id\":\"https:\/\/www.prijedordanas.com\/#organization\"},\"articleSection\":[\"Dru\u0161tvo\"],\"inLanguage\":\"en-US\"},{\"@type\":\"WebPage\",\"@id\":\"https:\/\/www.prijedordanas.com\/?p=246590\",\"url\":\"https:\/\/www.prijedordanas.com\/?p=246590\",\"name\":\"Problemi s rje\u010dicom Puharskom traju godinama - VIDEO - PrijedorDanas.com - Prijedorski gradski portal\",\"isPartOf\":{\"@id\":\"https:\/\/www.prijedordanas.com\/#website\"},\"datePublished\":\"2025-05-05T13:15:27+00:00\",\"dateModified\":\"2025-05-05T13:15:27+00:00\",\"breadcrumb\":{\"@id\":\"https:\/\/www.prijedordanas.com\/?p=246590#breadcrumb\"},\"inLanguage\":\"en-US\",\"potentialAction\":[{\"@type\":\"ReadAction\",\"target\":[\"https:\/\/www.prijedordanas.com\/?p=246590\"]}]},{\"@type\":\"BreadcrumbList\",\"@id\":\"https:\/\/www.prijedordanas.com\/?p=246590#breadcrumb\",\"itemListElement\":[{\"@type\":\"ListItem\",\"position\":1,\"name\":\"Home\",\"item\":\"https:\/\/www.prijedordanas.com\/\"},{\"@type\":\"ListItem\",\"position\":2,\"name\":\"Problemi s rje\u010dicom Puharskom traju godinama &#8211; VIDEO\"}]},{\"@type\":\"WebSite\",\"@id\":\"https:\/\/www.prijedordanas.com\/#website\",\"url\":\"https:\/\/www.prijedordanas.com\/\",\"name\":\"PrijedorDanas.com - Prijedorski gradski portal\",\"description\":\"Portal o doga\u0111anjima u gradu Prijedoru\",\"publisher\":{\"@id\":\"https:\/\/www.prijedordanas.com\/#organization\"},\"potentialAction\":[{\"@type\":\"SearchAction\",\"target\":{\"@type\":\"EntryPoint\",\"urlTemplate\":\"https:\/\/www.prijedordanas.com\/?s={search_term_string}\"},\"query-input\":\"required name=search_term_string\"}],\"inLanguage\":\"en-US\"},{\"@type\":\"Organization\",\"@id\":\"https:\/\/www.prijedordanas.com\/#organization\",\"name\":\"PrijedorDanas.com\",\"url\":\"https:\/\/www.prijedordanas.com\/\",\"logo\":{\"@type\":\"ImageObject\",\"inLanguage\":\"en-US\",\"@id\":\"https:\/\/www.prijedordanas.com\/#\/schema\/logo\/image\/\",\"url\":\"http:\/\/www.prijedordanas.com\/wp-content\/uploads\/2021\/12\/logopng.png\",\"contentUrl\":\"http:\/\/www.prijedordanas.com\/wp-content\/uploads\/2021\/12\/logopng.png\",\"width\":1019,\"height\":776,\"caption\":\"PrijedorDanas.com\"},\"image\":{\"@id\":\"https:\/\/www.prijedordanas.com\/#\/schema\/logo\/image\/\"},\"sameAs\":[\"https:\/\/www.facebook.com\/PrijedorDanasCom\/\"]},{\"@type\":\"Person\",\"@id\":\"https:\/\/www.prijedordanas.com\/#\/schema\/person\/4e08ccf29b506ca916ff86d46bb700e6\",\"name\":\"admin\",\"image\":{\"@type\":\"ImageObject\",\"inLanguage\":\"en-US\",\"@id\":\"https:\/\/www.prijedordanas.com\/#\/schema\/person\/image\/\",\"url\":\"https:\/\/secure.gravatar.com\/avatar\/1d3fc949d550f0b53a5f0d51e06dfd79?s=96&d=mm&r=g\",\"contentUrl\":\"https:\/\/secure.gravatar.com\/avatar\/1d3fc949d550f0b53a5f0d51e06dfd79?s=96&d=mm&r=g\",\"caption\":\"admin\"},\"url\":\"https:\/\/www.prijedordanas.com\/?author=1\"}]}<\/script>\n<!-- \/ Yoast SEO plugin. -->","yoast_head_json":{"title":"Problemi s rje\u010dicom Puharskom traju godinama - VIDEO - PrijedorDanas.com - Prijedorski gradski portal","robots":{"index":"index","follow":"follow","max-snippet":"max-snippet:-1","max-image-preview":"max-image-preview:large","max-video-preview":"max-video-preview:-1"},"canonical":"https:\/\/www.prijedordanas.com\/?p=246590","og_locale":"en_US","og_type":"article","og_title":"Problemi s rje\u010dicom Puharskom traju godinama - VIDEO - PrijedorDanas.com - Prijedorski gradski portal","og_description":"Na jednoj od sjednica Skup\u0161tine grada Prijedora, mje\u0161tanka Donje Puharske Alma Semani\u0107 apelovala je na nadle\u017ene da se po\u010dne s rje\u0161avanjem problema koje uzrokuje rje\u010dica Puharska prilikom ve\u0107ih padavina. Na [&hellip;]","og_url":"https:\/\/www.prijedordanas.com\/?p=246590","og_site_name":"PrijedorDanas.com - Prijedorski gradski portal","article_publisher":"https:\/\/www.facebook.com\/PrijedorDanasCom\/","article_published_time":"2025-05-05T13:15:27+00:00","og_image":[{"url":"https:\/\/www.prijedordanas.com\/wp-content\/uploads\/2025\/05\/kozarski-rjecica-puharska-1-300x225.jpg"}],"author":"admin","twitter_card":"summary_large_image","twitter_misc":{"Written by":"admin","Est. reading time":"4 minutes"},"schema":{"@context":"https:\/\/schema.org","@graph":[{"@type":"Article","@id":"https:\/\/www.prijedordanas.com\/?p=246590#article","isPartOf":{"@id":"https:\/\/www.prijedordanas.com\/?p=246590"},"author":{"name":"admin","@id":"https:\/\/www.prijedordanas.com\/#\/schema\/person\/4e08ccf29b506ca916ff86d46bb700e6"},"headline":"Problemi s rje\u010dicom Puharskom traju godinama &#8211; VIDEO","datePublished":"2025-05-05T13:15:27+00:00","dateModified":"2025-05-05T13:15:27+00:00","mainEntityOfPage":{"@id":"https:\/\/www.prijedordanas.com\/?p=246590"},"wordCount":660,"publisher":{"@id":"https:\/\/www.prijedordanas.com\/#organization"},"articleSection":["Dru\u0161tvo"],"inLanguage":"en-US"},{"@type":"WebPage","@id":"https:\/\/www.prijedordanas.com\/?p=246590","url":"https:\/\/www.prijedordanas.com\/?p=246590","name":"Problemi s rje\u010dicom Puharskom traju godinama - VIDEO - PrijedorDanas.com - Prijedorski gradski portal","isPartOf":{"@id":"https:\/\/www.prijedordanas.com\/#website"},"datePublished":"2025-05-05T13:15:27+00:00","dateModified":"2025-05-05T13:15:27+00:00","breadcrumb":{"@id":"https:\/\/www.prijedordanas.com\/?p=246590#breadcrumb"},"inLanguage":"en-US","potentialAction":[{"@type":"ReadAction","target":["https:\/\/www.prijedordanas.com\/?p=246590"]}]},{"@type":"BreadcrumbList","@id":"https:\/\/www.prijedordanas.com\/?p=246590#breadcrumb","itemListElement":[{"@type":"ListItem","position":1,"name":"Home","item":"https:\/\/www.prijedordanas.com\/"},{"@type":"ListItem","position":2,"name":"Problemi s rje\u010dicom Puharskom traju godinama &#8211; VIDEO"}]},{"@type":"WebSite","@id":"https:\/\/www.prijedordanas.com\/#website","url":"https:\/\/www.prijedordanas.com\/","name":"PrijedorDanas.com - Prijedorski gradski portal","description":"Portal o doga\u0111anjima u gradu Prijedoru","publisher":{"@id":"https:\/\/www.prijedordanas.com\/#organization"},"potentialAction":[{"@type":"SearchAction","target":{"@type":"EntryPoint","urlTemplate":"https:\/\/www.prijedordanas.com\/?s={search_term_string}"},"query-input":"required name=search_term_string"}],"inLanguage":"en-US"},{"@type":"Organization","@id":"https:\/\/www.prijedordanas.com\/#organization","name":"PrijedorDanas.com","url":"https:\/\/www.prijedordanas.com\/","logo":{"@type":"ImageObject","inLanguage":"en-US","@id":"https:\/\/www.prijedordanas.com\/#\/schema\/logo\/image\/","url":"http:\/\/www.prijedordanas.com\/wp-content\/uploads\/2021\/12\/logopng.png","contentUrl":"http:\/\/www.prijedordanas.com\/wp-content\/uploads\/2021\/12\/logopng.png","width":1019,"height":776,"caption":"PrijedorDanas.com"},"image":{"@id":"https:\/\/www.prijedordanas.com\/#\/schema\/logo\/image\/"},"sameAs":["https:\/\/www.facebook.com\/PrijedorDanasCom\/"]},{"@type":"Person","@id":"https:\/\/www.prijedordanas.com\/#\/schema\/person\/4e08ccf29b506ca916ff86d46bb700e6","name":"admin","image":{"@type":"ImageObject","inLanguage":"en-US","@id":"https:\/\/www.prijedordanas.com\/#\/schema\/person\/image\/","url":"https:\/\/secure.gravatar.com\/avatar\/1d3fc949d550f0b53a5f0d51e06dfd79?s=96&d=mm&r=g","contentUrl":"https:\/\/secure.gravatar.com\/avatar\/1d3fc949d550f0b53a5f0d51e06dfd79?s=96&d=mm&r=g","caption":"admin"},"url":"https:\/\/www.prijedordanas.com\/?author=1"}]}},"_links":{"self":[{"href":"https:\/\/www.prijedordanas.com\/index.php?rest_route=\/wp\/v2\/posts\/246590"}],"collection":[{"href":"https:\/\/www.prijedordanas.com\/index.php?rest_route=\/wp\/v2\/posts"}],"about":[{"href":"https:\/\/www.prijedordanas.com\/index.php?rest_route=\/wp\/v2\/types\/post"}],"author":[{"embeddable":true,"href":"https:\/\/www.prijedordanas.com\/index.php?rest_route=\/wp\/v2\/users\/1"}],"replies":[{"embeddable":true,"href":"https:\/\/www.prijedordanas.com\/index.php?rest_route=%2Fwp%2Fv2%2Fcomments&post=246590"}],"version-history":[{"count":1,"href":"https:\/\/www.prijedordanas.com\/index.php?rest_route=\/wp\/v2\/posts\/246590\/revisions"}],"predecessor-version":[{"id":246595,"href":"https:\/\/www.prijedordanas.com\/index.php?rest_route=\/wp\/v2\/posts\/246590\/revisions\/246595"}],"wp:attachment":[{"href":"https:\/\/www.prijedordanas.com\/index.php?rest_route=%2Fwp%2Fv2%2Fmedia&parent=246590"}],"wp:term":[{"taxonomy":"category","embeddable":true,"href":"https:\/\/www.prijedordanas.com\/index.php?rest_route=%2Fwp%2Fv2%2Fcategories&post=246590"},{"taxonomy":"post_tag","embeddable":true,"href":"https:\/\/www.prijedordanas.com\/index.php?rest_route=%2Fwp%2Fv2%2Ftags&post=246590"}],"curies":[{"name":"wp","href":"https:\/\/api.w.org\/{rel}","templated":true}]}}