{"id":246580,"date":"2025-05-05T14:46:40","date_gmt":"2025-05-05T12:46:40","guid":{"rendered":"https:\/\/www.prijedordanas.com\/?p=246580"},"modified":"2025-05-05T14:46:40","modified_gmt":"2025-05-05T12:46:40","slug":"gorica-sipovo-omarska-13-prekid-u-79-minuti-foto-video","status":"publish","type":"post","link":"https:\/\/www.prijedordanas.com\/?p=246580","title":{"rendered":"Gorica (\u0160ipovo): Omarska 1:3 &#8211; prekid u 79. minuti &#8211; FOTO\/VIDEO"},"content":{"rendered":"<p><a href=\"https:\/\/www.prijedordanas.com\/wp-content\/uploads\/2025\/05\/gorica-omarska-1-3-prekid-1.jpg\"><img loading=\"lazy\" decoding=\"async\" class=\"alignleft size-medium wp-image-246585\" src=\"https:\/\/www.prijedordanas.com\/wp-content\/uploads\/2025\/05\/gorica-omarska-1-3-prekid-1-300x225.jpg\" alt=\"\" width=\"300\" height=\"225\" srcset=\"https:\/\/www.prijedordanas.com\/wp-content\/uploads\/2025\/05\/gorica-omarska-1-3-prekid-1-300x225.jpg 300w, https:\/\/www.prijedordanas.com\/wp-content\/uploads\/2025\/05\/gorica-omarska-1-3-prekid-1-640x480.jpg 640w, https:\/\/www.prijedordanas.com\/wp-content\/uploads\/2025\/05\/gorica-omarska-1-3-prekid-1.jpg 667w\" sizes=\"(max-width: 300px) 100vw, 300px\" \/><\/a>\u0160ipovo: Gorica \u2013 Omarska 1-3 prekid \u201879<\/p>\n<p>Strijelci: Peno \u20188 \u2013 Ja\u0107imovi\u0107 \u201847, Vra\u010dar \u201854, Romani\u0107 Dragan (penal) \u201860<br \/>\nSudija: Filip Sredojevi\u0107 (Gradi\u0161ka)<br \/>\nGledalaca: 400<\/p>\n<p>Gorica:<br \/>\nIli\u0107, Peno, Gra\u010danin, Mitri\u0107, Sakan D, Radulovi\u0107, Sakan S, Jovi\u010di\u0107, Grahovac, Rakita, Vu\u010dkovi\u0107<br \/>\nTrener: Sakan Du\u0161ko<\/p>\n<p>Omarska:<br \/>\nVojvodi\u0107, Zdjelar, Ga\u0107e\u0161a, Ni\u0161i\u0107 L, Grahovac, Peulja, Ja\u0107imovi\u0107, Romani\u0107 D. Ni\u0161i\u0107 \u0110, Vra\u010dar, Pani\u0107<br \/>\nTrener: Velimir Stojni\u0107<\/p>\n<p><a href=\"https:\/\/www.prijedordanas.com\/wp-content\/uploads\/2025\/05\/gorica-omarska-1-3-prekid-2.jpg\"><img loading=\"lazy\" decoding=\"async\" class=\"alignleft size-medium wp-image-246586\" src=\"https:\/\/www.prijedordanas.com\/wp-content\/uploads\/2025\/05\/gorica-omarska-1-3-prekid-2-300x300.jpg\" alt=\"\" width=\"300\" height=\"300\" srcset=\"https:\/\/www.prijedordanas.com\/wp-content\/uploads\/2025\/05\/gorica-omarska-1-3-prekid-2-300x300.jpg 300w, https:\/\/www.prijedordanas.com\/wp-content\/uploads\/2025\/05\/gorica-omarska-1-3-prekid-2-150x150.jpg 150w, https:\/\/www.prijedordanas.com\/wp-content\/uploads\/2025\/05\/gorica-omarska-1-3-prekid-2-50x50.jpg 50w, https:\/\/www.prijedordanas.com\/wp-content\/uploads\/2025\/05\/gorica-omarska-1-3-prekid-2.jpg 600w\" sizes=\"(max-width: 300px) 100vw, 300px\" \/><\/a>O\u010dekivao se jedan istinski spektakl u \u0160ipovu, utakmica dva korektna fudbalska kluba, ali utakmica je na\u017ealost prekinuta u 79. minutu.<\/p>\n<p>Naime, kako se moglo vidjeti, jedan topovski udar je pao u neposrednoj blizini drugog pomo\u0107nog sudije Vladane Bara\u0107, te se dio odbio njoj u ruku.<\/p>\n<p>Ona je u\u0161la nakon toga u teren, pri\u0161ao joj je glavni sudija Filip Sredojevi\u0107, a onda su zajedno oti\u0161li do delegata susreta Miroslava Aleksi\u0107a. Nakon petominutnog dogovora oni su napustili utakmicu i to je bio zavr\u0161etak ovog derbija.<\/p>\n<p>A sve je po\u010delo kao u bajci. Pred dosta gledalaca, doma\u0107in je zaista sportski i sve\u010dano do\u010dekao Omarsku, \u0161to \u0107e Omarska sigurno znati uzvratiti kad slede\u0107i put do\u010deka Goricu.<\/p>\n<p>Na terenu nije bilo popusta. Doma\u0107in je krenuo ofanzivnije i poveo ve\u0107 u 8. minutu.<\/p>\n<p>Radulovi\u0107 je centrirao u \u0161esnaesterac, a pred golom Omarske se na\u0161ao Peno i iz blizine doveo doma\u0107ina u vo\u0111stvo. Nakon toga je Omarska preuzela inicijativu i dominirala na terenu, sve vi\u0161e i vi\u0161e kako je me\u010d odmicao.<\/p>\n<p><a href=\"https:\/\/www.prijedordanas.com\/wp-content\/uploads\/2025\/05\/gorica-omarska-1-3-prekid-3.jpg\"><img loading=\"lazy\" decoding=\"async\" class=\"alignleft size-medium wp-image-246587\" src=\"https:\/\/www.prijedordanas.com\/wp-content\/uploads\/2025\/05\/gorica-omarska-1-3-prekid-3-300x169.jpg\" alt=\"\" width=\"300\" height=\"169\" srcset=\"https:\/\/www.prijedordanas.com\/wp-content\/uploads\/2025\/05\/gorica-omarska-1-3-prekid-3-300x169.jpg 300w, https:\/\/www.prijedordanas.com\/wp-content\/uploads\/2025\/05\/gorica-omarska-1-3-prekid-3.jpg 600w\" sizes=\"(max-width: 300px) 100vw, 300px\" \/><\/a>Valja izdvojiti poku\u0161aje Ja\u0107imovi\u0107a i Ni\u0161i\u0107a, ali Omarska do poluvremena nije uspjela izjedna\u010diti. Me\u0111utim, vidjelo se da je Omarska danas spremnija, uigranija i da se u drugom poluvremenu mo\u017ee nadati preokretu.<\/p>\n<p>To se i desilo, Omarska je furiozno u\u0161la u drugo poluvrijeme.<\/p>\n<p>Ve\u0107 nakon dva minuta, Ni\u0161i\u0107 je probio po lijevoj strani, odigrao idealnu povratnu do Ja\u0107imovi\u0107a, koji preciznim udarcem poravnava na 1-1.<\/p>\n<p>Sedam minuta kasnije, potpuni preokret, jedna te\u010dna akcija Omarske, jo\u0161 jedna sjajna asistencija Ja\u0107imovi\u0107a, lopta na kraju dolazi do Vra\u010dara, koji se na ivici \u0161esnaesterca osloba\u0111a svog \u010duvara i poga\u0111a za 2-1, a samo dva minuta kasnije nova bura.<\/p>\n<p><a href=\"https:\/\/www.prijedordanas.com\/wp-content\/uploads\/2025\/05\/gorica-omarska-1-3-prekid-4.jpg\"><img loading=\"lazy\" decoding=\"async\" src=\"https:\/\/www.prijedordanas.com\/wp-content\/uploads\/2025\/05\/gorica-omarska-1-3-prekid-4-300x169.jpg\" alt=\"\" width=\"300\" height=\"169\" class=\"alignleft size-medium wp-image-246588\" srcset=\"https:\/\/www.prijedordanas.com\/wp-content\/uploads\/2025\/05\/gorica-omarska-1-3-prekid-4-300x169.jpg 300w, https:\/\/www.prijedordanas.com\/wp-content\/uploads\/2025\/05\/gorica-omarska-1-3-prekid-4.jpg 600w\" sizes=\"(max-width: 300px) 100vw, 300px\" \/><\/a>Sudija Sredojevi\u0107 je pokazao na penal za Omarsku, smatramo potpuno \u010disto, jer je Mitri\u0107 zaista pogibeljno startovao na Ni\u0161i\u0107a.<\/p>\n<p>Penal je izveo Ja\u0107imovi\u0107, a golman Ili\u0107 brani njegov udarac.<\/p>\n<p>Me\u0111utim, pomo\u0107ni sudija, Vladana Bara\u0107 je signalizirala da se udarac ponovi, jer je golman Ili\u0107 iskora\u010dio ispred gol linije prije udarca.<\/p>\n<p>Ponovljeni jedanaesterac je izveo Romani\u0107 Dragan i pogodio za 3-1.<\/p>\n<p>Odluka sudije Bara\u0107 je izazvala burne reakcije doma\u0107ih igra\u010da i navija\u010da, ali postoji snimak, svi mogu da pogledaju i smatramo da je sudija Bara\u0107 donijela potpuno pravilnu odluku.<\/p>\n<p>Problem je bio i \u0161to su se najvatreniji navija\u010di Gorice nalazili tik iza sudije Bara\u0107.<\/p>\n<p>Susret je prvo prekinuta na nekoliko minut, pa nastavljen, sve do pomenute 79. minute, kada su doma\u0107i navija\u010di napravili bakljadu, a izme\u0111u ostalog ubacili i jedan topovski udar, nakon \u010dega je utakmica, kako smo i opisali, prekinuta.<\/p>\n<p>Na\u017ealost, time je ba\u010dena ljaga na jednu veoma lijepu utakmicu i umjesto da se pri\u010da o spektakularnim asistencijama Ognjena Ja\u0107imovi\u0107a, pri\u010da\u0107e se o ru\u017enim de\u0161avanjima.<\/p>\n<p>Jo\u0161 jednom napominjemo da Fudbalski klub Omarska nema nikakvih pritu\u017ebi na FK Gorica, \u010dak nasuprot, koristimo priliku da im se zahvalimo na dana\u0161njem gostoprimstvu.<\/p>\n<p>Ovaj prekid je sad malo stvorio i formalnih problema za Omarsku.<\/p>\n<p>Mi \u0107emo voditi da je Omarska pobedila u ovoj utakmici, tako da Omarska pet kola prije kraja ima 15 bodova prednosti ispred Brda, pa joj treba jo\u0161 samo jedan bod da obezbjedi titulu.<\/p>\n<p>A kud ljep\u0161e nego u slede\u0107em kolu kada Omarska do\u010dekuje upravo Brdo.<\/p>\n<p>Utakmica se igra u \u010detvrtak, 8.maja sa po\u010detkom u 17:30 \u010dasova.<\/p>\n<p>Prava prilika da nakon \u0110ur\u0111evdana svi do\u0111emo na stadion i proslavimo povratak u Prvu ligu.<\/p>\n<p>Ovi momci su to zaslu\u017eili, bez ijedne mrlje.<\/p>\n<p>fkomarska.com<\/p>\n<p><iframe loading=\"lazy\" title=\"Omarska - Gorica 1-3 (2025)\" width=\"500\" height=\"281\" src=\"https:\/\/www.youtube.com\/embed\/je17hMEQt7g?feature=oembed\" frameborder=\"0\" allow=\"accelerometer; autoplay; clipboard-write; encrypted-media; gyroscope; picture-in-picture; web-share\" referrerpolicy=\"strict-origin-when-cross-origin\" allowfullscreen><\/iframe><\/p>\n","protected":false},"excerpt":{"rendered":"<p>\u0160ipovo: Gorica \u2013 Omarska 1-3 prekid \u201879 Strijelci: Peno \u20188 \u2013 Ja\u0107imovi\u0107 \u201847, Vra\u010dar \u201854, Romani\u0107 Dragan (penal) \u201860 Sudija: Filip Sredojevi\u0107 (Gradi\u0161ka) Gledalaca: 400 Gorica: Ili\u0107, Peno, Gra\u010danin, Mitri\u0107, [&hellip;]<\/p>\n","protected":false},"author":1,"featured_media":0,"comment_status":"closed","ping_status":"open","sticky":false,"template":"","format":"standard","meta":{"_monsterinsights_skip_tracking":false,"_monsterinsights_sitenote_active":false,"_monsterinsights_sitenote_note":"","_monsterinsights_sitenote_category":0,"footnotes":""},"categories":[7],"tags":[],"yoast_head":"<!-- This site is optimized with the Yoast SEO plugin v21.6 - https:\/\/yoast.com\/wordpress\/plugins\/seo\/ -->\n<title>Gorica (\u0160ipovo): Omarska 1:3 - prekid u 79. minuti - FOTO\/VIDEO - PrijedorDanas.com - Prijedorski gradski portal<\/title>\n<meta name=\"robots\" content=\"index, follow, max-snippet:-1, max-image-preview:large, max-video-preview:-1\" \/>\n<link rel=\"canonical\" href=\"https:\/\/www.prijedordanas.com\/?p=246580\" \/>\n<meta property=\"og:locale\" content=\"en_US\" \/>\n<meta property=\"og:type\" content=\"article\" \/>\n<meta property=\"og:title\" content=\"Gorica (\u0160ipovo): Omarska 1:3 - prekid u 79. minuti - FOTO\/VIDEO - PrijedorDanas.com - Prijedorski gradski portal\" \/>\n<meta property=\"og:description\" content=\"\u0160ipovo: Gorica \u2013 Omarska 1-3 prekid \u201879 Strijelci: Peno \u20188 \u2013 Ja\u0107imovi\u0107 \u201847, Vra\u010dar \u201854, Romani\u0107 Dragan (penal) \u201860 Sudija: Filip Sredojevi\u0107 (Gradi\u0161ka) Gledalaca: 400 Gorica: Ili\u0107, Peno, Gra\u010danin, Mitri\u0107, [&hellip;]\" \/>\n<meta property=\"og:url\" content=\"https:\/\/www.prijedordanas.com\/?p=246580\" \/>\n<meta property=\"og:site_name\" content=\"PrijedorDanas.com - Prijedorski gradski portal\" \/>\n<meta property=\"article:publisher\" content=\"https:\/\/www.facebook.com\/PrijedorDanasCom\/\" \/>\n<meta property=\"article:published_time\" content=\"2025-05-05T12:46:40+00:00\" \/>\n<meta property=\"og:image\" content=\"https:\/\/www.prijedordanas.com\/wp-content\/uploads\/2025\/05\/gorica-omarska-1-3-prekid-1-300x225.jpg\" \/>\n<meta name=\"author\" content=\"admin\" \/>\n<meta name=\"twitter:card\" content=\"summary_large_image\" \/>\n<meta name=\"twitter:label1\" content=\"Written by\" \/>\n\t<meta name=\"twitter:data1\" content=\"admin\" \/>\n\t<meta name=\"twitter:label2\" content=\"Est. reading time\" \/>\n\t<meta name=\"twitter:data2\" content=\"4 minutes\" \/>\n<script type=\"application\/ld+json\" class=\"yoast-schema-graph\">{\"@context\":\"https:\/\/schema.org\",\"@graph\":[{\"@type\":\"Article\",\"@id\":\"https:\/\/www.prijedordanas.com\/?p=246580#article\",\"isPartOf\":{\"@id\":\"https:\/\/www.prijedordanas.com\/?p=246580\"},\"author\":{\"name\":\"admin\",\"@id\":\"https:\/\/www.prijedordanas.com\/#\/schema\/person\/4e08ccf29b506ca916ff86d46bb700e6\"},\"headline\":\"Gorica (\u0160ipovo): Omarska 1:3 &#8211; prekid u 79. minuti &#8211; FOTO\/VIDEO\",\"datePublished\":\"2025-05-05T12:46:40+00:00\",\"dateModified\":\"2025-05-05T12:46:40+00:00\",\"mainEntityOfPage\":{\"@id\":\"https:\/\/www.prijedordanas.com\/?p=246580\"},\"wordCount\":695,\"publisher\":{\"@id\":\"https:\/\/www.prijedordanas.com\/#organization\"},\"articleSection\":[\"Sport\"],\"inLanguage\":\"en-US\"},{\"@type\":\"WebPage\",\"@id\":\"https:\/\/www.prijedordanas.com\/?p=246580\",\"url\":\"https:\/\/www.prijedordanas.com\/?p=246580\",\"name\":\"Gorica (\u0160ipovo): Omarska 1:3 - prekid u 79. minuti - FOTO\/VIDEO - PrijedorDanas.com - Prijedorski gradski portal\",\"isPartOf\":{\"@id\":\"https:\/\/www.prijedordanas.com\/#website\"},\"datePublished\":\"2025-05-05T12:46:40+00:00\",\"dateModified\":\"2025-05-05T12:46:40+00:00\",\"breadcrumb\":{\"@id\":\"https:\/\/www.prijedordanas.com\/?p=246580#breadcrumb\"},\"inLanguage\":\"en-US\",\"potentialAction\":[{\"@type\":\"ReadAction\",\"target\":[\"https:\/\/www.prijedordanas.com\/?p=246580\"]}]},{\"@type\":\"BreadcrumbList\",\"@id\":\"https:\/\/www.prijedordanas.com\/?p=246580#breadcrumb\",\"itemListElement\":[{\"@type\":\"ListItem\",\"position\":1,\"name\":\"Home\",\"item\":\"https:\/\/www.prijedordanas.com\/\"},{\"@type\":\"ListItem\",\"position\":2,\"name\":\"Gorica (\u0160ipovo): Omarska 1:3 &#8211; prekid u 79. minuti &#8211; FOTO\/VIDEO\"}]},{\"@type\":\"WebSite\",\"@id\":\"https:\/\/www.prijedordanas.com\/#website\",\"url\":\"https:\/\/www.prijedordanas.com\/\",\"name\":\"PrijedorDanas.com - Prijedorski gradski portal\",\"description\":\"Portal o doga\u0111anjima u gradu Prijedoru\",\"publisher\":{\"@id\":\"https:\/\/www.prijedordanas.com\/#organization\"},\"potentialAction\":[{\"@type\":\"SearchAction\",\"target\":{\"@type\":\"EntryPoint\",\"urlTemplate\":\"https:\/\/www.prijedordanas.com\/?s={search_term_string}\"},\"query-input\":\"required name=search_term_string\"}],\"inLanguage\":\"en-US\"},{\"@type\":\"Organization\",\"@id\":\"https:\/\/www.prijedordanas.com\/#organization\",\"name\":\"PrijedorDanas.com\",\"url\":\"https:\/\/www.prijedordanas.com\/\",\"logo\":{\"@type\":\"ImageObject\",\"inLanguage\":\"en-US\",\"@id\":\"https:\/\/www.prijedordanas.com\/#\/schema\/logo\/image\/\",\"url\":\"http:\/\/www.prijedordanas.com\/wp-content\/uploads\/2021\/12\/logopng.png\",\"contentUrl\":\"http:\/\/www.prijedordanas.com\/wp-content\/uploads\/2021\/12\/logopng.png\",\"width\":1019,\"height\":776,\"caption\":\"PrijedorDanas.com\"},\"image\":{\"@id\":\"https:\/\/www.prijedordanas.com\/#\/schema\/logo\/image\/\"},\"sameAs\":[\"https:\/\/www.facebook.com\/PrijedorDanasCom\/\"]},{\"@type\":\"Person\",\"@id\":\"https:\/\/www.prijedordanas.com\/#\/schema\/person\/4e08ccf29b506ca916ff86d46bb700e6\",\"name\":\"admin\",\"image\":{\"@type\":\"ImageObject\",\"inLanguage\":\"en-US\",\"@id\":\"https:\/\/www.prijedordanas.com\/#\/schema\/person\/image\/\",\"url\":\"https:\/\/secure.gravatar.com\/avatar\/1d3fc949d550f0b53a5f0d51e06dfd79?s=96&d=mm&r=g\",\"contentUrl\":\"https:\/\/secure.gravatar.com\/avatar\/1d3fc949d550f0b53a5f0d51e06dfd79?s=96&d=mm&r=g\",\"caption\":\"admin\"},\"url\":\"https:\/\/www.prijedordanas.com\/?author=1\"}]}<\/script>\n<!-- \/ Yoast SEO plugin. -->","yoast_head_json":{"title":"Gorica (\u0160ipovo): Omarska 1:3 - prekid u 79. minuti - FOTO\/VIDEO - PrijedorDanas.com - Prijedorski gradski portal","robots":{"index":"index","follow":"follow","max-snippet":"max-snippet:-1","max-image-preview":"max-image-preview:large","max-video-preview":"max-video-preview:-1"},"canonical":"https:\/\/www.prijedordanas.com\/?p=246580","og_locale":"en_US","og_type":"article","og_title":"Gorica (\u0160ipovo): Omarska 1:3 - prekid u 79. minuti - FOTO\/VIDEO - PrijedorDanas.com - Prijedorski gradski portal","og_description":"\u0160ipovo: Gorica \u2013 Omarska 1-3 prekid \u201879 Strijelci: Peno \u20188 \u2013 Ja\u0107imovi\u0107 \u201847, Vra\u010dar \u201854, Romani\u0107 Dragan (penal) \u201860 Sudija: Filip Sredojevi\u0107 (Gradi\u0161ka) Gledalaca: 400 Gorica: Ili\u0107, Peno, Gra\u010danin, Mitri\u0107, [&hellip;]","og_url":"https:\/\/www.prijedordanas.com\/?p=246580","og_site_name":"PrijedorDanas.com - Prijedorski gradski portal","article_publisher":"https:\/\/www.facebook.com\/PrijedorDanasCom\/","article_published_time":"2025-05-05T12:46:40+00:00","og_image":[{"url":"https:\/\/www.prijedordanas.com\/wp-content\/uploads\/2025\/05\/gorica-omarska-1-3-prekid-1-300x225.jpg"}],"author":"admin","twitter_card":"summary_large_image","twitter_misc":{"Written by":"admin","Est. reading time":"4 minutes"},"schema":{"@context":"https:\/\/schema.org","@graph":[{"@type":"Article","@id":"https:\/\/www.prijedordanas.com\/?p=246580#article","isPartOf":{"@id":"https:\/\/www.prijedordanas.com\/?p=246580"},"author":{"name":"admin","@id":"https:\/\/www.prijedordanas.com\/#\/schema\/person\/4e08ccf29b506ca916ff86d46bb700e6"},"headline":"Gorica (\u0160ipovo): Omarska 1:3 &#8211; prekid u 79. minuti &#8211; FOTO\/VIDEO","datePublished":"2025-05-05T12:46:40+00:00","dateModified":"2025-05-05T12:46:40+00:00","mainEntityOfPage":{"@id":"https:\/\/www.prijedordanas.com\/?p=246580"},"wordCount":695,"publisher":{"@id":"https:\/\/www.prijedordanas.com\/#organization"},"articleSection":["Sport"],"inLanguage":"en-US"},{"@type":"WebPage","@id":"https:\/\/www.prijedordanas.com\/?p=246580","url":"https:\/\/www.prijedordanas.com\/?p=246580","name":"Gorica (\u0160ipovo): Omarska 1:3 - prekid u 79. minuti - FOTO\/VIDEO - PrijedorDanas.com - Prijedorski gradski portal","isPartOf":{"@id":"https:\/\/www.prijedordanas.com\/#website"},"datePublished":"2025-05-05T12:46:40+00:00","dateModified":"2025-05-05T12:46:40+00:00","breadcrumb":{"@id":"https:\/\/www.prijedordanas.com\/?p=246580#breadcrumb"},"inLanguage":"en-US","potentialAction":[{"@type":"ReadAction","target":["https:\/\/www.prijedordanas.com\/?p=246580"]}]},{"@type":"BreadcrumbList","@id":"https:\/\/www.prijedordanas.com\/?p=246580#breadcrumb","itemListElement":[{"@type":"ListItem","position":1,"name":"Home","item":"https:\/\/www.prijedordanas.com\/"},{"@type":"ListItem","position":2,"name":"Gorica (\u0160ipovo): Omarska 1:3 &#8211; prekid u 79. minuti &#8211; FOTO\/VIDEO"}]},{"@type":"WebSite","@id":"https:\/\/www.prijedordanas.com\/#website","url":"https:\/\/www.prijedordanas.com\/","name":"PrijedorDanas.com - Prijedorski gradski portal","description":"Portal o doga\u0111anjima u gradu Prijedoru","publisher":{"@id":"https:\/\/www.prijedordanas.com\/#organization"},"potentialAction":[{"@type":"SearchAction","target":{"@type":"EntryPoint","urlTemplate":"https:\/\/www.prijedordanas.com\/?s={search_term_string}"},"query-input":"required name=search_term_string"}],"inLanguage":"en-US"},{"@type":"Organization","@id":"https:\/\/www.prijedordanas.com\/#organization","name":"PrijedorDanas.com","url":"https:\/\/www.prijedordanas.com\/","logo":{"@type":"ImageObject","inLanguage":"en-US","@id":"https:\/\/www.prijedordanas.com\/#\/schema\/logo\/image\/","url":"http:\/\/www.prijedordanas.com\/wp-content\/uploads\/2021\/12\/logopng.png","contentUrl":"http:\/\/www.prijedordanas.com\/wp-content\/uploads\/2021\/12\/logopng.png","width":1019,"height":776,"caption":"PrijedorDanas.com"},"image":{"@id":"https:\/\/www.prijedordanas.com\/#\/schema\/logo\/image\/"},"sameAs":["https:\/\/www.facebook.com\/PrijedorDanasCom\/"]},{"@type":"Person","@id":"https:\/\/www.prijedordanas.com\/#\/schema\/person\/4e08ccf29b506ca916ff86d46bb700e6","name":"admin","image":{"@type":"ImageObject","inLanguage":"en-US","@id":"https:\/\/www.prijedordanas.com\/#\/schema\/person\/image\/","url":"https:\/\/secure.gravatar.com\/avatar\/1d3fc949d550f0b53a5f0d51e06dfd79?s=96&d=mm&r=g","contentUrl":"https:\/\/secure.gravatar.com\/avatar\/1d3fc949d550f0b53a5f0d51e06dfd79?s=96&d=mm&r=g","caption":"admin"},"url":"https:\/\/www.prijedordanas.com\/?author=1"}]}},"_links":{"self":[{"href":"https:\/\/www.prijedordanas.com\/index.php?rest_route=\/wp\/v2\/posts\/246580"}],"collection":[{"href":"https:\/\/www.prijedordanas.com\/index.php?rest_route=\/wp\/v2\/posts"}],"about":[{"href":"https:\/\/www.prijedordanas.com\/index.php?rest_route=\/wp\/v2\/types\/post"}],"author":[{"embeddable":true,"href":"https:\/\/www.prijedordanas.com\/index.php?rest_route=\/wp\/v2\/users\/1"}],"replies":[{"embeddable":true,"href":"https:\/\/www.prijedordanas.com\/index.php?rest_route=%2Fwp%2Fv2%2Fcomments&post=246580"}],"version-history":[{"count":2,"href":"https:\/\/www.prijedordanas.com\/index.php?rest_route=\/wp\/v2\/posts\/246580\/revisions"}],"predecessor-version":[{"id":246589,"href":"https:\/\/www.prijedordanas.com\/index.php?rest_route=\/wp\/v2\/posts\/246580\/revisions\/246589"}],"wp:attachment":[{"href":"https:\/\/www.prijedordanas.com\/index.php?rest_route=%2Fwp%2Fv2%2Fmedia&parent=246580"}],"wp:term":[{"taxonomy":"category","embeddable":true,"href":"https:\/\/www.prijedordanas.com\/index.php?rest_route=%2Fwp%2Fv2%2Fcategories&post=246580"},{"taxonomy":"post_tag","embeddable":true,"href":"https:\/\/www.prijedordanas.com\/index.php?rest_route=%2Fwp%2Fv2%2Ftags&post=246580"}],"curies":[{"name":"wp","href":"https:\/\/api.w.org\/{rel}","templated":true}]}}