{"id":246568,"date":"2025-05-05T11:39:05","date_gmt":"2025-05-05T09:39:05","guid":{"rendered":"https:\/\/www.prijedordanas.com\/?p=246568"},"modified":"2025-05-05T12:01:22","modified_gmt":"2025-05-05T10:01:22","slug":"porodica-iz-gomjenice-protestvuje-zbog-predugog-cekanja-na-pomoc-nakon-poplava-postavili-sator-ispred-gradske-uprave-prijedor-foto-video","status":"publish","type":"post","link":"https:\/\/www.prijedordanas.com\/?p=246568","title":{"rendered":"Porodica iz Gomjenice protestvuje zbog predugog \u010dekanja na pomo\u0107 nakon poplava: Postavili \u0161ator ispred Gradske uprave Prijedor &#8211; FOTO\/VIDEO"},"content":{"rendered":"<p><a href=\"https:\/\/www.prijedordanas.com\/wp-content\/uploads\/2025\/05\/sator-ispred-gu-prijedor-1.jpg\"><img loading=\"lazy\" decoding=\"async\" class=\"alignleft size-medium wp-image-246570\" src=\"https:\/\/www.prijedordanas.com\/wp-content\/uploads\/2025\/05\/sator-ispred-gu-prijedor-1-225x300.jpg\" alt=\"\" width=\"225\" height=\"300\" srcset=\"https:\/\/www.prijedordanas.com\/wp-content\/uploads\/2025\/05\/sator-ispred-gu-prijedor-1-225x300.jpg 225w, https:\/\/www.prijedordanas.com\/wp-content\/uploads\/2025\/05\/sator-ispred-gu-prijedor-1.jpg 450w\" sizes=\"(max-width: 225px) 100vw, 225px\" \/><\/a>Prijedor\u010danima koji nakon martovskih poplava o\u010dekuju pomo\u0107 lokalne vlasti i ostalih nadle\u017enih dozlogrdili su \u010dekanje i prazna obe\u0107anja.<\/p>\n<p>Tako je ovog ponedjeljka ujutro tro\u010dlana porodica iz naselja Gomjenica \u010dija je ku\u0107a poplavljena prije prije vi\u0161e od mjesec dana, postavila \u0161ator ispred zgrade Gradks uprave \u017eele\u0107i da skrene pa\u017enju na svoj polo\u017eaj.<\/p>\n<p>&#8220;Dragoj na\u0161oj op\u0161tini i gradu Prijedoru, a prije svega Dr\u017eavi, veliko HVALA na obe\u0107anjima i la\u017eima&#8230; Ovo da do\u010dekasmo&#8230; Zar ovako moramo da se borimo za svoje i Krsnu Slavu do\u010dekujemo. Hvala Vam \u0161to moj mu\u017e i dijete moraju da mole za svoja prava. A Vama ostalim sugra\u0111anima mora da je dobro, sjedite i \u010dekajte bi\u0107e jos bolje. Ako ni\u0161ta drugo, dijelite bar ovu bruku i sramotu od koje srce puca!!&#8221;, navedeno je u objavi na Facebooku.<\/p>\n<p>Kontaktirali smo Prijedor\u010danku koja je postavila ovaj status.<\/p>\n<p>-Na\u0161a ku\u0107a u naselju Gomjenica bila je poplavljena krajem marta mjeseca. U njoj je bilo vode do visine od 80 centimetara. Na\u0161a op\u0161tina je obe\u0107ala pomo\u0107i u sanaciji \u0161tete kao i na\u0161 predsjednik. Od tada je pro\u0161lo mjesec i ja\u010de. Mi bi sanirali svoju ku\u0107u ali nemamo od \u010dega. Zato smo i iza\u0161li ispred op\u0161tine da nas barem neko vidi \u0161to je \u017ealosno i poni\u017eavaju\u0107e za \u010dovjeka. \u010cemu tolika obe\u0107anja ako se ni\u0161ta ne rje\u0161ava &#8211; rekla nam je Tanja Torbica Brankovi\u0107.<\/p>\n<p>U jutarnjim \u010dasovima nakon postavljanja \u0161atora na licu mjesta bili su i pripadnici PU Prijedor.<\/p>\n<p><iframe loading=\"lazy\" style=\"border: none; overflow: hidden;\" src=\"https:\/\/www.facebook.com\/plugins\/video.php?height=476&amp;href=https%3A%2F%2Fwww.facebook.com%2Fmladen.brankovic.7%2Fvideos%2F24002634599321562%2F&amp;show_text=false&amp;width=267&amp;t=0\" width=\"267\" height=\"476\" frameborder=\"0\" scrolling=\"no\" allowfullscreen=\"allowfullscreen\"><\/iframe><\/p>\n<p>-Dana 5. maja policijski slu\u017ebenici PU Prijedor su u neposrednoj blizini Gradske uprave na travnatoj povr\u0161ini uo\u010dili lice koje je postavilo \u0161ator. Policija je utvrdila identitet lica i o navedenom doga\u0111aju obavijestila Komunalnu policiju &#8211; potvrdila je Zvezdana Alendarevi\u0107, portparolka PU Prijedor.<\/p>\n<p>Tekst &#8211; Aleksandar Drakuli\u0107 &#8211; <a href=\"https:\/\/www.prijedordanas.com\" target=\"_blank\" rel=\"noopener noreferrer\">www.prijedordanas.com<\/a><br \/>\nustupljeni foto<\/p>\n<p><iframe loading=\"lazy\" style=\"border: none; overflow: hidden;\" src=\"https:\/\/www.facebook.com\/plugins\/video.php?height=476&amp;href=https%3A%2F%2Fwww.facebook.com%2Fmladen.brankovic.7%2Fvideos%2F1201790288020447%2F&amp;show_text=false&amp;width=267&amp;t=0\" width=\"267\" height=\"476\" frameborder=\"0\" scrolling=\"no\" allowfullscreen=\"allowfullscreen\"><\/iframe><\/p>\n<p><a href=\"https:\/\/www.prijedordanas.com\/wp-content\/uploads\/2025\/05\/sator-ispred-gu-prijedor-2.jpg\"><img loading=\"lazy\" decoding=\"async\" class=\"alignleft size-medium wp-image-246571\" src=\"https:\/\/www.prijedordanas.com\/wp-content\/uploads\/2025\/05\/sator-ispred-gu-prijedor-2-225x300.jpg\" alt=\"\" width=\"225\" height=\"300\" srcset=\"https:\/\/www.prijedordanas.com\/wp-content\/uploads\/2025\/05\/sator-ispred-gu-prijedor-2-225x300.jpg 225w, https:\/\/www.prijedordanas.com\/wp-content\/uploads\/2025\/05\/sator-ispred-gu-prijedor-2.jpg 450w\" sizes=\"(max-width: 225px) 100vw, 225px\" \/><\/a> <a href=\"https:\/\/www.prijedordanas.com\/wp-content\/uploads\/2025\/05\/sator-ispred-gu-prijedor-3.jpg\"><img loading=\"lazy\" decoding=\"async\" class=\"alignleft size-medium wp-image-246572\" src=\"https:\/\/www.prijedordanas.com\/wp-content\/uploads\/2025\/05\/sator-ispred-gu-prijedor-3-225x300.jpg\" alt=\"\" width=\"225\" height=\"300\" srcset=\"https:\/\/www.prijedordanas.com\/wp-content\/uploads\/2025\/05\/sator-ispred-gu-prijedor-3-225x300.jpg 225w, https:\/\/www.prijedordanas.com\/wp-content\/uploads\/2025\/05\/sator-ispred-gu-prijedor-3.jpg 450w\" sizes=\"(max-width: 225px) 100vw, 225px\" \/><\/a><\/p>\n<p><iframe loading=\"lazy\" style=\"border: none; overflow: hidden;\" src=\"https:\/\/www.facebook.com\/plugins\/post.php?href=https%3A%2F%2Fwww.facebook.com%2Fmladentanja.brankovic%2Fposts%2Fpfbid02AckEYGBpvU1JwM7ig3C5NN28t42CFVwFaq16m3PNutSG6h64qTzckGib1nkP4jpkl&amp;show_text=true&amp;width=500\" width=\"500\" height=\"762\" frameborder=\"0\" scrolling=\"no\" allowfullscreen=\"allowfullscreen\"><\/iframe><\/p>\n","protected":false},"excerpt":{"rendered":"<p>Prijedor\u010danima koji nakon martovskih poplava o\u010dekuju pomo\u0107 lokalne vlasti i ostalih nadle\u017enih dozlogrdili su \u010dekanje i prazna obe\u0107anja. Tako je ovog ponedjeljka ujutro tro\u010dlana porodica iz naselja Gomjenica \u010dija je [&hellip;]<\/p>\n","protected":false},"author":1,"featured_media":0,"comment_status":"closed","ping_status":"open","sticky":false,"template":"","format":"standard","meta":{"_monsterinsights_skip_tracking":false,"_monsterinsights_sitenote_active":false,"_monsterinsights_sitenote_note":"","_monsterinsights_sitenote_category":0,"footnotes":""},"categories":[4,7515,7517],"tags":[],"yoast_head":"<!-- This site is optimized with the Yoast SEO plugin v21.6 - https:\/\/yoast.com\/wordpress\/plugins\/seo\/ -->\n<title>Porodica iz Gomjenice protestvuje zbog predugog \u010dekanja na pomo\u0107 nakon poplava: Postavili \u0161ator ispred Gradske uprave Prijedor - FOTO\/VIDEO - PrijedorDanas.com - Prijedorski gradski portal<\/title>\n<meta name=\"robots\" content=\"index, follow, max-snippet:-1, max-image-preview:large, max-video-preview:-1\" \/>\n<link rel=\"canonical\" href=\"https:\/\/www.prijedordanas.com\/?p=246568\" \/>\n<meta property=\"og:locale\" content=\"en_US\" \/>\n<meta property=\"og:type\" content=\"article\" \/>\n<meta property=\"og:title\" content=\"Porodica iz Gomjenice protestvuje zbog predugog \u010dekanja na pomo\u0107 nakon poplava: Postavili \u0161ator ispred Gradske uprave Prijedor - FOTO\/VIDEO - PrijedorDanas.com - Prijedorski gradski portal\" \/>\n<meta property=\"og:description\" content=\"Prijedor\u010danima koji nakon martovskih poplava o\u010dekuju pomo\u0107 lokalne vlasti i ostalih nadle\u017enih dozlogrdili su \u010dekanje i prazna obe\u0107anja. Tako je ovog ponedjeljka ujutro tro\u010dlana porodica iz naselja Gomjenica \u010dija je [&hellip;]\" \/>\n<meta property=\"og:url\" content=\"https:\/\/www.prijedordanas.com\/?p=246568\" \/>\n<meta property=\"og:site_name\" content=\"PrijedorDanas.com - Prijedorski gradski portal\" \/>\n<meta property=\"article:publisher\" content=\"https:\/\/www.facebook.com\/PrijedorDanasCom\/\" \/>\n<meta property=\"article:published_time\" content=\"2025-05-05T09:39:05+00:00\" \/>\n<meta property=\"article:modified_time\" content=\"2025-05-05T10:01:22+00:00\" \/>\n<meta property=\"og:image\" content=\"https:\/\/www.prijedordanas.com\/wp-content\/uploads\/2025\/05\/sator-ispred-gu-prijedor-1-225x300.jpg\" \/>\n<meta name=\"author\" content=\"admin\" \/>\n<meta name=\"twitter:card\" content=\"summary_large_image\" \/>\n<meta name=\"twitter:label1\" content=\"Written by\" \/>\n\t<meta name=\"twitter:data1\" content=\"admin\" \/>\n\t<meta name=\"twitter:label2\" content=\"Est. reading time\" \/>\n\t<meta name=\"twitter:data2\" content=\"2 minutes\" \/>\n<script type=\"application\/ld+json\" class=\"yoast-schema-graph\">{\"@context\":\"https:\/\/schema.org\",\"@graph\":[{\"@type\":\"Article\",\"@id\":\"https:\/\/www.prijedordanas.com\/?p=246568#article\",\"isPartOf\":{\"@id\":\"https:\/\/www.prijedordanas.com\/?p=246568\"},\"author\":{\"name\":\"admin\",\"@id\":\"https:\/\/www.prijedordanas.com\/#\/schema\/person\/4e08ccf29b506ca916ff86d46bb700e6\"},\"headline\":\"Porodica iz Gomjenice protestvuje zbog predugog \u010dekanja na pomo\u0107 nakon poplava: Postavili \u0161ator ispred Gradske uprave Prijedor &#8211; FOTO\/VIDEO\",\"datePublished\":\"2025-05-05T09:39:05+00:00\",\"dateModified\":\"2025-05-05T10:01:22+00:00\",\"mainEntityOfPage\":{\"@id\":\"https:\/\/www.prijedordanas.com\/?p=246568\"},\"wordCount\":344,\"publisher\":{\"@id\":\"https:\/\/www.prijedordanas.com\/#organization\"},\"articleSection\":[\"Dru\u0161tvo\",\"Foto dana\",\"Video dana\"],\"inLanguage\":\"en-US\"},{\"@type\":\"WebPage\",\"@id\":\"https:\/\/www.prijedordanas.com\/?p=246568\",\"url\":\"https:\/\/www.prijedordanas.com\/?p=246568\",\"name\":\"Porodica iz Gomjenice protestvuje zbog predugog \u010dekanja na pomo\u0107 nakon poplava: Postavili \u0161ator ispred Gradske uprave Prijedor - FOTO\/VIDEO - PrijedorDanas.com - Prijedorski gradski portal\",\"isPartOf\":{\"@id\":\"https:\/\/www.prijedordanas.com\/#website\"},\"datePublished\":\"2025-05-05T09:39:05+00:00\",\"dateModified\":\"2025-05-05T10:01:22+00:00\",\"breadcrumb\":{\"@id\":\"https:\/\/www.prijedordanas.com\/?p=246568#breadcrumb\"},\"inLanguage\":\"en-US\",\"potentialAction\":[{\"@type\":\"ReadAction\",\"target\":[\"https:\/\/www.prijedordanas.com\/?p=246568\"]}]},{\"@type\":\"BreadcrumbList\",\"@id\":\"https:\/\/www.prijedordanas.com\/?p=246568#breadcrumb\",\"itemListElement\":[{\"@type\":\"ListItem\",\"position\":1,\"name\":\"Home\",\"item\":\"https:\/\/www.prijedordanas.com\/\"},{\"@type\":\"ListItem\",\"position\":2,\"name\":\"Porodica iz Gomjenice protestvuje zbog predugog \u010dekanja na pomo\u0107 nakon poplava: Postavili \u0161ator ispred Gradske uprave Prijedor &#8211; FOTO\/VIDEO\"}]},{\"@type\":\"WebSite\",\"@id\":\"https:\/\/www.prijedordanas.com\/#website\",\"url\":\"https:\/\/www.prijedordanas.com\/\",\"name\":\"PrijedorDanas.com - Prijedorski gradski portal\",\"description\":\"Portal o doga\u0111anjima u gradu Prijedoru\",\"publisher\":{\"@id\":\"https:\/\/www.prijedordanas.com\/#organization\"},\"potentialAction\":[{\"@type\":\"SearchAction\",\"target\":{\"@type\":\"EntryPoint\",\"urlTemplate\":\"https:\/\/www.prijedordanas.com\/?s={search_term_string}\"},\"query-input\":\"required name=search_term_string\"}],\"inLanguage\":\"en-US\"},{\"@type\":\"Organization\",\"@id\":\"https:\/\/www.prijedordanas.com\/#organization\",\"name\":\"PrijedorDanas.com\",\"url\":\"https:\/\/www.prijedordanas.com\/\",\"logo\":{\"@type\":\"ImageObject\",\"inLanguage\":\"en-US\",\"@id\":\"https:\/\/www.prijedordanas.com\/#\/schema\/logo\/image\/\",\"url\":\"http:\/\/www.prijedordanas.com\/wp-content\/uploads\/2021\/12\/logopng.png\",\"contentUrl\":\"http:\/\/www.prijedordanas.com\/wp-content\/uploads\/2021\/12\/logopng.png\",\"width\":1019,\"height\":776,\"caption\":\"PrijedorDanas.com\"},\"image\":{\"@id\":\"https:\/\/www.prijedordanas.com\/#\/schema\/logo\/image\/\"},\"sameAs\":[\"https:\/\/www.facebook.com\/PrijedorDanasCom\/\"]},{\"@type\":\"Person\",\"@id\":\"https:\/\/www.prijedordanas.com\/#\/schema\/person\/4e08ccf29b506ca916ff86d46bb700e6\",\"name\":\"admin\",\"image\":{\"@type\":\"ImageObject\",\"inLanguage\":\"en-US\",\"@id\":\"https:\/\/www.prijedordanas.com\/#\/schema\/person\/image\/\",\"url\":\"https:\/\/secure.gravatar.com\/avatar\/1d3fc949d550f0b53a5f0d51e06dfd79?s=96&d=mm&r=g\",\"contentUrl\":\"https:\/\/secure.gravatar.com\/avatar\/1d3fc949d550f0b53a5f0d51e06dfd79?s=96&d=mm&r=g\",\"caption\":\"admin\"},\"url\":\"https:\/\/www.prijedordanas.com\/?author=1\"}]}<\/script>\n<!-- \/ Yoast SEO plugin. -->","yoast_head_json":{"title":"Porodica iz Gomjenice protestvuje zbog predugog \u010dekanja na pomo\u0107 nakon poplava: Postavili \u0161ator ispred Gradske uprave Prijedor - FOTO\/VIDEO - PrijedorDanas.com - Prijedorski gradski portal","robots":{"index":"index","follow":"follow","max-snippet":"max-snippet:-1","max-image-preview":"max-image-preview:large","max-video-preview":"max-video-preview:-1"},"canonical":"https:\/\/www.prijedordanas.com\/?p=246568","og_locale":"en_US","og_type":"article","og_title":"Porodica iz Gomjenice protestvuje zbog predugog \u010dekanja na pomo\u0107 nakon poplava: Postavili \u0161ator ispred Gradske uprave Prijedor - FOTO\/VIDEO - PrijedorDanas.com - Prijedorski gradski portal","og_description":"Prijedor\u010danima koji nakon martovskih poplava o\u010dekuju pomo\u0107 lokalne vlasti i ostalih nadle\u017enih dozlogrdili su \u010dekanje i prazna obe\u0107anja. Tako je ovog ponedjeljka ujutro tro\u010dlana porodica iz naselja Gomjenica \u010dija je [&hellip;]","og_url":"https:\/\/www.prijedordanas.com\/?p=246568","og_site_name":"PrijedorDanas.com - Prijedorski gradski portal","article_publisher":"https:\/\/www.facebook.com\/PrijedorDanasCom\/","article_published_time":"2025-05-05T09:39:05+00:00","article_modified_time":"2025-05-05T10:01:22+00:00","og_image":[{"url":"https:\/\/www.prijedordanas.com\/wp-content\/uploads\/2025\/05\/sator-ispred-gu-prijedor-1-225x300.jpg"}],"author":"admin","twitter_card":"summary_large_image","twitter_misc":{"Written by":"admin","Est. reading time":"2 minutes"},"schema":{"@context":"https:\/\/schema.org","@graph":[{"@type":"Article","@id":"https:\/\/www.prijedordanas.com\/?p=246568#article","isPartOf":{"@id":"https:\/\/www.prijedordanas.com\/?p=246568"},"author":{"name":"admin","@id":"https:\/\/www.prijedordanas.com\/#\/schema\/person\/4e08ccf29b506ca916ff86d46bb700e6"},"headline":"Porodica iz Gomjenice protestvuje zbog predugog \u010dekanja na pomo\u0107 nakon poplava: Postavili \u0161ator ispred Gradske uprave Prijedor &#8211; FOTO\/VIDEO","datePublished":"2025-05-05T09:39:05+00:00","dateModified":"2025-05-05T10:01:22+00:00","mainEntityOfPage":{"@id":"https:\/\/www.prijedordanas.com\/?p=246568"},"wordCount":344,"publisher":{"@id":"https:\/\/www.prijedordanas.com\/#organization"},"articleSection":["Dru\u0161tvo","Foto dana","Video dana"],"inLanguage":"en-US"},{"@type":"WebPage","@id":"https:\/\/www.prijedordanas.com\/?p=246568","url":"https:\/\/www.prijedordanas.com\/?p=246568","name":"Porodica iz Gomjenice protestvuje zbog predugog \u010dekanja na pomo\u0107 nakon poplava: Postavili \u0161ator ispred Gradske uprave Prijedor - FOTO\/VIDEO - PrijedorDanas.com - Prijedorski gradski portal","isPartOf":{"@id":"https:\/\/www.prijedordanas.com\/#website"},"datePublished":"2025-05-05T09:39:05+00:00","dateModified":"2025-05-05T10:01:22+00:00","breadcrumb":{"@id":"https:\/\/www.prijedordanas.com\/?p=246568#breadcrumb"},"inLanguage":"en-US","potentialAction":[{"@type":"ReadAction","target":["https:\/\/www.prijedordanas.com\/?p=246568"]}]},{"@type":"BreadcrumbList","@id":"https:\/\/www.prijedordanas.com\/?p=246568#breadcrumb","itemListElement":[{"@type":"ListItem","position":1,"name":"Home","item":"https:\/\/www.prijedordanas.com\/"},{"@type":"ListItem","position":2,"name":"Porodica iz Gomjenice protestvuje zbog predugog \u010dekanja na pomo\u0107 nakon poplava: Postavili \u0161ator ispred Gradske uprave Prijedor &#8211; FOTO\/VIDEO"}]},{"@type":"WebSite","@id":"https:\/\/www.prijedordanas.com\/#website","url":"https:\/\/www.prijedordanas.com\/","name":"PrijedorDanas.com - Prijedorski gradski portal","description":"Portal o doga\u0111anjima u gradu Prijedoru","publisher":{"@id":"https:\/\/www.prijedordanas.com\/#organization"},"potentialAction":[{"@type":"SearchAction","target":{"@type":"EntryPoint","urlTemplate":"https:\/\/www.prijedordanas.com\/?s={search_term_string}"},"query-input":"required name=search_term_string"}],"inLanguage":"en-US"},{"@type":"Organization","@id":"https:\/\/www.prijedordanas.com\/#organization","name":"PrijedorDanas.com","url":"https:\/\/www.prijedordanas.com\/","logo":{"@type":"ImageObject","inLanguage":"en-US","@id":"https:\/\/www.prijedordanas.com\/#\/schema\/logo\/image\/","url":"http:\/\/www.prijedordanas.com\/wp-content\/uploads\/2021\/12\/logopng.png","contentUrl":"http:\/\/www.prijedordanas.com\/wp-content\/uploads\/2021\/12\/logopng.png","width":1019,"height":776,"caption":"PrijedorDanas.com"},"image":{"@id":"https:\/\/www.prijedordanas.com\/#\/schema\/logo\/image\/"},"sameAs":["https:\/\/www.facebook.com\/PrijedorDanasCom\/"]},{"@type":"Person","@id":"https:\/\/www.prijedordanas.com\/#\/schema\/person\/4e08ccf29b506ca916ff86d46bb700e6","name":"admin","image":{"@type":"ImageObject","inLanguage":"en-US","@id":"https:\/\/www.prijedordanas.com\/#\/schema\/person\/image\/","url":"https:\/\/secure.gravatar.com\/avatar\/1d3fc949d550f0b53a5f0d51e06dfd79?s=96&d=mm&r=g","contentUrl":"https:\/\/secure.gravatar.com\/avatar\/1d3fc949d550f0b53a5f0d51e06dfd79?s=96&d=mm&r=g","caption":"admin"},"url":"https:\/\/www.prijedordanas.com\/?author=1"}]}},"_links":{"self":[{"href":"https:\/\/www.prijedordanas.com\/index.php?rest_route=\/wp\/v2\/posts\/246568"}],"collection":[{"href":"https:\/\/www.prijedordanas.com\/index.php?rest_route=\/wp\/v2\/posts"}],"about":[{"href":"https:\/\/www.prijedordanas.com\/index.php?rest_route=\/wp\/v2\/types\/post"}],"author":[{"embeddable":true,"href":"https:\/\/www.prijedordanas.com\/index.php?rest_route=\/wp\/v2\/users\/1"}],"replies":[{"embeddable":true,"href":"https:\/\/www.prijedordanas.com\/index.php?rest_route=%2Fwp%2Fv2%2Fcomments&post=246568"}],"version-history":[{"count":3,"href":"https:\/\/www.prijedordanas.com\/index.php?rest_route=\/wp\/v2\/posts\/246568\/revisions"}],"predecessor-version":[{"id":246575,"href":"https:\/\/www.prijedordanas.com\/index.php?rest_route=\/wp\/v2\/posts\/246568\/revisions\/246575"}],"wp:attachment":[{"href":"https:\/\/www.prijedordanas.com\/index.php?rest_route=%2Fwp%2Fv2%2Fmedia&parent=246568"}],"wp:term":[{"taxonomy":"category","embeddable":true,"href":"https:\/\/www.prijedordanas.com\/index.php?rest_route=%2Fwp%2Fv2%2Fcategories&post=246568"},{"taxonomy":"post_tag","embeddable":true,"href":"https:\/\/www.prijedordanas.com\/index.php?rest_route=%2Fwp%2Fv2%2Ftags&post=246568"}],"curies":[{"name":"wp","href":"https:\/\/api.w.org\/{rel}","templated":true}]}}