{"id":246527,"date":"2025-05-04T13:21:25","date_gmt":"2025-05-04T11:21:25","guid":{"rendered":"https:\/\/www.prijedordanas.com\/?p=246527"},"modified":"2025-05-04T13:21:25","modified_gmt":"2025-05-04T11:21:25","slug":"danas-je-medunarodni-dan-nasih-heroja-vatrogasaca","status":"publish","type":"post","link":"https:\/\/www.prijedordanas.com\/?p=246527","title":{"rendered":"Danas je Me\u0111unarodni dan na\u0161ih heroja &#8211; vatrogasaca"},"content":{"rendered":"<p><a href=\"https:\/\/www.prijedordanas.com\/wp-content\/uploads\/2025\/05\/tvsjpd-medjunarodni-dan-vatrogasaca.jpg\"><img loading=\"lazy\" decoding=\"async\" src=\"https:\/\/www.prijedordanas.com\/wp-content\/uploads\/2025\/05\/tvsjpd-medjunarodni-dan-vatrogasaca-251x300.jpg\" alt=\"\" width=\"251\" height=\"300\" class=\"alignleft size-medium wp-image-246528\" srcset=\"https:\/\/www.prijedordanas.com\/wp-content\/uploads\/2025\/05\/tvsjpd-medjunarodni-dan-vatrogasaca-251x300.jpg 251w, https:\/\/www.prijedordanas.com\/wp-content\/uploads\/2025\/05\/tvsjpd-medjunarodni-dan-vatrogasaca.jpg 502w\" sizes=\"(max-width: 251px) 100vw, 251px\" \/><\/a>Danas je Me\u0111unarodni dan vatrogasaca. <\/p>\n<p>Ovo zanimanje podrazumijeva dobru dozu hrabrosti i humanosti. <\/p>\n<p>Da imaju sve to, prijedorski vatrogasci dokazuju uvijek iznova. <\/p>\n<p>Pune ruke posla imali su i u posljednjim poplavama u Prijedoru, kada su, po ko zna koji put, potvrdili da su na visini zadatka. Vatrogasci svakodnevno rizikuju svoj \u017eivot. Ne tra\u017ee, kako skromno ka\u017eu, \u010destitke niti priznanja. <\/p>\n<p>Najbolja nagrada im je spasen ljudski \u017eivot i imovina koju je neko decenijama gradio. <\/p>\n<p>Po\u017ear koji je 1882. godine opusto\u0161io Prijedor, inicirao je osnivanje vatrogasnog dru\u0161tva koje je formirano godinu dana kasnije. <\/p>\n<p>Prijedor se danas mo\u017ee pohvaliti tradicijom vatrogastva dugom 142 godine. <\/p>\n<p>Uz \u017eelju da imaju \u0161to manje intervencija, i mi se pridru\u017eujemo \u010destitkama povodom ovog datuma. <\/p>\n<p>Me\u0111unarodni dan vatrogasaca obilje\u017eava se 4. maja, na dan Svetog Florijana, za\u0161titnika vatrogasaca. <\/p>\n<p>Uspostavljen je zbog smrti pet vatrogasaca u tragi\u010dnim okolnostima u burnoj vatri u Australiji 1998. godine.<\/p>\n<p><a href=\"https:\/\/kozarski.com\/danas-je-svjetski-dan-nasih-heroja-vatrogasaca\/\" rel=\"noopener\" target=\"_blank\">kozarski.com<\/a><\/p>\n","protected":false},"excerpt":{"rendered":"<p>Danas je Me\u0111unarodni dan vatrogasaca. Ovo zanimanje podrazumijeva dobru dozu hrabrosti i humanosti. Da imaju sve to, prijedorski vatrogasci dokazuju uvijek iznova. Pune ruke posla imali su i u posljednjim [&hellip;]<\/p>\n","protected":false},"author":1,"featured_media":0,"comment_status":"closed","ping_status":"open","sticky":false,"template":"","format":"standard","meta":{"_monsterinsights_skip_tracking":false,"_monsterinsights_sitenote_active":false,"_monsterinsights_sitenote_note":"","_monsterinsights_sitenote_category":0,"footnotes":""},"categories":[8],"tags":[],"yoast_head":"<!-- This site is optimized with the Yoast SEO plugin v21.6 - https:\/\/yoast.com\/wordpress\/plugins\/seo\/ -->\n<title>Danas je Me\u0111unarodni dan na\u0161ih heroja - vatrogasaca - PrijedorDanas.com - Prijedorski gradski portal<\/title>\n<meta name=\"robots\" content=\"index, follow, max-snippet:-1, max-image-preview:large, max-video-preview:-1\" \/>\n<link rel=\"canonical\" href=\"https:\/\/www.prijedordanas.com\/?p=246527\" \/>\n<meta property=\"og:locale\" content=\"en_US\" \/>\n<meta property=\"og:type\" content=\"article\" \/>\n<meta property=\"og:title\" content=\"Danas je Me\u0111unarodni dan na\u0161ih heroja - vatrogasaca - PrijedorDanas.com - Prijedorski gradski portal\" \/>\n<meta property=\"og:description\" content=\"Danas je Me\u0111unarodni dan vatrogasaca. Ovo zanimanje podrazumijeva dobru dozu hrabrosti i humanosti. Da imaju sve to, prijedorski vatrogasci dokazuju uvijek iznova. Pune ruke posla imali su i u posljednjim [&hellip;]\" \/>\n<meta property=\"og:url\" content=\"https:\/\/www.prijedordanas.com\/?p=246527\" \/>\n<meta property=\"og:site_name\" content=\"PrijedorDanas.com - Prijedorski gradski portal\" \/>\n<meta property=\"article:publisher\" content=\"https:\/\/www.facebook.com\/PrijedorDanasCom\/\" \/>\n<meta property=\"article:published_time\" content=\"2025-05-04T11:21:25+00:00\" \/>\n<meta property=\"og:image\" content=\"https:\/\/www.prijedordanas.com\/wp-content\/uploads\/2025\/05\/tvsjpd-medjunarodni-dan-vatrogasaca-251x300.jpg\" \/>\n<meta name=\"author\" content=\"admin\" \/>\n<meta name=\"twitter:card\" content=\"summary_large_image\" \/>\n<meta name=\"twitter:label1\" content=\"Written by\" \/>\n\t<meta name=\"twitter:data1\" content=\"admin\" \/>\n<script type=\"application\/ld+json\" class=\"yoast-schema-graph\">{\"@context\":\"https:\/\/schema.org\",\"@graph\":[{\"@type\":\"Article\",\"@id\":\"https:\/\/www.prijedordanas.com\/?p=246527#article\",\"isPartOf\":{\"@id\":\"https:\/\/www.prijedordanas.com\/?p=246527\"},\"author\":{\"name\":\"admin\",\"@id\":\"https:\/\/www.prijedordanas.com\/#\/schema\/person\/4e08ccf29b506ca916ff86d46bb700e6\"},\"headline\":\"Danas je Me\u0111unarodni dan na\u0161ih heroja &#8211; vatrogasaca\",\"datePublished\":\"2025-05-04T11:21:25+00:00\",\"dateModified\":\"2025-05-04T11:21:25+00:00\",\"mainEntityOfPage\":{\"@id\":\"https:\/\/www.prijedordanas.com\/?p=246527\"},\"wordCount\":165,\"publisher\":{\"@id\":\"https:\/\/www.prijedordanas.com\/#organization\"},\"articleSection\":[\"Svakodnevno\"],\"inLanguage\":\"en-US\"},{\"@type\":\"WebPage\",\"@id\":\"https:\/\/www.prijedordanas.com\/?p=246527\",\"url\":\"https:\/\/www.prijedordanas.com\/?p=246527\",\"name\":\"Danas je Me\u0111unarodni dan na\u0161ih heroja - vatrogasaca - PrijedorDanas.com - Prijedorski gradski portal\",\"isPartOf\":{\"@id\":\"https:\/\/www.prijedordanas.com\/#website\"},\"datePublished\":\"2025-05-04T11:21:25+00:00\",\"dateModified\":\"2025-05-04T11:21:25+00:00\",\"breadcrumb\":{\"@id\":\"https:\/\/www.prijedordanas.com\/?p=246527#breadcrumb\"},\"inLanguage\":\"en-US\",\"potentialAction\":[{\"@type\":\"ReadAction\",\"target\":[\"https:\/\/www.prijedordanas.com\/?p=246527\"]}]},{\"@type\":\"BreadcrumbList\",\"@id\":\"https:\/\/www.prijedordanas.com\/?p=246527#breadcrumb\",\"itemListElement\":[{\"@type\":\"ListItem\",\"position\":1,\"name\":\"Home\",\"item\":\"https:\/\/www.prijedordanas.com\/\"},{\"@type\":\"ListItem\",\"position\":2,\"name\":\"Danas je Me\u0111unarodni dan na\u0161ih heroja &#8211; vatrogasaca\"}]},{\"@type\":\"WebSite\",\"@id\":\"https:\/\/www.prijedordanas.com\/#website\",\"url\":\"https:\/\/www.prijedordanas.com\/\",\"name\":\"PrijedorDanas.com - Prijedorski gradski portal\",\"description\":\"Portal o doga\u0111anjima u gradu Prijedoru\",\"publisher\":{\"@id\":\"https:\/\/www.prijedordanas.com\/#organization\"},\"potentialAction\":[{\"@type\":\"SearchAction\",\"target\":{\"@type\":\"EntryPoint\",\"urlTemplate\":\"https:\/\/www.prijedordanas.com\/?s={search_term_string}\"},\"query-input\":\"required name=search_term_string\"}],\"inLanguage\":\"en-US\"},{\"@type\":\"Organization\",\"@id\":\"https:\/\/www.prijedordanas.com\/#organization\",\"name\":\"PrijedorDanas.com\",\"url\":\"https:\/\/www.prijedordanas.com\/\",\"logo\":{\"@type\":\"ImageObject\",\"inLanguage\":\"en-US\",\"@id\":\"https:\/\/www.prijedordanas.com\/#\/schema\/logo\/image\/\",\"url\":\"http:\/\/www.prijedordanas.com\/wp-content\/uploads\/2021\/12\/logopng.png\",\"contentUrl\":\"http:\/\/www.prijedordanas.com\/wp-content\/uploads\/2021\/12\/logopng.png\",\"width\":1019,\"height\":776,\"caption\":\"PrijedorDanas.com\"},\"image\":{\"@id\":\"https:\/\/www.prijedordanas.com\/#\/schema\/logo\/image\/\"},\"sameAs\":[\"https:\/\/www.facebook.com\/PrijedorDanasCom\/\"]},{\"@type\":\"Person\",\"@id\":\"https:\/\/www.prijedordanas.com\/#\/schema\/person\/4e08ccf29b506ca916ff86d46bb700e6\",\"name\":\"admin\",\"image\":{\"@type\":\"ImageObject\",\"inLanguage\":\"en-US\",\"@id\":\"https:\/\/www.prijedordanas.com\/#\/schema\/person\/image\/\",\"url\":\"https:\/\/secure.gravatar.com\/avatar\/1d3fc949d550f0b53a5f0d51e06dfd79?s=96&d=mm&r=g\",\"contentUrl\":\"https:\/\/secure.gravatar.com\/avatar\/1d3fc949d550f0b53a5f0d51e06dfd79?s=96&d=mm&r=g\",\"caption\":\"admin\"},\"url\":\"https:\/\/www.prijedordanas.com\/?author=1\"}]}<\/script>\n<!-- \/ Yoast SEO plugin. -->","yoast_head_json":{"title":"Danas je Me\u0111unarodni dan na\u0161ih heroja - vatrogasaca - PrijedorDanas.com - Prijedorski gradski portal","robots":{"index":"index","follow":"follow","max-snippet":"max-snippet:-1","max-image-preview":"max-image-preview:large","max-video-preview":"max-video-preview:-1"},"canonical":"https:\/\/www.prijedordanas.com\/?p=246527","og_locale":"en_US","og_type":"article","og_title":"Danas je Me\u0111unarodni dan na\u0161ih heroja - vatrogasaca - PrijedorDanas.com - Prijedorski gradski portal","og_description":"Danas je Me\u0111unarodni dan vatrogasaca. Ovo zanimanje podrazumijeva dobru dozu hrabrosti i humanosti. Da imaju sve to, prijedorski vatrogasci dokazuju uvijek iznova. Pune ruke posla imali su i u posljednjim [&hellip;]","og_url":"https:\/\/www.prijedordanas.com\/?p=246527","og_site_name":"PrijedorDanas.com - Prijedorski gradski portal","article_publisher":"https:\/\/www.facebook.com\/PrijedorDanasCom\/","article_published_time":"2025-05-04T11:21:25+00:00","og_image":[{"url":"https:\/\/www.prijedordanas.com\/wp-content\/uploads\/2025\/05\/tvsjpd-medjunarodni-dan-vatrogasaca-251x300.jpg"}],"author":"admin","twitter_card":"summary_large_image","twitter_misc":{"Written by":"admin"},"schema":{"@context":"https:\/\/schema.org","@graph":[{"@type":"Article","@id":"https:\/\/www.prijedordanas.com\/?p=246527#article","isPartOf":{"@id":"https:\/\/www.prijedordanas.com\/?p=246527"},"author":{"name":"admin","@id":"https:\/\/www.prijedordanas.com\/#\/schema\/person\/4e08ccf29b506ca916ff86d46bb700e6"},"headline":"Danas je Me\u0111unarodni dan na\u0161ih heroja &#8211; vatrogasaca","datePublished":"2025-05-04T11:21:25+00:00","dateModified":"2025-05-04T11:21:25+00:00","mainEntityOfPage":{"@id":"https:\/\/www.prijedordanas.com\/?p=246527"},"wordCount":165,"publisher":{"@id":"https:\/\/www.prijedordanas.com\/#organization"},"articleSection":["Svakodnevno"],"inLanguage":"en-US"},{"@type":"WebPage","@id":"https:\/\/www.prijedordanas.com\/?p=246527","url":"https:\/\/www.prijedordanas.com\/?p=246527","name":"Danas je Me\u0111unarodni dan na\u0161ih heroja - vatrogasaca - PrijedorDanas.com - Prijedorski gradski portal","isPartOf":{"@id":"https:\/\/www.prijedordanas.com\/#website"},"datePublished":"2025-05-04T11:21:25+00:00","dateModified":"2025-05-04T11:21:25+00:00","breadcrumb":{"@id":"https:\/\/www.prijedordanas.com\/?p=246527#breadcrumb"},"inLanguage":"en-US","potentialAction":[{"@type":"ReadAction","target":["https:\/\/www.prijedordanas.com\/?p=246527"]}]},{"@type":"BreadcrumbList","@id":"https:\/\/www.prijedordanas.com\/?p=246527#breadcrumb","itemListElement":[{"@type":"ListItem","position":1,"name":"Home","item":"https:\/\/www.prijedordanas.com\/"},{"@type":"ListItem","position":2,"name":"Danas je Me\u0111unarodni dan na\u0161ih heroja &#8211; vatrogasaca"}]},{"@type":"WebSite","@id":"https:\/\/www.prijedordanas.com\/#website","url":"https:\/\/www.prijedordanas.com\/","name":"PrijedorDanas.com - Prijedorski gradski portal","description":"Portal o doga\u0111anjima u gradu Prijedoru","publisher":{"@id":"https:\/\/www.prijedordanas.com\/#organization"},"potentialAction":[{"@type":"SearchAction","target":{"@type":"EntryPoint","urlTemplate":"https:\/\/www.prijedordanas.com\/?s={search_term_string}"},"query-input":"required name=search_term_string"}],"inLanguage":"en-US"},{"@type":"Organization","@id":"https:\/\/www.prijedordanas.com\/#organization","name":"PrijedorDanas.com","url":"https:\/\/www.prijedordanas.com\/","logo":{"@type":"ImageObject","inLanguage":"en-US","@id":"https:\/\/www.prijedordanas.com\/#\/schema\/logo\/image\/","url":"http:\/\/www.prijedordanas.com\/wp-content\/uploads\/2021\/12\/logopng.png","contentUrl":"http:\/\/www.prijedordanas.com\/wp-content\/uploads\/2021\/12\/logopng.png","width":1019,"height":776,"caption":"PrijedorDanas.com"},"image":{"@id":"https:\/\/www.prijedordanas.com\/#\/schema\/logo\/image\/"},"sameAs":["https:\/\/www.facebook.com\/PrijedorDanasCom\/"]},{"@type":"Person","@id":"https:\/\/www.prijedordanas.com\/#\/schema\/person\/4e08ccf29b506ca916ff86d46bb700e6","name":"admin","image":{"@type":"ImageObject","inLanguage":"en-US","@id":"https:\/\/www.prijedordanas.com\/#\/schema\/person\/image\/","url":"https:\/\/secure.gravatar.com\/avatar\/1d3fc949d550f0b53a5f0d51e06dfd79?s=96&d=mm&r=g","contentUrl":"https:\/\/secure.gravatar.com\/avatar\/1d3fc949d550f0b53a5f0d51e06dfd79?s=96&d=mm&r=g","caption":"admin"},"url":"https:\/\/www.prijedordanas.com\/?author=1"}]}},"_links":{"self":[{"href":"https:\/\/www.prijedordanas.com\/index.php?rest_route=\/wp\/v2\/posts\/246527"}],"collection":[{"href":"https:\/\/www.prijedordanas.com\/index.php?rest_route=\/wp\/v2\/posts"}],"about":[{"href":"https:\/\/www.prijedordanas.com\/index.php?rest_route=\/wp\/v2\/types\/post"}],"author":[{"embeddable":true,"href":"https:\/\/www.prijedordanas.com\/index.php?rest_route=\/wp\/v2\/users\/1"}],"replies":[{"embeddable":true,"href":"https:\/\/www.prijedordanas.com\/index.php?rest_route=%2Fwp%2Fv2%2Fcomments&post=246527"}],"version-history":[{"count":1,"href":"https:\/\/www.prijedordanas.com\/index.php?rest_route=\/wp\/v2\/posts\/246527\/revisions"}],"predecessor-version":[{"id":246529,"href":"https:\/\/www.prijedordanas.com\/index.php?rest_route=\/wp\/v2\/posts\/246527\/revisions\/246529"}],"wp:attachment":[{"href":"https:\/\/www.prijedordanas.com\/index.php?rest_route=%2Fwp%2Fv2%2Fmedia&parent=246527"}],"wp:term":[{"taxonomy":"category","embeddable":true,"href":"https:\/\/www.prijedordanas.com\/index.php?rest_route=%2Fwp%2Fv2%2Fcategories&post=246527"},{"taxonomy":"post_tag","embeddable":true,"href":"https:\/\/www.prijedordanas.com\/index.php?rest_route=%2Fwp%2Fv2%2Ftags&post=246527"}],"curies":[{"name":"wp","href":"https:\/\/api.w.org\/{rel}","templated":true}]}}