{"id":246362,"date":"2025-05-01T10:42:48","date_gmt":"2025-05-01T08:42:48","guid":{"rendered":"https:\/\/www.prijedordanas.com\/?p=246362"},"modified":"2025-05-01T10:42:48","modified_gmt":"2025-05-01T08:42:48","slug":"prijedor-pcelari-ne-ocekuju-mnogo-od-ove-godine","status":"publish","type":"post","link":"https:\/\/www.prijedordanas.com\/?p=246362","title":{"rendered":"Prijedor: P\u010delari ne o\u010dekuju mnogo od ove godine"},"content":{"rendered":"<p><a href=\"https:\/\/www.prijedordanas.com\/wp-content\/uploads\/2025\/05\/kozarski-pcelari-kosnice.jpg\"><img loading=\"lazy\" decoding=\"async\" class=\"alignleft size-medium wp-image-246359\" src=\"https:\/\/www.prijedordanas.com\/wp-content\/uploads\/2025\/05\/kozarski-pcelari-kosnice-300x225.jpg\" alt=\"\" width=\"300\" height=\"225\" srcset=\"https:\/\/www.prijedordanas.com\/wp-content\/uploads\/2025\/05\/kozarski-pcelari-kosnice-300x225.jpg 300w, https:\/\/www.prijedordanas.com\/wp-content\/uploads\/2025\/05\/kozarski-pcelari-kosnice-640x480.jpg 640w, https:\/\/www.prijedordanas.com\/wp-content\/uploads\/2025\/05\/kozarski-pcelari-kosnice.jpg 667w\" sizes=\"(max-width: 300px) 100vw, 300px\" \/><\/a>Ovogodi\u0161nja p\u010delarska sezona je uveliko po\u010dela, a kako je prolje\u0107e krenulo, p\u010delari na ovim prostorima ne o\u010dekuju medonosnu godinu.<\/p>\n<p>&#8220;Na dobar razvoj p\u010delinjih dru\u0161tava negativno su uticali kasni proljetni mrazevi, ki\u0161e i niske temperature. Pored toga, na razvoj p\u010dela i njihovu sposobnost da naprave zna\u010dajnije koli\u010dine meda, u pozitivnom ili negativnom smislu uti\u010du i p\u010delari. Ima p\u010delara koji su ostali bez prili\u010dnog broja p\u010dela, ima \u010dak onih koji su ostali bez svih p\u010dela. Me\u0111utim, s obzirom na pro\u0161logodi\u0161nju komplikovanu godinu, koja je bila su\u0161na i pretopla, realni gubici treba da se kre\u0107u izme\u0111u 15 i 20 procenata. I to je uglavnom kod p\u010delara koji su znali \u0161to treba uraditi u vrijeme te nepogode. Kad je su\u0161a, isto je nepogoda, kao i ki\u0161a. Zna\u010di, tad treba p\u010delama pomo\u0107i. Jer kad je 50 temperatura na suncu, niti ima polena ni nektara. Prema tome, nedostatak polena je prouzrokovao velike gubitke. Uglavnom najve\u0107e. A dobrim dijelom i p\u010delari su zaslu\u017eili zato \u0161to su dozvolili da varoa napravi havariju koju ina\u010de skoro svake godine pravi\u201d, isti\u010de dugogodi\u0161nji p\u010delar i apiterapeut Branko Kon\u010dar.<\/p>\n<p>Ni ove godine p\u010delari u na\u0161im krajevima ne\u0107e mo\u0107i ozbiljnije da ra\u010dunaju na bagremovu pa\u0161u s obzirom da su kasni proljetni mrazevi napravili veliku \u0161tetu.<\/p>\n<p><a href=\"https:\/\/www.prijedordanas.com\/wp-content\/uploads\/2025\/05\/kozarski-pcelari-koncar.jpg\"><img loading=\"lazy\" decoding=\"async\" src=\"https:\/\/www.prijedordanas.com\/wp-content\/uploads\/2025\/05\/kozarski-pcelari-koncar-300x169.jpg\" alt=\"\" width=\"300\" height=\"169\" class=\"alignleft size-medium wp-image-246360\" srcset=\"https:\/\/www.prijedordanas.com\/wp-content\/uploads\/2025\/05\/kozarski-pcelari-koncar-300x169.jpg 300w, https:\/\/www.prijedordanas.com\/wp-content\/uploads\/2025\/05\/kozarski-pcelari-koncar.jpg 600w\" sizes=\"(max-width: 300px) 100vw, 300px\" \/><\/a>Lo\u0161i vremenski uslovi usporili su radove u p\u010delinjaku pa se p\u010delari na osnovu znanja i iskustva moraju prilago\u0111avati postoje\u0107im uslovima.<\/p>\n<p>\u201cDo sada smo ve\u0107 trebali razviti dru\u0161tva da u drugom sanduku, u drugom nastavku, bude makar polovina p\u010dela i donji sanduk pun. Pravimo one rotacije i to je jedan i po nastavak pun p\u010dela tako da one mogu dobro da u\u0111u u pa\u0161u. To se radi od 1. marta. Moramo pogledati imali li hrane, treba li ih organizovati itd. Vrlo je va\u017eno tako\u0111e da se satne osnove dodaju na izgradnju. Va\u017eno je zbog toga \u0161to p\u010dele kad su od 8 do 12 dana starosti najvi\u0161e izlu\u010duju sa\u0107e. Me\u0111utim, ako nemaju gdje da ga ugrade, one ga bacaju na pod. Onda zapo\u0161ljavaju one p\u010dela koje odr\u017eavaju higijenu da to iznose. To zna\u010di da p\u010delar pravi problem na taj na\u010din \u0161to nije obezbijedio da one imaju gdje graditi sa\u0107e. Do sada, recimo, trebalo bi da su izgradile 2-3 satne osnove, naravno one p\u010dele koje su uredne. Me\u0111utim, one koje su slabe, to i nisu proizvodna dru\u0161tva\u201d, nagla\u0161ava Kon\u010dar.<\/p>\n<p>P\u010delari nagla\u0161avaju da u ovoj godini ne treba o\u010dekivati zna\u010dajniji unos nektara i proizvodnju meda.<\/p>\n<p>Kon\u010dar poru\u010duje da se p\u010dele uvijek opravdaju i da nikada ne ostaju du\u017ene, nagla\u0161avaju\u0107i da \u0107e i u najlo\u0161ijoj godini one kroz med vratiti ono \u0161to je u njih ulo\u017eeno.<\/p>\n<p><strong><a href=\"https:\/\/kozarski.com\/od-ove-godine-pcelari-ne-ocekuju-mnogo\/\" target=\"_blank\" rel=\"noopener\">kozarski.com<\/a><\/strong><\/p>\n","protected":false},"excerpt":{"rendered":"<p>Ovogodi\u0161nja p\u010delarska sezona je uveliko po\u010dela, a kako je prolje\u0107e krenulo, p\u010delari na ovim prostorima ne o\u010dekuju medonosnu godinu. &#8220;Na dobar razvoj p\u010delinjih dru\u0161tava negativno su uticali kasni proljetni mrazevi, [&hellip;]<\/p>\n","protected":false},"author":1,"featured_media":0,"comment_status":"closed","ping_status":"open","sticky":false,"template":"","format":"standard","meta":{"_monsterinsights_skip_tracking":false,"_monsterinsights_sitenote_active":false,"_monsterinsights_sitenote_note":"","_monsterinsights_sitenote_category":0,"footnotes":""},"categories":[3],"tags":[],"yoast_head":"<!-- This site is optimized with the Yoast SEO plugin v21.6 - https:\/\/yoast.com\/wordpress\/plugins\/seo\/ -->\n<title>Prijedor: P\u010delari ne o\u010dekuju mnogo od ove godine - PrijedorDanas.com - Prijedorski gradski portal<\/title>\n<meta name=\"robots\" content=\"index, follow, max-snippet:-1, max-image-preview:large, max-video-preview:-1\" \/>\n<link rel=\"canonical\" href=\"https:\/\/www.prijedordanas.com\/?p=246362\" \/>\n<meta property=\"og:locale\" content=\"en_US\" \/>\n<meta property=\"og:type\" content=\"article\" \/>\n<meta property=\"og:title\" content=\"Prijedor: P\u010delari ne o\u010dekuju mnogo od ove godine - PrijedorDanas.com - Prijedorski gradski portal\" \/>\n<meta property=\"og:description\" content=\"Ovogodi\u0161nja p\u010delarska sezona je uveliko po\u010dela, a kako je prolje\u0107e krenulo, p\u010delari na ovim prostorima ne o\u010dekuju medonosnu godinu. &#8220;Na dobar razvoj p\u010delinjih dru\u0161tava negativno su uticali kasni proljetni mrazevi, [&hellip;]\" \/>\n<meta property=\"og:url\" content=\"https:\/\/www.prijedordanas.com\/?p=246362\" \/>\n<meta property=\"og:site_name\" content=\"PrijedorDanas.com - Prijedorski gradski portal\" \/>\n<meta property=\"article:publisher\" content=\"https:\/\/www.facebook.com\/PrijedorDanasCom\/\" \/>\n<meta property=\"article:published_time\" content=\"2025-05-01T08:42:48+00:00\" \/>\n<meta property=\"og:image\" content=\"https:\/\/www.prijedordanas.com\/wp-content\/uploads\/2025\/05\/kozarski-pcelari-kosnice-300x225.jpg\" \/>\n<meta name=\"author\" content=\"admin\" \/>\n<meta name=\"twitter:card\" content=\"summary_large_image\" \/>\n<meta name=\"twitter:label1\" content=\"Written by\" \/>\n\t<meta name=\"twitter:data1\" content=\"admin\" \/>\n<script type=\"application\/ld+json\" class=\"yoast-schema-graph\">{\"@context\":\"https:\/\/schema.org\",\"@graph\":[{\"@type\":\"Article\",\"@id\":\"https:\/\/www.prijedordanas.com\/?p=246362#article\",\"isPartOf\":{\"@id\":\"https:\/\/www.prijedordanas.com\/?p=246362\"},\"author\":{\"name\":\"admin\",\"@id\":\"https:\/\/www.prijedordanas.com\/#\/schema\/person\/4e08ccf29b506ca916ff86d46bb700e6\"},\"headline\":\"Prijedor: P\u010delari ne o\u010dekuju mnogo od ove godine\",\"datePublished\":\"2025-05-01T08:42:48+00:00\",\"dateModified\":\"2025-05-01T08:42:48+00:00\",\"mainEntityOfPage\":{\"@id\":\"https:\/\/www.prijedordanas.com\/?p=246362\"},\"wordCount\":515,\"publisher\":{\"@id\":\"https:\/\/www.prijedordanas.com\/#organization\"},\"articleSection\":[\"\u017divot\"],\"inLanguage\":\"en-US\"},{\"@type\":\"WebPage\",\"@id\":\"https:\/\/www.prijedordanas.com\/?p=246362\",\"url\":\"https:\/\/www.prijedordanas.com\/?p=246362\",\"name\":\"Prijedor: P\u010delari ne o\u010dekuju mnogo od ove godine - PrijedorDanas.com - Prijedorski gradski portal\",\"isPartOf\":{\"@id\":\"https:\/\/www.prijedordanas.com\/#website\"},\"datePublished\":\"2025-05-01T08:42:48+00:00\",\"dateModified\":\"2025-05-01T08:42:48+00:00\",\"breadcrumb\":{\"@id\":\"https:\/\/www.prijedordanas.com\/?p=246362#breadcrumb\"},\"inLanguage\":\"en-US\",\"potentialAction\":[{\"@type\":\"ReadAction\",\"target\":[\"https:\/\/www.prijedordanas.com\/?p=246362\"]}]},{\"@type\":\"BreadcrumbList\",\"@id\":\"https:\/\/www.prijedordanas.com\/?p=246362#breadcrumb\",\"itemListElement\":[{\"@type\":\"ListItem\",\"position\":1,\"name\":\"Home\",\"item\":\"https:\/\/www.prijedordanas.com\/\"},{\"@type\":\"ListItem\",\"position\":2,\"name\":\"Prijedor: P\u010delari ne o\u010dekuju mnogo od ove godine\"}]},{\"@type\":\"WebSite\",\"@id\":\"https:\/\/www.prijedordanas.com\/#website\",\"url\":\"https:\/\/www.prijedordanas.com\/\",\"name\":\"PrijedorDanas.com - Prijedorski gradski portal\",\"description\":\"Portal o doga\u0111anjima u gradu Prijedoru\",\"publisher\":{\"@id\":\"https:\/\/www.prijedordanas.com\/#organization\"},\"potentialAction\":[{\"@type\":\"SearchAction\",\"target\":{\"@type\":\"EntryPoint\",\"urlTemplate\":\"https:\/\/www.prijedordanas.com\/?s={search_term_string}\"},\"query-input\":\"required name=search_term_string\"}],\"inLanguage\":\"en-US\"},{\"@type\":\"Organization\",\"@id\":\"https:\/\/www.prijedordanas.com\/#organization\",\"name\":\"PrijedorDanas.com\",\"url\":\"https:\/\/www.prijedordanas.com\/\",\"logo\":{\"@type\":\"ImageObject\",\"inLanguage\":\"en-US\",\"@id\":\"https:\/\/www.prijedordanas.com\/#\/schema\/logo\/image\/\",\"url\":\"http:\/\/www.prijedordanas.com\/wp-content\/uploads\/2021\/12\/logopng.png\",\"contentUrl\":\"http:\/\/www.prijedordanas.com\/wp-content\/uploads\/2021\/12\/logopng.png\",\"width\":1019,\"height\":776,\"caption\":\"PrijedorDanas.com\"},\"image\":{\"@id\":\"https:\/\/www.prijedordanas.com\/#\/schema\/logo\/image\/\"},\"sameAs\":[\"https:\/\/www.facebook.com\/PrijedorDanasCom\/\"]},{\"@type\":\"Person\",\"@id\":\"https:\/\/www.prijedordanas.com\/#\/schema\/person\/4e08ccf29b506ca916ff86d46bb700e6\",\"name\":\"admin\",\"image\":{\"@type\":\"ImageObject\",\"inLanguage\":\"en-US\",\"@id\":\"https:\/\/www.prijedordanas.com\/#\/schema\/person\/image\/\",\"url\":\"https:\/\/secure.gravatar.com\/avatar\/1d3fc949d550f0b53a5f0d51e06dfd79?s=96&d=mm&r=g\",\"contentUrl\":\"https:\/\/secure.gravatar.com\/avatar\/1d3fc949d550f0b53a5f0d51e06dfd79?s=96&d=mm&r=g\",\"caption\":\"admin\"},\"url\":\"https:\/\/www.prijedordanas.com\/?author=1\"}]}<\/script>\n<!-- \/ Yoast SEO plugin. -->","yoast_head_json":{"title":"Prijedor: P\u010delari ne o\u010dekuju mnogo od ove godine - PrijedorDanas.com - Prijedorski gradski portal","robots":{"index":"index","follow":"follow","max-snippet":"max-snippet:-1","max-image-preview":"max-image-preview:large","max-video-preview":"max-video-preview:-1"},"canonical":"https:\/\/www.prijedordanas.com\/?p=246362","og_locale":"en_US","og_type":"article","og_title":"Prijedor: P\u010delari ne o\u010dekuju mnogo od ove godine - PrijedorDanas.com - Prijedorski gradski portal","og_description":"Ovogodi\u0161nja p\u010delarska sezona je uveliko po\u010dela, a kako je prolje\u0107e krenulo, p\u010delari na ovim prostorima ne o\u010dekuju medonosnu godinu. &#8220;Na dobar razvoj p\u010delinjih dru\u0161tava negativno su uticali kasni proljetni mrazevi, [&hellip;]","og_url":"https:\/\/www.prijedordanas.com\/?p=246362","og_site_name":"PrijedorDanas.com - Prijedorski gradski portal","article_publisher":"https:\/\/www.facebook.com\/PrijedorDanasCom\/","article_published_time":"2025-05-01T08:42:48+00:00","og_image":[{"url":"https:\/\/www.prijedordanas.com\/wp-content\/uploads\/2025\/05\/kozarski-pcelari-kosnice-300x225.jpg"}],"author":"admin","twitter_card":"summary_large_image","twitter_misc":{"Written by":"admin"},"schema":{"@context":"https:\/\/schema.org","@graph":[{"@type":"Article","@id":"https:\/\/www.prijedordanas.com\/?p=246362#article","isPartOf":{"@id":"https:\/\/www.prijedordanas.com\/?p=246362"},"author":{"name":"admin","@id":"https:\/\/www.prijedordanas.com\/#\/schema\/person\/4e08ccf29b506ca916ff86d46bb700e6"},"headline":"Prijedor: P\u010delari ne o\u010dekuju mnogo od ove godine","datePublished":"2025-05-01T08:42:48+00:00","dateModified":"2025-05-01T08:42:48+00:00","mainEntityOfPage":{"@id":"https:\/\/www.prijedordanas.com\/?p=246362"},"wordCount":515,"publisher":{"@id":"https:\/\/www.prijedordanas.com\/#organization"},"articleSection":["\u017divot"],"inLanguage":"en-US"},{"@type":"WebPage","@id":"https:\/\/www.prijedordanas.com\/?p=246362","url":"https:\/\/www.prijedordanas.com\/?p=246362","name":"Prijedor: P\u010delari ne o\u010dekuju mnogo od ove godine - PrijedorDanas.com - Prijedorski gradski portal","isPartOf":{"@id":"https:\/\/www.prijedordanas.com\/#website"},"datePublished":"2025-05-01T08:42:48+00:00","dateModified":"2025-05-01T08:42:48+00:00","breadcrumb":{"@id":"https:\/\/www.prijedordanas.com\/?p=246362#breadcrumb"},"inLanguage":"en-US","potentialAction":[{"@type":"ReadAction","target":["https:\/\/www.prijedordanas.com\/?p=246362"]}]},{"@type":"BreadcrumbList","@id":"https:\/\/www.prijedordanas.com\/?p=246362#breadcrumb","itemListElement":[{"@type":"ListItem","position":1,"name":"Home","item":"https:\/\/www.prijedordanas.com\/"},{"@type":"ListItem","position":2,"name":"Prijedor: P\u010delari ne o\u010dekuju mnogo od ove godine"}]},{"@type":"WebSite","@id":"https:\/\/www.prijedordanas.com\/#website","url":"https:\/\/www.prijedordanas.com\/","name":"PrijedorDanas.com - Prijedorski gradski portal","description":"Portal o doga\u0111anjima u gradu Prijedoru","publisher":{"@id":"https:\/\/www.prijedordanas.com\/#organization"},"potentialAction":[{"@type":"SearchAction","target":{"@type":"EntryPoint","urlTemplate":"https:\/\/www.prijedordanas.com\/?s={search_term_string}"},"query-input":"required name=search_term_string"}],"inLanguage":"en-US"},{"@type":"Organization","@id":"https:\/\/www.prijedordanas.com\/#organization","name":"PrijedorDanas.com","url":"https:\/\/www.prijedordanas.com\/","logo":{"@type":"ImageObject","inLanguage":"en-US","@id":"https:\/\/www.prijedordanas.com\/#\/schema\/logo\/image\/","url":"http:\/\/www.prijedordanas.com\/wp-content\/uploads\/2021\/12\/logopng.png","contentUrl":"http:\/\/www.prijedordanas.com\/wp-content\/uploads\/2021\/12\/logopng.png","width":1019,"height":776,"caption":"PrijedorDanas.com"},"image":{"@id":"https:\/\/www.prijedordanas.com\/#\/schema\/logo\/image\/"},"sameAs":["https:\/\/www.facebook.com\/PrijedorDanasCom\/"]},{"@type":"Person","@id":"https:\/\/www.prijedordanas.com\/#\/schema\/person\/4e08ccf29b506ca916ff86d46bb700e6","name":"admin","image":{"@type":"ImageObject","inLanguage":"en-US","@id":"https:\/\/www.prijedordanas.com\/#\/schema\/person\/image\/","url":"https:\/\/secure.gravatar.com\/avatar\/1d3fc949d550f0b53a5f0d51e06dfd79?s=96&d=mm&r=g","contentUrl":"https:\/\/secure.gravatar.com\/avatar\/1d3fc949d550f0b53a5f0d51e06dfd79?s=96&d=mm&r=g","caption":"admin"},"url":"https:\/\/www.prijedordanas.com\/?author=1"}]}},"_links":{"self":[{"href":"https:\/\/www.prijedordanas.com\/index.php?rest_route=\/wp\/v2\/posts\/246362"}],"collection":[{"href":"https:\/\/www.prijedordanas.com\/index.php?rest_route=\/wp\/v2\/posts"}],"about":[{"href":"https:\/\/www.prijedordanas.com\/index.php?rest_route=\/wp\/v2\/types\/post"}],"author":[{"embeddable":true,"href":"https:\/\/www.prijedordanas.com\/index.php?rest_route=\/wp\/v2\/users\/1"}],"replies":[{"embeddable":true,"href":"https:\/\/www.prijedordanas.com\/index.php?rest_route=%2Fwp%2Fv2%2Fcomments&post=246362"}],"version-history":[{"count":1,"href":"https:\/\/www.prijedordanas.com\/index.php?rest_route=\/wp\/v2\/posts\/246362\/revisions"}],"predecessor-version":[{"id":246363,"href":"https:\/\/www.prijedordanas.com\/index.php?rest_route=\/wp\/v2\/posts\/246362\/revisions\/246363"}],"wp:attachment":[{"href":"https:\/\/www.prijedordanas.com\/index.php?rest_route=%2Fwp%2Fv2%2Fmedia&parent=246362"}],"wp:term":[{"taxonomy":"category","embeddable":true,"href":"https:\/\/www.prijedordanas.com\/index.php?rest_route=%2Fwp%2Fv2%2Fcategories&post=246362"},{"taxonomy":"post_tag","embeddable":true,"href":"https:\/\/www.prijedordanas.com\/index.php?rest_route=%2Fwp%2Fv2%2Ftags&post=246362"}],"curies":[{"name":"wp","href":"https:\/\/api.w.org\/{rel}","templated":true}]}}