{"id":246057,"date":"2025-04-25T17:24:53","date_gmt":"2025-04-25T15:24:53","guid":{"rendered":"https:\/\/www.prijedordanas.com\/?p=246057"},"modified":"2025-04-25T17:24:53","modified_gmt":"2025-04-25T15:24:53","slug":"lajsic-dokumentarni-serijal-jame-mozaik-zlocina-nad-srpskim-narodom-u-drugom-svjetskom-ratu","status":"publish","type":"post","link":"https:\/\/www.prijedordanas.com\/?p=246057","title":{"rendered":"Laj\u0161i\u0107: Dokumentarni serijal &#8220;Jame&#8221; &#8211; mozaik zlo\u010dina nad srpskim narodom u Drugom svjetskom ratu"},"content":{"rendered":"<p><a href=\"https:\/\/www.prijedordanas.com\/wp-content\/uploads\/2025\/04\/nedeljko-lajsic-autor-serijala-jame.jpg\"><img loading=\"lazy\" decoding=\"async\" class=\"alignleft size-medium wp-image-246058\" src=\"https:\/\/www.prijedordanas.com\/wp-content\/uploads\/2025\/04\/nedeljko-lajsic-autor-serijala-jame-225x300.jpg\" alt=\"\" width=\"225\" height=\"300\" srcset=\"https:\/\/www.prijedordanas.com\/wp-content\/uploads\/2025\/04\/nedeljko-lajsic-autor-serijala-jame-225x300.jpg 225w, https:\/\/www.prijedordanas.com\/wp-content\/uploads\/2025\/04\/nedeljko-lajsic-autor-serijala-jame.jpg 450w\" sizes=\"(max-width: 225px) 100vw, 225px\" \/><\/a>Cilj dokumentarnog serijala &#8220;Jame&#8221; je da prika\u017ee mozaik zlo\u010dina nad srpskim narodom u Drugom svjetskom ratu na brojnim mikrolokacijama sa desetinama, stotinama ili hiljadama civilnih \u017ertava, izjavio je Srni autor serijala Nedeljko Laj\u0161i\u0107.<\/p>\n<p>Laj\u0161i\u0107 je naveo da \u0107e serijal ostati kao dokument o zlo\u010dinima koji nisu dovoljno poznati \u0161iroj javnosti i naslje\u0111e budu\u0107im generacijama.<\/p>\n<p>On je istakao da njegova generacija o tome nije u\u010dila iz istorije, ali da danas postoje mla\u0111i istori\u010dari koji rade ogroman posao u istra\u017eivanju, dokumentovnju i publikovanju manje poznatih stradanja srpskog naroda.<\/p>\n<p>&#8220;Kod na\u0161eg naroda nije prisutna svijest o razmjerama stradanja u Drugom svjetskom ratu, a svaka srpska porodica pod Kozarom ima pretke na nekom od strati\u0161ta. \u010cinjenica je da je Kozara napunila Jasenovac, a o Jasenovcu se dosta i zna. Ali, ovdje imamo mjesta o kojima se vrlo malo zna i mo\u017eda u Evropi nema manjeg prostora sa vi\u0161e stradanja&#8221;, ukazao je Laj\u0161i\u0107.<\/p>\n<p>Ve\u0107ini dokumentaraca zajedni\u010dka je geografska odrednica \u2013 \u0161ire podru\u010dje Kozare, kao i vremenski okvir \u2013 oko Ilindana 1942. godine.<\/p>\n<p><a href=\"https:\/\/www.prijedordanas.com\/wp-content\/uploads\/2025\/04\/serijal-jame-o-stradanju-srba-u-drugom-svjetskom-ratu.jpg\"><img loading=\"lazy\" decoding=\"async\" class=\"alignleft size-medium wp-image-246059\" src=\"https:\/\/www.prijedordanas.com\/wp-content\/uploads\/2025\/04\/serijal-jame-o-stradanju-srba-u-drugom-svjetskom-ratu-300x169.jpg\" alt=\"\" width=\"300\" height=\"169\" srcset=\"https:\/\/www.prijedordanas.com\/wp-content\/uploads\/2025\/04\/serijal-jame-o-stradanju-srba-u-drugom-svjetskom-ratu-300x169.jpg 300w, https:\/\/www.prijedordanas.com\/wp-content\/uploads\/2025\/04\/serijal-jame-o-stradanju-srba-u-drugom-svjetskom-ratu.jpg 600w\" sizes=\"(max-width: 300px) 100vw, 300px\" \/><\/a>&#8220;To je vrijeme nakon bitke na Kozari, kada se krenulo u nemilosrdan i masovan obra\u010dun sa stanovni\u0161tvom. Preko srpskih sela pre\u0111u takozvane grablje, narod se ubija, sela pale. Sve se \u010disti, ni\u0161ta ne ostaje. U Crnom Vrelu kod Bosanske Krupe samo jedan \u010dovjek pre\u017eivio masovni pokolj \u2013 Ilija Studen. Istina je kao voda \u2013 mora nekad negdje da izbije&#8221;, istakao je Laj\u0161i\u0107.<\/p>\n<p>On je pobrojao da su izvori za ovu dokumentarnu gra\u0111u istori\u010dari koji su se bavili pojedina\u010dnim mjestima stradanja, pre\u017eivjeli svjedoci, bogata arhivska gra\u0111a, autenti\u010dni snimci lokaliteta nekad i sad, zapisnici sa su\u0111enja iz 1945. i 1946. godine i svjedo\u010denja potomaka \u017ertava.<\/p>\n<p>&#8220;Neki snimci se prvi put sada emituju. Zatim, ti sudski zapisnici sadr\u017ee filmi\u010dne slike. Na primjer, djevoj\u010dica na su\u0111enju prepoznaje ubice svojih roditelja. Rat nije bio ni okon\u010dan, a te poslove po\u010dele su raditi komisije za utvr\u0111ivanje zlo\u010dina okupatora i njegovih pogama\u010da pri op\u0161tinskim narodnooslobodila\u010dkim odborima&#8221;, napomenuo je Laj\u0161i\u0107.<\/p>\n<p><a href=\"https:\/\/www.prijedordanas.com\/wp-content\/uploads\/2025\/04\/stratiste-garavice-kod-bihaca-iz-serijala-jame.jpg\"><img loading=\"lazy\" decoding=\"async\" src=\"https:\/\/www.prijedordanas.com\/wp-content\/uploads\/2025\/04\/stratiste-garavice-kod-bihaca-iz-serijala-jame-300x169.jpg\" alt=\"\" width=\"300\" height=\"169\" class=\"alignleft size-medium wp-image-246060\" srcset=\"https:\/\/www.prijedordanas.com\/wp-content\/uploads\/2025\/04\/stratiste-garavice-kod-bihaca-iz-serijala-jame-300x169.jpg 300w, https:\/\/www.prijedordanas.com\/wp-content\/uploads\/2025\/04\/stratiste-garavice-kod-bihaca-iz-serijala-jame.jpg 600w\" sizes=\"(max-width: 300px) 100vw, 300px\" \/><\/a>Laj\u0161i\u0107ev serijal &#8220;Jame&#8221; produkcija je &#8220;Filmskih novosti&#8221; iz Beograda, uz podr\u0161ku Ministarstva kulture Srbije. Premijerno se emituje na RTS-u. Prvih \u0161est polu\u010dasovnih epizoda realizovano je pro\u0161le godine, a od jeseni po\u010dinje prikazivanje 12 novih dokumentaraca.<\/p>\n<p>&#8220;Lani su emitovani \u010cipulji\u0107 kod Bugojna, Garavice kod Biha\u0107a, Crna ruka kod Bosanske Krupe, \u0160u\u0161njar kod Sanskog Mosta, Vurune kod Novog Grada, grobnica krvi i mozgova u Drakseni\u0107u kod Kozarske Dubice, a u ovoj godini radimo Jelovac, Palan\u010di\u0161te, Trnopolje, \u0160argovac, Drakuli\u0107, Motike, Kostajnicu, Me\u0111e\u0111u kod Kozarske Dubice, Mehino Stanje kod Velike Kladu\u0161e, a mimo sjeverozapadne BiH tu su ilindanski pokolj u glinskoj crkvi i Brod na Drini&#8221;, precizirao je Laj\u0161i\u0107.<\/p>\n<p>On je zahvalio Tanji Tulekovi\u0107 i Mirku Dimi\u0107u iz Spomen-podru\u010dja Donja Gradina i istori\u010darima iz Prijedora Borisu Radakovi\u0107u i Marini LJubi\u010di\u0107 Bogunovi\u0107, kao i sve\u0161tenicima Srpske pravoslavne crkve na pomo\u0107i u pronala\u017eenju potomaka raseljenih porodica, a najvi\u0161e direktoru &#8220;Filmskih novosti&#8221; iz Beograda Vladimiru Tom\u010di\u0107u, kojem je djed stradao u Drugom svjetskom ratu u Prijedoru, na mostu u Tukovima.<\/p>\n<p>&#8220;Pre\u017eivjeli svjedoci su rijetki, jer su to ljudi sa vi\u0161e od 80 ili 90 godina, ali je nevjerovatan odziv potomaka. Fascinantna je njihova \u017eelja da svjedo\u010de, da se zabilje\u017ei i sa\u010duva ono \u0161to su slu\u0161ali u svojoj porodici i mo\u017eda samo u porodici. Od njih su i po\u010dela okupljanja i paljenja svije\u0107a na mjestima stradanja odmah nakon rata, da bi tek \u0161ezdesetih i sedamdesetih godina \/pro\u0161log vijeka\/ po\u010delo iskopavanje grobnica i memorijalizacija&#8221;, naveo je Laj\u0161i\u0107.<\/p>\n<p>Jedan od svjedoka iskopavanja stradalih u \u0160argovcu, Drakuli\u0107u i Motikama kod Banjaluke je poznati banjalu\u010dki advokat Neboj\u0161a Panti\u0107.<\/p>\n<p>&#8220;On je svjedo\u010dio da je u jami na\u0161ao kliker za koji se ispostavilo da je pripadao njegovom ujaku koji je ubijen kao dje\u010dak od devet ili deset godina. Jedan otac je na\u0161ao pletenicu svoje k\u0107erke. Mi smo imali puno negiranja tih zlo\u010dina, ali kad god neko spomene stradanje, samo neka se uvijek okrene oko sebe&#8221;, poru\u010dio je Laj\u0161i\u0107.<\/p>\n<p>Kada je rije\u010d o velikim spomenicima, koje je prethodna dr\u017eava po\u010dela da gradi decenijama nakon rata, on smatra da je to ra\u0111eno kontrolisano i dozirano, s namjerom ubla\u017eavanja i obmane.<\/p>\n<p>&#8220;To se vidi po spornoj terminologiji. Ne mo\u017ee biti stradanje od fa\u0161isti\u010dke ruke, ako je od kom\u0161ija. Ne mo\u017ee biti da su djeca umrla ako su ubijena. Mi smo narod koji je stradao. I to ne treba nikom da dokazujemo. Mi publikujemo s porukom da pamtimo. Evo, u na\u0161em kraju, nismo znali ni za Palan\u010di\u0161te, ni za Jelovac, ni za Trnopolje, ni za prijedorsku ciglanu. Na tom stradanju je izvojevana sloboda na kojoj su se svi grijali&#8221;, istakao je Laj\u0161i\u0107.<\/p>\n<p>Laj\u0161i\u0107 je autor vi\u0161e od 30 dokumentarnih filmova, koautor u brojnim projektima, vi\u0161e puta nagra\u0111ivan na raznim doma\u0107im i me\u0111unarodnim festivalima. Najponosniji je na svoj rad o majoru Milanu Tepi\u0107u &#8220;Nebo nad Bjelovarom&#8221;. Zaposlen je 30 godina kao snimatelj na RTRS-u, gdje je autor aktuelnog serijala &#8220;Moje mjesto&#8221;.<\/p>\n<p>&#8220;Radi\u0107emo `Jame` i dalje, na\u017ealost. Brojna su starti\u0161ta na Lici, Kordunu i Baniji koja nismo ni dotakli&#8221;, najavio je on.<\/p>\n<p>Povodom 80 godina od proboja jasenova\u010dkih logora\u0161a, sutra \u0107e u kinu &#8220;Kozara&#8221; u Prijedoru, u organizaciji prijedorske Gradske uprave u saradnji s &#8220;Filmskim novostima&#8221; iz Beograda, biti prikazani dokumentarni filmovi iz serijala &#8220;Jame&#8221; Nedeljka Laj\u0161i\u0107a.<\/p>\n<p>SRNA<\/p>\n","protected":false},"excerpt":{"rendered":"<p>Cilj dokumentarnog serijala &#8220;Jame&#8221; je da prika\u017ee mozaik zlo\u010dina nad srpskim narodom u Drugom svjetskom ratu na brojnim mikrolokacijama sa desetinama, stotinama ili hiljadama civilnih \u017ertava, izjavio je Srni autor [&hellip;]<\/p>\n","protected":false},"author":1,"featured_media":0,"comment_status":"closed","ping_status":"open","sticky":false,"template":"","format":"standard","meta":{"_monsterinsights_skip_tracking":false,"_monsterinsights_sitenote_active":false,"_monsterinsights_sitenote_note":"","_monsterinsights_sitenote_category":0,"footnotes":""},"categories":[3],"tags":[],"yoast_head":"<!-- This site is optimized with the Yoast SEO plugin v21.6 - https:\/\/yoast.com\/wordpress\/plugins\/seo\/ -->\n<title>Laj\u0161i\u0107: Dokumentarni serijal &quot;Jame&quot; - mozaik zlo\u010dina nad srpskim narodom u Drugom svjetskom ratu - PrijedorDanas.com - Prijedorski gradski portal<\/title>\n<meta name=\"robots\" content=\"index, follow, max-snippet:-1, max-image-preview:large, max-video-preview:-1\" \/>\n<link rel=\"canonical\" href=\"https:\/\/www.prijedordanas.com\/?p=246057\" \/>\n<meta property=\"og:locale\" content=\"en_US\" \/>\n<meta property=\"og:type\" content=\"article\" \/>\n<meta property=\"og:title\" content=\"Laj\u0161i\u0107: Dokumentarni serijal &quot;Jame&quot; - mozaik zlo\u010dina nad srpskim narodom u Drugom svjetskom ratu - PrijedorDanas.com - Prijedorski gradski portal\" \/>\n<meta property=\"og:description\" content=\"Cilj dokumentarnog serijala &#8220;Jame&#8221; je da prika\u017ee mozaik zlo\u010dina nad srpskim narodom u Drugom svjetskom ratu na brojnim mikrolokacijama sa desetinama, stotinama ili hiljadama civilnih \u017ertava, izjavio je Srni autor [&hellip;]\" \/>\n<meta property=\"og:url\" content=\"https:\/\/www.prijedordanas.com\/?p=246057\" \/>\n<meta property=\"og:site_name\" content=\"PrijedorDanas.com - Prijedorski gradski portal\" \/>\n<meta property=\"article:publisher\" content=\"https:\/\/www.facebook.com\/PrijedorDanasCom\/\" \/>\n<meta property=\"article:published_time\" content=\"2025-04-25T15:24:53+00:00\" \/>\n<meta property=\"og:image\" content=\"https:\/\/www.prijedordanas.com\/wp-content\/uploads\/2025\/04\/nedeljko-lajsic-autor-serijala-jame-225x300.jpg\" \/>\n<meta name=\"author\" content=\"admin\" \/>\n<meta name=\"twitter:card\" content=\"summary_large_image\" \/>\n<meta name=\"twitter:label1\" content=\"Written by\" \/>\n\t<meta name=\"twitter:data1\" content=\"admin\" \/>\n\t<meta name=\"twitter:label2\" content=\"Est. reading time\" \/>\n\t<meta name=\"twitter:data2\" content=\"5 minutes\" \/>\n<script type=\"application\/ld+json\" class=\"yoast-schema-graph\">{\"@context\":\"https:\/\/schema.org\",\"@graph\":[{\"@type\":\"Article\",\"@id\":\"https:\/\/www.prijedordanas.com\/?p=246057#article\",\"isPartOf\":{\"@id\":\"https:\/\/www.prijedordanas.com\/?p=246057\"},\"author\":{\"name\":\"admin\",\"@id\":\"https:\/\/www.prijedordanas.com\/#\/schema\/person\/4e08ccf29b506ca916ff86d46bb700e6\"},\"headline\":\"Laj\u0161i\u0107: Dokumentarni serijal &#8220;Jame&#8221; &#8211; mozaik zlo\u010dina nad srpskim narodom u Drugom svjetskom ratu\",\"datePublished\":\"2025-04-25T15:24:53+00:00\",\"dateModified\":\"2025-04-25T15:24:53+00:00\",\"mainEntityOfPage\":{\"@id\":\"https:\/\/www.prijedordanas.com\/?p=246057\"},\"wordCount\":971,\"publisher\":{\"@id\":\"https:\/\/www.prijedordanas.com\/#organization\"},\"articleSection\":[\"\u017divot\"],\"inLanguage\":\"en-US\"},{\"@type\":\"WebPage\",\"@id\":\"https:\/\/www.prijedordanas.com\/?p=246057\",\"url\":\"https:\/\/www.prijedordanas.com\/?p=246057\",\"name\":\"Laj\u0161i\u0107: Dokumentarni serijal \\\"Jame\\\" - mozaik zlo\u010dina nad srpskim narodom u Drugom svjetskom ratu - PrijedorDanas.com - Prijedorski gradski portal\",\"isPartOf\":{\"@id\":\"https:\/\/www.prijedordanas.com\/#website\"},\"datePublished\":\"2025-04-25T15:24:53+00:00\",\"dateModified\":\"2025-04-25T15:24:53+00:00\",\"breadcrumb\":{\"@id\":\"https:\/\/www.prijedordanas.com\/?p=246057#breadcrumb\"},\"inLanguage\":\"en-US\",\"potentialAction\":[{\"@type\":\"ReadAction\",\"target\":[\"https:\/\/www.prijedordanas.com\/?p=246057\"]}]},{\"@type\":\"BreadcrumbList\",\"@id\":\"https:\/\/www.prijedordanas.com\/?p=246057#breadcrumb\",\"itemListElement\":[{\"@type\":\"ListItem\",\"position\":1,\"name\":\"Home\",\"item\":\"https:\/\/www.prijedordanas.com\/\"},{\"@type\":\"ListItem\",\"position\":2,\"name\":\"Laj\u0161i\u0107: Dokumentarni serijal &#8220;Jame&#8221; &#8211; mozaik zlo\u010dina nad srpskim narodom u Drugom svjetskom ratu\"}]},{\"@type\":\"WebSite\",\"@id\":\"https:\/\/www.prijedordanas.com\/#website\",\"url\":\"https:\/\/www.prijedordanas.com\/\",\"name\":\"PrijedorDanas.com - Prijedorski gradski portal\",\"description\":\"Portal o doga\u0111anjima u gradu Prijedoru\",\"publisher\":{\"@id\":\"https:\/\/www.prijedordanas.com\/#organization\"},\"potentialAction\":[{\"@type\":\"SearchAction\",\"target\":{\"@type\":\"EntryPoint\",\"urlTemplate\":\"https:\/\/www.prijedordanas.com\/?s={search_term_string}\"},\"query-input\":\"required name=search_term_string\"}],\"inLanguage\":\"en-US\"},{\"@type\":\"Organization\",\"@id\":\"https:\/\/www.prijedordanas.com\/#organization\",\"name\":\"PrijedorDanas.com\",\"url\":\"https:\/\/www.prijedordanas.com\/\",\"logo\":{\"@type\":\"ImageObject\",\"inLanguage\":\"en-US\",\"@id\":\"https:\/\/www.prijedordanas.com\/#\/schema\/logo\/image\/\",\"url\":\"http:\/\/www.prijedordanas.com\/wp-content\/uploads\/2021\/12\/logopng.png\",\"contentUrl\":\"http:\/\/www.prijedordanas.com\/wp-content\/uploads\/2021\/12\/logopng.png\",\"width\":1019,\"height\":776,\"caption\":\"PrijedorDanas.com\"},\"image\":{\"@id\":\"https:\/\/www.prijedordanas.com\/#\/schema\/logo\/image\/\"},\"sameAs\":[\"https:\/\/www.facebook.com\/PrijedorDanasCom\/\"]},{\"@type\":\"Person\",\"@id\":\"https:\/\/www.prijedordanas.com\/#\/schema\/person\/4e08ccf29b506ca916ff86d46bb700e6\",\"name\":\"admin\",\"image\":{\"@type\":\"ImageObject\",\"inLanguage\":\"en-US\",\"@id\":\"https:\/\/www.prijedordanas.com\/#\/schema\/person\/image\/\",\"url\":\"https:\/\/secure.gravatar.com\/avatar\/1d3fc949d550f0b53a5f0d51e06dfd79?s=96&d=mm&r=g\",\"contentUrl\":\"https:\/\/secure.gravatar.com\/avatar\/1d3fc949d550f0b53a5f0d51e06dfd79?s=96&d=mm&r=g\",\"caption\":\"admin\"},\"url\":\"https:\/\/www.prijedordanas.com\/?author=1\"}]}<\/script>\n<!-- \/ Yoast SEO plugin. -->","yoast_head_json":{"title":"Laj\u0161i\u0107: Dokumentarni serijal \"Jame\" - mozaik zlo\u010dina nad srpskim narodom u Drugom svjetskom ratu - PrijedorDanas.com - Prijedorski gradski portal","robots":{"index":"index","follow":"follow","max-snippet":"max-snippet:-1","max-image-preview":"max-image-preview:large","max-video-preview":"max-video-preview:-1"},"canonical":"https:\/\/www.prijedordanas.com\/?p=246057","og_locale":"en_US","og_type":"article","og_title":"Laj\u0161i\u0107: Dokumentarni serijal \"Jame\" - mozaik zlo\u010dina nad srpskim narodom u Drugom svjetskom ratu - PrijedorDanas.com - Prijedorski gradski portal","og_description":"Cilj dokumentarnog serijala &#8220;Jame&#8221; je da prika\u017ee mozaik zlo\u010dina nad srpskim narodom u Drugom svjetskom ratu na brojnim mikrolokacijama sa desetinama, stotinama ili hiljadama civilnih \u017ertava, izjavio je Srni autor [&hellip;]","og_url":"https:\/\/www.prijedordanas.com\/?p=246057","og_site_name":"PrijedorDanas.com - Prijedorski gradski portal","article_publisher":"https:\/\/www.facebook.com\/PrijedorDanasCom\/","article_published_time":"2025-04-25T15:24:53+00:00","og_image":[{"url":"https:\/\/www.prijedordanas.com\/wp-content\/uploads\/2025\/04\/nedeljko-lajsic-autor-serijala-jame-225x300.jpg"}],"author":"admin","twitter_card":"summary_large_image","twitter_misc":{"Written by":"admin","Est. reading time":"5 minutes"},"schema":{"@context":"https:\/\/schema.org","@graph":[{"@type":"Article","@id":"https:\/\/www.prijedordanas.com\/?p=246057#article","isPartOf":{"@id":"https:\/\/www.prijedordanas.com\/?p=246057"},"author":{"name":"admin","@id":"https:\/\/www.prijedordanas.com\/#\/schema\/person\/4e08ccf29b506ca916ff86d46bb700e6"},"headline":"Laj\u0161i\u0107: Dokumentarni serijal &#8220;Jame&#8221; &#8211; mozaik zlo\u010dina nad srpskim narodom u Drugom svjetskom ratu","datePublished":"2025-04-25T15:24:53+00:00","dateModified":"2025-04-25T15:24:53+00:00","mainEntityOfPage":{"@id":"https:\/\/www.prijedordanas.com\/?p=246057"},"wordCount":971,"publisher":{"@id":"https:\/\/www.prijedordanas.com\/#organization"},"articleSection":["\u017divot"],"inLanguage":"en-US"},{"@type":"WebPage","@id":"https:\/\/www.prijedordanas.com\/?p=246057","url":"https:\/\/www.prijedordanas.com\/?p=246057","name":"Laj\u0161i\u0107: Dokumentarni serijal \"Jame\" - mozaik zlo\u010dina nad srpskim narodom u Drugom svjetskom ratu - PrijedorDanas.com - Prijedorski gradski portal","isPartOf":{"@id":"https:\/\/www.prijedordanas.com\/#website"},"datePublished":"2025-04-25T15:24:53+00:00","dateModified":"2025-04-25T15:24:53+00:00","breadcrumb":{"@id":"https:\/\/www.prijedordanas.com\/?p=246057#breadcrumb"},"inLanguage":"en-US","potentialAction":[{"@type":"ReadAction","target":["https:\/\/www.prijedordanas.com\/?p=246057"]}]},{"@type":"BreadcrumbList","@id":"https:\/\/www.prijedordanas.com\/?p=246057#breadcrumb","itemListElement":[{"@type":"ListItem","position":1,"name":"Home","item":"https:\/\/www.prijedordanas.com\/"},{"@type":"ListItem","position":2,"name":"Laj\u0161i\u0107: Dokumentarni serijal &#8220;Jame&#8221; &#8211; mozaik zlo\u010dina nad srpskim narodom u Drugom svjetskom ratu"}]},{"@type":"WebSite","@id":"https:\/\/www.prijedordanas.com\/#website","url":"https:\/\/www.prijedordanas.com\/","name":"PrijedorDanas.com - Prijedorski gradski portal","description":"Portal o doga\u0111anjima u gradu Prijedoru","publisher":{"@id":"https:\/\/www.prijedordanas.com\/#organization"},"potentialAction":[{"@type":"SearchAction","target":{"@type":"EntryPoint","urlTemplate":"https:\/\/www.prijedordanas.com\/?s={search_term_string}"},"query-input":"required name=search_term_string"}],"inLanguage":"en-US"},{"@type":"Organization","@id":"https:\/\/www.prijedordanas.com\/#organization","name":"PrijedorDanas.com","url":"https:\/\/www.prijedordanas.com\/","logo":{"@type":"ImageObject","inLanguage":"en-US","@id":"https:\/\/www.prijedordanas.com\/#\/schema\/logo\/image\/","url":"http:\/\/www.prijedordanas.com\/wp-content\/uploads\/2021\/12\/logopng.png","contentUrl":"http:\/\/www.prijedordanas.com\/wp-content\/uploads\/2021\/12\/logopng.png","width":1019,"height":776,"caption":"PrijedorDanas.com"},"image":{"@id":"https:\/\/www.prijedordanas.com\/#\/schema\/logo\/image\/"},"sameAs":["https:\/\/www.facebook.com\/PrijedorDanasCom\/"]},{"@type":"Person","@id":"https:\/\/www.prijedordanas.com\/#\/schema\/person\/4e08ccf29b506ca916ff86d46bb700e6","name":"admin","image":{"@type":"ImageObject","inLanguage":"en-US","@id":"https:\/\/www.prijedordanas.com\/#\/schema\/person\/image\/","url":"https:\/\/secure.gravatar.com\/avatar\/1d3fc949d550f0b53a5f0d51e06dfd79?s=96&d=mm&r=g","contentUrl":"https:\/\/secure.gravatar.com\/avatar\/1d3fc949d550f0b53a5f0d51e06dfd79?s=96&d=mm&r=g","caption":"admin"},"url":"https:\/\/www.prijedordanas.com\/?author=1"}]}},"_links":{"self":[{"href":"https:\/\/www.prijedordanas.com\/index.php?rest_route=\/wp\/v2\/posts\/246057"}],"collection":[{"href":"https:\/\/www.prijedordanas.com\/index.php?rest_route=\/wp\/v2\/posts"}],"about":[{"href":"https:\/\/www.prijedordanas.com\/index.php?rest_route=\/wp\/v2\/types\/post"}],"author":[{"embeddable":true,"href":"https:\/\/www.prijedordanas.com\/index.php?rest_route=\/wp\/v2\/users\/1"}],"replies":[{"embeddable":true,"href":"https:\/\/www.prijedordanas.com\/index.php?rest_route=%2Fwp%2Fv2%2Fcomments&post=246057"}],"version-history":[{"count":1,"href":"https:\/\/www.prijedordanas.com\/index.php?rest_route=\/wp\/v2\/posts\/246057\/revisions"}],"predecessor-version":[{"id":246061,"href":"https:\/\/www.prijedordanas.com\/index.php?rest_route=\/wp\/v2\/posts\/246057\/revisions\/246061"}],"wp:attachment":[{"href":"https:\/\/www.prijedordanas.com\/index.php?rest_route=%2Fwp%2Fv2%2Fmedia&parent=246057"}],"wp:term":[{"taxonomy":"category","embeddable":true,"href":"https:\/\/www.prijedordanas.com\/index.php?rest_route=%2Fwp%2Fv2%2Fcategories&post=246057"},{"taxonomy":"post_tag","embeddable":true,"href":"https:\/\/www.prijedordanas.com\/index.php?rest_route=%2Fwp%2Fv2%2Ftags&post=246057"}],"curies":[{"name":"wp","href":"https:\/\/api.w.org\/{rel}","templated":true}]}}