{"id":246009,"date":"2025-04-24T18:05:36","date_gmt":"2025-04-24T16:05:36","guid":{"rendered":"https:\/\/www.prijedordanas.com\/?p=246009"},"modified":"2025-04-24T18:05:36","modified_gmt":"2025-04-24T16:05:36","slug":"ministar-dokic-sa-rukovodstvom-arcelormittal-prijedor-cilj-je-ocuvanje-radnih-mjesta-i-poslovanja","status":"publish","type":"post","link":"https:\/\/www.prijedordanas.com\/?p=246009","title":{"rendered":"Ministar \u0110oki\u0107 sa rukovodstvom ArcelorMittal Prijedor: Cilj je o\u010duvanje radnih mjesta i poslovanja"},"content":{"rendered":"<p><a href=\"https:\/\/www.prijedordanas.com\/wp-content\/uploads\/2025\/04\/vladars-djokic-arcelormittalprijedor.jpg\"><img loading=\"lazy\" decoding=\"async\" src=\"https:\/\/www.prijedordanas.com\/wp-content\/uploads\/2025\/04\/vladars-djokic-arcelormittalprijedor-300x225.jpg\" alt=\"\" width=\"300\" height=\"225\" class=\"alignleft size-medium wp-image-246010\" srcset=\"https:\/\/www.prijedordanas.com\/wp-content\/uploads\/2025\/04\/vladars-djokic-arcelormittalprijedor-300x225.jpg 300w, https:\/\/www.prijedordanas.com\/wp-content\/uploads\/2025\/04\/vladars-djokic-arcelormittalprijedor-640x480.jpg 640w, https:\/\/www.prijedordanas.com\/wp-content\/uploads\/2025\/04\/vladars-djokic-arcelormittalprijedor.jpg 667w\" sizes=\"(max-width: 300px) 100vw, 300px\" \/><\/a>Ministar energetike i rudarstva Republike Srpske Petar \u0110oki\u0107 sastao se danas u Banjaluci sa generalnim direktorom preduze\u0107a ArcelorMittal Prijedor Mladenom Jela\u010dom i predsjednikom Upravnog odbora Nikhilom Mehtom povodom prekida proizvodnje u ovom privrednom dru\u0161tvu izazvanog generalnim \u0161trajkom radnika. Sastanak je odr\u017ean na zahtjev predstavnika ArcelorMittal Prijedor.<\/p>\n<p>Razgovor je vo\u0111en u svjetlu aktuelne situacije nastale po\u010detkom ovog mjeseca, kada su radnici stupili u \u0161trajk tra\u017ee\u0107i pove\u0107anje plata, \u0161to je dovelo do obustave svih proizvodnih aktivnosti. Kako dogovor izme\u0111u sindikata i poslodavca jo\u0161 nije postignut, sastanak je organizovan radi razmjene informacija i tra\u017eenja mogu\u0107ih rje\u0161enja.<\/p>\n<p>Predstavnici kompanije su ukazali na ozbiljnost situacije i zatra\u017eili podr\u0161ku Ministarstva u vidu uklju\u010divanja u dalje razgovore sa predstavnicima radnika. Istakli su da je poslovanje dodatno ote\u017eano globalnim tr\u017ei\u0161nim poreme\u0107ajima te rastom tro\u0161kova sirovina, radne snage i elektri\u010dne energije.<\/p>\n<p>Sagovornici su se saglasili da je potrebno ulo\u017eiti dodatne napore kako bi se \u0161to prije do\u0161lo do odr\u017eivog rje\u0161enja u interesu i radnika i poslodavca. Posebna pa\u017enja posve\u0107ena je potencijalnim posljedicama nastavka obustave rada \u2013 od zastoja u transportu rude i gubitaka za \u017deljeznice Republike Srpske do mogu\u0107e obustave rada \u017eeljezare u Zenici, \u0161to bi dovelo do ozbiljnih ekonomskih posljedica na \u0161irem planu.<\/p>\n<p>Ministar \u0110oki\u0107 je izrazio spremnost da u narednom periodu obavi razgovore i sa predstavnicima radnika, naglasiv\u0161i da je Ministarstvo energetike i rudarstva uvijek bilo konstruktivan partner privrednim subjektima u kriznim situacijama. <\/p>\n<p>On je istakao da su o\u010duvanje radnih mjesta, kontinuitet proizvodnje i ekonomska stabilnost od zajedni\u010dkog zna\u010daja za sve aktere &#8211; radnike, menad\u017ement, lokalnu zajednicu i institucije Republike Srpske. <\/p>\n<p>Izrazio je nadu da \u0107e se, uz odgovornost i dijalog, do\u0107i do odr\u017eivog i prihvatljivog rje\u0161enja koje \u0107e omogu\u0107iti nastavak rada i ubla\u017eiti potencijalne negativne efekte na privredu.<\/p>\n<p>Vlada RS<\/p>\n","protected":false},"excerpt":{"rendered":"<p>Ministar energetike i rudarstva Republike Srpske Petar \u0110oki\u0107 sastao se danas u Banjaluci sa generalnim direktorom preduze\u0107a ArcelorMittal Prijedor Mladenom Jela\u010dom i predsjednikom Upravnog odbora Nikhilom Mehtom povodom prekida proizvodnje [&hellip;]<\/p>\n","protected":false},"author":1,"featured_media":0,"comment_status":"closed","ping_status":"open","sticky":false,"template":"","format":"standard","meta":{"_monsterinsights_skip_tracking":false,"_monsterinsights_sitenote_active":false,"_monsterinsights_sitenote_note":"","_monsterinsights_sitenote_category":0,"footnotes":""},"categories":[4],"tags":[],"yoast_head":"<!-- This site is optimized with the Yoast SEO plugin v21.6 - https:\/\/yoast.com\/wordpress\/plugins\/seo\/ -->\n<title>Ministar \u0110oki\u0107 sa rukovodstvom ArcelorMittal Prijedor: Cilj je o\u010duvanje radnih mjesta i poslovanja - PrijedorDanas.com - Prijedorski gradski portal<\/title>\n<meta name=\"robots\" content=\"index, follow, max-snippet:-1, max-image-preview:large, max-video-preview:-1\" \/>\n<link rel=\"canonical\" href=\"https:\/\/www.prijedordanas.com\/?p=246009\" \/>\n<meta property=\"og:locale\" content=\"en_US\" \/>\n<meta property=\"og:type\" content=\"article\" \/>\n<meta property=\"og:title\" content=\"Ministar \u0110oki\u0107 sa rukovodstvom ArcelorMittal Prijedor: Cilj je o\u010duvanje radnih mjesta i poslovanja - PrijedorDanas.com - Prijedorski gradski portal\" \/>\n<meta property=\"og:description\" content=\"Ministar energetike i rudarstva Republike Srpske Petar \u0110oki\u0107 sastao se danas u Banjaluci sa generalnim direktorom preduze\u0107a ArcelorMittal Prijedor Mladenom Jela\u010dom i predsjednikom Upravnog odbora Nikhilom Mehtom povodom prekida proizvodnje [&hellip;]\" \/>\n<meta property=\"og:url\" content=\"https:\/\/www.prijedordanas.com\/?p=246009\" \/>\n<meta property=\"og:site_name\" content=\"PrijedorDanas.com - Prijedorski gradski portal\" \/>\n<meta property=\"article:publisher\" content=\"https:\/\/www.facebook.com\/PrijedorDanasCom\/\" \/>\n<meta property=\"article:published_time\" content=\"2025-04-24T16:05:36+00:00\" \/>\n<meta property=\"og:image\" content=\"https:\/\/www.prijedordanas.com\/wp-content\/uploads\/2025\/04\/vladars-djokic-arcelormittalprijedor-300x225.jpg\" \/>\n<meta name=\"author\" content=\"admin\" \/>\n<meta name=\"twitter:card\" content=\"summary_large_image\" \/>\n<meta name=\"twitter:label1\" content=\"Written by\" \/>\n\t<meta name=\"twitter:data1\" content=\"admin\" \/>\n<script type=\"application\/ld+json\" class=\"yoast-schema-graph\">{\"@context\":\"https:\/\/schema.org\",\"@graph\":[{\"@type\":\"Article\",\"@id\":\"https:\/\/www.prijedordanas.com\/?p=246009#article\",\"isPartOf\":{\"@id\":\"https:\/\/www.prijedordanas.com\/?p=246009\"},\"author\":{\"name\":\"admin\",\"@id\":\"https:\/\/www.prijedordanas.com\/#\/schema\/person\/4e08ccf29b506ca916ff86d46bb700e6\"},\"headline\":\"Ministar \u0110oki\u0107 sa rukovodstvom ArcelorMittal Prijedor: Cilj je o\u010duvanje radnih mjesta i poslovanja\",\"datePublished\":\"2025-04-24T16:05:36+00:00\",\"dateModified\":\"2025-04-24T16:05:36+00:00\",\"mainEntityOfPage\":{\"@id\":\"https:\/\/www.prijedordanas.com\/?p=246009\"},\"wordCount\":336,\"publisher\":{\"@id\":\"https:\/\/www.prijedordanas.com\/#organization\"},\"articleSection\":[\"Dru\u0161tvo\"],\"inLanguage\":\"en-US\"},{\"@type\":\"WebPage\",\"@id\":\"https:\/\/www.prijedordanas.com\/?p=246009\",\"url\":\"https:\/\/www.prijedordanas.com\/?p=246009\",\"name\":\"Ministar \u0110oki\u0107 sa rukovodstvom ArcelorMittal Prijedor: Cilj je o\u010duvanje radnih mjesta i poslovanja - PrijedorDanas.com - Prijedorski gradski portal\",\"isPartOf\":{\"@id\":\"https:\/\/www.prijedordanas.com\/#website\"},\"datePublished\":\"2025-04-24T16:05:36+00:00\",\"dateModified\":\"2025-04-24T16:05:36+00:00\",\"breadcrumb\":{\"@id\":\"https:\/\/www.prijedordanas.com\/?p=246009#breadcrumb\"},\"inLanguage\":\"en-US\",\"potentialAction\":[{\"@type\":\"ReadAction\",\"target\":[\"https:\/\/www.prijedordanas.com\/?p=246009\"]}]},{\"@type\":\"BreadcrumbList\",\"@id\":\"https:\/\/www.prijedordanas.com\/?p=246009#breadcrumb\",\"itemListElement\":[{\"@type\":\"ListItem\",\"position\":1,\"name\":\"Home\",\"item\":\"https:\/\/www.prijedordanas.com\/\"},{\"@type\":\"ListItem\",\"position\":2,\"name\":\"Ministar \u0110oki\u0107 sa rukovodstvom ArcelorMittal Prijedor: Cilj je o\u010duvanje radnih mjesta i poslovanja\"}]},{\"@type\":\"WebSite\",\"@id\":\"https:\/\/www.prijedordanas.com\/#website\",\"url\":\"https:\/\/www.prijedordanas.com\/\",\"name\":\"PrijedorDanas.com - Prijedorski gradski portal\",\"description\":\"Portal o doga\u0111anjima u gradu Prijedoru\",\"publisher\":{\"@id\":\"https:\/\/www.prijedordanas.com\/#organization\"},\"potentialAction\":[{\"@type\":\"SearchAction\",\"target\":{\"@type\":\"EntryPoint\",\"urlTemplate\":\"https:\/\/www.prijedordanas.com\/?s={search_term_string}\"},\"query-input\":\"required name=search_term_string\"}],\"inLanguage\":\"en-US\"},{\"@type\":\"Organization\",\"@id\":\"https:\/\/www.prijedordanas.com\/#organization\",\"name\":\"PrijedorDanas.com\",\"url\":\"https:\/\/www.prijedordanas.com\/\",\"logo\":{\"@type\":\"ImageObject\",\"inLanguage\":\"en-US\",\"@id\":\"https:\/\/www.prijedordanas.com\/#\/schema\/logo\/image\/\",\"url\":\"http:\/\/www.prijedordanas.com\/wp-content\/uploads\/2021\/12\/logopng.png\",\"contentUrl\":\"http:\/\/www.prijedordanas.com\/wp-content\/uploads\/2021\/12\/logopng.png\",\"width\":1019,\"height\":776,\"caption\":\"PrijedorDanas.com\"},\"image\":{\"@id\":\"https:\/\/www.prijedordanas.com\/#\/schema\/logo\/image\/\"},\"sameAs\":[\"https:\/\/www.facebook.com\/PrijedorDanasCom\/\"]},{\"@type\":\"Person\",\"@id\":\"https:\/\/www.prijedordanas.com\/#\/schema\/person\/4e08ccf29b506ca916ff86d46bb700e6\",\"name\":\"admin\",\"image\":{\"@type\":\"ImageObject\",\"inLanguage\":\"en-US\",\"@id\":\"https:\/\/www.prijedordanas.com\/#\/schema\/person\/image\/\",\"url\":\"https:\/\/secure.gravatar.com\/avatar\/1d3fc949d550f0b53a5f0d51e06dfd79?s=96&d=mm&r=g\",\"contentUrl\":\"https:\/\/secure.gravatar.com\/avatar\/1d3fc949d550f0b53a5f0d51e06dfd79?s=96&d=mm&r=g\",\"caption\":\"admin\"},\"url\":\"https:\/\/www.prijedordanas.com\/?author=1\"}]}<\/script>\n<!-- \/ Yoast SEO plugin. -->","yoast_head_json":{"title":"Ministar \u0110oki\u0107 sa rukovodstvom ArcelorMittal Prijedor: Cilj je o\u010duvanje radnih mjesta i poslovanja - PrijedorDanas.com - Prijedorski gradski portal","robots":{"index":"index","follow":"follow","max-snippet":"max-snippet:-1","max-image-preview":"max-image-preview:large","max-video-preview":"max-video-preview:-1"},"canonical":"https:\/\/www.prijedordanas.com\/?p=246009","og_locale":"en_US","og_type":"article","og_title":"Ministar \u0110oki\u0107 sa rukovodstvom ArcelorMittal Prijedor: Cilj je o\u010duvanje radnih mjesta i poslovanja - PrijedorDanas.com - Prijedorski gradski portal","og_description":"Ministar energetike i rudarstva Republike Srpske Petar \u0110oki\u0107 sastao se danas u Banjaluci sa generalnim direktorom preduze\u0107a ArcelorMittal Prijedor Mladenom Jela\u010dom i predsjednikom Upravnog odbora Nikhilom Mehtom povodom prekida proizvodnje [&hellip;]","og_url":"https:\/\/www.prijedordanas.com\/?p=246009","og_site_name":"PrijedorDanas.com - Prijedorski gradski portal","article_publisher":"https:\/\/www.facebook.com\/PrijedorDanasCom\/","article_published_time":"2025-04-24T16:05:36+00:00","og_image":[{"url":"https:\/\/www.prijedordanas.com\/wp-content\/uploads\/2025\/04\/vladars-djokic-arcelormittalprijedor-300x225.jpg"}],"author":"admin","twitter_card":"summary_large_image","twitter_misc":{"Written by":"admin"},"schema":{"@context":"https:\/\/schema.org","@graph":[{"@type":"Article","@id":"https:\/\/www.prijedordanas.com\/?p=246009#article","isPartOf":{"@id":"https:\/\/www.prijedordanas.com\/?p=246009"},"author":{"name":"admin","@id":"https:\/\/www.prijedordanas.com\/#\/schema\/person\/4e08ccf29b506ca916ff86d46bb700e6"},"headline":"Ministar \u0110oki\u0107 sa rukovodstvom ArcelorMittal Prijedor: Cilj je o\u010duvanje radnih mjesta i poslovanja","datePublished":"2025-04-24T16:05:36+00:00","dateModified":"2025-04-24T16:05:36+00:00","mainEntityOfPage":{"@id":"https:\/\/www.prijedordanas.com\/?p=246009"},"wordCount":336,"publisher":{"@id":"https:\/\/www.prijedordanas.com\/#organization"},"articleSection":["Dru\u0161tvo"],"inLanguage":"en-US"},{"@type":"WebPage","@id":"https:\/\/www.prijedordanas.com\/?p=246009","url":"https:\/\/www.prijedordanas.com\/?p=246009","name":"Ministar \u0110oki\u0107 sa rukovodstvom ArcelorMittal Prijedor: Cilj je o\u010duvanje radnih mjesta i poslovanja - PrijedorDanas.com - Prijedorski gradski portal","isPartOf":{"@id":"https:\/\/www.prijedordanas.com\/#website"},"datePublished":"2025-04-24T16:05:36+00:00","dateModified":"2025-04-24T16:05:36+00:00","breadcrumb":{"@id":"https:\/\/www.prijedordanas.com\/?p=246009#breadcrumb"},"inLanguage":"en-US","potentialAction":[{"@type":"ReadAction","target":["https:\/\/www.prijedordanas.com\/?p=246009"]}]},{"@type":"BreadcrumbList","@id":"https:\/\/www.prijedordanas.com\/?p=246009#breadcrumb","itemListElement":[{"@type":"ListItem","position":1,"name":"Home","item":"https:\/\/www.prijedordanas.com\/"},{"@type":"ListItem","position":2,"name":"Ministar \u0110oki\u0107 sa rukovodstvom ArcelorMittal Prijedor: Cilj je o\u010duvanje radnih mjesta i poslovanja"}]},{"@type":"WebSite","@id":"https:\/\/www.prijedordanas.com\/#website","url":"https:\/\/www.prijedordanas.com\/","name":"PrijedorDanas.com - Prijedorski gradski portal","description":"Portal o doga\u0111anjima u gradu Prijedoru","publisher":{"@id":"https:\/\/www.prijedordanas.com\/#organization"},"potentialAction":[{"@type":"SearchAction","target":{"@type":"EntryPoint","urlTemplate":"https:\/\/www.prijedordanas.com\/?s={search_term_string}"},"query-input":"required name=search_term_string"}],"inLanguage":"en-US"},{"@type":"Organization","@id":"https:\/\/www.prijedordanas.com\/#organization","name":"PrijedorDanas.com","url":"https:\/\/www.prijedordanas.com\/","logo":{"@type":"ImageObject","inLanguage":"en-US","@id":"https:\/\/www.prijedordanas.com\/#\/schema\/logo\/image\/","url":"http:\/\/www.prijedordanas.com\/wp-content\/uploads\/2021\/12\/logopng.png","contentUrl":"http:\/\/www.prijedordanas.com\/wp-content\/uploads\/2021\/12\/logopng.png","width":1019,"height":776,"caption":"PrijedorDanas.com"},"image":{"@id":"https:\/\/www.prijedordanas.com\/#\/schema\/logo\/image\/"},"sameAs":["https:\/\/www.facebook.com\/PrijedorDanasCom\/"]},{"@type":"Person","@id":"https:\/\/www.prijedordanas.com\/#\/schema\/person\/4e08ccf29b506ca916ff86d46bb700e6","name":"admin","image":{"@type":"ImageObject","inLanguage":"en-US","@id":"https:\/\/www.prijedordanas.com\/#\/schema\/person\/image\/","url":"https:\/\/secure.gravatar.com\/avatar\/1d3fc949d550f0b53a5f0d51e06dfd79?s=96&d=mm&r=g","contentUrl":"https:\/\/secure.gravatar.com\/avatar\/1d3fc949d550f0b53a5f0d51e06dfd79?s=96&d=mm&r=g","caption":"admin"},"url":"https:\/\/www.prijedordanas.com\/?author=1"}]}},"_links":{"self":[{"href":"https:\/\/www.prijedordanas.com\/index.php?rest_route=\/wp\/v2\/posts\/246009"}],"collection":[{"href":"https:\/\/www.prijedordanas.com\/index.php?rest_route=\/wp\/v2\/posts"}],"about":[{"href":"https:\/\/www.prijedordanas.com\/index.php?rest_route=\/wp\/v2\/types\/post"}],"author":[{"embeddable":true,"href":"https:\/\/www.prijedordanas.com\/index.php?rest_route=\/wp\/v2\/users\/1"}],"replies":[{"embeddable":true,"href":"https:\/\/www.prijedordanas.com\/index.php?rest_route=%2Fwp%2Fv2%2Fcomments&post=246009"}],"version-history":[{"count":1,"href":"https:\/\/www.prijedordanas.com\/index.php?rest_route=\/wp\/v2\/posts\/246009\/revisions"}],"predecessor-version":[{"id":246011,"href":"https:\/\/www.prijedordanas.com\/index.php?rest_route=\/wp\/v2\/posts\/246009\/revisions\/246011"}],"wp:attachment":[{"href":"https:\/\/www.prijedordanas.com\/index.php?rest_route=%2Fwp%2Fv2%2Fmedia&parent=246009"}],"wp:term":[{"taxonomy":"category","embeddable":true,"href":"https:\/\/www.prijedordanas.com\/index.php?rest_route=%2Fwp%2Fv2%2Fcategories&post=246009"},{"taxonomy":"post_tag","embeddable":true,"href":"https:\/\/www.prijedordanas.com\/index.php?rest_route=%2Fwp%2Fv2%2Ftags&post=246009"}],"curies":[{"name":"wp","href":"https:\/\/api.w.org\/{rel}","templated":true}]}}