{"id":24591,"date":"2015-06-20T09:13:07","date_gmt":"2015-06-20T08:13:07","guid":{"rendered":"https:\/\/www.prijedordanas.com\/?p=24591"},"modified":"2015-06-20T09:13:07","modified_gmt":"2015-06-20T08:13:07","slug":"prijedor-gasili-kucu-stalu-i-kancelariju-u-centru-grada","status":"publish","type":"post","link":"https:\/\/www.prijedordanas.com\/?p=24591","title":{"rendered":"PRIJEDOR: GASILI KU\u0106U, \u0160TALU I KANCELARIJU U CENTRU GRADA"},"content":{"rendered":"<p><a href=\"https:\/\/www.prijedordanas.com\/wp-content\/uploads\/2015\/06\/avaz-pozar-sijeno-gomjenica-1.jpg\"><img loading=\"lazy\" decoding=\"async\" class=\"alignleft size-medium wp-image-24592\" src=\"https:\/\/www.prijedordanas.com\/wp-content\/uploads\/2015\/06\/avaz-pozar-sijeno-gomjenica-1-300x187.jpg\" alt=\"avaz-pozar sijeno-gomjenica (1)\" width=\"300\" height=\"187\" srcset=\"https:\/\/www.prijedordanas.com\/wp-content\/uploads\/2015\/06\/avaz-pozar-sijeno-gomjenica-1-300x187.jpg 300w, https:\/\/www.prijedordanas.com\/wp-content\/uploads\/2015\/06\/avaz-pozar-sijeno-gomjenica-1.jpg 600w\" sizes=\"(max-width: 300px) 100vw, 300px\" \/><\/a>Vatrogasci prijedorske Teritorijalne vatrogasne jedinice, ju\u010de su imali \u010dak tri intervencije.<\/p>\n<p>Nakon po\u017eara u novoizgra\u0111enoj ku\u0107i porodice \u010cehi\u0107 u Donjoj Ljubiji, te manjeg po\u017eara u advokatskoj kancelariji u centru grada, vatrogasci su u popodnevnim satima gasili vatru i u prijedorskom naselju Gomjenica.<\/p>\n<p>Po\u017ear je zahvatio pomo\u0107ni objekat, \u0161talu porodice Huseinovi\u0107, u ulici Mahmuta Bu\u0161atlije.<\/p>\n<p>Zahvaljuju\u0107i brzoj intervenciji prijedorskih vatrogasaca, po\u017ear, koji je brzo lokalizovan, nije prouzrokovao ve\u0107u materijalnu \u0161tetu.<\/p>\n<p>&#8220;Radila sam ku\u0107ne poslove kad odjednom utr\u010da u ku\u0107u moj unuk vi\u010du\u0107i, majka eno gori \u0161tala. Ja iza\u0111e, i vidim gust dim sa tavana \u0161tale. Na svu sre\u0107u vatrogasci su stigli jako brzo i ugasili po\u017ear tako da je \u0161teta minimalna&#8221;, rekla je Latifa Huseinovi\u0107 .<\/p>\n<p>Prema prvim nezvani\u010dnim saznanjima po\u017ear je uzrokovala nesmotrena dje\u010dija igra na svu sre\u0107u bez ve\u0107ih posljedica.<\/p>\n<p>Dnevni avaz<\/p>\n<p><a href=\"https:\/\/www.prijedordanas.com\/wp-content\/uploads\/2015\/06\/avaz-pozar-sijeno-gomjenica-2.jpg\"><img loading=\"lazy\" decoding=\"async\" src=\"https:\/\/www.prijedordanas.com\/wp-content\/uploads\/2015\/06\/avaz-pozar-sijeno-gomjenica-2-300x200.jpg\" alt=\"avaz-pozar sijeno-gomjenica (2)\" width=\"300\" height=\"200\" class=\"alignleft size-medium wp-image-24593\" srcset=\"https:\/\/www.prijedordanas.com\/wp-content\/uploads\/2015\/06\/avaz-pozar-sijeno-gomjenica-2-300x200.jpg 300w, https:\/\/www.prijedordanas.com\/wp-content\/uploads\/2015\/06\/avaz-pozar-sijeno-gomjenica-2-150x100.jpg 150w, https:\/\/www.prijedordanas.com\/wp-content\/uploads\/2015\/06\/avaz-pozar-sijeno-gomjenica-2-200x133.jpg 200w, https:\/\/www.prijedordanas.com\/wp-content\/uploads\/2015\/06\/avaz-pozar-sijeno-gomjenica-2-250x166.jpg 250w, https:\/\/www.prijedordanas.com\/wp-content\/uploads\/2015\/06\/avaz-pozar-sijeno-gomjenica-2-480x320.jpg 480w, https:\/\/www.prijedordanas.com\/wp-content\/uploads\/2015\/06\/avaz-pozar-sijeno-gomjenica-2.jpg 600w\" sizes=\"(max-width: 300px) 100vw, 300px\" \/><\/a> <a href=\"https:\/\/www.prijedordanas.com\/wp-content\/uploads\/2015\/06\/vatrogasci-prijedor-pozar-sijeno.jpg\"><img loading=\"lazy\" decoding=\"async\" src=\"https:\/\/www.prijedordanas.com\/wp-content\/uploads\/2015\/06\/vatrogasci-prijedor-pozar-sijeno-300x225.jpg\" alt=\"vatrogasci prijedor-pozar sijeno\" width=\"300\" height=\"225\" class=\"alignleft size-medium wp-image-24594\" srcset=\"https:\/\/www.prijedordanas.com\/wp-content\/uploads\/2015\/06\/vatrogasci-prijedor-pozar-sijeno-300x225.jpg 300w, https:\/\/www.prijedordanas.com\/wp-content\/uploads\/2015\/06\/vatrogasci-prijedor-pozar-sijeno.jpg 600w\" sizes=\"(max-width: 300px) 100vw, 300px\" \/><\/a><\/p>\n","protected":false},"excerpt":{"rendered":"<p>Vatrogasci prijedorske Teritorijalne vatrogasne jedinice, ju\u010de su imali \u010dak tri intervencije. Nakon po\u017eara u novoizgra\u0111enoj ku\u0107i porodice \u010cehi\u0107 u Donjoj Ljubiji, te manjeg po\u017eara u advokatskoj kancelariji u centru grada, [&hellip;]<\/p>\n","protected":false},"author":1,"featured_media":0,"comment_status":"closed","ping_status":"open","sticky":false,"template":"","format":"standard","meta":{"_monsterinsights_skip_tracking":false,"_monsterinsights_sitenote_active":false,"_monsterinsights_sitenote_note":"","_monsterinsights_sitenote_category":0,"footnotes":""},"categories":[5],"tags":[188,255,258],"yoast_head":"<!-- This site is optimized with the Yoast SEO plugin v21.6 - https:\/\/yoast.com\/wordpress\/plugins\/seo\/ -->\n<title>PRIJEDOR: GASILI KU\u0106U, \u0160TALU I KANCELARIJU U CENTRU GRADA - PrijedorDanas.com - Prijedorski gradski portal<\/title>\n<meta name=\"robots\" content=\"index, follow, max-snippet:-1, max-image-preview:large, max-video-preview:-1\" \/>\n<link rel=\"canonical\" href=\"https:\/\/www.prijedordanas.com\/?p=24591\" \/>\n<meta property=\"og:locale\" content=\"en_US\" \/>\n<meta property=\"og:type\" content=\"article\" \/>\n<meta property=\"og:title\" content=\"PRIJEDOR: GASILI KU\u0106U, \u0160TALU I KANCELARIJU U CENTRU GRADA - PrijedorDanas.com - Prijedorski gradski portal\" \/>\n<meta property=\"og:description\" content=\"Vatrogasci prijedorske Teritorijalne vatrogasne jedinice, ju\u010de su imali \u010dak tri intervencije. Nakon po\u017eara u novoizgra\u0111enoj ku\u0107i porodice \u010cehi\u0107 u Donjoj Ljubiji, te manjeg po\u017eara u advokatskoj kancelariji u centru grada, [&hellip;]\" \/>\n<meta property=\"og:url\" content=\"https:\/\/www.prijedordanas.com\/?p=24591\" \/>\n<meta property=\"og:site_name\" content=\"PrijedorDanas.com - Prijedorski gradski portal\" \/>\n<meta property=\"article:publisher\" content=\"https:\/\/www.facebook.com\/PrijedorDanasCom\/\" \/>\n<meta property=\"article:published_time\" content=\"2015-06-20T08:13:07+00:00\" \/>\n<meta property=\"og:image\" content=\"https:\/\/www.prijedordanas.com\/wp-content\/uploads\/2015\/06\/avaz-pozar-sijeno-gomjenica-1-300x187.jpg\" \/>\n<meta name=\"author\" content=\"admin\" \/>\n<meta name=\"twitter:card\" content=\"summary_large_image\" \/>\n<meta name=\"twitter:label1\" content=\"Written by\" \/>\n\t<meta name=\"twitter:data1\" content=\"admin\" \/>\n\t<meta name=\"twitter:label2\" content=\"Est. reading time\" \/>\n\t<meta name=\"twitter:data2\" content=\"1 minute\" \/>\n<script type=\"application\/ld+json\" class=\"yoast-schema-graph\">{\"@context\":\"https:\/\/schema.org\",\"@graph\":[{\"@type\":\"Article\",\"@id\":\"https:\/\/www.prijedordanas.com\/?p=24591#article\",\"isPartOf\":{\"@id\":\"https:\/\/www.prijedordanas.com\/?p=24591\"},\"author\":{\"name\":\"admin\",\"@id\":\"https:\/\/www.prijedordanas.com\/#\/schema\/person\/4e08ccf29b506ca916ff86d46bb700e6\"},\"headline\":\"PRIJEDOR: GASILI KU\u0106U, \u0160TALU I KANCELARIJU U CENTRU GRADA\",\"datePublished\":\"2015-06-20T08:13:07+00:00\",\"dateModified\":\"2015-06-20T08:13:07+00:00\",\"mainEntityOfPage\":{\"@id\":\"https:\/\/www.prijedordanas.com\/?p=24591\"},\"wordCount\":166,\"publisher\":{\"@id\":\"https:\/\/www.prijedordanas.com\/#organization\"},\"keywords\":[\"po\u017ear\",\"TVJ Prijedor\",\"vatrogasci\"],\"articleSection\":[\"Hronika\"],\"inLanguage\":\"en-US\"},{\"@type\":\"WebPage\",\"@id\":\"https:\/\/www.prijedordanas.com\/?p=24591\",\"url\":\"https:\/\/www.prijedordanas.com\/?p=24591\",\"name\":\"PRIJEDOR: GASILI KU\u0106U, \u0160TALU I KANCELARIJU U CENTRU GRADA - PrijedorDanas.com - Prijedorski gradski portal\",\"isPartOf\":{\"@id\":\"https:\/\/www.prijedordanas.com\/#website\"},\"datePublished\":\"2015-06-20T08:13:07+00:00\",\"dateModified\":\"2015-06-20T08:13:07+00:00\",\"breadcrumb\":{\"@id\":\"https:\/\/www.prijedordanas.com\/?p=24591#breadcrumb\"},\"inLanguage\":\"en-US\",\"potentialAction\":[{\"@type\":\"ReadAction\",\"target\":[\"https:\/\/www.prijedordanas.com\/?p=24591\"]}]},{\"@type\":\"BreadcrumbList\",\"@id\":\"https:\/\/www.prijedordanas.com\/?p=24591#breadcrumb\",\"itemListElement\":[{\"@type\":\"ListItem\",\"position\":1,\"name\":\"Home\",\"item\":\"https:\/\/www.prijedordanas.com\/\"},{\"@type\":\"ListItem\",\"position\":2,\"name\":\"PRIJEDOR: GASILI KU\u0106U, \u0160TALU I KANCELARIJU U CENTRU GRADA\"}]},{\"@type\":\"WebSite\",\"@id\":\"https:\/\/www.prijedordanas.com\/#website\",\"url\":\"https:\/\/www.prijedordanas.com\/\",\"name\":\"PrijedorDanas.com - Prijedorski gradski portal\",\"description\":\"Portal o doga\u0111anjima u gradu Prijedoru\",\"publisher\":{\"@id\":\"https:\/\/www.prijedordanas.com\/#organization\"},\"potentialAction\":[{\"@type\":\"SearchAction\",\"target\":{\"@type\":\"EntryPoint\",\"urlTemplate\":\"https:\/\/www.prijedordanas.com\/?s={search_term_string}\"},\"query-input\":\"required name=search_term_string\"}],\"inLanguage\":\"en-US\"},{\"@type\":\"Organization\",\"@id\":\"https:\/\/www.prijedordanas.com\/#organization\",\"name\":\"PrijedorDanas.com\",\"url\":\"https:\/\/www.prijedordanas.com\/\",\"logo\":{\"@type\":\"ImageObject\",\"inLanguage\":\"en-US\",\"@id\":\"https:\/\/www.prijedordanas.com\/#\/schema\/logo\/image\/\",\"url\":\"http:\/\/www.prijedordanas.com\/wp-content\/uploads\/2021\/12\/logopng.png\",\"contentUrl\":\"http:\/\/www.prijedordanas.com\/wp-content\/uploads\/2021\/12\/logopng.png\",\"width\":1019,\"height\":776,\"caption\":\"PrijedorDanas.com\"},\"image\":{\"@id\":\"https:\/\/www.prijedordanas.com\/#\/schema\/logo\/image\/\"},\"sameAs\":[\"https:\/\/www.facebook.com\/PrijedorDanasCom\/\"]},{\"@type\":\"Person\",\"@id\":\"https:\/\/www.prijedordanas.com\/#\/schema\/person\/4e08ccf29b506ca916ff86d46bb700e6\",\"name\":\"admin\",\"image\":{\"@type\":\"ImageObject\",\"inLanguage\":\"en-US\",\"@id\":\"https:\/\/www.prijedordanas.com\/#\/schema\/person\/image\/\",\"url\":\"https:\/\/secure.gravatar.com\/avatar\/1d3fc949d550f0b53a5f0d51e06dfd79?s=96&d=mm&r=g\",\"contentUrl\":\"https:\/\/secure.gravatar.com\/avatar\/1d3fc949d550f0b53a5f0d51e06dfd79?s=96&d=mm&r=g\",\"caption\":\"admin\"},\"url\":\"https:\/\/www.prijedordanas.com\/?author=1\"}]}<\/script>\n<!-- \/ Yoast SEO plugin. -->","yoast_head_json":{"title":"PRIJEDOR: GASILI KU\u0106U, \u0160TALU I KANCELARIJU U CENTRU GRADA - PrijedorDanas.com - Prijedorski gradski portal","robots":{"index":"index","follow":"follow","max-snippet":"max-snippet:-1","max-image-preview":"max-image-preview:large","max-video-preview":"max-video-preview:-1"},"canonical":"https:\/\/www.prijedordanas.com\/?p=24591","og_locale":"en_US","og_type":"article","og_title":"PRIJEDOR: GASILI KU\u0106U, \u0160TALU I KANCELARIJU U CENTRU GRADA - PrijedorDanas.com - Prijedorski gradski portal","og_description":"Vatrogasci prijedorske Teritorijalne vatrogasne jedinice, ju\u010de su imali \u010dak tri intervencije. Nakon po\u017eara u novoizgra\u0111enoj ku\u0107i porodice \u010cehi\u0107 u Donjoj Ljubiji, te manjeg po\u017eara u advokatskoj kancelariji u centru grada, [&hellip;]","og_url":"https:\/\/www.prijedordanas.com\/?p=24591","og_site_name":"PrijedorDanas.com - Prijedorski gradski portal","article_publisher":"https:\/\/www.facebook.com\/PrijedorDanasCom\/","article_published_time":"2015-06-20T08:13:07+00:00","og_image":[{"url":"https:\/\/www.prijedordanas.com\/wp-content\/uploads\/2015\/06\/avaz-pozar-sijeno-gomjenica-1-300x187.jpg"}],"author":"admin","twitter_card":"summary_large_image","twitter_misc":{"Written by":"admin","Est. reading time":"1 minute"},"schema":{"@context":"https:\/\/schema.org","@graph":[{"@type":"Article","@id":"https:\/\/www.prijedordanas.com\/?p=24591#article","isPartOf":{"@id":"https:\/\/www.prijedordanas.com\/?p=24591"},"author":{"name":"admin","@id":"https:\/\/www.prijedordanas.com\/#\/schema\/person\/4e08ccf29b506ca916ff86d46bb700e6"},"headline":"PRIJEDOR: GASILI KU\u0106U, \u0160TALU I KANCELARIJU U CENTRU GRADA","datePublished":"2015-06-20T08:13:07+00:00","dateModified":"2015-06-20T08:13:07+00:00","mainEntityOfPage":{"@id":"https:\/\/www.prijedordanas.com\/?p=24591"},"wordCount":166,"publisher":{"@id":"https:\/\/www.prijedordanas.com\/#organization"},"keywords":["po\u017ear","TVJ Prijedor","vatrogasci"],"articleSection":["Hronika"],"inLanguage":"en-US"},{"@type":"WebPage","@id":"https:\/\/www.prijedordanas.com\/?p=24591","url":"https:\/\/www.prijedordanas.com\/?p=24591","name":"PRIJEDOR: GASILI KU\u0106U, \u0160TALU I KANCELARIJU U CENTRU GRADA - PrijedorDanas.com - Prijedorski gradski portal","isPartOf":{"@id":"https:\/\/www.prijedordanas.com\/#website"},"datePublished":"2015-06-20T08:13:07+00:00","dateModified":"2015-06-20T08:13:07+00:00","breadcrumb":{"@id":"https:\/\/www.prijedordanas.com\/?p=24591#breadcrumb"},"inLanguage":"en-US","potentialAction":[{"@type":"ReadAction","target":["https:\/\/www.prijedordanas.com\/?p=24591"]}]},{"@type":"BreadcrumbList","@id":"https:\/\/www.prijedordanas.com\/?p=24591#breadcrumb","itemListElement":[{"@type":"ListItem","position":1,"name":"Home","item":"https:\/\/www.prijedordanas.com\/"},{"@type":"ListItem","position":2,"name":"PRIJEDOR: GASILI KU\u0106U, \u0160TALU I KANCELARIJU U CENTRU GRADA"}]},{"@type":"WebSite","@id":"https:\/\/www.prijedordanas.com\/#website","url":"https:\/\/www.prijedordanas.com\/","name":"PrijedorDanas.com - Prijedorski gradski portal","description":"Portal o doga\u0111anjima u gradu Prijedoru","publisher":{"@id":"https:\/\/www.prijedordanas.com\/#organization"},"potentialAction":[{"@type":"SearchAction","target":{"@type":"EntryPoint","urlTemplate":"https:\/\/www.prijedordanas.com\/?s={search_term_string}"},"query-input":"required name=search_term_string"}],"inLanguage":"en-US"},{"@type":"Organization","@id":"https:\/\/www.prijedordanas.com\/#organization","name":"PrijedorDanas.com","url":"https:\/\/www.prijedordanas.com\/","logo":{"@type":"ImageObject","inLanguage":"en-US","@id":"https:\/\/www.prijedordanas.com\/#\/schema\/logo\/image\/","url":"http:\/\/www.prijedordanas.com\/wp-content\/uploads\/2021\/12\/logopng.png","contentUrl":"http:\/\/www.prijedordanas.com\/wp-content\/uploads\/2021\/12\/logopng.png","width":1019,"height":776,"caption":"PrijedorDanas.com"},"image":{"@id":"https:\/\/www.prijedordanas.com\/#\/schema\/logo\/image\/"},"sameAs":["https:\/\/www.facebook.com\/PrijedorDanasCom\/"]},{"@type":"Person","@id":"https:\/\/www.prijedordanas.com\/#\/schema\/person\/4e08ccf29b506ca916ff86d46bb700e6","name":"admin","image":{"@type":"ImageObject","inLanguage":"en-US","@id":"https:\/\/www.prijedordanas.com\/#\/schema\/person\/image\/","url":"https:\/\/secure.gravatar.com\/avatar\/1d3fc949d550f0b53a5f0d51e06dfd79?s=96&d=mm&r=g","contentUrl":"https:\/\/secure.gravatar.com\/avatar\/1d3fc949d550f0b53a5f0d51e06dfd79?s=96&d=mm&r=g","caption":"admin"},"url":"https:\/\/www.prijedordanas.com\/?author=1"}]}},"_links":{"self":[{"href":"https:\/\/www.prijedordanas.com\/index.php?rest_route=\/wp\/v2\/posts\/24591"}],"collection":[{"href":"https:\/\/www.prijedordanas.com\/index.php?rest_route=\/wp\/v2\/posts"}],"about":[{"href":"https:\/\/www.prijedordanas.com\/index.php?rest_route=\/wp\/v2\/types\/post"}],"author":[{"embeddable":true,"href":"https:\/\/www.prijedordanas.com\/index.php?rest_route=\/wp\/v2\/users\/1"}],"replies":[{"embeddable":true,"href":"https:\/\/www.prijedordanas.com\/index.php?rest_route=%2Fwp%2Fv2%2Fcomments&post=24591"}],"version-history":[{"count":1,"href":"https:\/\/www.prijedordanas.com\/index.php?rest_route=\/wp\/v2\/posts\/24591\/revisions"}],"predecessor-version":[{"id":24595,"href":"https:\/\/www.prijedordanas.com\/index.php?rest_route=\/wp\/v2\/posts\/24591\/revisions\/24595"}],"wp:attachment":[{"href":"https:\/\/www.prijedordanas.com\/index.php?rest_route=%2Fwp%2Fv2%2Fmedia&parent=24591"}],"wp:term":[{"taxonomy":"category","embeddable":true,"href":"https:\/\/www.prijedordanas.com\/index.php?rest_route=%2Fwp%2Fv2%2Fcategories&post=24591"},{"taxonomy":"post_tag","embeddable":true,"href":"https:\/\/www.prijedordanas.com\/index.php?rest_route=%2Fwp%2Fv2%2Ftags&post=24591"}],"curies":[{"name":"wp","href":"https:\/\/api.w.org\/{rel}","templated":true}]}}