{"id":245785,"date":"2025-04-20T12:40:22","date_gmt":"2025-04-20T10:40:22","guid":{"rendered":"https:\/\/www.prijedordanas.com\/?p=245785"},"modified":"2025-04-20T12:40:22","modified_gmt":"2025-04-20T10:40:22","slug":"vaskrs-praznik-nade-i-prastanja","status":"publish","type":"post","link":"https:\/\/www.prijedordanas.com\/?p=245785","title":{"rendered":"Vaskrs, praznik nade i pra\u0161tanja"},"content":{"rendered":"<p><a href=\"https:\/\/www.prijedordanas.com\/wp-content\/uploads\/2025\/04\/kozarski-hrvacanin-vaskrs.jpg\"><img loading=\"lazy\" decoding=\"async\" src=\"https:\/\/www.prijedordanas.com\/wp-content\/uploads\/2025\/04\/kozarski-hrvacanin-vaskrs-300x225.jpg\" alt=\"\" width=\"300\" height=\"225\" class=\"alignleft size-medium wp-image-245786\" srcset=\"https:\/\/www.prijedordanas.com\/wp-content\/uploads\/2025\/04\/kozarski-hrvacanin-vaskrs-300x225.jpg 300w, https:\/\/www.prijedordanas.com\/wp-content\/uploads\/2025\/04\/kozarski-hrvacanin-vaskrs-640x480.jpg 640w, https:\/\/www.prijedordanas.com\/wp-content\/uploads\/2025\/04\/kozarski-hrvacanin-vaskrs.jpg 667w\" sizes=\"(max-width: 300px) 100vw, 300px\" \/><\/a>Pravoslavni vjernici \u0161irom svijeta pripremaju se za do\u010dek Vaskrsa, najve\u0107eg i najradosnijeg hri\u0161\u0107anskog praznika, koji ove godine pada u nedjel\u0458u, 20. aprila. Ovaj praznik obil\u0458e\u017eava Hristovo vaskrsenje i nosi sna\u017enu poruku nade, pra\u0161tanja i duhovne obnove, te predstavl\u0458a su\u0161tinu hri\u0161\u0107anske vjere \u2013 pobjedu \u017eivota nad smr\u0107u, dobra nad zlom i svjetlosti nad tamom.<\/p>\n<p>Vjernici se ovih dana kroz post, molitvu i prisustvo bogoslu\u017eenjima, duhovno pripremaju za praznik nad praznicima. Sedmica koja mu prethodi, poznata kao Strasna sedmica, posebno je zna\u010dajna i bogata liturgijskim sadr\u017eajem, a centralno mjesto zauzima Veliki petak \u2013 dan kada je, prema hri\u0161\u0107anskom vjerovanju, Gospod Isus Hristos razapet na krst, podnijev\u0161i \u017ertvu za spasenje \u010dovje\u010danstva. Govore\u0107i o njegovom zna\u010daju, protonamjesnik Dragan Hrva\u0107anin, starje\u0161ina hrama Svete Trojice u Prijedoru, podsje\u0107a da se, prema Svetom pismu, u trenutku Hristove smrti i sama priroda pobunila.<\/p>\n<p>\u201ePomra\u010dilo se sunce, zeml\u0458a se zatresla, kamenje se raspadalo, grobovi su se otvarali, mrtvi su ustajali\u2026 Ljudi su razapeli i samog Boga, ali mi danas znamo ono \u0161to tada nisu \u2013 da \u0107e Hristos vaskrsnuti\u201c, isti\u010de Hrva\u0107anin.<\/p>\n<p>On dodaje da Vaskrs nosi i sna\u017enu poruku o opro\u0161taju i pokajanju, vrijednostima koje bi svaki vjernik trebao da njeguje. Kroz pri\u010du o apostolu Petru, koji se iskreno pokajao nakon \u0161to se tri puta odrekao Hrista, Hrva\u0107anin isti\u010de primjer snage iskrenog pokajanja i Bo\u017eije milosti.<\/p>\n<p>\u201eSvi mi grije\u0161imo, ali Gospod nas \u010deka da se vratimo kroz pokajanje. Ne mo\u017eemo o\u010dekivati Bo\u017eiji opro\u0161taj, a da mi jedni drugima ne opra\u0161tamo. Vaskrs nas podsje\u0107a da pra\u0161tanje i l\u0458ubav moraju biti osnova na\u0161eg \u017eivota\u201c, poru\u010duje on.<\/p>\n<p>Pored duhovnog zna\u010daja, Vaskrs se proslavl\u0458a i kroz bogatu narodnu tradiciju i obi\u010daje. Uz bogoslu\u017eenja, vjernici \u0107e praznik do\u010dekati u porodi\u010dnom okru\u017eenju, u miru i radosti, uz tradicionalno farbanje vaskr\u0161njih jaja, koja simbolizuju novi \u017eivot i pobjedu Hristovu.<\/p>\n<p>\u201eJaje je simbol vaskrsenja i novog \u017eivota koji nam Hristos donosi, jer je vaskrsenjem pobijedio grijeh, smrt i \u0111avola, otvorio vrata raja i donio \u010dovjeku mogu\u0107nost spasenja i okajanja grijeha koje nosimo jo\u0161 od vremena na\u0161ih praroditel\u0458a Adama i Eve\u201c, poja\u0161njava protonamjesnik.<\/p>\n<p>Povodom predstoje\u0107eg praznika, Hrva\u0107anin je uputio \u010destitku svim vjernicima:<\/p>\n<p>\u201eNeka je sre\u0107an i Bogom blagosloven praznik Hristovog vaskrsenja. Neka nas vaskrsli Gospod pomiluje, ukrijepi, obraduje i podari duhovni mir i snagu. Neka ovaj sveti dan do\u010dekamo u molitvi, zajedni\u0161tvu, radosti i miru \u2013 u na\u0161im srcima i domovima. Proslavimo ga u radosti, prije svega duhovnoj, a potom i svakoj drugoj, zajedno sa svojim porodicama i najmilijima. Iznad svega, neka radost Vaskrsa ispuni na\u0161a srca i podsjeti nas na snagu vjere, nade i l\u0458ubavi. \u2018Hristos vaskrse \u2013 Vaistinu vaskrse!\u2019\u201d<\/p>\n<p><strong><a href=\"https:\/\/kozarski.com\/vaskrs-praznik-nade-i-prastanja\/\" rel=\"noopener\" target=\"_blank\">kozarski.com<\/a><\/strong><\/p>\n","protected":false},"excerpt":{"rendered":"<p>Pravoslavni vjernici \u0161irom svijeta pripremaju se za do\u010dek Vaskrsa, najve\u0107eg i najradosnijeg hri\u0161\u0107anskog praznika, koji ove godine pada u nedjel\u0458u, 20. aprila. Ovaj praznik obil\u0458e\u017eava Hristovo vaskrsenje i nosi sna\u017enu [&hellip;]<\/p>\n","protected":false},"author":1,"featured_media":0,"comment_status":"closed","ping_status":"open","sticky":false,"template":"","format":"standard","meta":{"_monsterinsights_skip_tracking":false,"_monsterinsights_sitenote_active":false,"_monsterinsights_sitenote_note":"","_monsterinsights_sitenote_category":0,"footnotes":""},"categories":[3],"tags":[],"yoast_head":"<!-- This site is optimized with the Yoast SEO plugin v21.6 - https:\/\/yoast.com\/wordpress\/plugins\/seo\/ -->\n<title>Vaskrs, praznik nade i pra\u0161tanja - PrijedorDanas.com - Prijedorski gradski portal<\/title>\n<meta name=\"robots\" content=\"index, follow, max-snippet:-1, max-image-preview:large, max-video-preview:-1\" \/>\n<link rel=\"canonical\" href=\"https:\/\/www.prijedordanas.com\/?p=245785\" \/>\n<meta property=\"og:locale\" content=\"en_US\" \/>\n<meta property=\"og:type\" content=\"article\" \/>\n<meta property=\"og:title\" content=\"Vaskrs, praznik nade i pra\u0161tanja - PrijedorDanas.com - Prijedorski gradski portal\" \/>\n<meta property=\"og:description\" content=\"Pravoslavni vjernici \u0161irom svijeta pripremaju se za do\u010dek Vaskrsa, najve\u0107eg i najradosnijeg hri\u0161\u0107anskog praznika, koji ove godine pada u nedjel\u0458u, 20. aprila. Ovaj praznik obil\u0458e\u017eava Hristovo vaskrsenje i nosi sna\u017enu [&hellip;]\" \/>\n<meta property=\"og:url\" content=\"https:\/\/www.prijedordanas.com\/?p=245785\" \/>\n<meta property=\"og:site_name\" content=\"PrijedorDanas.com - Prijedorski gradski portal\" \/>\n<meta property=\"article:publisher\" content=\"https:\/\/www.facebook.com\/PrijedorDanasCom\/\" \/>\n<meta property=\"article:published_time\" content=\"2025-04-20T10:40:22+00:00\" \/>\n<meta property=\"og:image\" content=\"https:\/\/www.prijedordanas.com\/wp-content\/uploads\/2025\/04\/kozarski-hrvacanin-vaskrs-300x225.jpg\" \/>\n<meta name=\"author\" content=\"admin\" \/>\n<meta name=\"twitter:card\" content=\"summary_large_image\" \/>\n<meta name=\"twitter:label1\" content=\"Written by\" \/>\n\t<meta name=\"twitter:data1\" content=\"admin\" \/>\n<script type=\"application\/ld+json\" class=\"yoast-schema-graph\">{\"@context\":\"https:\/\/schema.org\",\"@graph\":[{\"@type\":\"Article\",\"@id\":\"https:\/\/www.prijedordanas.com\/?p=245785#article\",\"isPartOf\":{\"@id\":\"https:\/\/www.prijedordanas.com\/?p=245785\"},\"author\":{\"name\":\"admin\",\"@id\":\"https:\/\/www.prijedordanas.com\/#\/schema\/person\/4e08ccf29b506ca916ff86d46bb700e6\"},\"headline\":\"Vaskrs, praznik nade i pra\u0161tanja\",\"datePublished\":\"2025-04-20T10:40:22+00:00\",\"dateModified\":\"2025-04-20T10:40:22+00:00\",\"mainEntityOfPage\":{\"@id\":\"https:\/\/www.prijedordanas.com\/?p=245785\"},\"wordCount\":489,\"publisher\":{\"@id\":\"https:\/\/www.prijedordanas.com\/#organization\"},\"articleSection\":[\"\u017divot\"],\"inLanguage\":\"en-US\"},{\"@type\":\"WebPage\",\"@id\":\"https:\/\/www.prijedordanas.com\/?p=245785\",\"url\":\"https:\/\/www.prijedordanas.com\/?p=245785\",\"name\":\"Vaskrs, praznik nade i pra\u0161tanja - PrijedorDanas.com - Prijedorski gradski portal\",\"isPartOf\":{\"@id\":\"https:\/\/www.prijedordanas.com\/#website\"},\"datePublished\":\"2025-04-20T10:40:22+00:00\",\"dateModified\":\"2025-04-20T10:40:22+00:00\",\"breadcrumb\":{\"@id\":\"https:\/\/www.prijedordanas.com\/?p=245785#breadcrumb\"},\"inLanguage\":\"en-US\",\"potentialAction\":[{\"@type\":\"ReadAction\",\"target\":[\"https:\/\/www.prijedordanas.com\/?p=245785\"]}]},{\"@type\":\"BreadcrumbList\",\"@id\":\"https:\/\/www.prijedordanas.com\/?p=245785#breadcrumb\",\"itemListElement\":[{\"@type\":\"ListItem\",\"position\":1,\"name\":\"Home\",\"item\":\"https:\/\/www.prijedordanas.com\/\"},{\"@type\":\"ListItem\",\"position\":2,\"name\":\"Vaskrs, praznik nade i pra\u0161tanja\"}]},{\"@type\":\"WebSite\",\"@id\":\"https:\/\/www.prijedordanas.com\/#website\",\"url\":\"https:\/\/www.prijedordanas.com\/\",\"name\":\"PrijedorDanas.com - Prijedorski gradski portal\",\"description\":\"Portal o doga\u0111anjima u gradu Prijedoru\",\"publisher\":{\"@id\":\"https:\/\/www.prijedordanas.com\/#organization\"},\"potentialAction\":[{\"@type\":\"SearchAction\",\"target\":{\"@type\":\"EntryPoint\",\"urlTemplate\":\"https:\/\/www.prijedordanas.com\/?s={search_term_string}\"},\"query-input\":\"required name=search_term_string\"}],\"inLanguage\":\"en-US\"},{\"@type\":\"Organization\",\"@id\":\"https:\/\/www.prijedordanas.com\/#organization\",\"name\":\"PrijedorDanas.com\",\"url\":\"https:\/\/www.prijedordanas.com\/\",\"logo\":{\"@type\":\"ImageObject\",\"inLanguage\":\"en-US\",\"@id\":\"https:\/\/www.prijedordanas.com\/#\/schema\/logo\/image\/\",\"url\":\"http:\/\/www.prijedordanas.com\/wp-content\/uploads\/2021\/12\/logopng.png\",\"contentUrl\":\"http:\/\/www.prijedordanas.com\/wp-content\/uploads\/2021\/12\/logopng.png\",\"width\":1019,\"height\":776,\"caption\":\"PrijedorDanas.com\"},\"image\":{\"@id\":\"https:\/\/www.prijedordanas.com\/#\/schema\/logo\/image\/\"},\"sameAs\":[\"https:\/\/www.facebook.com\/PrijedorDanasCom\/\"]},{\"@type\":\"Person\",\"@id\":\"https:\/\/www.prijedordanas.com\/#\/schema\/person\/4e08ccf29b506ca916ff86d46bb700e6\",\"name\":\"admin\",\"image\":{\"@type\":\"ImageObject\",\"inLanguage\":\"en-US\",\"@id\":\"https:\/\/www.prijedordanas.com\/#\/schema\/person\/image\/\",\"url\":\"https:\/\/secure.gravatar.com\/avatar\/1d3fc949d550f0b53a5f0d51e06dfd79?s=96&d=mm&r=g\",\"contentUrl\":\"https:\/\/secure.gravatar.com\/avatar\/1d3fc949d550f0b53a5f0d51e06dfd79?s=96&d=mm&r=g\",\"caption\":\"admin\"},\"url\":\"https:\/\/www.prijedordanas.com\/?author=1\"}]}<\/script>\n<!-- \/ Yoast SEO plugin. -->","yoast_head_json":{"title":"Vaskrs, praznik nade i pra\u0161tanja - PrijedorDanas.com - Prijedorski gradski portal","robots":{"index":"index","follow":"follow","max-snippet":"max-snippet:-1","max-image-preview":"max-image-preview:large","max-video-preview":"max-video-preview:-1"},"canonical":"https:\/\/www.prijedordanas.com\/?p=245785","og_locale":"en_US","og_type":"article","og_title":"Vaskrs, praznik nade i pra\u0161tanja - PrijedorDanas.com - Prijedorski gradski portal","og_description":"Pravoslavni vjernici \u0161irom svijeta pripremaju se za do\u010dek Vaskrsa, najve\u0107eg i najradosnijeg hri\u0161\u0107anskog praznika, koji ove godine pada u nedjel\u0458u, 20. aprila. Ovaj praznik obil\u0458e\u017eava Hristovo vaskrsenje i nosi sna\u017enu [&hellip;]","og_url":"https:\/\/www.prijedordanas.com\/?p=245785","og_site_name":"PrijedorDanas.com - Prijedorski gradski portal","article_publisher":"https:\/\/www.facebook.com\/PrijedorDanasCom\/","article_published_time":"2025-04-20T10:40:22+00:00","og_image":[{"url":"https:\/\/www.prijedordanas.com\/wp-content\/uploads\/2025\/04\/kozarski-hrvacanin-vaskrs-300x225.jpg"}],"author":"admin","twitter_card":"summary_large_image","twitter_misc":{"Written by":"admin"},"schema":{"@context":"https:\/\/schema.org","@graph":[{"@type":"Article","@id":"https:\/\/www.prijedordanas.com\/?p=245785#article","isPartOf":{"@id":"https:\/\/www.prijedordanas.com\/?p=245785"},"author":{"name":"admin","@id":"https:\/\/www.prijedordanas.com\/#\/schema\/person\/4e08ccf29b506ca916ff86d46bb700e6"},"headline":"Vaskrs, praznik nade i pra\u0161tanja","datePublished":"2025-04-20T10:40:22+00:00","dateModified":"2025-04-20T10:40:22+00:00","mainEntityOfPage":{"@id":"https:\/\/www.prijedordanas.com\/?p=245785"},"wordCount":489,"publisher":{"@id":"https:\/\/www.prijedordanas.com\/#organization"},"articleSection":["\u017divot"],"inLanguage":"en-US"},{"@type":"WebPage","@id":"https:\/\/www.prijedordanas.com\/?p=245785","url":"https:\/\/www.prijedordanas.com\/?p=245785","name":"Vaskrs, praznik nade i pra\u0161tanja - PrijedorDanas.com - Prijedorski gradski portal","isPartOf":{"@id":"https:\/\/www.prijedordanas.com\/#website"},"datePublished":"2025-04-20T10:40:22+00:00","dateModified":"2025-04-20T10:40:22+00:00","breadcrumb":{"@id":"https:\/\/www.prijedordanas.com\/?p=245785#breadcrumb"},"inLanguage":"en-US","potentialAction":[{"@type":"ReadAction","target":["https:\/\/www.prijedordanas.com\/?p=245785"]}]},{"@type":"BreadcrumbList","@id":"https:\/\/www.prijedordanas.com\/?p=245785#breadcrumb","itemListElement":[{"@type":"ListItem","position":1,"name":"Home","item":"https:\/\/www.prijedordanas.com\/"},{"@type":"ListItem","position":2,"name":"Vaskrs, praznik nade i pra\u0161tanja"}]},{"@type":"WebSite","@id":"https:\/\/www.prijedordanas.com\/#website","url":"https:\/\/www.prijedordanas.com\/","name":"PrijedorDanas.com - Prijedorski gradski portal","description":"Portal o doga\u0111anjima u gradu Prijedoru","publisher":{"@id":"https:\/\/www.prijedordanas.com\/#organization"},"potentialAction":[{"@type":"SearchAction","target":{"@type":"EntryPoint","urlTemplate":"https:\/\/www.prijedordanas.com\/?s={search_term_string}"},"query-input":"required name=search_term_string"}],"inLanguage":"en-US"},{"@type":"Organization","@id":"https:\/\/www.prijedordanas.com\/#organization","name":"PrijedorDanas.com","url":"https:\/\/www.prijedordanas.com\/","logo":{"@type":"ImageObject","inLanguage":"en-US","@id":"https:\/\/www.prijedordanas.com\/#\/schema\/logo\/image\/","url":"http:\/\/www.prijedordanas.com\/wp-content\/uploads\/2021\/12\/logopng.png","contentUrl":"http:\/\/www.prijedordanas.com\/wp-content\/uploads\/2021\/12\/logopng.png","width":1019,"height":776,"caption":"PrijedorDanas.com"},"image":{"@id":"https:\/\/www.prijedordanas.com\/#\/schema\/logo\/image\/"},"sameAs":["https:\/\/www.facebook.com\/PrijedorDanasCom\/"]},{"@type":"Person","@id":"https:\/\/www.prijedordanas.com\/#\/schema\/person\/4e08ccf29b506ca916ff86d46bb700e6","name":"admin","image":{"@type":"ImageObject","inLanguage":"en-US","@id":"https:\/\/www.prijedordanas.com\/#\/schema\/person\/image\/","url":"https:\/\/secure.gravatar.com\/avatar\/1d3fc949d550f0b53a5f0d51e06dfd79?s=96&d=mm&r=g","contentUrl":"https:\/\/secure.gravatar.com\/avatar\/1d3fc949d550f0b53a5f0d51e06dfd79?s=96&d=mm&r=g","caption":"admin"},"url":"https:\/\/www.prijedordanas.com\/?author=1"}]}},"_links":{"self":[{"href":"https:\/\/www.prijedordanas.com\/index.php?rest_route=\/wp\/v2\/posts\/245785"}],"collection":[{"href":"https:\/\/www.prijedordanas.com\/index.php?rest_route=\/wp\/v2\/posts"}],"about":[{"href":"https:\/\/www.prijedordanas.com\/index.php?rest_route=\/wp\/v2\/types\/post"}],"author":[{"embeddable":true,"href":"https:\/\/www.prijedordanas.com\/index.php?rest_route=\/wp\/v2\/users\/1"}],"replies":[{"embeddable":true,"href":"https:\/\/www.prijedordanas.com\/index.php?rest_route=%2Fwp%2Fv2%2Fcomments&post=245785"}],"version-history":[{"count":1,"href":"https:\/\/www.prijedordanas.com\/index.php?rest_route=\/wp\/v2\/posts\/245785\/revisions"}],"predecessor-version":[{"id":245787,"href":"https:\/\/www.prijedordanas.com\/index.php?rest_route=\/wp\/v2\/posts\/245785\/revisions\/245787"}],"wp:attachment":[{"href":"https:\/\/www.prijedordanas.com\/index.php?rest_route=%2Fwp%2Fv2%2Fmedia&parent=245785"}],"wp:term":[{"taxonomy":"category","embeddable":true,"href":"https:\/\/www.prijedordanas.com\/index.php?rest_route=%2Fwp%2Fv2%2Fcategories&post=245785"},{"taxonomy":"post_tag","embeddable":true,"href":"https:\/\/www.prijedordanas.com\/index.php?rest_route=%2Fwp%2Fv2%2Ftags&post=245785"}],"curies":[{"name":"wp","href":"https:\/\/api.w.org\/{rel}","templated":true}]}}