{"id":245693,"date":"2025-04-19T08:15:06","date_gmt":"2025-04-19T06:15:06","guid":{"rendered":"https:\/\/www.prijedordanas.com\/?p=245693"},"modified":"2025-04-19T08:15:06","modified_gmt":"2025-04-19T06:15:06","slug":"ove-subote-peti-gradanski-protest-ustanak-za-opstanak-u-prijedoru-borba-za-bukovu-kosu-i-zastitu-prirode-se-nastavlja","status":"publish","type":"post","link":"https:\/\/www.prijedordanas.com\/?p=245693","title":{"rendered":"Ove subote peti gra\u0111anski protest &#8220;Ustanak za opstanak&#8221; u Prijedoru \u2013 borba za Bukovu Kosu i za\u0161titu prirode se nastavlja"},"content":{"rendered":"<p><a href=\"https:\/\/www.prijedordanas.com\/wp-content\/uploads\/2025\/04\/ustanak-za-opstanak-19april.jpg\"><img loading=\"lazy\" decoding=\"async\" src=\"https:\/\/www.prijedordanas.com\/wp-content\/uploads\/2025\/04\/ustanak-za-opstanak-19april-208x300.jpg\" alt=\"\" width=\"208\" height=\"300\" class=\"alignleft size-medium wp-image-245694\" srcset=\"https:\/\/www.prijedordanas.com\/wp-content\/uploads\/2025\/04\/ustanak-za-opstanak-19april-208x300.jpg 208w, https:\/\/www.prijedordanas.com\/wp-content\/uploads\/2025\/04\/ustanak-za-opstanak-19april.jpg 450w\" sizes=\"(max-width: 208px) 100vw, 208px\" \/><\/a>U subotu, 19. aprila, na Trgu majora Zorana Karlice u Prijedoru bi\u0107e odr\u017ean peti po redu gra\u0111anski protest pod nazivom \u201eUstanak za opstanak\u201c, u organizaciji inicijative &#8220;Prijedor se budi!&#8221;.<\/p>\n<p>Okupljanje po\u010dinje ta\u010dno u 11:55 sati, a cilj protesta ostaje isti \u2013 za\u0161tita \u017eivota, zdravlja i prirodnog okru\u017eenja gra\u0111ana ovog kraja.<\/p>\n<p>Protest \u0107e zapo\u010deti obra\u0107anjem \u010dlanova inicijative, koji \u0107e javnost informisati o dosada\u0161njim koracima i pokrenutim procesima u vezi sa spornim pitanjem rudnika uglja na Bukovoj Kosi. Nakon obra\u0107anja planirana je mirna \u0161etnja kroz grad.<\/p>\n<p>Organizatori najavljuju da \u0107e prije po\u010detka protesta \u010dlanovi inicijative biti dostupni za izjave medijima.<\/p>\n<p>Klju\u010dni zahtjevi protesta<br \/>\nGra\u0111ani i aktivisti okupljeni oko inicijative \u201ePrijedor se budi!\u201c ponovo isti\u010du niz zahtjeva koje smatraju klju\u010dnim za opstanak lokalnog stanovni\u0161tva i za\u0161titu prirode:<br \/>\n-Hitno zatvaranje rudnika uglja na Bukovoj Kosi<br \/>\n-Rekultivacija eksploatisanog zemlji\u0161ta u Bukovoj Kosi i Bistrici<br \/>\n-Obezbje\u0111ivanje pitke vode za mje\u0161tane Bukove Kose<br \/>\n-Trajno rje\u0161avanje problema poplava<br \/>\n-Po\u0161umljavanje priobalja rijeka<br \/>\n-Sanacija ribnjaka u Sani\u010danima<\/p>\n<p>Organizatori pozivaju sve gra\u0111ane da se pridru\u017ee mirnom protestu i daju podr\u0161ku borbi za o\u010duvanje prirodnih resursa, zdravu \u017eivotnu sredinu i dostojanstven \u017eivot ljudi u ovom dijelu Bosne i Hercegovine.<\/p>\n<p><a href=\"https:\/\/mondo.ba\/Info\/Drustvo\/a1376739\/protest-protiv-rudnika-u-bukovoj-kosi.html\" rel=\"noopener\" target=\"_blank\">mondo.ba<\/a><\/p>\n","protected":false},"excerpt":{"rendered":"<p>U subotu, 19. aprila, na Trgu majora Zorana Karlice u Prijedoru bi\u0107e odr\u017ean peti po redu gra\u0111anski protest pod nazivom \u201eUstanak za opstanak\u201c, u organizaciji inicijative &#8220;Prijedor se budi!&#8221;. Okupljanje [&hellip;]<\/p>\n","protected":false},"author":1,"featured_media":0,"comment_status":"closed","ping_status":"open","sticky":false,"template":"","format":"standard","meta":{"_monsterinsights_skip_tracking":false,"_monsterinsights_sitenote_active":false,"_monsterinsights_sitenote_note":"","_monsterinsights_sitenote_category":0,"footnotes":""},"categories":[4],"tags":[],"yoast_head":"<!-- This site is optimized with the Yoast SEO plugin v21.6 - https:\/\/yoast.com\/wordpress\/plugins\/seo\/ -->\n<title>Ove subote peti gra\u0111anski protest &quot;Ustanak za opstanak&quot; u Prijedoru \u2013 borba za Bukovu Kosu i za\u0161titu prirode se nastavlja - PrijedorDanas.com - Prijedorski gradski portal<\/title>\n<meta name=\"robots\" content=\"index, follow, max-snippet:-1, max-image-preview:large, max-video-preview:-1\" \/>\n<link rel=\"canonical\" href=\"https:\/\/www.prijedordanas.com\/?p=245693\" \/>\n<meta property=\"og:locale\" content=\"en_US\" \/>\n<meta property=\"og:type\" content=\"article\" \/>\n<meta property=\"og:title\" content=\"Ove subote peti gra\u0111anski protest &quot;Ustanak za opstanak&quot; u Prijedoru \u2013 borba za Bukovu Kosu i za\u0161titu prirode se nastavlja - PrijedorDanas.com - Prijedorski gradski portal\" \/>\n<meta property=\"og:description\" content=\"U subotu, 19. aprila, na Trgu majora Zorana Karlice u Prijedoru bi\u0107e odr\u017ean peti po redu gra\u0111anski protest pod nazivom \u201eUstanak za opstanak\u201c, u organizaciji inicijative &#8220;Prijedor se budi!&#8221;. Okupljanje [&hellip;]\" \/>\n<meta property=\"og:url\" content=\"https:\/\/www.prijedordanas.com\/?p=245693\" \/>\n<meta property=\"og:site_name\" content=\"PrijedorDanas.com - Prijedorski gradski portal\" \/>\n<meta property=\"article:publisher\" content=\"https:\/\/www.facebook.com\/PrijedorDanasCom\/\" \/>\n<meta property=\"article:published_time\" content=\"2025-04-19T06:15:06+00:00\" \/>\n<meta property=\"og:image\" content=\"https:\/\/www.prijedordanas.com\/wp-content\/uploads\/2025\/04\/ustanak-za-opstanak-19april-208x300.jpg\" \/>\n<meta name=\"author\" content=\"admin\" \/>\n<meta name=\"twitter:card\" content=\"summary_large_image\" \/>\n<meta name=\"twitter:label1\" content=\"Written by\" \/>\n\t<meta name=\"twitter:data1\" content=\"admin\" \/>\n<script type=\"application\/ld+json\" class=\"yoast-schema-graph\">{\"@context\":\"https:\/\/schema.org\",\"@graph\":[{\"@type\":\"Article\",\"@id\":\"https:\/\/www.prijedordanas.com\/?p=245693#article\",\"isPartOf\":{\"@id\":\"https:\/\/www.prijedordanas.com\/?p=245693\"},\"author\":{\"name\":\"admin\",\"@id\":\"https:\/\/www.prijedordanas.com\/#\/schema\/person\/4e08ccf29b506ca916ff86d46bb700e6\"},\"headline\":\"Ove subote peti gra\u0111anski protest &#8220;Ustanak za opstanak&#8221; u Prijedoru \u2013 borba za Bukovu Kosu i za\u0161titu prirode se nastavlja\",\"datePublished\":\"2025-04-19T06:15:06+00:00\",\"dateModified\":\"2025-04-19T06:15:06+00:00\",\"mainEntityOfPage\":{\"@id\":\"https:\/\/www.prijedordanas.com\/?p=245693\"},\"wordCount\":236,\"publisher\":{\"@id\":\"https:\/\/www.prijedordanas.com\/#organization\"},\"articleSection\":[\"Dru\u0161tvo\"],\"inLanguage\":\"en-US\"},{\"@type\":\"WebPage\",\"@id\":\"https:\/\/www.prijedordanas.com\/?p=245693\",\"url\":\"https:\/\/www.prijedordanas.com\/?p=245693\",\"name\":\"Ove subote peti gra\u0111anski protest \\\"Ustanak za opstanak\\\" u Prijedoru \u2013 borba za Bukovu Kosu i za\u0161titu prirode se nastavlja - PrijedorDanas.com - Prijedorski gradski portal\",\"isPartOf\":{\"@id\":\"https:\/\/www.prijedordanas.com\/#website\"},\"datePublished\":\"2025-04-19T06:15:06+00:00\",\"dateModified\":\"2025-04-19T06:15:06+00:00\",\"breadcrumb\":{\"@id\":\"https:\/\/www.prijedordanas.com\/?p=245693#breadcrumb\"},\"inLanguage\":\"en-US\",\"potentialAction\":[{\"@type\":\"ReadAction\",\"target\":[\"https:\/\/www.prijedordanas.com\/?p=245693\"]}]},{\"@type\":\"BreadcrumbList\",\"@id\":\"https:\/\/www.prijedordanas.com\/?p=245693#breadcrumb\",\"itemListElement\":[{\"@type\":\"ListItem\",\"position\":1,\"name\":\"Home\",\"item\":\"https:\/\/www.prijedordanas.com\/\"},{\"@type\":\"ListItem\",\"position\":2,\"name\":\"Ove subote peti gra\u0111anski protest &#8220;Ustanak za opstanak&#8221; u Prijedoru \u2013 borba za Bukovu Kosu i za\u0161titu prirode se nastavlja\"}]},{\"@type\":\"WebSite\",\"@id\":\"https:\/\/www.prijedordanas.com\/#website\",\"url\":\"https:\/\/www.prijedordanas.com\/\",\"name\":\"PrijedorDanas.com - Prijedorski gradski portal\",\"description\":\"Portal o doga\u0111anjima u gradu Prijedoru\",\"publisher\":{\"@id\":\"https:\/\/www.prijedordanas.com\/#organization\"},\"potentialAction\":[{\"@type\":\"SearchAction\",\"target\":{\"@type\":\"EntryPoint\",\"urlTemplate\":\"https:\/\/www.prijedordanas.com\/?s={search_term_string}\"},\"query-input\":\"required name=search_term_string\"}],\"inLanguage\":\"en-US\"},{\"@type\":\"Organization\",\"@id\":\"https:\/\/www.prijedordanas.com\/#organization\",\"name\":\"PrijedorDanas.com\",\"url\":\"https:\/\/www.prijedordanas.com\/\",\"logo\":{\"@type\":\"ImageObject\",\"inLanguage\":\"en-US\",\"@id\":\"https:\/\/www.prijedordanas.com\/#\/schema\/logo\/image\/\",\"url\":\"http:\/\/www.prijedordanas.com\/wp-content\/uploads\/2021\/12\/logopng.png\",\"contentUrl\":\"http:\/\/www.prijedordanas.com\/wp-content\/uploads\/2021\/12\/logopng.png\",\"width\":1019,\"height\":776,\"caption\":\"PrijedorDanas.com\"},\"image\":{\"@id\":\"https:\/\/www.prijedordanas.com\/#\/schema\/logo\/image\/\"},\"sameAs\":[\"https:\/\/www.facebook.com\/PrijedorDanasCom\/\"]},{\"@type\":\"Person\",\"@id\":\"https:\/\/www.prijedordanas.com\/#\/schema\/person\/4e08ccf29b506ca916ff86d46bb700e6\",\"name\":\"admin\",\"image\":{\"@type\":\"ImageObject\",\"inLanguage\":\"en-US\",\"@id\":\"https:\/\/www.prijedordanas.com\/#\/schema\/person\/image\/\",\"url\":\"https:\/\/secure.gravatar.com\/avatar\/1d3fc949d550f0b53a5f0d51e06dfd79?s=96&d=mm&r=g\",\"contentUrl\":\"https:\/\/secure.gravatar.com\/avatar\/1d3fc949d550f0b53a5f0d51e06dfd79?s=96&d=mm&r=g\",\"caption\":\"admin\"},\"url\":\"https:\/\/www.prijedordanas.com\/?author=1\"}]}<\/script>\n<!-- \/ Yoast SEO plugin. -->","yoast_head_json":{"title":"Ove subote peti gra\u0111anski protest \"Ustanak za opstanak\" u Prijedoru \u2013 borba za Bukovu Kosu i za\u0161titu prirode se nastavlja - PrijedorDanas.com - Prijedorski gradski portal","robots":{"index":"index","follow":"follow","max-snippet":"max-snippet:-1","max-image-preview":"max-image-preview:large","max-video-preview":"max-video-preview:-1"},"canonical":"https:\/\/www.prijedordanas.com\/?p=245693","og_locale":"en_US","og_type":"article","og_title":"Ove subote peti gra\u0111anski protest \"Ustanak za opstanak\" u Prijedoru \u2013 borba za Bukovu Kosu i za\u0161titu prirode se nastavlja - PrijedorDanas.com - Prijedorski gradski portal","og_description":"U subotu, 19. aprila, na Trgu majora Zorana Karlice u Prijedoru bi\u0107e odr\u017ean peti po redu gra\u0111anski protest pod nazivom \u201eUstanak za opstanak\u201c, u organizaciji inicijative &#8220;Prijedor se budi!&#8221;. Okupljanje [&hellip;]","og_url":"https:\/\/www.prijedordanas.com\/?p=245693","og_site_name":"PrijedorDanas.com - Prijedorski gradski portal","article_publisher":"https:\/\/www.facebook.com\/PrijedorDanasCom\/","article_published_time":"2025-04-19T06:15:06+00:00","og_image":[{"url":"https:\/\/www.prijedordanas.com\/wp-content\/uploads\/2025\/04\/ustanak-za-opstanak-19april-208x300.jpg"}],"author":"admin","twitter_card":"summary_large_image","twitter_misc":{"Written by":"admin"},"schema":{"@context":"https:\/\/schema.org","@graph":[{"@type":"Article","@id":"https:\/\/www.prijedordanas.com\/?p=245693#article","isPartOf":{"@id":"https:\/\/www.prijedordanas.com\/?p=245693"},"author":{"name":"admin","@id":"https:\/\/www.prijedordanas.com\/#\/schema\/person\/4e08ccf29b506ca916ff86d46bb700e6"},"headline":"Ove subote peti gra\u0111anski protest &#8220;Ustanak za opstanak&#8221; u Prijedoru \u2013 borba za Bukovu Kosu i za\u0161titu prirode se nastavlja","datePublished":"2025-04-19T06:15:06+00:00","dateModified":"2025-04-19T06:15:06+00:00","mainEntityOfPage":{"@id":"https:\/\/www.prijedordanas.com\/?p=245693"},"wordCount":236,"publisher":{"@id":"https:\/\/www.prijedordanas.com\/#organization"},"articleSection":["Dru\u0161tvo"],"inLanguage":"en-US"},{"@type":"WebPage","@id":"https:\/\/www.prijedordanas.com\/?p=245693","url":"https:\/\/www.prijedordanas.com\/?p=245693","name":"Ove subote peti gra\u0111anski protest \"Ustanak za opstanak\" u Prijedoru \u2013 borba za Bukovu Kosu i za\u0161titu prirode se nastavlja - PrijedorDanas.com - Prijedorski gradski portal","isPartOf":{"@id":"https:\/\/www.prijedordanas.com\/#website"},"datePublished":"2025-04-19T06:15:06+00:00","dateModified":"2025-04-19T06:15:06+00:00","breadcrumb":{"@id":"https:\/\/www.prijedordanas.com\/?p=245693#breadcrumb"},"inLanguage":"en-US","potentialAction":[{"@type":"ReadAction","target":["https:\/\/www.prijedordanas.com\/?p=245693"]}]},{"@type":"BreadcrumbList","@id":"https:\/\/www.prijedordanas.com\/?p=245693#breadcrumb","itemListElement":[{"@type":"ListItem","position":1,"name":"Home","item":"https:\/\/www.prijedordanas.com\/"},{"@type":"ListItem","position":2,"name":"Ove subote peti gra\u0111anski protest &#8220;Ustanak za opstanak&#8221; u Prijedoru \u2013 borba za Bukovu Kosu i za\u0161titu prirode se nastavlja"}]},{"@type":"WebSite","@id":"https:\/\/www.prijedordanas.com\/#website","url":"https:\/\/www.prijedordanas.com\/","name":"PrijedorDanas.com - Prijedorski gradski portal","description":"Portal o doga\u0111anjima u gradu Prijedoru","publisher":{"@id":"https:\/\/www.prijedordanas.com\/#organization"},"potentialAction":[{"@type":"SearchAction","target":{"@type":"EntryPoint","urlTemplate":"https:\/\/www.prijedordanas.com\/?s={search_term_string}"},"query-input":"required name=search_term_string"}],"inLanguage":"en-US"},{"@type":"Organization","@id":"https:\/\/www.prijedordanas.com\/#organization","name":"PrijedorDanas.com","url":"https:\/\/www.prijedordanas.com\/","logo":{"@type":"ImageObject","inLanguage":"en-US","@id":"https:\/\/www.prijedordanas.com\/#\/schema\/logo\/image\/","url":"http:\/\/www.prijedordanas.com\/wp-content\/uploads\/2021\/12\/logopng.png","contentUrl":"http:\/\/www.prijedordanas.com\/wp-content\/uploads\/2021\/12\/logopng.png","width":1019,"height":776,"caption":"PrijedorDanas.com"},"image":{"@id":"https:\/\/www.prijedordanas.com\/#\/schema\/logo\/image\/"},"sameAs":["https:\/\/www.facebook.com\/PrijedorDanasCom\/"]},{"@type":"Person","@id":"https:\/\/www.prijedordanas.com\/#\/schema\/person\/4e08ccf29b506ca916ff86d46bb700e6","name":"admin","image":{"@type":"ImageObject","inLanguage":"en-US","@id":"https:\/\/www.prijedordanas.com\/#\/schema\/person\/image\/","url":"https:\/\/secure.gravatar.com\/avatar\/1d3fc949d550f0b53a5f0d51e06dfd79?s=96&d=mm&r=g","contentUrl":"https:\/\/secure.gravatar.com\/avatar\/1d3fc949d550f0b53a5f0d51e06dfd79?s=96&d=mm&r=g","caption":"admin"},"url":"https:\/\/www.prijedordanas.com\/?author=1"}]}},"_links":{"self":[{"href":"https:\/\/www.prijedordanas.com\/index.php?rest_route=\/wp\/v2\/posts\/245693"}],"collection":[{"href":"https:\/\/www.prijedordanas.com\/index.php?rest_route=\/wp\/v2\/posts"}],"about":[{"href":"https:\/\/www.prijedordanas.com\/index.php?rest_route=\/wp\/v2\/types\/post"}],"author":[{"embeddable":true,"href":"https:\/\/www.prijedordanas.com\/index.php?rest_route=\/wp\/v2\/users\/1"}],"replies":[{"embeddable":true,"href":"https:\/\/www.prijedordanas.com\/index.php?rest_route=%2Fwp%2Fv2%2Fcomments&post=245693"}],"version-history":[{"count":1,"href":"https:\/\/www.prijedordanas.com\/index.php?rest_route=\/wp\/v2\/posts\/245693\/revisions"}],"predecessor-version":[{"id":245695,"href":"https:\/\/www.prijedordanas.com\/index.php?rest_route=\/wp\/v2\/posts\/245693\/revisions\/245695"}],"wp:attachment":[{"href":"https:\/\/www.prijedordanas.com\/index.php?rest_route=%2Fwp%2Fv2%2Fmedia&parent=245693"}],"wp:term":[{"taxonomy":"category","embeddable":true,"href":"https:\/\/www.prijedordanas.com\/index.php?rest_route=%2Fwp%2Fv2%2Fcategories&post=245693"},{"taxonomy":"post_tag","embeddable":true,"href":"https:\/\/www.prijedordanas.com\/index.php?rest_route=%2Fwp%2Fv2%2Ftags&post=245693"}],"curies":[{"name":"wp","href":"https:\/\/api.w.org\/{rel}","templated":true}]}}