{"id":24561,"date":"2015-06-19T13:56:06","date_gmt":"2015-06-19T12:56:06","guid":{"rendered":"https:\/\/www.prijedordanas.com\/?p=24561"},"modified":"2015-06-19T13:56:06","modified_gmt":"2015-06-19T12:56:06","slug":"veceras-nova-izlozba-u-galeriji-96","status":"publish","type":"post","link":"https:\/\/www.prijedordanas.com\/?p=24561","title":{"rendered":"VE\u010cERAS NOVA IZLO\u017dBA U GALERIJI 96"},"content":{"rendered":"<p><a href=\"https:\/\/www.prijedordanas.com\/wp-content\/uploads\/2015\/06\/galerija96-izlozba-indjic-ruzojcic-babic.jpg\"><img loading=\"lazy\" decoding=\"async\" src=\"https:\/\/www.prijedordanas.com\/wp-content\/uploads\/2015\/06\/galerija96-izlozba-indjic-ruzojcic-babic-229x300.jpg\" alt=\"galerija96-izlozba-indjic-ruzojcic-babic\" width=\"229\" height=\"300\" class=\"alignleft size-medium wp-image-24562\" srcset=\"https:\/\/www.prijedordanas.com\/wp-content\/uploads\/2015\/06\/galerija96-izlozba-indjic-ruzojcic-babic-229x300.jpg 229w, https:\/\/www.prijedordanas.com\/wp-content\/uploads\/2015\/06\/galerija96-izlozba-indjic-ruzojcic-babic.jpg 458w\" sizes=\"(max-width: 229px) 100vw, 229px\" \/><\/a>Od osnivanja Akademije umjetnosti u Banja Luci \u201eGalerija 96\u201c iz Prijedora na kraju \u0161kolske godine nagra\u0111uje najbolje studente grafi\u010dkog odsjeka samostalnom izlo\u017ebom.<\/p>\n<p>Ove godine nagradu su dobili Jelena In\u0111ic\u0301 iz \u0160apca, Jelena Ru\u017eoj\u010dic\u0301 iz Doboja i Bojan Babic\u0301 iz Banjaluke.<\/p>\n<p>Izlo\u017eba c\u0301e biti sve\u010dano otvorena ve\u010deras (petak, 19.6.2015.) u 21 \u010das.<\/p>\n<p>-Ova izlo\u017eba, troje izuzetno darovitih studenata, potvr\u0111uje, da je grafi\u010dki odsjek okosnica banjalu\u010dke likovne akademije. Od godine do godine uo\u010dljiv je napredak, pa su i izlo\u017ebe u na\u0161oj galeriji kvalitetnije i u likovnom i u poetskom i u zanatskom dijelu-rekao je Tihomir Ilija\u0161evi\u0107 najavljuju\u0107i novu izlo\u017ebu.<\/p>\n<p>Galerija 96<\/p>\n","protected":false},"excerpt":{"rendered":"<p>Od osnivanja Akademije umjetnosti u Banja Luci \u201eGalerija 96\u201c iz Prijedora na kraju \u0161kolske godine nagra\u0111uje najbolje studente grafi\u010dkog odsjeka samostalnom izlo\u017ebom. Ove godine nagradu su dobili Jelena In\u0111ic\u0301 iz [&hellip;]<\/p>\n","protected":false},"author":1,"featured_media":0,"comment_status":"closed","ping_status":"open","sticky":false,"template":"","format":"standard","meta":{"_monsterinsights_skip_tracking":false,"_monsterinsights_sitenote_active":false,"_monsterinsights_sitenote_note":"","_monsterinsights_sitenote_category":0,"footnotes":""},"categories":[6],"tags":[81],"yoast_head":"<!-- This site is optimized with the Yoast SEO plugin v21.6 - https:\/\/yoast.com\/wordpress\/plugins\/seo\/ -->\n<title>VE\u010cERAS NOVA IZLO\u017dBA U GALERIJI 96 - PrijedorDanas.com - Prijedorski gradski portal<\/title>\n<meta name=\"robots\" content=\"index, follow, max-snippet:-1, max-image-preview:large, max-video-preview:-1\" \/>\n<link rel=\"canonical\" href=\"https:\/\/www.prijedordanas.com\/?p=24561\" \/>\n<meta property=\"og:locale\" content=\"en_US\" \/>\n<meta property=\"og:type\" content=\"article\" \/>\n<meta property=\"og:title\" content=\"VE\u010cERAS NOVA IZLO\u017dBA U GALERIJI 96 - PrijedorDanas.com - Prijedorski gradski portal\" \/>\n<meta property=\"og:description\" content=\"Od osnivanja Akademije umjetnosti u Banja Luci \u201eGalerija 96\u201c iz Prijedora na kraju \u0161kolske godine nagra\u0111uje najbolje studente grafi\u010dkog odsjeka samostalnom izlo\u017ebom. Ove godine nagradu su dobili Jelena In\u0111ic\u0301 iz [&hellip;]\" \/>\n<meta property=\"og:url\" content=\"https:\/\/www.prijedordanas.com\/?p=24561\" \/>\n<meta property=\"og:site_name\" content=\"PrijedorDanas.com - Prijedorski gradski portal\" \/>\n<meta property=\"article:publisher\" content=\"https:\/\/www.facebook.com\/PrijedorDanasCom\/\" \/>\n<meta property=\"article:published_time\" content=\"2015-06-19T12:56:06+00:00\" \/>\n<meta property=\"og:image\" content=\"https:\/\/www.prijedordanas.com\/wp-content\/uploads\/2015\/06\/galerija96-izlozba-indjic-ruzojcic-babic-229x300.jpg\" \/>\n<meta name=\"author\" content=\"admin\" \/>\n<meta name=\"twitter:card\" content=\"summary_large_image\" \/>\n<meta name=\"twitter:label1\" content=\"Written by\" \/>\n\t<meta name=\"twitter:data1\" content=\"admin\" \/>\n\t<meta name=\"twitter:label2\" content=\"Est. reading time\" \/>\n\t<meta name=\"twitter:data2\" content=\"1 minute\" \/>\n<script type=\"application\/ld+json\" class=\"yoast-schema-graph\">{\"@context\":\"https:\/\/schema.org\",\"@graph\":[{\"@type\":\"Article\",\"@id\":\"https:\/\/www.prijedordanas.com\/?p=24561#article\",\"isPartOf\":{\"@id\":\"https:\/\/www.prijedordanas.com\/?p=24561\"},\"author\":{\"name\":\"admin\",\"@id\":\"https:\/\/www.prijedordanas.com\/#\/schema\/person\/4e08ccf29b506ca916ff86d46bb700e6\"},\"headline\":\"VE\u010cERAS NOVA IZLO\u017dBA U GALERIJI 96\",\"datePublished\":\"2015-06-19T12:56:06+00:00\",\"dateModified\":\"2015-06-19T12:56:06+00:00\",\"mainEntityOfPage\":{\"@id\":\"https:\/\/www.prijedordanas.com\/?p=24561\"},\"wordCount\":122,\"publisher\":{\"@id\":\"https:\/\/www.prijedordanas.com\/#organization\"},\"keywords\":[\"Galerija 96\"],\"articleSection\":[\"Kultura\"],\"inLanguage\":\"en-US\"},{\"@type\":\"WebPage\",\"@id\":\"https:\/\/www.prijedordanas.com\/?p=24561\",\"url\":\"https:\/\/www.prijedordanas.com\/?p=24561\",\"name\":\"VE\u010cERAS NOVA IZLO\u017dBA U GALERIJI 96 - PrijedorDanas.com - Prijedorski gradski portal\",\"isPartOf\":{\"@id\":\"https:\/\/www.prijedordanas.com\/#website\"},\"datePublished\":\"2015-06-19T12:56:06+00:00\",\"dateModified\":\"2015-06-19T12:56:06+00:00\",\"breadcrumb\":{\"@id\":\"https:\/\/www.prijedordanas.com\/?p=24561#breadcrumb\"},\"inLanguage\":\"en-US\",\"potentialAction\":[{\"@type\":\"ReadAction\",\"target\":[\"https:\/\/www.prijedordanas.com\/?p=24561\"]}]},{\"@type\":\"BreadcrumbList\",\"@id\":\"https:\/\/www.prijedordanas.com\/?p=24561#breadcrumb\",\"itemListElement\":[{\"@type\":\"ListItem\",\"position\":1,\"name\":\"Home\",\"item\":\"https:\/\/www.prijedordanas.com\/\"},{\"@type\":\"ListItem\",\"position\":2,\"name\":\"VE\u010cERAS NOVA IZLO\u017dBA U GALERIJI 96\"}]},{\"@type\":\"WebSite\",\"@id\":\"https:\/\/www.prijedordanas.com\/#website\",\"url\":\"https:\/\/www.prijedordanas.com\/\",\"name\":\"PrijedorDanas.com - Prijedorski gradski portal\",\"description\":\"Portal o doga\u0111anjima u gradu Prijedoru\",\"publisher\":{\"@id\":\"https:\/\/www.prijedordanas.com\/#organization\"},\"potentialAction\":[{\"@type\":\"SearchAction\",\"target\":{\"@type\":\"EntryPoint\",\"urlTemplate\":\"https:\/\/www.prijedordanas.com\/?s={search_term_string}\"},\"query-input\":\"required name=search_term_string\"}],\"inLanguage\":\"en-US\"},{\"@type\":\"Organization\",\"@id\":\"https:\/\/www.prijedordanas.com\/#organization\",\"name\":\"PrijedorDanas.com\",\"url\":\"https:\/\/www.prijedordanas.com\/\",\"logo\":{\"@type\":\"ImageObject\",\"inLanguage\":\"en-US\",\"@id\":\"https:\/\/www.prijedordanas.com\/#\/schema\/logo\/image\/\",\"url\":\"http:\/\/www.prijedordanas.com\/wp-content\/uploads\/2021\/12\/logopng.png\",\"contentUrl\":\"http:\/\/www.prijedordanas.com\/wp-content\/uploads\/2021\/12\/logopng.png\",\"width\":1019,\"height\":776,\"caption\":\"PrijedorDanas.com\"},\"image\":{\"@id\":\"https:\/\/www.prijedordanas.com\/#\/schema\/logo\/image\/\"},\"sameAs\":[\"https:\/\/www.facebook.com\/PrijedorDanasCom\/\"]},{\"@type\":\"Person\",\"@id\":\"https:\/\/www.prijedordanas.com\/#\/schema\/person\/4e08ccf29b506ca916ff86d46bb700e6\",\"name\":\"admin\",\"image\":{\"@type\":\"ImageObject\",\"inLanguage\":\"en-US\",\"@id\":\"https:\/\/www.prijedordanas.com\/#\/schema\/person\/image\/\",\"url\":\"https:\/\/secure.gravatar.com\/avatar\/1d3fc949d550f0b53a5f0d51e06dfd79?s=96&d=mm&r=g\",\"contentUrl\":\"https:\/\/secure.gravatar.com\/avatar\/1d3fc949d550f0b53a5f0d51e06dfd79?s=96&d=mm&r=g\",\"caption\":\"admin\"},\"url\":\"https:\/\/www.prijedordanas.com\/?author=1\"}]}<\/script>\n<!-- \/ Yoast SEO plugin. -->","yoast_head_json":{"title":"VE\u010cERAS NOVA IZLO\u017dBA U GALERIJI 96 - PrijedorDanas.com - Prijedorski gradski portal","robots":{"index":"index","follow":"follow","max-snippet":"max-snippet:-1","max-image-preview":"max-image-preview:large","max-video-preview":"max-video-preview:-1"},"canonical":"https:\/\/www.prijedordanas.com\/?p=24561","og_locale":"en_US","og_type":"article","og_title":"VE\u010cERAS NOVA IZLO\u017dBA U GALERIJI 96 - PrijedorDanas.com - Prijedorski gradski portal","og_description":"Od osnivanja Akademije umjetnosti u Banja Luci \u201eGalerija 96\u201c iz Prijedora na kraju \u0161kolske godine nagra\u0111uje najbolje studente grafi\u010dkog odsjeka samostalnom izlo\u017ebom. Ove godine nagradu su dobili Jelena In\u0111ic\u0301 iz [&hellip;]","og_url":"https:\/\/www.prijedordanas.com\/?p=24561","og_site_name":"PrijedorDanas.com - Prijedorski gradski portal","article_publisher":"https:\/\/www.facebook.com\/PrijedorDanasCom\/","article_published_time":"2015-06-19T12:56:06+00:00","og_image":[{"url":"https:\/\/www.prijedordanas.com\/wp-content\/uploads\/2015\/06\/galerija96-izlozba-indjic-ruzojcic-babic-229x300.jpg"}],"author":"admin","twitter_card":"summary_large_image","twitter_misc":{"Written by":"admin","Est. reading time":"1 minute"},"schema":{"@context":"https:\/\/schema.org","@graph":[{"@type":"Article","@id":"https:\/\/www.prijedordanas.com\/?p=24561#article","isPartOf":{"@id":"https:\/\/www.prijedordanas.com\/?p=24561"},"author":{"name":"admin","@id":"https:\/\/www.prijedordanas.com\/#\/schema\/person\/4e08ccf29b506ca916ff86d46bb700e6"},"headline":"VE\u010cERAS NOVA IZLO\u017dBA U GALERIJI 96","datePublished":"2015-06-19T12:56:06+00:00","dateModified":"2015-06-19T12:56:06+00:00","mainEntityOfPage":{"@id":"https:\/\/www.prijedordanas.com\/?p=24561"},"wordCount":122,"publisher":{"@id":"https:\/\/www.prijedordanas.com\/#organization"},"keywords":["Galerija 96"],"articleSection":["Kultura"],"inLanguage":"en-US"},{"@type":"WebPage","@id":"https:\/\/www.prijedordanas.com\/?p=24561","url":"https:\/\/www.prijedordanas.com\/?p=24561","name":"VE\u010cERAS NOVA IZLO\u017dBA U GALERIJI 96 - PrijedorDanas.com - Prijedorski gradski portal","isPartOf":{"@id":"https:\/\/www.prijedordanas.com\/#website"},"datePublished":"2015-06-19T12:56:06+00:00","dateModified":"2015-06-19T12:56:06+00:00","breadcrumb":{"@id":"https:\/\/www.prijedordanas.com\/?p=24561#breadcrumb"},"inLanguage":"en-US","potentialAction":[{"@type":"ReadAction","target":["https:\/\/www.prijedordanas.com\/?p=24561"]}]},{"@type":"BreadcrumbList","@id":"https:\/\/www.prijedordanas.com\/?p=24561#breadcrumb","itemListElement":[{"@type":"ListItem","position":1,"name":"Home","item":"https:\/\/www.prijedordanas.com\/"},{"@type":"ListItem","position":2,"name":"VE\u010cERAS NOVA IZLO\u017dBA U GALERIJI 96"}]},{"@type":"WebSite","@id":"https:\/\/www.prijedordanas.com\/#website","url":"https:\/\/www.prijedordanas.com\/","name":"PrijedorDanas.com - Prijedorski gradski portal","description":"Portal o doga\u0111anjima u gradu Prijedoru","publisher":{"@id":"https:\/\/www.prijedordanas.com\/#organization"},"potentialAction":[{"@type":"SearchAction","target":{"@type":"EntryPoint","urlTemplate":"https:\/\/www.prijedordanas.com\/?s={search_term_string}"},"query-input":"required name=search_term_string"}],"inLanguage":"en-US"},{"@type":"Organization","@id":"https:\/\/www.prijedordanas.com\/#organization","name":"PrijedorDanas.com","url":"https:\/\/www.prijedordanas.com\/","logo":{"@type":"ImageObject","inLanguage":"en-US","@id":"https:\/\/www.prijedordanas.com\/#\/schema\/logo\/image\/","url":"http:\/\/www.prijedordanas.com\/wp-content\/uploads\/2021\/12\/logopng.png","contentUrl":"http:\/\/www.prijedordanas.com\/wp-content\/uploads\/2021\/12\/logopng.png","width":1019,"height":776,"caption":"PrijedorDanas.com"},"image":{"@id":"https:\/\/www.prijedordanas.com\/#\/schema\/logo\/image\/"},"sameAs":["https:\/\/www.facebook.com\/PrijedorDanasCom\/"]},{"@type":"Person","@id":"https:\/\/www.prijedordanas.com\/#\/schema\/person\/4e08ccf29b506ca916ff86d46bb700e6","name":"admin","image":{"@type":"ImageObject","inLanguage":"en-US","@id":"https:\/\/www.prijedordanas.com\/#\/schema\/person\/image\/","url":"https:\/\/secure.gravatar.com\/avatar\/1d3fc949d550f0b53a5f0d51e06dfd79?s=96&d=mm&r=g","contentUrl":"https:\/\/secure.gravatar.com\/avatar\/1d3fc949d550f0b53a5f0d51e06dfd79?s=96&d=mm&r=g","caption":"admin"},"url":"https:\/\/www.prijedordanas.com\/?author=1"}]}},"_links":{"self":[{"href":"https:\/\/www.prijedordanas.com\/index.php?rest_route=\/wp\/v2\/posts\/24561"}],"collection":[{"href":"https:\/\/www.prijedordanas.com\/index.php?rest_route=\/wp\/v2\/posts"}],"about":[{"href":"https:\/\/www.prijedordanas.com\/index.php?rest_route=\/wp\/v2\/types\/post"}],"author":[{"embeddable":true,"href":"https:\/\/www.prijedordanas.com\/index.php?rest_route=\/wp\/v2\/users\/1"}],"replies":[{"embeddable":true,"href":"https:\/\/www.prijedordanas.com\/index.php?rest_route=%2Fwp%2Fv2%2Fcomments&post=24561"}],"version-history":[{"count":1,"href":"https:\/\/www.prijedordanas.com\/index.php?rest_route=\/wp\/v2\/posts\/24561\/revisions"}],"predecessor-version":[{"id":24563,"href":"https:\/\/www.prijedordanas.com\/index.php?rest_route=\/wp\/v2\/posts\/24561\/revisions\/24563"}],"wp:attachment":[{"href":"https:\/\/www.prijedordanas.com\/index.php?rest_route=%2Fwp%2Fv2%2Fmedia&parent=24561"}],"wp:term":[{"taxonomy":"category","embeddable":true,"href":"https:\/\/www.prijedordanas.com\/index.php?rest_route=%2Fwp%2Fv2%2Fcategories&post=24561"},{"taxonomy":"post_tag","embeddable":true,"href":"https:\/\/www.prijedordanas.com\/index.php?rest_route=%2Fwp%2Fv2%2Ftags&post=24561"}],"curies":[{"name":"wp","href":"https:\/\/api.w.org\/{rel}","templated":true}]}}