{"id":245557,"date":"2025-04-16T19:47:36","date_gmt":"2025-04-16T17:47:36","guid":{"rendered":"https:\/\/www.prijedordanas.com\/?p=245557"},"modified":"2025-04-16T19:47:36","modified_gmt":"2025-04-16T17:47:36","slug":"dom-za-starija-lica-prijedor-drugu-godinu-pozitivno-poslovanje","status":"publish","type":"post","link":"https:\/\/www.prijedordanas.com\/?p=245557","title":{"rendered":"Dom za starija lica Prijedor: Drugu godinu pozitivno poslovanje"},"content":{"rendered":"<p><a href=\"https:\/\/www.prijedordanas.com\/wp-content\/uploads\/2024\/01\/dom-za-starija-lica-prijedor.jpg\"><img loading=\"lazy\" decoding=\"async\" class=\"alignleft size-medium wp-image-218358\" src=\"https:\/\/www.prijedordanas.com\/wp-content\/uploads\/2024\/01\/dom-za-starija-lica-prijedor-300x225.jpg\" alt=\"\" width=\"300\" height=\"225\" srcset=\"https:\/\/www.prijedordanas.com\/wp-content\/uploads\/2024\/01\/dom-za-starija-lica-prijedor-300x225.jpg 300w, https:\/\/www.prijedordanas.com\/wp-content\/uploads\/2024\/01\/dom-za-starija-lica-prijedor-640x480.jpg 640w, https:\/\/www.prijedordanas.com\/wp-content\/uploads\/2024\/01\/dom-za-starija-lica-prijedor.jpg 667w\" sizes=\"(max-width: 300px) 100vw, 300px\" \/><\/a>Dom za starija lica Prijedor pro\u0161lu godinu je zavr\u0161io pozitivnim finansijskim rezultatom, \u0161to je druga godina zaredom da posluje sa dobitkom nakon vi\u0161e od decenije negativnih bilansa, \u0161trajkova radnika i blokada ra\u010duna.<\/p>\n<p>Direktor ove javne ustanove Marija Li\u010danin rekla je da je da razliku prihoda i rashoda \u010dini 97.591 KM u plusu, da je 2024. godina bila vrlo uspje\u0161na i da je ustanova imala punu podr\u0161ku Ministarstva zdravlja i socijalne za\u0161tite i Vlade Republike Srpske.<\/p>\n<p>&#8220;Na\u0161i radnici kona\u010dno imaju u potpunosti upla\u0107ene sve obaveze za penziono i zdravstveno osiguranje i ovih dana upravo sti\u017eemo i jedino preostalo zaka\u0161njenje u plati, a kapaciteti Doma su potpuno popunjeni, tako da se rezultati rada vide&#8221;, rekla je Li\u010daninova Srni.<\/p>\n<p>Prema njenim rije\u010dima, lani je ura\u0111eno mnogo i na ure\u0111enju Doma \u2013 sanirana je krovna konstrukcija, renovirano 10 soba i kupatila, ura\u0111ena je nadstre\u0161nica nad velikom terasom na prvom spratu, obojene terase, ure\u0111en prostor ispred glavne zgrade, zasa\u0111eno ukrasno zelenilo i postavljene klupe sa bo\u010dne strane.<\/p>\n<p>&#8220;Rije\u0161en je najve\u0107i problem ustanove &#8211; ostatak duga Poreskoj upravi Republike Srpske za poreze i doprinose do kraja 2022. godine. Vlada Srpske dala je garanciju Domu za kredit od 1.100.000 KM, \u010dime je pokazala podr\u0161ku na\u0161im naporima i napretku u radu. Ovim kreditom smo otplatili tri reprograma koja su nas optere\u0107ivala sa gotovo 50.000 KM mjese\u010dno i pretvorili u anuitet od 18.753 KM mjese\u010dno&#8221;, pojasnila je Li\u010daninova.<\/p>\n<p>Ona je dodala da je ustanova iskoristila privremeni Zakon o otpisu potra\u017eivanja, a u novembru joj je Ministarstvo finansija odobrilo zahtjev za jednogodi\u0161nju odgodu pla\u0107anja 154.271 KM neotpisanog dijela kamate.<\/p>\n<p>&#8220;U planu nam je da i ovu preostalu kamatu krajem godine pretvorimo u reprogram sa iznosom koji ne\u0107e previ\u0161e optere\u0107ivati rad ustanove&#8221;, najavila je Li\u010daninova.<\/p>\n<p>Ona je navela da su dru\u0161tevni \u017eivot korisnika doma oboga\u0107ivali Udru\u017eenje za o\u010duvanje tradicije, dje\u010diji vrti\u0107i &#8220;Miki i Mini&#8221; i &#8220;Radost&#8221;, Osnovna \u0161kola &#8220;Petar Ko\u010di\u0107&#8221;, Udru\u017eenje roditelja djece sa smetnjama u razvoju &#8220;Neven&#8221;, Srednjo\u0161kolski centar i Udru\u017eenje likovnih umjetnika.<\/p>\n<p>&#8220;Imali smo i niz drugih aktivnosti, od prolje\u0107nog ure\u0111enja i sa\u0111enja cvije\u0107a, organizovanja izleta i izlazaka u \u0161etnju gradom, ure\u0111enja plastenika, sadnje i branja povr\u0107a, orezivanja vo\u0107a, proslava ro\u0111endana i zna\u010dajnih datuma i praznika&#8221;, rekla je Li\u010daninova.<\/p>\n<p>Marija Li\u010danin rukovodi Domom za starija lica od jula 2022. godine kada je zatekla 148 korisnika od 220 tada raspolo\u017eivih mjesta, a 2024. godina zavr\u0161ena je sa maksimalnih 228 korisnika.<\/p>\n<p>SRNA<br \/>\nFoto &#8211; ilustracija<\/p>\n","protected":false},"excerpt":{"rendered":"<p>Dom za starija lica Prijedor pro\u0161lu godinu je zavr\u0161io pozitivnim finansijskim rezultatom, \u0161to je druga godina zaredom da posluje sa dobitkom nakon vi\u0161e od decenije negativnih bilansa, \u0161trajkova radnika i [&hellip;]<\/p>\n","protected":false},"author":1,"featured_media":0,"comment_status":"closed","ping_status":"open","sticky":false,"template":"","format":"standard","meta":{"_monsterinsights_skip_tracking":false,"_monsterinsights_sitenote_active":false,"_monsterinsights_sitenote_note":"","_monsterinsights_sitenote_category":0,"footnotes":""},"categories":[8],"tags":[],"yoast_head":"<!-- This site is optimized with the Yoast SEO plugin v21.6 - https:\/\/yoast.com\/wordpress\/plugins\/seo\/ -->\n<title>Dom za starija lica Prijedor: Drugu godinu pozitivno poslovanje - PrijedorDanas.com - Prijedorski gradski portal<\/title>\n<meta name=\"robots\" content=\"index, follow, max-snippet:-1, max-image-preview:large, max-video-preview:-1\" \/>\n<link rel=\"canonical\" href=\"https:\/\/www.prijedordanas.com\/?p=245557\" \/>\n<meta property=\"og:locale\" content=\"en_US\" \/>\n<meta property=\"og:type\" content=\"article\" \/>\n<meta property=\"og:title\" content=\"Dom za starija lica Prijedor: Drugu godinu pozitivno poslovanje - PrijedorDanas.com - Prijedorski gradski portal\" \/>\n<meta property=\"og:description\" content=\"Dom za starija lica Prijedor pro\u0161lu godinu je zavr\u0161io pozitivnim finansijskim rezultatom, \u0161to je druga godina zaredom da posluje sa dobitkom nakon vi\u0161e od decenije negativnih bilansa, \u0161trajkova radnika i [&hellip;]\" \/>\n<meta property=\"og:url\" content=\"https:\/\/www.prijedordanas.com\/?p=245557\" \/>\n<meta property=\"og:site_name\" content=\"PrijedorDanas.com - Prijedorski gradski portal\" \/>\n<meta property=\"article:publisher\" content=\"https:\/\/www.facebook.com\/PrijedorDanasCom\/\" \/>\n<meta property=\"article:published_time\" content=\"2025-04-16T17:47:36+00:00\" \/>\n<meta property=\"og:image\" content=\"https:\/\/www.prijedordanas.com\/wp-content\/uploads\/2024\/01\/dom-za-starija-lica-prijedor-300x225.jpg\" \/>\n<meta name=\"author\" content=\"admin\" \/>\n<meta name=\"twitter:card\" content=\"summary_large_image\" \/>\n<meta name=\"twitter:label1\" content=\"Written by\" \/>\n\t<meta name=\"twitter:data1\" content=\"admin\" \/>\n\t<meta name=\"twitter:label2\" content=\"Est. reading time\" \/>\n\t<meta name=\"twitter:data2\" content=\"2 minutes\" \/>\n<script type=\"application\/ld+json\" class=\"yoast-schema-graph\">{\"@context\":\"https:\/\/schema.org\",\"@graph\":[{\"@type\":\"Article\",\"@id\":\"https:\/\/www.prijedordanas.com\/?p=245557#article\",\"isPartOf\":{\"@id\":\"https:\/\/www.prijedordanas.com\/?p=245557\"},\"author\":{\"name\":\"admin\",\"@id\":\"https:\/\/www.prijedordanas.com\/#\/schema\/person\/4e08ccf29b506ca916ff86d46bb700e6\"},\"headline\":\"Dom za starija lica Prijedor: Drugu godinu pozitivno poslovanje\",\"datePublished\":\"2025-04-16T17:47:36+00:00\",\"dateModified\":\"2025-04-16T17:47:36+00:00\",\"mainEntityOfPage\":{\"@id\":\"https:\/\/www.prijedordanas.com\/?p=245557\"},\"wordCount\":449,\"publisher\":{\"@id\":\"https:\/\/www.prijedordanas.com\/#organization\"},\"articleSection\":[\"Svakodnevno\"],\"inLanguage\":\"en-US\"},{\"@type\":\"WebPage\",\"@id\":\"https:\/\/www.prijedordanas.com\/?p=245557\",\"url\":\"https:\/\/www.prijedordanas.com\/?p=245557\",\"name\":\"Dom za starija lica Prijedor: Drugu godinu pozitivno poslovanje - PrijedorDanas.com - Prijedorski gradski portal\",\"isPartOf\":{\"@id\":\"https:\/\/www.prijedordanas.com\/#website\"},\"datePublished\":\"2025-04-16T17:47:36+00:00\",\"dateModified\":\"2025-04-16T17:47:36+00:00\",\"breadcrumb\":{\"@id\":\"https:\/\/www.prijedordanas.com\/?p=245557#breadcrumb\"},\"inLanguage\":\"en-US\",\"potentialAction\":[{\"@type\":\"ReadAction\",\"target\":[\"https:\/\/www.prijedordanas.com\/?p=245557\"]}]},{\"@type\":\"BreadcrumbList\",\"@id\":\"https:\/\/www.prijedordanas.com\/?p=245557#breadcrumb\",\"itemListElement\":[{\"@type\":\"ListItem\",\"position\":1,\"name\":\"Home\",\"item\":\"https:\/\/www.prijedordanas.com\/\"},{\"@type\":\"ListItem\",\"position\":2,\"name\":\"Dom za starija lica Prijedor: Drugu godinu pozitivno poslovanje\"}]},{\"@type\":\"WebSite\",\"@id\":\"https:\/\/www.prijedordanas.com\/#website\",\"url\":\"https:\/\/www.prijedordanas.com\/\",\"name\":\"PrijedorDanas.com - Prijedorski gradski portal\",\"description\":\"Portal o doga\u0111anjima u gradu Prijedoru\",\"publisher\":{\"@id\":\"https:\/\/www.prijedordanas.com\/#organization\"},\"potentialAction\":[{\"@type\":\"SearchAction\",\"target\":{\"@type\":\"EntryPoint\",\"urlTemplate\":\"https:\/\/www.prijedordanas.com\/?s={search_term_string}\"},\"query-input\":\"required name=search_term_string\"}],\"inLanguage\":\"en-US\"},{\"@type\":\"Organization\",\"@id\":\"https:\/\/www.prijedordanas.com\/#organization\",\"name\":\"PrijedorDanas.com\",\"url\":\"https:\/\/www.prijedordanas.com\/\",\"logo\":{\"@type\":\"ImageObject\",\"inLanguage\":\"en-US\",\"@id\":\"https:\/\/www.prijedordanas.com\/#\/schema\/logo\/image\/\",\"url\":\"http:\/\/www.prijedordanas.com\/wp-content\/uploads\/2021\/12\/logopng.png\",\"contentUrl\":\"http:\/\/www.prijedordanas.com\/wp-content\/uploads\/2021\/12\/logopng.png\",\"width\":1019,\"height\":776,\"caption\":\"PrijedorDanas.com\"},\"image\":{\"@id\":\"https:\/\/www.prijedordanas.com\/#\/schema\/logo\/image\/\"},\"sameAs\":[\"https:\/\/www.facebook.com\/PrijedorDanasCom\/\"]},{\"@type\":\"Person\",\"@id\":\"https:\/\/www.prijedordanas.com\/#\/schema\/person\/4e08ccf29b506ca916ff86d46bb700e6\",\"name\":\"admin\",\"image\":{\"@type\":\"ImageObject\",\"inLanguage\":\"en-US\",\"@id\":\"https:\/\/www.prijedordanas.com\/#\/schema\/person\/image\/\",\"url\":\"https:\/\/secure.gravatar.com\/avatar\/1d3fc949d550f0b53a5f0d51e06dfd79?s=96&d=mm&r=g\",\"contentUrl\":\"https:\/\/secure.gravatar.com\/avatar\/1d3fc949d550f0b53a5f0d51e06dfd79?s=96&d=mm&r=g\",\"caption\":\"admin\"},\"url\":\"https:\/\/www.prijedordanas.com\/?author=1\"}]}<\/script>\n<!-- \/ Yoast SEO plugin. -->","yoast_head_json":{"title":"Dom za starija lica Prijedor: Drugu godinu pozitivno poslovanje - PrijedorDanas.com - Prijedorski gradski portal","robots":{"index":"index","follow":"follow","max-snippet":"max-snippet:-1","max-image-preview":"max-image-preview:large","max-video-preview":"max-video-preview:-1"},"canonical":"https:\/\/www.prijedordanas.com\/?p=245557","og_locale":"en_US","og_type":"article","og_title":"Dom za starija lica Prijedor: Drugu godinu pozitivno poslovanje - PrijedorDanas.com - Prijedorski gradski portal","og_description":"Dom za starija lica Prijedor pro\u0161lu godinu je zavr\u0161io pozitivnim finansijskim rezultatom, \u0161to je druga godina zaredom da posluje sa dobitkom nakon vi\u0161e od decenije negativnih bilansa, \u0161trajkova radnika i [&hellip;]","og_url":"https:\/\/www.prijedordanas.com\/?p=245557","og_site_name":"PrijedorDanas.com - Prijedorski gradski portal","article_publisher":"https:\/\/www.facebook.com\/PrijedorDanasCom\/","article_published_time":"2025-04-16T17:47:36+00:00","og_image":[{"url":"https:\/\/www.prijedordanas.com\/wp-content\/uploads\/2024\/01\/dom-za-starija-lica-prijedor-300x225.jpg"}],"author":"admin","twitter_card":"summary_large_image","twitter_misc":{"Written by":"admin","Est. reading time":"2 minutes"},"schema":{"@context":"https:\/\/schema.org","@graph":[{"@type":"Article","@id":"https:\/\/www.prijedordanas.com\/?p=245557#article","isPartOf":{"@id":"https:\/\/www.prijedordanas.com\/?p=245557"},"author":{"name":"admin","@id":"https:\/\/www.prijedordanas.com\/#\/schema\/person\/4e08ccf29b506ca916ff86d46bb700e6"},"headline":"Dom za starija lica Prijedor: Drugu godinu pozitivno poslovanje","datePublished":"2025-04-16T17:47:36+00:00","dateModified":"2025-04-16T17:47:36+00:00","mainEntityOfPage":{"@id":"https:\/\/www.prijedordanas.com\/?p=245557"},"wordCount":449,"publisher":{"@id":"https:\/\/www.prijedordanas.com\/#organization"},"articleSection":["Svakodnevno"],"inLanguage":"en-US"},{"@type":"WebPage","@id":"https:\/\/www.prijedordanas.com\/?p=245557","url":"https:\/\/www.prijedordanas.com\/?p=245557","name":"Dom za starija lica Prijedor: Drugu godinu pozitivno poslovanje - PrijedorDanas.com - Prijedorski gradski portal","isPartOf":{"@id":"https:\/\/www.prijedordanas.com\/#website"},"datePublished":"2025-04-16T17:47:36+00:00","dateModified":"2025-04-16T17:47:36+00:00","breadcrumb":{"@id":"https:\/\/www.prijedordanas.com\/?p=245557#breadcrumb"},"inLanguage":"en-US","potentialAction":[{"@type":"ReadAction","target":["https:\/\/www.prijedordanas.com\/?p=245557"]}]},{"@type":"BreadcrumbList","@id":"https:\/\/www.prijedordanas.com\/?p=245557#breadcrumb","itemListElement":[{"@type":"ListItem","position":1,"name":"Home","item":"https:\/\/www.prijedordanas.com\/"},{"@type":"ListItem","position":2,"name":"Dom za starija lica Prijedor: Drugu godinu pozitivno poslovanje"}]},{"@type":"WebSite","@id":"https:\/\/www.prijedordanas.com\/#website","url":"https:\/\/www.prijedordanas.com\/","name":"PrijedorDanas.com - Prijedorski gradski portal","description":"Portal o doga\u0111anjima u gradu Prijedoru","publisher":{"@id":"https:\/\/www.prijedordanas.com\/#organization"},"potentialAction":[{"@type":"SearchAction","target":{"@type":"EntryPoint","urlTemplate":"https:\/\/www.prijedordanas.com\/?s={search_term_string}"},"query-input":"required name=search_term_string"}],"inLanguage":"en-US"},{"@type":"Organization","@id":"https:\/\/www.prijedordanas.com\/#organization","name":"PrijedorDanas.com","url":"https:\/\/www.prijedordanas.com\/","logo":{"@type":"ImageObject","inLanguage":"en-US","@id":"https:\/\/www.prijedordanas.com\/#\/schema\/logo\/image\/","url":"http:\/\/www.prijedordanas.com\/wp-content\/uploads\/2021\/12\/logopng.png","contentUrl":"http:\/\/www.prijedordanas.com\/wp-content\/uploads\/2021\/12\/logopng.png","width":1019,"height":776,"caption":"PrijedorDanas.com"},"image":{"@id":"https:\/\/www.prijedordanas.com\/#\/schema\/logo\/image\/"},"sameAs":["https:\/\/www.facebook.com\/PrijedorDanasCom\/"]},{"@type":"Person","@id":"https:\/\/www.prijedordanas.com\/#\/schema\/person\/4e08ccf29b506ca916ff86d46bb700e6","name":"admin","image":{"@type":"ImageObject","inLanguage":"en-US","@id":"https:\/\/www.prijedordanas.com\/#\/schema\/person\/image\/","url":"https:\/\/secure.gravatar.com\/avatar\/1d3fc949d550f0b53a5f0d51e06dfd79?s=96&d=mm&r=g","contentUrl":"https:\/\/secure.gravatar.com\/avatar\/1d3fc949d550f0b53a5f0d51e06dfd79?s=96&d=mm&r=g","caption":"admin"},"url":"https:\/\/www.prijedordanas.com\/?author=1"}]}},"_links":{"self":[{"href":"https:\/\/www.prijedordanas.com\/index.php?rest_route=\/wp\/v2\/posts\/245557"}],"collection":[{"href":"https:\/\/www.prijedordanas.com\/index.php?rest_route=\/wp\/v2\/posts"}],"about":[{"href":"https:\/\/www.prijedordanas.com\/index.php?rest_route=\/wp\/v2\/types\/post"}],"author":[{"embeddable":true,"href":"https:\/\/www.prijedordanas.com\/index.php?rest_route=\/wp\/v2\/users\/1"}],"replies":[{"embeddable":true,"href":"https:\/\/www.prijedordanas.com\/index.php?rest_route=%2Fwp%2Fv2%2Fcomments&post=245557"}],"version-history":[{"count":1,"href":"https:\/\/www.prijedordanas.com\/index.php?rest_route=\/wp\/v2\/posts\/245557\/revisions"}],"predecessor-version":[{"id":245558,"href":"https:\/\/www.prijedordanas.com\/index.php?rest_route=\/wp\/v2\/posts\/245557\/revisions\/245558"}],"wp:attachment":[{"href":"https:\/\/www.prijedordanas.com\/index.php?rest_route=%2Fwp%2Fv2%2Fmedia&parent=245557"}],"wp:term":[{"taxonomy":"category","embeddable":true,"href":"https:\/\/www.prijedordanas.com\/index.php?rest_route=%2Fwp%2Fv2%2Fcategories&post=245557"},{"taxonomy":"post_tag","embeddable":true,"href":"https:\/\/www.prijedordanas.com\/index.php?rest_route=%2Fwp%2Fv2%2Ftags&post=245557"}],"curies":[{"name":"wp","href":"https:\/\/api.w.org\/{rel}","templated":true}]}}