{"id":245523,"date":"2025-04-16T13:45:54","date_gmt":"2025-04-16T11:45:54","guid":{"rendered":"https:\/\/www.prijedordanas.com\/?p=245523"},"modified":"2025-04-16T13:45:54","modified_gmt":"2025-04-16T11:45:54","slug":"malisani-iz-djecijeg-vrtica-radost-posjetili-gradsku-upravu-foto","status":"publish","type":"post","link":"https:\/\/www.prijedordanas.com\/?p=245523","title":{"rendered":"Mali\u0161ani iz Dje\u010dijeg vrti\u0107a &#8220;Radost&#8221; posjetili Gradsku upravu &#8211; FOTO"},"content":{"rendered":"<p><a href=\"https:\/\/www.prijedordanas.com\/wp-content\/uploads\/2025\/04\/prijedorgradorg-vrticlije-posjeta-16april-1.jpg\"><img loading=\"lazy\" decoding=\"async\" src=\"https:\/\/www.prijedordanas.com\/wp-content\/uploads\/2025\/04\/prijedorgradorg-vrticlije-posjeta-16april-1-300x225.jpg\" alt=\"\" width=\"300\" height=\"225\" class=\"alignleft size-medium wp-image-245526\" srcset=\"https:\/\/www.prijedordanas.com\/wp-content\/uploads\/2025\/04\/prijedorgradorg-vrticlije-posjeta-16april-1-300x225.jpg 300w, https:\/\/www.prijedordanas.com\/wp-content\/uploads\/2025\/04\/prijedorgradorg-vrticlije-posjeta-16april-1-640x480.jpg 640w, https:\/\/www.prijedordanas.com\/wp-content\/uploads\/2025\/04\/prijedorgradorg-vrticlije-posjeta-16april-1.jpg 667w\" sizes=\"(max-width: 300px) 100vw, 300px\" \/><\/a>Gradsku upravu danas su posjetili mali\u0161ani iz Dje\u010dijeg vrti\u0107a &#8220;Radost&#8221;, kako bi gradskom rukovodstvu uru\u010dili pozivnicu za prisustvo na priredbi koju \u0107e organizovati povodom predstoje\u0107eg Dana grada &#8211; 16. maja.<\/p>\n<p>Dobrodo\u0161licu su im po\u017eeljeli \u0161ef kabineta gradona\u010delnika Prijedora Branko Mudrini\u0107 i na\u010delnica Odjeljenja za obrazovanje, zdravstvo, socijalnu za\u0161titu i pronatalitetnu i demografsku politiku Olivera Brdar-Mirkovi\u0107, koji su se zahvalili mali\u0161anima i istakli da \u0107e se Gradska uprava vrlo rado odazvati pozivu.<\/p>\n<p>Nakon dru\u017eenja i recitovanja, mali\u0161anima su u susret predstoje\u0107em Vaskrsu uru\u010deni prigodni pokloni, vaskr\u0161nji pereci i jaja. <\/p>\n<p>Vr\u0161ilac du\u017enosti direktorke Dje\u010dijeg vrti\u0107a &#8220;Radost&#8221; Maja Vojnovi\u0107 poru\u010dila je da su ovakvi doga\u0111aji zna\u010dajni za ustanovu i djecu i zahvalila se Gradskoj upravi na izuzetnoj saradnji s Dje\u010dijim vrti\u0107em &#8220;Radost&#8221;.<\/p>\n<p><a href=\"https:\/\/www.prijedorgrad.org\/sr-EU\/vijesti-sadrzaj.html?vid=21728\" rel=\"noopener\" target=\"_blank\">prijedorgrad.org<\/a><\/p>\n<p><a href=\"https:\/\/www.prijedordanas.com\/wp-content\/uploads\/2025\/04\/prijedorgradorg-vrticlije-posjeta-16april-2.jpg\"><img loading=\"lazy\" decoding=\"async\" src=\"https:\/\/www.prijedordanas.com\/wp-content\/uploads\/2025\/04\/prijedorgradorg-vrticlije-posjeta-16april-2-300x200.jpg\" alt=\"\" width=\"300\" height=\"200\" class=\"alignleft size-medium wp-image-245527\" srcset=\"https:\/\/www.prijedordanas.com\/wp-content\/uploads\/2025\/04\/prijedorgradorg-vrticlije-posjeta-16april-2-300x200.jpg 300w, https:\/\/www.prijedordanas.com\/wp-content\/uploads\/2025\/04\/prijedorgradorg-vrticlije-posjeta-16april-2-480x320.jpg 480w, https:\/\/www.prijedordanas.com\/wp-content\/uploads\/2025\/04\/prijedorgradorg-vrticlije-posjeta-16april-2.jpg 600w\" sizes=\"(max-width: 300px) 100vw, 300px\" \/><\/a> <a href=\"https:\/\/www.prijedordanas.com\/wp-content\/uploads\/2025\/04\/prijedorgradorg-vrticlije-posjeta-16april-3.jpg\"><img loading=\"lazy\" decoding=\"async\" src=\"https:\/\/www.prijedordanas.com\/wp-content\/uploads\/2025\/04\/prijedorgradorg-vrticlije-posjeta-16april-3-300x200.jpg\" alt=\"\" width=\"300\" height=\"200\" class=\"alignleft size-medium wp-image-245528\" srcset=\"https:\/\/www.prijedordanas.com\/wp-content\/uploads\/2025\/04\/prijedorgradorg-vrticlije-posjeta-16april-3-300x200.jpg 300w, https:\/\/www.prijedordanas.com\/wp-content\/uploads\/2025\/04\/prijedorgradorg-vrticlije-posjeta-16april-3-480x320.jpg 480w, https:\/\/www.prijedordanas.com\/wp-content\/uploads\/2025\/04\/prijedorgradorg-vrticlije-posjeta-16april-3.jpg 600w\" sizes=\"(max-width: 300px) 100vw, 300px\" \/><\/a> <a href=\"https:\/\/www.prijedordanas.com\/wp-content\/uploads\/2025\/04\/prijedorgradorg-vrticlije-posjeta-16april-4.jpg\"><img loading=\"lazy\" decoding=\"async\" src=\"https:\/\/www.prijedordanas.com\/wp-content\/uploads\/2025\/04\/prijedorgradorg-vrticlije-posjeta-16april-4-300x200.jpg\" alt=\"\" width=\"300\" height=\"200\" class=\"alignleft size-medium wp-image-245529\" srcset=\"https:\/\/www.prijedordanas.com\/wp-content\/uploads\/2025\/04\/prijedorgradorg-vrticlije-posjeta-16april-4-300x200.jpg 300w, https:\/\/www.prijedordanas.com\/wp-content\/uploads\/2025\/04\/prijedorgradorg-vrticlije-posjeta-16april-4-480x320.jpg 480w, https:\/\/www.prijedordanas.com\/wp-content\/uploads\/2025\/04\/prijedorgradorg-vrticlije-posjeta-16april-4.jpg 600w\" sizes=\"(max-width: 300px) 100vw, 300px\" \/><\/a> <a href=\"https:\/\/www.prijedordanas.com\/wp-content\/uploads\/2025\/04\/prijedorgradorg-vrticlije-posjeta-16april-5.jpg\"><img loading=\"lazy\" decoding=\"async\" src=\"https:\/\/www.prijedordanas.com\/wp-content\/uploads\/2025\/04\/prijedorgradorg-vrticlije-posjeta-16april-5-300x200.jpg\" alt=\"\" width=\"300\" height=\"200\" class=\"alignleft size-medium wp-image-245530\" srcset=\"https:\/\/www.prijedordanas.com\/wp-content\/uploads\/2025\/04\/prijedorgradorg-vrticlije-posjeta-16april-5-300x200.jpg 300w, https:\/\/www.prijedordanas.com\/wp-content\/uploads\/2025\/04\/prijedorgradorg-vrticlije-posjeta-16april-5-480x320.jpg 480w, https:\/\/www.prijedordanas.com\/wp-content\/uploads\/2025\/04\/prijedorgradorg-vrticlije-posjeta-16april-5.jpg 600w\" sizes=\"(max-width: 300px) 100vw, 300px\" \/><\/a> <a href=\"https:\/\/www.prijedordanas.com\/wp-content\/uploads\/2025\/04\/prijedorgradorg-vrticlije-posjeta-16april-6.jpg\"><img loading=\"lazy\" decoding=\"async\" src=\"https:\/\/www.prijedordanas.com\/wp-content\/uploads\/2025\/04\/prijedorgradorg-vrticlije-posjeta-16april-6-300x200.jpg\" alt=\"\" width=\"300\" height=\"200\" class=\"alignleft size-medium wp-image-245531\" srcset=\"https:\/\/www.prijedordanas.com\/wp-content\/uploads\/2025\/04\/prijedorgradorg-vrticlije-posjeta-16april-6-300x200.jpg 300w, https:\/\/www.prijedordanas.com\/wp-content\/uploads\/2025\/04\/prijedorgradorg-vrticlije-posjeta-16april-6-480x320.jpg 480w, https:\/\/www.prijedordanas.com\/wp-content\/uploads\/2025\/04\/prijedorgradorg-vrticlije-posjeta-16april-6.jpg 600w\" sizes=\"(max-width: 300px) 100vw, 300px\" \/><\/a><\/p>\n","protected":false},"excerpt":{"rendered":"<p>Gradsku upravu danas su posjetili mali\u0161ani iz Dje\u010dijeg vrti\u0107a &#8220;Radost&#8221;, kako bi gradskom rukovodstvu uru\u010dili pozivnicu za prisustvo na priredbi koju \u0107e organizovati povodom predstoje\u0107eg Dana grada &#8211; 16. maja. [&hellip;]<\/p>\n","protected":false},"author":1,"featured_media":0,"comment_status":"closed","ping_status":"open","sticky":false,"template":"","format":"standard","meta":{"_monsterinsights_skip_tracking":false,"_monsterinsights_sitenote_active":false,"_monsterinsights_sitenote_note":"","_monsterinsights_sitenote_category":0,"footnotes":""},"categories":[7518],"tags":[],"yoast_head":"<!-- This site is optimized with the Yoast SEO plugin v21.6 - https:\/\/yoast.com\/wordpress\/plugins\/seo\/ -->\n<title>Mali\u0161ani iz Dje\u010dijeg vrti\u0107a &quot;Radost&quot; posjetili Gradsku upravu - FOTO - PrijedorDanas.com - Prijedorski gradski portal<\/title>\n<meta name=\"robots\" content=\"index, follow, max-snippet:-1, max-image-preview:large, max-video-preview:-1\" \/>\n<link rel=\"canonical\" href=\"https:\/\/www.prijedordanas.com\/?p=245523\" \/>\n<meta property=\"og:locale\" content=\"en_US\" \/>\n<meta property=\"og:type\" content=\"article\" \/>\n<meta property=\"og:title\" content=\"Mali\u0161ani iz Dje\u010dijeg vrti\u0107a &quot;Radost&quot; posjetili Gradsku upravu - FOTO - PrijedorDanas.com - Prijedorski gradski portal\" \/>\n<meta property=\"og:description\" content=\"Gradsku upravu danas su posjetili mali\u0161ani iz Dje\u010dijeg vrti\u0107a &#8220;Radost&#8221;, kako bi gradskom rukovodstvu uru\u010dili pozivnicu za prisustvo na priredbi koju \u0107e organizovati povodom predstoje\u0107eg Dana grada &#8211; 16. maja. [&hellip;]\" \/>\n<meta property=\"og:url\" content=\"https:\/\/www.prijedordanas.com\/?p=245523\" \/>\n<meta property=\"og:site_name\" content=\"PrijedorDanas.com - Prijedorski gradski portal\" \/>\n<meta property=\"article:publisher\" content=\"https:\/\/www.facebook.com\/PrijedorDanasCom\/\" \/>\n<meta property=\"article:published_time\" content=\"2025-04-16T11:45:54+00:00\" \/>\n<meta property=\"og:image\" content=\"https:\/\/www.prijedordanas.com\/wp-content\/uploads\/2025\/04\/prijedorgradorg-vrticlije-posjeta-16april-1-300x225.jpg\" \/>\n<meta name=\"author\" content=\"admin\" \/>\n<meta name=\"twitter:card\" content=\"summary_large_image\" \/>\n<meta name=\"twitter:label1\" content=\"Written by\" \/>\n\t<meta name=\"twitter:data1\" content=\"admin\" \/>\n<script type=\"application\/ld+json\" class=\"yoast-schema-graph\">{\"@context\":\"https:\/\/schema.org\",\"@graph\":[{\"@type\":\"Article\",\"@id\":\"https:\/\/www.prijedordanas.com\/?p=245523#article\",\"isPartOf\":{\"@id\":\"https:\/\/www.prijedordanas.com\/?p=245523\"},\"author\":{\"name\":\"admin\",\"@id\":\"https:\/\/www.prijedordanas.com\/#\/schema\/person\/4e08ccf29b506ca916ff86d46bb700e6\"},\"headline\":\"Mali\u0161ani iz Dje\u010dijeg vrti\u0107a &#8220;Radost&#8221; posjetili Gradsku upravu &#8211; FOTO\",\"datePublished\":\"2025-04-16T11:45:54+00:00\",\"dateModified\":\"2025-04-16T11:45:54+00:00\",\"mainEntityOfPage\":{\"@id\":\"https:\/\/www.prijedordanas.com\/?p=245523\"},\"wordCount\":158,\"publisher\":{\"@id\":\"https:\/\/www.prijedordanas.com\/#organization\"},\"articleSection\":[\"Mladi\"],\"inLanguage\":\"en-US\"},{\"@type\":\"WebPage\",\"@id\":\"https:\/\/www.prijedordanas.com\/?p=245523\",\"url\":\"https:\/\/www.prijedordanas.com\/?p=245523\",\"name\":\"Mali\u0161ani iz Dje\u010dijeg vrti\u0107a \\\"Radost\\\" posjetili Gradsku upravu - FOTO - PrijedorDanas.com - Prijedorski gradski portal\",\"isPartOf\":{\"@id\":\"https:\/\/www.prijedordanas.com\/#website\"},\"datePublished\":\"2025-04-16T11:45:54+00:00\",\"dateModified\":\"2025-04-16T11:45:54+00:00\",\"breadcrumb\":{\"@id\":\"https:\/\/www.prijedordanas.com\/?p=245523#breadcrumb\"},\"inLanguage\":\"en-US\",\"potentialAction\":[{\"@type\":\"ReadAction\",\"target\":[\"https:\/\/www.prijedordanas.com\/?p=245523\"]}]},{\"@type\":\"BreadcrumbList\",\"@id\":\"https:\/\/www.prijedordanas.com\/?p=245523#breadcrumb\",\"itemListElement\":[{\"@type\":\"ListItem\",\"position\":1,\"name\":\"Home\",\"item\":\"https:\/\/www.prijedordanas.com\/\"},{\"@type\":\"ListItem\",\"position\":2,\"name\":\"Mali\u0161ani iz Dje\u010dijeg vrti\u0107a &#8220;Radost&#8221; posjetili Gradsku upravu &#8211; FOTO\"}]},{\"@type\":\"WebSite\",\"@id\":\"https:\/\/www.prijedordanas.com\/#website\",\"url\":\"https:\/\/www.prijedordanas.com\/\",\"name\":\"PrijedorDanas.com - Prijedorski gradski portal\",\"description\":\"Portal o doga\u0111anjima u gradu Prijedoru\",\"publisher\":{\"@id\":\"https:\/\/www.prijedordanas.com\/#organization\"},\"potentialAction\":[{\"@type\":\"SearchAction\",\"target\":{\"@type\":\"EntryPoint\",\"urlTemplate\":\"https:\/\/www.prijedordanas.com\/?s={search_term_string}\"},\"query-input\":\"required name=search_term_string\"}],\"inLanguage\":\"en-US\"},{\"@type\":\"Organization\",\"@id\":\"https:\/\/www.prijedordanas.com\/#organization\",\"name\":\"PrijedorDanas.com\",\"url\":\"https:\/\/www.prijedordanas.com\/\",\"logo\":{\"@type\":\"ImageObject\",\"inLanguage\":\"en-US\",\"@id\":\"https:\/\/www.prijedordanas.com\/#\/schema\/logo\/image\/\",\"url\":\"http:\/\/www.prijedordanas.com\/wp-content\/uploads\/2021\/12\/logopng.png\",\"contentUrl\":\"http:\/\/www.prijedordanas.com\/wp-content\/uploads\/2021\/12\/logopng.png\",\"width\":1019,\"height\":776,\"caption\":\"PrijedorDanas.com\"},\"image\":{\"@id\":\"https:\/\/www.prijedordanas.com\/#\/schema\/logo\/image\/\"},\"sameAs\":[\"https:\/\/www.facebook.com\/PrijedorDanasCom\/\"]},{\"@type\":\"Person\",\"@id\":\"https:\/\/www.prijedordanas.com\/#\/schema\/person\/4e08ccf29b506ca916ff86d46bb700e6\",\"name\":\"admin\",\"image\":{\"@type\":\"ImageObject\",\"inLanguage\":\"en-US\",\"@id\":\"https:\/\/www.prijedordanas.com\/#\/schema\/person\/image\/\",\"url\":\"https:\/\/secure.gravatar.com\/avatar\/1d3fc949d550f0b53a5f0d51e06dfd79?s=96&d=mm&r=g\",\"contentUrl\":\"https:\/\/secure.gravatar.com\/avatar\/1d3fc949d550f0b53a5f0d51e06dfd79?s=96&d=mm&r=g\",\"caption\":\"admin\"},\"url\":\"https:\/\/www.prijedordanas.com\/?author=1\"}]}<\/script>\n<!-- \/ Yoast SEO plugin. -->","yoast_head_json":{"title":"Mali\u0161ani iz Dje\u010dijeg vrti\u0107a \"Radost\" posjetili Gradsku upravu - FOTO - PrijedorDanas.com - Prijedorski gradski portal","robots":{"index":"index","follow":"follow","max-snippet":"max-snippet:-1","max-image-preview":"max-image-preview:large","max-video-preview":"max-video-preview:-1"},"canonical":"https:\/\/www.prijedordanas.com\/?p=245523","og_locale":"en_US","og_type":"article","og_title":"Mali\u0161ani iz Dje\u010dijeg vrti\u0107a \"Radost\" posjetili Gradsku upravu - FOTO - PrijedorDanas.com - Prijedorski gradski portal","og_description":"Gradsku upravu danas su posjetili mali\u0161ani iz Dje\u010dijeg vrti\u0107a &#8220;Radost&#8221;, kako bi gradskom rukovodstvu uru\u010dili pozivnicu za prisustvo na priredbi koju \u0107e organizovati povodom predstoje\u0107eg Dana grada &#8211; 16. maja. [&hellip;]","og_url":"https:\/\/www.prijedordanas.com\/?p=245523","og_site_name":"PrijedorDanas.com - Prijedorski gradski portal","article_publisher":"https:\/\/www.facebook.com\/PrijedorDanasCom\/","article_published_time":"2025-04-16T11:45:54+00:00","og_image":[{"url":"https:\/\/www.prijedordanas.com\/wp-content\/uploads\/2025\/04\/prijedorgradorg-vrticlije-posjeta-16april-1-300x225.jpg"}],"author":"admin","twitter_card":"summary_large_image","twitter_misc":{"Written by":"admin"},"schema":{"@context":"https:\/\/schema.org","@graph":[{"@type":"Article","@id":"https:\/\/www.prijedordanas.com\/?p=245523#article","isPartOf":{"@id":"https:\/\/www.prijedordanas.com\/?p=245523"},"author":{"name":"admin","@id":"https:\/\/www.prijedordanas.com\/#\/schema\/person\/4e08ccf29b506ca916ff86d46bb700e6"},"headline":"Mali\u0161ani iz Dje\u010dijeg vrti\u0107a &#8220;Radost&#8221; posjetili Gradsku upravu &#8211; FOTO","datePublished":"2025-04-16T11:45:54+00:00","dateModified":"2025-04-16T11:45:54+00:00","mainEntityOfPage":{"@id":"https:\/\/www.prijedordanas.com\/?p=245523"},"wordCount":158,"publisher":{"@id":"https:\/\/www.prijedordanas.com\/#organization"},"articleSection":["Mladi"],"inLanguage":"en-US"},{"@type":"WebPage","@id":"https:\/\/www.prijedordanas.com\/?p=245523","url":"https:\/\/www.prijedordanas.com\/?p=245523","name":"Mali\u0161ani iz Dje\u010dijeg vrti\u0107a \"Radost\" posjetili Gradsku upravu - FOTO - PrijedorDanas.com - Prijedorski gradski portal","isPartOf":{"@id":"https:\/\/www.prijedordanas.com\/#website"},"datePublished":"2025-04-16T11:45:54+00:00","dateModified":"2025-04-16T11:45:54+00:00","breadcrumb":{"@id":"https:\/\/www.prijedordanas.com\/?p=245523#breadcrumb"},"inLanguage":"en-US","potentialAction":[{"@type":"ReadAction","target":["https:\/\/www.prijedordanas.com\/?p=245523"]}]},{"@type":"BreadcrumbList","@id":"https:\/\/www.prijedordanas.com\/?p=245523#breadcrumb","itemListElement":[{"@type":"ListItem","position":1,"name":"Home","item":"https:\/\/www.prijedordanas.com\/"},{"@type":"ListItem","position":2,"name":"Mali\u0161ani iz Dje\u010dijeg vrti\u0107a &#8220;Radost&#8221; posjetili Gradsku upravu &#8211; FOTO"}]},{"@type":"WebSite","@id":"https:\/\/www.prijedordanas.com\/#website","url":"https:\/\/www.prijedordanas.com\/","name":"PrijedorDanas.com - Prijedorski gradski portal","description":"Portal o doga\u0111anjima u gradu Prijedoru","publisher":{"@id":"https:\/\/www.prijedordanas.com\/#organization"},"potentialAction":[{"@type":"SearchAction","target":{"@type":"EntryPoint","urlTemplate":"https:\/\/www.prijedordanas.com\/?s={search_term_string}"},"query-input":"required name=search_term_string"}],"inLanguage":"en-US"},{"@type":"Organization","@id":"https:\/\/www.prijedordanas.com\/#organization","name":"PrijedorDanas.com","url":"https:\/\/www.prijedordanas.com\/","logo":{"@type":"ImageObject","inLanguage":"en-US","@id":"https:\/\/www.prijedordanas.com\/#\/schema\/logo\/image\/","url":"http:\/\/www.prijedordanas.com\/wp-content\/uploads\/2021\/12\/logopng.png","contentUrl":"http:\/\/www.prijedordanas.com\/wp-content\/uploads\/2021\/12\/logopng.png","width":1019,"height":776,"caption":"PrijedorDanas.com"},"image":{"@id":"https:\/\/www.prijedordanas.com\/#\/schema\/logo\/image\/"},"sameAs":["https:\/\/www.facebook.com\/PrijedorDanasCom\/"]},{"@type":"Person","@id":"https:\/\/www.prijedordanas.com\/#\/schema\/person\/4e08ccf29b506ca916ff86d46bb700e6","name":"admin","image":{"@type":"ImageObject","inLanguage":"en-US","@id":"https:\/\/www.prijedordanas.com\/#\/schema\/person\/image\/","url":"https:\/\/secure.gravatar.com\/avatar\/1d3fc949d550f0b53a5f0d51e06dfd79?s=96&d=mm&r=g","contentUrl":"https:\/\/secure.gravatar.com\/avatar\/1d3fc949d550f0b53a5f0d51e06dfd79?s=96&d=mm&r=g","caption":"admin"},"url":"https:\/\/www.prijedordanas.com\/?author=1"}]}},"_links":{"self":[{"href":"https:\/\/www.prijedordanas.com\/index.php?rest_route=\/wp\/v2\/posts\/245523"}],"collection":[{"href":"https:\/\/www.prijedordanas.com\/index.php?rest_route=\/wp\/v2\/posts"}],"about":[{"href":"https:\/\/www.prijedordanas.com\/index.php?rest_route=\/wp\/v2\/types\/post"}],"author":[{"embeddable":true,"href":"https:\/\/www.prijedordanas.com\/index.php?rest_route=\/wp\/v2\/users\/1"}],"replies":[{"embeddable":true,"href":"https:\/\/www.prijedordanas.com\/index.php?rest_route=%2Fwp%2Fv2%2Fcomments&post=245523"}],"version-history":[{"count":1,"href":"https:\/\/www.prijedordanas.com\/index.php?rest_route=\/wp\/v2\/posts\/245523\/revisions"}],"predecessor-version":[{"id":245532,"href":"https:\/\/www.prijedordanas.com\/index.php?rest_route=\/wp\/v2\/posts\/245523\/revisions\/245532"}],"wp:attachment":[{"href":"https:\/\/www.prijedordanas.com\/index.php?rest_route=%2Fwp%2Fv2%2Fmedia&parent=245523"}],"wp:term":[{"taxonomy":"category","embeddable":true,"href":"https:\/\/www.prijedordanas.com\/index.php?rest_route=%2Fwp%2Fv2%2Fcategories&post=245523"},{"taxonomy":"post_tag","embeddable":true,"href":"https:\/\/www.prijedordanas.com\/index.php?rest_route=%2Fwp%2Fv2%2Ftags&post=245523"}],"curies":[{"name":"wp","href":"https:\/\/api.w.org\/{rel}","templated":true}]}}