{"id":245315,"date":"2025-04-13T08:38:01","date_gmt":"2025-04-13T06:38:01","guid":{"rendered":"https:\/\/www.prijedordanas.com\/?p=245315"},"modified":"2025-04-13T08:38:01","modified_gmt":"2025-04-13T06:38:01","slug":"sjajan-rezultat-karatista-sodana-na-izbornom-takmicenje-za-odlazak-reprezentacije-bih-na-balkansko-prvenstvo-osvojene-cetiri-medalje-foto","status":"publish","type":"post","link":"https:\/\/www.prijedordanas.com\/?p=245315","title":{"rendered":"Sjajan rezultat karatista &#8220;\u0160odana&#8221; na Izbornom takmi\u010denje za odlazak reprezentacije BiH na Balkansko prvenstvo: Osvojene \u010detiri medalje &#8211; FOTO"},"content":{"rendered":"<p><a href=\"https:\/\/www.prijedordanas.com\/wp-content\/uploads\/2025\/04\/sodan-izborno-takmicenje-sarajevo2025-1.jpg\"><img loading=\"lazy\" decoding=\"async\" class=\"alignleft size-medium wp-image-245316\" src=\"https:\/\/www.prijedordanas.com\/wp-content\/uploads\/2025\/04\/sodan-izborno-takmicenje-sarajevo2025-1-300x250.jpg\" alt=\"\" width=\"300\" height=\"250\" srcset=\"https:\/\/www.prijedordanas.com\/wp-content\/uploads\/2025\/04\/sodan-izborno-takmicenje-sarajevo2025-1-300x250.jpg 300w, https:\/\/www.prijedordanas.com\/wp-content\/uploads\/2025\/04\/sodan-izborno-takmicenje-sarajevo2025-1.jpg 661w\" sizes=\"(max-width: 300px) 100vw, 300px\" \/><\/a>U Sarajevu je odr\u017eano Izborno takmi\u010denje za odlazak karate reprezentacije BiH na Balkansko prvenstvo, koje \u0107e se odr\u017eati u Gr\u010dkoj krajem maja mjeseca teku\u0107e godine.<\/p>\n<p>U konkurenciji 1.064 takmi\u010dara iz 112 klubova, sportisti Karate kluba &#8220;\u0160odan&#8221; iz Prijedora su postigli sjajne rezultate.<\/p>\n<p>-Osvojili smo ukupno \u010detiri medalje, dvije zlatne, jednu srebrnu i jednu bronzanu medalju. Na\u0161 kata tim u mu\u0161koj konkurenciji u sastavu Matej Radakovi\u0107, Andrej Zori\u0107 i Teodor Petrovi\u0107 bio je najbolji i okitio se titulom pobjednika. U velikoj konkurenciji osvojiti zlatnu medalju je velika stvar. To je veliki uspjeh za na\u0161 klub, a i za na\u0161e mlade sportiste. Njego\u0161 Buji\u0107 je osvojio zlatnu medalju borbama u kategoriji do 45 kg. Andrej \u0160kori\u0107 je osvojio srebrnu medalju u kategoriji do 50 kg, dok je Stefan Drini\u0107 osvojio bronzanu medalju u kategoriji do 45 kg &#8211; rekao je Rajko Vu\u010di\u0107evi, predsjednik &#8220;\u0160odana&#8221;.<\/p>\n<p>On je dodao da mlade Prijedor\u010dane o\u010dekuje nastup na Dr\u017eavnom prvenstvu koje \u0107e se odr\u017eati u Zenici 03.05.2025. godine.<\/p>\n<p>Poslije ovog takmi\u010denja selektor reprezentacije BiH \u0107e odrediti spisak takmi\u010dara za nastup na Balkanijadi u Gr\u010dkoj.<\/p>\n<p>Koliko je ovaj rezultat &#8220;\u0160odana&#8221; vrijedan, najbolje se ogleda u \u010dinjenici da se Prijedor\u010dani u ukupnom poretku nalaze na visokom devetom mjestu, od 86 klubova koji su osvajali medalje.<\/p>\n<p>Priredio &#8211; Aleksandar Drakuli\u0107 &#8211; <a href=\"https:\/\/www.prijedordanas.com\" target=\"_blank\" rel=\"noopener noreferrer\">www.prijedordanas.com<\/a><\/p>\n<p><a href=\"https:\/\/www.prijedordanas.com\/wp-content\/uploads\/2025\/04\/sodan-izborno-takmicenje-sarajevo2025-2.jpg\"><img loading=\"lazy\" decoding=\"async\" src=\"https:\/\/www.prijedordanas.com\/wp-content\/uploads\/2025\/04\/sodan-izborno-takmicenje-sarajevo2025-2-225x300.jpg\" alt=\"\" width=\"225\" height=\"300\" class=\"alignleft size-medium wp-image-245317\" srcset=\"https:\/\/www.prijedordanas.com\/wp-content\/uploads\/2025\/04\/sodan-izborno-takmicenje-sarajevo2025-2-225x300.jpg 225w, https:\/\/www.prijedordanas.com\/wp-content\/uploads\/2025\/04\/sodan-izborno-takmicenje-sarajevo2025-2.jpg 450w\" sizes=\"(max-width: 225px) 100vw, 225px\" \/><\/a> <a href=\"https:\/\/www.prijedordanas.com\/wp-content\/uploads\/2025\/04\/sodan-izborno-takmicenje-sarajevo2025-3.jpg\"><img loading=\"lazy\" decoding=\"async\" src=\"https:\/\/www.prijedordanas.com\/wp-content\/uploads\/2025\/04\/sodan-izborno-takmicenje-sarajevo2025-3-225x300.jpg\" alt=\"\" width=\"225\" height=\"300\" class=\"alignleft size-medium wp-image-245318\" srcset=\"https:\/\/www.prijedordanas.com\/wp-content\/uploads\/2025\/04\/sodan-izborno-takmicenje-sarajevo2025-3-225x300.jpg 225w, https:\/\/www.prijedordanas.com\/wp-content\/uploads\/2025\/04\/sodan-izborno-takmicenje-sarajevo2025-3.jpg 450w\" sizes=\"(max-width: 225px) 100vw, 225px\" \/><\/a> <a href=\"https:\/\/www.prijedordanas.com\/wp-content\/uploads\/2025\/04\/sodan-izborno-takmicenje-sarajevo2025-4.jpg\"><img loading=\"lazy\" decoding=\"async\" src=\"https:\/\/www.prijedordanas.com\/wp-content\/uploads\/2025\/04\/sodan-izborno-takmicenje-sarajevo2025-4-225x300.jpg\" alt=\"\" width=\"225\" height=\"300\" class=\"alignleft size-medium wp-image-245319\" srcset=\"https:\/\/www.prijedordanas.com\/wp-content\/uploads\/2025\/04\/sodan-izborno-takmicenje-sarajevo2025-4-225x300.jpg 225w, https:\/\/www.prijedordanas.com\/wp-content\/uploads\/2025\/04\/sodan-izborno-takmicenje-sarajevo2025-4.jpg 450w\" sizes=\"(max-width: 225px) 100vw, 225px\" \/><\/a> <a href=\"https:\/\/www.prijedordanas.com\/wp-content\/uploads\/2025\/04\/sodan-izborno-takmicenje-sarajevo2025-5.jpg\"><img loading=\"lazy\" decoding=\"async\" src=\"https:\/\/www.prijedordanas.com\/wp-content\/uploads\/2025\/04\/sodan-izborno-takmicenje-sarajevo2025-5-225x300.jpg\" alt=\"\" width=\"225\" height=\"300\" class=\"alignleft size-medium wp-image-245320\" srcset=\"https:\/\/www.prijedordanas.com\/wp-content\/uploads\/2025\/04\/sodan-izborno-takmicenje-sarajevo2025-5-225x300.jpg 225w, https:\/\/www.prijedordanas.com\/wp-content\/uploads\/2025\/04\/sodan-izborno-takmicenje-sarajevo2025-5.jpg 450w\" sizes=\"(max-width: 225px) 100vw, 225px\" \/><\/a><\/p>\n","protected":false},"excerpt":{"rendered":"<p>U Sarajevu je odr\u017eano Izborno takmi\u010denje za odlazak karate reprezentacije BiH na Balkansko prvenstvo, koje \u0107e se odr\u017eati u Gr\u010dkoj krajem maja mjeseca teku\u0107e godine. U konkurenciji 1.064 takmi\u010dara iz [&hellip;]<\/p>\n","protected":false},"author":1,"featured_media":0,"comment_status":"closed","ping_status":"open","sticky":false,"template":"","format":"standard","meta":{"_monsterinsights_skip_tracking":false,"_monsterinsights_sitenote_active":false,"_monsterinsights_sitenote_note":"","_monsterinsights_sitenote_category":0,"footnotes":""},"categories":[7],"tags":[],"yoast_head":"<!-- This site is optimized with the Yoast SEO plugin v21.6 - https:\/\/yoast.com\/wordpress\/plugins\/seo\/ -->\n<title>Sjajan rezultat karatista &quot;\u0160odana&quot; na Izbornom takmi\u010denje za odlazak reprezentacije BiH na Balkansko prvenstvo: Osvojene \u010detiri medalje - FOTO - PrijedorDanas.com - Prijedorski gradski portal<\/title>\n<meta name=\"robots\" content=\"index, follow, max-snippet:-1, max-image-preview:large, max-video-preview:-1\" \/>\n<link rel=\"canonical\" href=\"https:\/\/www.prijedordanas.com\/?p=245315\" \/>\n<meta property=\"og:locale\" content=\"en_US\" \/>\n<meta property=\"og:type\" content=\"article\" \/>\n<meta property=\"og:title\" content=\"Sjajan rezultat karatista &quot;\u0160odana&quot; na Izbornom takmi\u010denje za odlazak reprezentacije BiH na Balkansko prvenstvo: Osvojene \u010detiri medalje - FOTO - PrijedorDanas.com - Prijedorski gradski portal\" \/>\n<meta property=\"og:description\" content=\"U Sarajevu je odr\u017eano Izborno takmi\u010denje za odlazak karate reprezentacije BiH na Balkansko prvenstvo, koje \u0107e se odr\u017eati u Gr\u010dkoj krajem maja mjeseca teku\u0107e godine. U konkurenciji 1.064 takmi\u010dara iz [&hellip;]\" \/>\n<meta property=\"og:url\" content=\"https:\/\/www.prijedordanas.com\/?p=245315\" \/>\n<meta property=\"og:site_name\" content=\"PrijedorDanas.com - Prijedorski gradski portal\" \/>\n<meta property=\"article:publisher\" content=\"https:\/\/www.facebook.com\/PrijedorDanasCom\/\" \/>\n<meta property=\"article:published_time\" content=\"2025-04-13T06:38:01+00:00\" \/>\n<meta property=\"og:image\" content=\"https:\/\/www.prijedordanas.com\/wp-content\/uploads\/2025\/04\/sodan-izborno-takmicenje-sarajevo2025-1-300x250.jpg\" \/>\n<meta name=\"author\" content=\"admin\" \/>\n<meta name=\"twitter:card\" content=\"summary_large_image\" \/>\n<meta name=\"twitter:label1\" content=\"Written by\" \/>\n\t<meta name=\"twitter:data1\" content=\"admin\" \/>\n\t<meta name=\"twitter:label2\" content=\"Est. reading time\" \/>\n\t<meta name=\"twitter:data2\" content=\"2 minutes\" \/>\n<script type=\"application\/ld+json\" class=\"yoast-schema-graph\">{\"@context\":\"https:\/\/schema.org\",\"@graph\":[{\"@type\":\"Article\",\"@id\":\"https:\/\/www.prijedordanas.com\/?p=245315#article\",\"isPartOf\":{\"@id\":\"https:\/\/www.prijedordanas.com\/?p=245315\"},\"author\":{\"name\":\"admin\",\"@id\":\"https:\/\/www.prijedordanas.com\/#\/schema\/person\/4e08ccf29b506ca916ff86d46bb700e6\"},\"headline\":\"Sjajan rezultat karatista &#8220;\u0160odana&#8221; na Izbornom takmi\u010denje za odlazak reprezentacije BiH na Balkansko prvenstvo: Osvojene \u010detiri medalje &#8211; FOTO\",\"datePublished\":\"2025-04-13T06:38:01+00:00\",\"dateModified\":\"2025-04-13T06:38:01+00:00\",\"mainEntityOfPage\":{\"@id\":\"https:\/\/www.prijedordanas.com\/?p=245315\"},\"wordCount\":245,\"publisher\":{\"@id\":\"https:\/\/www.prijedordanas.com\/#organization\"},\"articleSection\":[\"Sport\"],\"inLanguage\":\"en-US\"},{\"@type\":\"WebPage\",\"@id\":\"https:\/\/www.prijedordanas.com\/?p=245315\",\"url\":\"https:\/\/www.prijedordanas.com\/?p=245315\",\"name\":\"Sjajan rezultat karatista \\\"\u0160odana\\\" na Izbornom takmi\u010denje za odlazak reprezentacije BiH na Balkansko prvenstvo: Osvojene \u010detiri medalje - FOTO - PrijedorDanas.com - Prijedorski gradski portal\",\"isPartOf\":{\"@id\":\"https:\/\/www.prijedordanas.com\/#website\"},\"datePublished\":\"2025-04-13T06:38:01+00:00\",\"dateModified\":\"2025-04-13T06:38:01+00:00\",\"breadcrumb\":{\"@id\":\"https:\/\/www.prijedordanas.com\/?p=245315#breadcrumb\"},\"inLanguage\":\"en-US\",\"potentialAction\":[{\"@type\":\"ReadAction\",\"target\":[\"https:\/\/www.prijedordanas.com\/?p=245315\"]}]},{\"@type\":\"BreadcrumbList\",\"@id\":\"https:\/\/www.prijedordanas.com\/?p=245315#breadcrumb\",\"itemListElement\":[{\"@type\":\"ListItem\",\"position\":1,\"name\":\"Home\",\"item\":\"https:\/\/www.prijedordanas.com\/\"},{\"@type\":\"ListItem\",\"position\":2,\"name\":\"Sjajan rezultat karatista &#8220;\u0160odana&#8221; na Izbornom takmi\u010denje za odlazak reprezentacije BiH na Balkansko prvenstvo: Osvojene \u010detiri medalje &#8211; FOTO\"}]},{\"@type\":\"WebSite\",\"@id\":\"https:\/\/www.prijedordanas.com\/#website\",\"url\":\"https:\/\/www.prijedordanas.com\/\",\"name\":\"PrijedorDanas.com - Prijedorski gradski portal\",\"description\":\"Portal o doga\u0111anjima u gradu Prijedoru\",\"publisher\":{\"@id\":\"https:\/\/www.prijedordanas.com\/#organization\"},\"potentialAction\":[{\"@type\":\"SearchAction\",\"target\":{\"@type\":\"EntryPoint\",\"urlTemplate\":\"https:\/\/www.prijedordanas.com\/?s={search_term_string}\"},\"query-input\":\"required name=search_term_string\"}],\"inLanguage\":\"en-US\"},{\"@type\":\"Organization\",\"@id\":\"https:\/\/www.prijedordanas.com\/#organization\",\"name\":\"PrijedorDanas.com\",\"url\":\"https:\/\/www.prijedordanas.com\/\",\"logo\":{\"@type\":\"ImageObject\",\"inLanguage\":\"en-US\",\"@id\":\"https:\/\/www.prijedordanas.com\/#\/schema\/logo\/image\/\",\"url\":\"http:\/\/www.prijedordanas.com\/wp-content\/uploads\/2021\/12\/logopng.png\",\"contentUrl\":\"http:\/\/www.prijedordanas.com\/wp-content\/uploads\/2021\/12\/logopng.png\",\"width\":1019,\"height\":776,\"caption\":\"PrijedorDanas.com\"},\"image\":{\"@id\":\"https:\/\/www.prijedordanas.com\/#\/schema\/logo\/image\/\"},\"sameAs\":[\"https:\/\/www.facebook.com\/PrijedorDanasCom\/\"]},{\"@type\":\"Person\",\"@id\":\"https:\/\/www.prijedordanas.com\/#\/schema\/person\/4e08ccf29b506ca916ff86d46bb700e6\",\"name\":\"admin\",\"image\":{\"@type\":\"ImageObject\",\"inLanguage\":\"en-US\",\"@id\":\"https:\/\/www.prijedordanas.com\/#\/schema\/person\/image\/\",\"url\":\"https:\/\/secure.gravatar.com\/avatar\/1d3fc949d550f0b53a5f0d51e06dfd79?s=96&d=mm&r=g\",\"contentUrl\":\"https:\/\/secure.gravatar.com\/avatar\/1d3fc949d550f0b53a5f0d51e06dfd79?s=96&d=mm&r=g\",\"caption\":\"admin\"},\"url\":\"https:\/\/www.prijedordanas.com\/?author=1\"}]}<\/script>\n<!-- \/ Yoast SEO plugin. -->","yoast_head_json":{"title":"Sjajan rezultat karatista \"\u0160odana\" na Izbornom takmi\u010denje za odlazak reprezentacije BiH na Balkansko prvenstvo: Osvojene \u010detiri medalje - FOTO - PrijedorDanas.com - Prijedorski gradski portal","robots":{"index":"index","follow":"follow","max-snippet":"max-snippet:-1","max-image-preview":"max-image-preview:large","max-video-preview":"max-video-preview:-1"},"canonical":"https:\/\/www.prijedordanas.com\/?p=245315","og_locale":"en_US","og_type":"article","og_title":"Sjajan rezultat karatista \"\u0160odana\" na Izbornom takmi\u010denje za odlazak reprezentacije BiH na Balkansko prvenstvo: Osvojene \u010detiri medalje - FOTO - PrijedorDanas.com - Prijedorski gradski portal","og_description":"U Sarajevu je odr\u017eano Izborno takmi\u010denje za odlazak karate reprezentacije BiH na Balkansko prvenstvo, koje \u0107e se odr\u017eati u Gr\u010dkoj krajem maja mjeseca teku\u0107e godine. U konkurenciji 1.064 takmi\u010dara iz [&hellip;]","og_url":"https:\/\/www.prijedordanas.com\/?p=245315","og_site_name":"PrijedorDanas.com - Prijedorski gradski portal","article_publisher":"https:\/\/www.facebook.com\/PrijedorDanasCom\/","article_published_time":"2025-04-13T06:38:01+00:00","og_image":[{"url":"https:\/\/www.prijedordanas.com\/wp-content\/uploads\/2025\/04\/sodan-izborno-takmicenje-sarajevo2025-1-300x250.jpg"}],"author":"admin","twitter_card":"summary_large_image","twitter_misc":{"Written by":"admin","Est. reading time":"2 minutes"},"schema":{"@context":"https:\/\/schema.org","@graph":[{"@type":"Article","@id":"https:\/\/www.prijedordanas.com\/?p=245315#article","isPartOf":{"@id":"https:\/\/www.prijedordanas.com\/?p=245315"},"author":{"name":"admin","@id":"https:\/\/www.prijedordanas.com\/#\/schema\/person\/4e08ccf29b506ca916ff86d46bb700e6"},"headline":"Sjajan rezultat karatista &#8220;\u0160odana&#8221; na Izbornom takmi\u010denje za odlazak reprezentacije BiH na Balkansko prvenstvo: Osvojene \u010detiri medalje &#8211; FOTO","datePublished":"2025-04-13T06:38:01+00:00","dateModified":"2025-04-13T06:38:01+00:00","mainEntityOfPage":{"@id":"https:\/\/www.prijedordanas.com\/?p=245315"},"wordCount":245,"publisher":{"@id":"https:\/\/www.prijedordanas.com\/#organization"},"articleSection":["Sport"],"inLanguage":"en-US"},{"@type":"WebPage","@id":"https:\/\/www.prijedordanas.com\/?p=245315","url":"https:\/\/www.prijedordanas.com\/?p=245315","name":"Sjajan rezultat karatista \"\u0160odana\" na Izbornom takmi\u010denje za odlazak reprezentacije BiH na Balkansko prvenstvo: Osvojene \u010detiri medalje - FOTO - PrijedorDanas.com - Prijedorski gradski portal","isPartOf":{"@id":"https:\/\/www.prijedordanas.com\/#website"},"datePublished":"2025-04-13T06:38:01+00:00","dateModified":"2025-04-13T06:38:01+00:00","breadcrumb":{"@id":"https:\/\/www.prijedordanas.com\/?p=245315#breadcrumb"},"inLanguage":"en-US","potentialAction":[{"@type":"ReadAction","target":["https:\/\/www.prijedordanas.com\/?p=245315"]}]},{"@type":"BreadcrumbList","@id":"https:\/\/www.prijedordanas.com\/?p=245315#breadcrumb","itemListElement":[{"@type":"ListItem","position":1,"name":"Home","item":"https:\/\/www.prijedordanas.com\/"},{"@type":"ListItem","position":2,"name":"Sjajan rezultat karatista &#8220;\u0160odana&#8221; na Izbornom takmi\u010denje za odlazak reprezentacije BiH na Balkansko prvenstvo: Osvojene \u010detiri medalje &#8211; FOTO"}]},{"@type":"WebSite","@id":"https:\/\/www.prijedordanas.com\/#website","url":"https:\/\/www.prijedordanas.com\/","name":"PrijedorDanas.com - Prijedorski gradski portal","description":"Portal o doga\u0111anjima u gradu Prijedoru","publisher":{"@id":"https:\/\/www.prijedordanas.com\/#organization"},"potentialAction":[{"@type":"SearchAction","target":{"@type":"EntryPoint","urlTemplate":"https:\/\/www.prijedordanas.com\/?s={search_term_string}"},"query-input":"required name=search_term_string"}],"inLanguage":"en-US"},{"@type":"Organization","@id":"https:\/\/www.prijedordanas.com\/#organization","name":"PrijedorDanas.com","url":"https:\/\/www.prijedordanas.com\/","logo":{"@type":"ImageObject","inLanguage":"en-US","@id":"https:\/\/www.prijedordanas.com\/#\/schema\/logo\/image\/","url":"http:\/\/www.prijedordanas.com\/wp-content\/uploads\/2021\/12\/logopng.png","contentUrl":"http:\/\/www.prijedordanas.com\/wp-content\/uploads\/2021\/12\/logopng.png","width":1019,"height":776,"caption":"PrijedorDanas.com"},"image":{"@id":"https:\/\/www.prijedordanas.com\/#\/schema\/logo\/image\/"},"sameAs":["https:\/\/www.facebook.com\/PrijedorDanasCom\/"]},{"@type":"Person","@id":"https:\/\/www.prijedordanas.com\/#\/schema\/person\/4e08ccf29b506ca916ff86d46bb700e6","name":"admin","image":{"@type":"ImageObject","inLanguage":"en-US","@id":"https:\/\/www.prijedordanas.com\/#\/schema\/person\/image\/","url":"https:\/\/secure.gravatar.com\/avatar\/1d3fc949d550f0b53a5f0d51e06dfd79?s=96&d=mm&r=g","contentUrl":"https:\/\/secure.gravatar.com\/avatar\/1d3fc949d550f0b53a5f0d51e06dfd79?s=96&d=mm&r=g","caption":"admin"},"url":"https:\/\/www.prijedordanas.com\/?author=1"}]}},"_links":{"self":[{"href":"https:\/\/www.prijedordanas.com\/index.php?rest_route=\/wp\/v2\/posts\/245315"}],"collection":[{"href":"https:\/\/www.prijedordanas.com\/index.php?rest_route=\/wp\/v2\/posts"}],"about":[{"href":"https:\/\/www.prijedordanas.com\/index.php?rest_route=\/wp\/v2\/types\/post"}],"author":[{"embeddable":true,"href":"https:\/\/www.prijedordanas.com\/index.php?rest_route=\/wp\/v2\/users\/1"}],"replies":[{"embeddable":true,"href":"https:\/\/www.prijedordanas.com\/index.php?rest_route=%2Fwp%2Fv2%2Fcomments&post=245315"}],"version-history":[{"count":1,"href":"https:\/\/www.prijedordanas.com\/index.php?rest_route=\/wp\/v2\/posts\/245315\/revisions"}],"predecessor-version":[{"id":245321,"href":"https:\/\/www.prijedordanas.com\/index.php?rest_route=\/wp\/v2\/posts\/245315\/revisions\/245321"}],"wp:attachment":[{"href":"https:\/\/www.prijedordanas.com\/index.php?rest_route=%2Fwp%2Fv2%2Fmedia&parent=245315"}],"wp:term":[{"taxonomy":"category","embeddable":true,"href":"https:\/\/www.prijedordanas.com\/index.php?rest_route=%2Fwp%2Fv2%2Fcategories&post=245315"},{"taxonomy":"post_tag","embeddable":true,"href":"https:\/\/www.prijedordanas.com\/index.php?rest_route=%2Fwp%2Fv2%2Ftags&post=245315"}],"curies":[{"name":"wp","href":"https:\/\/api.w.org\/{rel}","templated":true}]}}