{"id":24517,"date":"2015-06-18T08:01:15","date_gmt":"2015-06-18T07:01:15","guid":{"rendered":"https:\/\/www.prijedordanas.com\/?p=24517"},"modified":"2015-06-18T08:01:15","modified_gmt":"2015-06-18T07:01:15","slug":"rudar-prijedor-jos-nije-dobio-trenera-sredojevic-i-gavran-kandidati","status":"publish","type":"post","link":"https:\/\/www.prijedordanas.com\/?p=24517","title":{"rendered":"RUDAR-PRIJEDOR JO\u0160 NIJE DOBIO TRENERA: SREDOJEVI\u0106 I GAVRAN KANDIDATI"},"content":{"rendered":"<p><a href=\"https:\/\/www.prijedordanas.com\/wp-content\/uploads\/2015\/06\/rudar-prijedor-grb1.jpg\"><img loading=\"lazy\" decoding=\"async\" src=\"https:\/\/www.prijedordanas.com\/wp-content\/uploads\/2015\/06\/rudar-prijedor-grb1-294x300.jpg\" alt=\"rudar prijedor-grb\" width=\"294\" height=\"300\" class=\"alignleft size-medium wp-image-24344\" srcset=\"https:\/\/www.prijedordanas.com\/wp-content\/uploads\/2015\/06\/rudar-prijedor-grb1-294x300.jpg 294w, https:\/\/www.prijedordanas.com\/wp-content\/uploads\/2015\/06\/rudar-prijedor-grb1-50x50.jpg 50w, https:\/\/www.prijedordanas.com\/wp-content\/uploads\/2015\/06\/rudar-prijedor-grb1.jpg 588w\" sizes=\"(max-width: 294px) 100vw, 294px\" \/><\/a>Fudbaleri Rudar-Prijedora, \u0161ampiona Prve lige Republike Srpske, jo\u0161 nisu dobili novog \u0161efa stru\u010dnog \u0161taba, poslije odlaska sa klupe Zorana Buji\u0107a. <\/p>\n<p>Najozbiljniji kandidati su Bor\u010de Sredojevi\u0107, koji je bio godinama anga\u017eovan u Fudbalskom savezu BiH (pomo\u0107ni trener \u010detvorice selektora Fuada Muzurovi\u0107a, Mehe Kodre, Miroslava Bla\u017eevi\u0107a i Safeta Su\u0161i\u0107a) i Boris Gavran, koji je u dva navrata vodio \u201ezeleno-crne\u201c, a nepunu pro\u0161lu sezonu bio je u drugoliga\u0161u Federacije BiH, Slogi iz Ljubu\u0161kog.<\/p>\n<p>-Ljudi zadu\u017eeni u klubu za pregovore sa trenerima koji bi trebali da preuzmu ekipu imali su vi\u0161e imena \u201eu opticaju\u201c, ali su, kako sada stvari stoje, jedini kandidati su Sredojevi\u0107 i Gavran. Novi \u0161ef struke ima\u0107e punu podr\u0161ku \u010dlanova Uprave i predsjednika Gorana Boji\u0107a, koji je trenutno u Srbiji, oko izbora igra\u010dkog kadra za naredno prvenstvo u Premijer ligi BiH. Ispisnicu je, za sada, jedino uzeo Vedran Kantar &#8211; rekao je sekretar Rudar-Prijedora Zijad \u010cani\u0107.   <\/p>\n<p>Tekst i foto \u2013 Nenad \u0110eri\u0107\/Aleksandar Drakuli\u0107 \u2013 <a href=\"www.prijedordanas.com\" target=\"_blank\">www.prijedordanas.com<\/a><\/p>\n","protected":false},"excerpt":{"rendered":"<p>Fudbaleri Rudar-Prijedora, \u0161ampiona Prve lige Republike Srpske, jo\u0161 nisu dobili novog \u0161efa stru\u010dnog \u0161taba, poslije odlaska sa klupe Zorana Buji\u0107a. Najozbiljniji kandidati su Bor\u010de Sredojevi\u0107, koji je bio godinama anga\u017eovan [&hellip;]<\/p>\n","protected":false},"author":1,"featured_media":0,"comment_status":"closed","ping_status":"open","sticky":false,"template":"","format":"standard","meta":{"_monsterinsights_skip_tracking":false,"_monsterinsights_sitenote_active":false,"_monsterinsights_sitenote_note":"","_monsterinsights_sitenote_category":0,"footnotes":""},"categories":[7],"tags":[3932,3933,221,354],"yoast_head":"<!-- This site is optimized with the Yoast SEO plugin v21.6 - https:\/\/yoast.com\/wordpress\/plugins\/seo\/ -->\n<title>RUDAR-PRIJEDOR JO\u0160 NIJE DOBIO TRENERA: SREDOJEVI\u0106 I GAVRAN KANDIDATI - PrijedorDanas.com - Prijedorski gradski portal<\/title>\n<meta name=\"robots\" content=\"index, follow, max-snippet:-1, max-image-preview:large, max-video-preview:-1\" \/>\n<link rel=\"canonical\" href=\"https:\/\/www.prijedordanas.com\/?p=24517\" \/>\n<meta property=\"og:locale\" content=\"en_US\" \/>\n<meta property=\"og:type\" content=\"article\" \/>\n<meta property=\"og:title\" content=\"RUDAR-PRIJEDOR JO\u0160 NIJE DOBIO TRENERA: SREDOJEVI\u0106 I GAVRAN KANDIDATI - PrijedorDanas.com - Prijedorski gradski portal\" \/>\n<meta property=\"og:description\" content=\"Fudbaleri Rudar-Prijedora, \u0161ampiona Prve lige Republike Srpske, jo\u0161 nisu dobili novog \u0161efa stru\u010dnog \u0161taba, poslije odlaska sa klupe Zorana Buji\u0107a. Najozbiljniji kandidati su Bor\u010de Sredojevi\u0107, koji je bio godinama anga\u017eovan [&hellip;]\" \/>\n<meta property=\"og:url\" content=\"https:\/\/www.prijedordanas.com\/?p=24517\" \/>\n<meta property=\"og:site_name\" content=\"PrijedorDanas.com - Prijedorski gradski portal\" \/>\n<meta property=\"article:publisher\" content=\"https:\/\/www.facebook.com\/PrijedorDanasCom\/\" \/>\n<meta property=\"article:published_time\" content=\"2015-06-18T07:01:15+00:00\" \/>\n<meta property=\"og:image\" content=\"https:\/\/www.prijedordanas.com\/wp-content\/uploads\/2015\/06\/rudar-prijedor-grb1-294x300.jpg\" \/>\n<meta name=\"author\" content=\"admin\" \/>\n<meta name=\"twitter:card\" content=\"summary_large_image\" \/>\n<meta name=\"twitter:label1\" content=\"Written by\" \/>\n\t<meta name=\"twitter:data1\" content=\"admin\" \/>\n\t<meta name=\"twitter:label2\" content=\"Est. reading time\" \/>\n\t<meta name=\"twitter:data2\" content=\"1 minute\" \/>\n<script type=\"application\/ld+json\" class=\"yoast-schema-graph\">{\"@context\":\"https:\/\/schema.org\",\"@graph\":[{\"@type\":\"Article\",\"@id\":\"https:\/\/www.prijedordanas.com\/?p=24517#article\",\"isPartOf\":{\"@id\":\"https:\/\/www.prijedordanas.com\/?p=24517\"},\"author\":{\"name\":\"admin\",\"@id\":\"https:\/\/www.prijedordanas.com\/#\/schema\/person\/4e08ccf29b506ca916ff86d46bb700e6\"},\"headline\":\"RUDAR-PRIJEDOR JO\u0160 NIJE DOBIO TRENERA: SREDOJEVI\u0106 I GAVRAN KANDIDATI\",\"datePublished\":\"2015-06-18T07:01:15+00:00\",\"dateModified\":\"2015-06-18T07:01:15+00:00\",\"mainEntityOfPage\":{\"@id\":\"https:\/\/www.prijedordanas.com\/?p=24517\"},\"wordCount\":183,\"publisher\":{\"@id\":\"https:\/\/www.prijedordanas.com\/#organization\"},\"keywords\":[\"Bor\u010de Sredojevi\u0107\",\"Boris Gavran\",\"Rudar-Prijedor\",\"trener\"],\"articleSection\":[\"Sport\"],\"inLanguage\":\"en-US\"},{\"@type\":\"WebPage\",\"@id\":\"https:\/\/www.prijedordanas.com\/?p=24517\",\"url\":\"https:\/\/www.prijedordanas.com\/?p=24517\",\"name\":\"RUDAR-PRIJEDOR JO\u0160 NIJE DOBIO TRENERA: SREDOJEVI\u0106 I GAVRAN KANDIDATI - PrijedorDanas.com - Prijedorski gradski portal\",\"isPartOf\":{\"@id\":\"https:\/\/www.prijedordanas.com\/#website\"},\"datePublished\":\"2015-06-18T07:01:15+00:00\",\"dateModified\":\"2015-06-18T07:01:15+00:00\",\"breadcrumb\":{\"@id\":\"https:\/\/www.prijedordanas.com\/?p=24517#breadcrumb\"},\"inLanguage\":\"en-US\",\"potentialAction\":[{\"@type\":\"ReadAction\",\"target\":[\"https:\/\/www.prijedordanas.com\/?p=24517\"]}]},{\"@type\":\"BreadcrumbList\",\"@id\":\"https:\/\/www.prijedordanas.com\/?p=24517#breadcrumb\",\"itemListElement\":[{\"@type\":\"ListItem\",\"position\":1,\"name\":\"Home\",\"item\":\"https:\/\/www.prijedordanas.com\/\"},{\"@type\":\"ListItem\",\"position\":2,\"name\":\"RUDAR-PRIJEDOR JO\u0160 NIJE DOBIO TRENERA: SREDOJEVI\u0106 I GAVRAN KANDIDATI\"}]},{\"@type\":\"WebSite\",\"@id\":\"https:\/\/www.prijedordanas.com\/#website\",\"url\":\"https:\/\/www.prijedordanas.com\/\",\"name\":\"PrijedorDanas.com - Prijedorski gradski portal\",\"description\":\"Portal o doga\u0111anjima u gradu Prijedoru\",\"publisher\":{\"@id\":\"https:\/\/www.prijedordanas.com\/#organization\"},\"potentialAction\":[{\"@type\":\"SearchAction\",\"target\":{\"@type\":\"EntryPoint\",\"urlTemplate\":\"https:\/\/www.prijedordanas.com\/?s={search_term_string}\"},\"query-input\":\"required name=search_term_string\"}],\"inLanguage\":\"en-US\"},{\"@type\":\"Organization\",\"@id\":\"https:\/\/www.prijedordanas.com\/#organization\",\"name\":\"PrijedorDanas.com\",\"url\":\"https:\/\/www.prijedordanas.com\/\",\"logo\":{\"@type\":\"ImageObject\",\"inLanguage\":\"en-US\",\"@id\":\"https:\/\/www.prijedordanas.com\/#\/schema\/logo\/image\/\",\"url\":\"http:\/\/www.prijedordanas.com\/wp-content\/uploads\/2021\/12\/logopng.png\",\"contentUrl\":\"http:\/\/www.prijedordanas.com\/wp-content\/uploads\/2021\/12\/logopng.png\",\"width\":1019,\"height\":776,\"caption\":\"PrijedorDanas.com\"},\"image\":{\"@id\":\"https:\/\/www.prijedordanas.com\/#\/schema\/logo\/image\/\"},\"sameAs\":[\"https:\/\/www.facebook.com\/PrijedorDanasCom\/\"]},{\"@type\":\"Person\",\"@id\":\"https:\/\/www.prijedordanas.com\/#\/schema\/person\/4e08ccf29b506ca916ff86d46bb700e6\",\"name\":\"admin\",\"image\":{\"@type\":\"ImageObject\",\"inLanguage\":\"en-US\",\"@id\":\"https:\/\/www.prijedordanas.com\/#\/schema\/person\/image\/\",\"url\":\"https:\/\/secure.gravatar.com\/avatar\/1d3fc949d550f0b53a5f0d51e06dfd79?s=96&d=mm&r=g\",\"contentUrl\":\"https:\/\/secure.gravatar.com\/avatar\/1d3fc949d550f0b53a5f0d51e06dfd79?s=96&d=mm&r=g\",\"caption\":\"admin\"},\"url\":\"https:\/\/www.prijedordanas.com\/?author=1\"}]}<\/script>\n<!-- \/ Yoast SEO plugin. -->","yoast_head_json":{"title":"RUDAR-PRIJEDOR JO\u0160 NIJE DOBIO TRENERA: SREDOJEVI\u0106 I GAVRAN KANDIDATI - PrijedorDanas.com - Prijedorski gradski portal","robots":{"index":"index","follow":"follow","max-snippet":"max-snippet:-1","max-image-preview":"max-image-preview:large","max-video-preview":"max-video-preview:-1"},"canonical":"https:\/\/www.prijedordanas.com\/?p=24517","og_locale":"en_US","og_type":"article","og_title":"RUDAR-PRIJEDOR JO\u0160 NIJE DOBIO TRENERA: SREDOJEVI\u0106 I GAVRAN KANDIDATI - PrijedorDanas.com - Prijedorski gradski portal","og_description":"Fudbaleri Rudar-Prijedora, \u0161ampiona Prve lige Republike Srpske, jo\u0161 nisu dobili novog \u0161efa stru\u010dnog \u0161taba, poslije odlaska sa klupe Zorana Buji\u0107a. Najozbiljniji kandidati su Bor\u010de Sredojevi\u0107, koji je bio godinama anga\u017eovan [&hellip;]","og_url":"https:\/\/www.prijedordanas.com\/?p=24517","og_site_name":"PrijedorDanas.com - Prijedorski gradski portal","article_publisher":"https:\/\/www.facebook.com\/PrijedorDanasCom\/","article_published_time":"2015-06-18T07:01:15+00:00","og_image":[{"url":"https:\/\/www.prijedordanas.com\/wp-content\/uploads\/2015\/06\/rudar-prijedor-grb1-294x300.jpg"}],"author":"admin","twitter_card":"summary_large_image","twitter_misc":{"Written by":"admin","Est. reading time":"1 minute"},"schema":{"@context":"https:\/\/schema.org","@graph":[{"@type":"Article","@id":"https:\/\/www.prijedordanas.com\/?p=24517#article","isPartOf":{"@id":"https:\/\/www.prijedordanas.com\/?p=24517"},"author":{"name":"admin","@id":"https:\/\/www.prijedordanas.com\/#\/schema\/person\/4e08ccf29b506ca916ff86d46bb700e6"},"headline":"RUDAR-PRIJEDOR JO\u0160 NIJE DOBIO TRENERA: SREDOJEVI\u0106 I GAVRAN KANDIDATI","datePublished":"2015-06-18T07:01:15+00:00","dateModified":"2015-06-18T07:01:15+00:00","mainEntityOfPage":{"@id":"https:\/\/www.prijedordanas.com\/?p=24517"},"wordCount":183,"publisher":{"@id":"https:\/\/www.prijedordanas.com\/#organization"},"keywords":["Bor\u010de Sredojevi\u0107","Boris Gavran","Rudar-Prijedor","trener"],"articleSection":["Sport"],"inLanguage":"en-US"},{"@type":"WebPage","@id":"https:\/\/www.prijedordanas.com\/?p=24517","url":"https:\/\/www.prijedordanas.com\/?p=24517","name":"RUDAR-PRIJEDOR JO\u0160 NIJE DOBIO TRENERA: SREDOJEVI\u0106 I GAVRAN KANDIDATI - PrijedorDanas.com - Prijedorski gradski portal","isPartOf":{"@id":"https:\/\/www.prijedordanas.com\/#website"},"datePublished":"2015-06-18T07:01:15+00:00","dateModified":"2015-06-18T07:01:15+00:00","breadcrumb":{"@id":"https:\/\/www.prijedordanas.com\/?p=24517#breadcrumb"},"inLanguage":"en-US","potentialAction":[{"@type":"ReadAction","target":["https:\/\/www.prijedordanas.com\/?p=24517"]}]},{"@type":"BreadcrumbList","@id":"https:\/\/www.prijedordanas.com\/?p=24517#breadcrumb","itemListElement":[{"@type":"ListItem","position":1,"name":"Home","item":"https:\/\/www.prijedordanas.com\/"},{"@type":"ListItem","position":2,"name":"RUDAR-PRIJEDOR JO\u0160 NIJE DOBIO TRENERA: SREDOJEVI\u0106 I GAVRAN KANDIDATI"}]},{"@type":"WebSite","@id":"https:\/\/www.prijedordanas.com\/#website","url":"https:\/\/www.prijedordanas.com\/","name":"PrijedorDanas.com - Prijedorski gradski portal","description":"Portal o doga\u0111anjima u gradu Prijedoru","publisher":{"@id":"https:\/\/www.prijedordanas.com\/#organization"},"potentialAction":[{"@type":"SearchAction","target":{"@type":"EntryPoint","urlTemplate":"https:\/\/www.prijedordanas.com\/?s={search_term_string}"},"query-input":"required name=search_term_string"}],"inLanguage":"en-US"},{"@type":"Organization","@id":"https:\/\/www.prijedordanas.com\/#organization","name":"PrijedorDanas.com","url":"https:\/\/www.prijedordanas.com\/","logo":{"@type":"ImageObject","inLanguage":"en-US","@id":"https:\/\/www.prijedordanas.com\/#\/schema\/logo\/image\/","url":"http:\/\/www.prijedordanas.com\/wp-content\/uploads\/2021\/12\/logopng.png","contentUrl":"http:\/\/www.prijedordanas.com\/wp-content\/uploads\/2021\/12\/logopng.png","width":1019,"height":776,"caption":"PrijedorDanas.com"},"image":{"@id":"https:\/\/www.prijedordanas.com\/#\/schema\/logo\/image\/"},"sameAs":["https:\/\/www.facebook.com\/PrijedorDanasCom\/"]},{"@type":"Person","@id":"https:\/\/www.prijedordanas.com\/#\/schema\/person\/4e08ccf29b506ca916ff86d46bb700e6","name":"admin","image":{"@type":"ImageObject","inLanguage":"en-US","@id":"https:\/\/www.prijedordanas.com\/#\/schema\/person\/image\/","url":"https:\/\/secure.gravatar.com\/avatar\/1d3fc949d550f0b53a5f0d51e06dfd79?s=96&d=mm&r=g","contentUrl":"https:\/\/secure.gravatar.com\/avatar\/1d3fc949d550f0b53a5f0d51e06dfd79?s=96&d=mm&r=g","caption":"admin"},"url":"https:\/\/www.prijedordanas.com\/?author=1"}]}},"_links":{"self":[{"href":"https:\/\/www.prijedordanas.com\/index.php?rest_route=\/wp\/v2\/posts\/24517"}],"collection":[{"href":"https:\/\/www.prijedordanas.com\/index.php?rest_route=\/wp\/v2\/posts"}],"about":[{"href":"https:\/\/www.prijedordanas.com\/index.php?rest_route=\/wp\/v2\/types\/post"}],"author":[{"embeddable":true,"href":"https:\/\/www.prijedordanas.com\/index.php?rest_route=\/wp\/v2\/users\/1"}],"replies":[{"embeddable":true,"href":"https:\/\/www.prijedordanas.com\/index.php?rest_route=%2Fwp%2Fv2%2Fcomments&post=24517"}],"version-history":[{"count":1,"href":"https:\/\/www.prijedordanas.com\/index.php?rest_route=\/wp\/v2\/posts\/24517\/revisions"}],"predecessor-version":[{"id":24518,"href":"https:\/\/www.prijedordanas.com\/index.php?rest_route=\/wp\/v2\/posts\/24517\/revisions\/24518"}],"wp:attachment":[{"href":"https:\/\/www.prijedordanas.com\/index.php?rest_route=%2Fwp%2Fv2%2Fmedia&parent=24517"}],"wp:term":[{"taxonomy":"category","embeddable":true,"href":"https:\/\/www.prijedordanas.com\/index.php?rest_route=%2Fwp%2Fv2%2Fcategories&post=24517"},{"taxonomy":"post_tag","embeddable":true,"href":"https:\/\/www.prijedordanas.com\/index.php?rest_route=%2Fwp%2Fv2%2Ftags&post=24517"}],"curies":[{"name":"wp","href":"https:\/\/api.w.org\/{rel}","templated":true}]}}