{"id":244863,"date":"2025-04-06T07:41:20","date_gmt":"2025-04-06T05:41:20","guid":{"rendered":"https:\/\/www.prijedordanas.com\/?p=244863"},"modified":"2025-04-06T07:41:20","modified_gmt":"2025-04-06T05:41:20","slug":"evo-za-sta-rufi-trazi-8-miliona-km-u-depou-rudnika-bukova-kosa-tinja-ugalj-koji-mjestane-gusi-sumporom-foto-video","status":"publish","type":"post","link":"https:\/\/www.prijedordanas.com\/?p=244863","title":{"rendered":"Evo za \u0161ta Rufi tra\u017ei 8 miliona KM! U depou rudnika Bukova Kosa tinja ugalj, koji mje\u0161tane gu\u0161i sumporom &#8211; FOTO\/VIDEO"},"content":{"rendered":"<p><a href=\"https:\/\/www.prijedordanas.com\/wp-content\/uploads\/2025\/04\/srpskainfo-rudnik-bukova-kosa-april2025-1.jpg\"><img loading=\"lazy\" decoding=\"async\" class=\"alignleft size-medium wp-image-244864\" src=\"https:\/\/www.prijedordanas.com\/wp-content\/uploads\/2025\/04\/srpskainfo-rudnik-bukova-kosa-april2025-1-300x225.jpg\" alt=\"\" width=\"300\" height=\"225\" srcset=\"https:\/\/www.prijedordanas.com\/wp-content\/uploads\/2025\/04\/srpskainfo-rudnik-bukova-kosa-april2025-1-300x225.jpg 300w, https:\/\/www.prijedordanas.com\/wp-content\/uploads\/2025\/04\/srpskainfo-rudnik-bukova-kosa-april2025-1-640x480.jpg 640w, https:\/\/www.prijedordanas.com\/wp-content\/uploads\/2025\/04\/srpskainfo-rudnik-bukova-kosa-april2025-1.jpg 667w\" sizes=\"(max-width: 300px) 100vw, 300px\" \/><\/a>Mje\u0161tani Velikog Palan\u010di\u0161ta i susjednih sela i ove subote su, kao i prethodne dvije, protestovali na glavnom gradskom trgu u Prijedoru.<\/p>\n<p>Dozlogrdilo im je da ih gu\u0161i i vodu im zaga\u0111uje rudnik uglja Bukova Kosa.<\/p>\n<p>Na ovom lokalitetu ve\u0107 godinu dana ugalj kopa firma \u201cDrvo-export\u201d, \u010diji j eosniva\u010d Sr\u0111an Klje\u010danin Rufi, odbornik SNSD u Tesli\u0107u.<\/p>\n<p>Iako mediji odavno upozoravaju da je rudnik Bukova Kosa otvoren bez ekolo\u0161ke dozvole i uz upitnu dokumentaciju, Rufijevoj firmi niko od nadle\u017enih nije zabranio rad.<\/p>\n<p>Naprotiv, on na podru\u010dju Prijedora po sli\u010dnim okolnostima otvorio dva rudnika uglja, na Bukovoj Kosi i u selu Bistrica, a uporne proteste mje\u0161tana godinama niko nije \u010duo: ni u Prijedoru, ni u Banjaluci.<\/p>\n<p><a href=\"https:\/\/www.prijedordanas.com\/wp-content\/uploads\/2025\/04\/srpskainfo-rudnik-bukova-kosa-april2025-2.jpg\"><img loading=\"lazy\" decoding=\"async\" class=\"alignleft size-medium wp-image-244865\" src=\"https:\/\/www.prijedordanas.com\/wp-content\/uploads\/2025\/04\/srpskainfo-rudnik-bukova-kosa-april2025-2-300x225.jpg\" alt=\"\" width=\"300\" height=\"225\" srcset=\"https:\/\/www.prijedordanas.com\/wp-content\/uploads\/2025\/04\/srpskainfo-rudnik-bukova-kosa-april2025-2-300x225.jpg 300w, https:\/\/www.prijedordanas.com\/wp-content\/uploads\/2025\/04\/srpskainfo-rudnik-bukova-kosa-april2025-2-640x480.jpg 640w, https:\/\/www.prijedordanas.com\/wp-content\/uploads\/2025\/04\/srpskainfo-rudnik-bukova-kosa-april2025-2.jpg 667w\" sizes=\"(max-width: 300px) 100vw, 300px\" \/><\/a>Me\u0111utim, prije 2 dana se dogodio kopernikaski obrt. Predsjednik SNSD i predsjednik Republike Srpske Milorad Dodik je, prilikom posjete poplavljenom Prijedoru, \u201cstao na stranu naroda\u201d i izjavio da \u201ceksploataciju uglja na Bukovoj Kosi treba odmah zabraniti\u201c.<\/p>\n<p>Sr\u0111an Klje\u010danin Rufi se spretno do\u010dekao na noge. Slo\u017eio se sa stavom svog partijskog \u0161efa, ali pod jednim uslovom.<\/p>\n<p>Kako je rekao za portal Capital.ba, njegovoj firmi uop\u0161te nije stalo da radi na Bukovoj Kosi, ali su u taj kop, veli, \u201culo\u017eena ogromna sredstva\u201d.<\/p>\n<p>\u2013 Ulo\u017eeno je osam \u2013 devet miliona maraka, pa neka vrate novac, prvo ti mje\u0161tani koji su dobili pare za svoje zemlji\u0161te, pa \u0107emo raskinuti ugovor \u2013 rekao je Klje\u010danin.<\/p>\n<p><a href=\"https:\/\/www.prijedordanas.com\/wp-content\/uploads\/2025\/04\/srpskainfo-rudnik-bukova-kosa-april2025-3.jpg\"><img loading=\"lazy\" decoding=\"async\" class=\"alignleft size-medium wp-image-244866\" src=\"https:\/\/www.prijedordanas.com\/wp-content\/uploads\/2025\/04\/srpskainfo-rudnik-bukova-kosa-april2025-3-300x225.jpg\" alt=\"\" width=\"300\" height=\"225\" srcset=\"https:\/\/www.prijedordanas.com\/wp-content\/uploads\/2025\/04\/srpskainfo-rudnik-bukova-kosa-april2025-3-300x225.jpg 300w, https:\/\/www.prijedordanas.com\/wp-content\/uploads\/2025\/04\/srpskainfo-rudnik-bukova-kosa-april2025-3-640x480.jpg 640w, https:\/\/www.prijedordanas.com\/wp-content\/uploads\/2025\/04\/srpskainfo-rudnik-bukova-kosa-april2025-3.jpg 667w\" sizes=\"(max-width: 300px) 100vw, 300px\" \/><\/a>A za \u0161ta to Rufi tra\u017ei milione maraka, najbolje svjedo\u010de snimci sa lica mjesta i pri\u010de mje\u0161tana Velikog Palan\u010di\u0161ta i obli\u017eenje Bistrice, gdje je Klje\u010danin tako\u0111e otvorio rudnik uglja.<\/p>\n<p>Daniel Lazi\u0107, poljoprivrednik iz Bistrice, koji je i apsolvent na Rudarskom fakultetu, ka\u017ee da su i u Bukovoj Kosi i u Bistrici rudnici uglja zagadili vazduh i ugrozili lokalne rije\u010dice i vodovode i da mje\u0161tni stalno strahuju od klizi\u0161ta.<\/p>\n<p>\u2013 I u Bistrici i na Bukovoj Kosi rade isti ljudi po istom \u0161ablonu. Njih nije briga \u0161to zaga\u0111uju prirodu i ugro\u017eavaju tu\u0111e posjede, jer samo gledaju svoj interes. Ali, na Bukovoj Kosi je dodatni problem velika koli\u010dina sumpora u uglju, po nekim istra\u017eivanjim ga ima \u010dak do 12 % \u2013 ka\u017ee Lazi\u0107.<\/p>\n<p>Upravo sumpor, koji se isparava iz kopa, natjerao je mje\u0161tane da se pobune i iza\u0111u na ulicu, ka\u017ee za Srpskainfo Miroslav Curi\u0107, predsjednik Savjeta mjesne zajednice \u201cDr Mladen Stojanovi\u0107\u201d Veliko Palan\u010di\u0161te.<\/p>\n<p><a href=\"https:\/\/www.prijedordanas.com\/wp-content\/uploads\/2025\/04\/srpskainfo-rudnik-bukova-kosa-april2025-4.jpg\"><img loading=\"lazy\" decoding=\"async\" class=\"alignleft size-medium wp-image-244867\" src=\"https:\/\/www.prijedordanas.com\/wp-content\/uploads\/2025\/04\/srpskainfo-rudnik-bukova-kosa-april2025-4-300x200.jpg\" alt=\"\" width=\"300\" height=\"200\" srcset=\"https:\/\/www.prijedordanas.com\/wp-content\/uploads\/2025\/04\/srpskainfo-rudnik-bukova-kosa-april2025-4-300x200.jpg 300w, https:\/\/www.prijedordanas.com\/wp-content\/uploads\/2025\/04\/srpskainfo-rudnik-bukova-kosa-april2025-4-480x320.jpg 480w, https:\/\/www.prijedordanas.com\/wp-content\/uploads\/2025\/04\/srpskainfo-rudnik-bukova-kosa-april2025-4.jpg 600w\" sizes=\"(max-width: 300px) 100vw, 300px\" \/><\/a>\u2013 Pogotovo je nesnosno kada se naslage uglja u depou zapale, pa tinjaju satima. Sumporni dim je toliko smrdljiv, da ljude tjera na povra\u0107anje. Danima ne smiju iza\u0107i iz ku\u0107e, jer se pla\u0161e trovanja \u2013 ka\u017ee Curi\u0107.<\/p>\n<p>I mje\u0161tani koji \u017eive neposredno uz depo, a sa kojim smo razgovarali, o\u010dajni su zbog zla koje ih je sna\u0161lo.<\/p>\n<p>-Ne mogu mi do\u0107i unu\u010dad, bojim se za njihovo zdravlje \u2013 ka\u017ee jedna starija \u017eena.<\/p>\n<p>Ona dodaje da je posebno te\u0161ko kada pada ki\u0161a, a u rudniku tinja, kako ka\u017ee \u201conaj \u0111avolski smrad\u201d.<\/p>\n<p>Upravo zbog ovakvih posljedica Rufijevog rudarskog poduhvata, od 22. marta se, svake subote u 5 do 12 u Prijedoru organizujuju protesti.<\/p>\n<p><a href=\"https:\/\/www.prijedordanas.com\/wp-content\/uploads\/2025\/04\/srpskainfo-rudnik-bukova-kosa-april2025-5.jpg\"><img loading=\"lazy\" decoding=\"async\" src=\"https:\/\/www.prijedordanas.com\/wp-content\/uploads\/2025\/04\/srpskainfo-rudnik-bukova-kosa-april2025-5-300x200.jpg\" alt=\"\" width=\"300\" height=\"200\" class=\"alignleft size-medium wp-image-244868\" srcset=\"https:\/\/www.prijedordanas.com\/wp-content\/uploads\/2025\/04\/srpskainfo-rudnik-bukova-kosa-april2025-5-300x200.jpg 300w, https:\/\/www.prijedordanas.com\/wp-content\/uploads\/2025\/04\/srpskainfo-rudnik-bukova-kosa-april2025-5-480x320.jpg 480w, https:\/\/www.prijedordanas.com\/wp-content\/uploads\/2025\/04\/srpskainfo-rudnik-bukova-kosa-april2025-5.jpg 600w\" sizes=\"(max-width: 300px) 100vw, 300px\" \/><\/a>Iako je vladaju\u0107i SNSD, od samog po\u010detka \u201cdr\u017eao le\u0111a\u201d Sr\u0111anu Klje\u010daninu, pa je \u010dak i gradona\u010delnik Prijedora Slobdan Javor nedavno optu\u017eio mje\u0161tane da su \u201csami krivi\u201d za nevolju koja ih je sna\u0161la, sada su o\u010digledno stigle druga\u010dije \u201cinstrukcije s vrha\u201d.<\/p>\n<p>Mje\u0161tani u tome vide \u0161ansu da se rije\u0161e rudnika, koji im zagor\u010dava \u017eivot i kojim je devastiran dio ovog idili\u010dnog sela na putu Prijedor \u2013 Kozarska Dubica.<\/p>\n<p>\u2013 Mi se iskreno nadamo da \u0107e biti onako kako je rekao predsjednik Dodik i mje\u0161tani su mu beskrajno zahvalni \u0161to nas je uzeo u za\u0161titu \u2013 ka\u017ee Miroslav Curi\u0107.<\/p>\n<p>A Rufijevi milioni? Poznavaoci prilika ka\u017eu da \u0107e on na\u0107i na\u010dina da \u201cnaplati svoje\u201d: a mo\u017eda je ve\u0107 naplatio pa sui bombasti\u010dne izjave u vezi sa rudnikom uglja samo zabava za \u0161iroke narodne mase.<\/p>\n<p><a href=\"https:\/\/srpskainfo.com\/video-foto-evo-za-sta-rufi-trazi-8-miliona-km-u-depou-rudnika-bukova-kosa-tinja-ugalj-koji-mjestane-gusi-sumporom\/\" target=\"_blank\" rel=\"noopener\">srpskainfo.com<\/a><\/p>\n<p><iframe loading=\"lazy\" title=\"Srpskainfo u rudnicima Bistrica i Bukova kosa kod Prijedora.\" width=\"500\" height=\"281\" src=\"https:\/\/www.youtube.com\/embed\/LY5qcQ935lQ?feature=oembed\" frameborder=\"0\" allow=\"accelerometer; autoplay; clipboard-write; encrypted-media; gyroscope; picture-in-picture; web-share\" referrerpolicy=\"strict-origin-when-cross-origin\" allowfullscreen><\/iframe><\/p>\n","protected":false},"excerpt":{"rendered":"<p>Mje\u0161tani Velikog Palan\u010di\u0161ta i susjednih sela i ove subote su, kao i prethodne dvije, protestovali na glavnom gradskom trgu u Prijedoru. Dozlogrdilo im je da ih gu\u0161i i vodu im [&hellip;]<\/p>\n","protected":false},"author":1,"featured_media":0,"comment_status":"closed","ping_status":"open","sticky":false,"template":"","format":"standard","meta":{"_monsterinsights_skip_tracking":false,"_monsterinsights_sitenote_active":false,"_monsterinsights_sitenote_note":"","_monsterinsights_sitenote_category":0,"footnotes":""},"categories":[4],"tags":[],"yoast_head":"<!-- This site is optimized with the Yoast SEO plugin v21.6 - https:\/\/yoast.com\/wordpress\/plugins\/seo\/ -->\n<title>Evo za \u0161ta Rufi tra\u017ei 8 miliona KM! U depou rudnika Bukova Kosa tinja ugalj, koji mje\u0161tane gu\u0161i sumporom - FOTO\/VIDEO - PrijedorDanas.com - Prijedorski gradski portal<\/title>\n<meta name=\"robots\" content=\"index, follow, max-snippet:-1, max-image-preview:large, max-video-preview:-1\" \/>\n<link rel=\"canonical\" href=\"https:\/\/www.prijedordanas.com\/?p=244863\" \/>\n<meta property=\"og:locale\" content=\"en_US\" \/>\n<meta property=\"og:type\" content=\"article\" \/>\n<meta property=\"og:title\" content=\"Evo za \u0161ta Rufi tra\u017ei 8 miliona KM! U depou rudnika Bukova Kosa tinja ugalj, koji mje\u0161tane gu\u0161i sumporom - FOTO\/VIDEO - PrijedorDanas.com - Prijedorski gradski portal\" \/>\n<meta property=\"og:description\" content=\"Mje\u0161tani Velikog Palan\u010di\u0161ta i susjednih sela i ove subote su, kao i prethodne dvije, protestovali na glavnom gradskom trgu u Prijedoru. Dozlogrdilo im je da ih gu\u0161i i vodu im [&hellip;]\" \/>\n<meta property=\"og:url\" content=\"https:\/\/www.prijedordanas.com\/?p=244863\" \/>\n<meta property=\"og:site_name\" content=\"PrijedorDanas.com - Prijedorski gradski portal\" \/>\n<meta property=\"article:publisher\" content=\"https:\/\/www.facebook.com\/PrijedorDanasCom\/\" \/>\n<meta property=\"article:published_time\" content=\"2025-04-06T05:41:20+00:00\" \/>\n<meta property=\"og:image\" content=\"https:\/\/www.prijedordanas.com\/wp-content\/uploads\/2025\/04\/srpskainfo-rudnik-bukova-kosa-april2025-1-300x225.jpg\" \/>\n<meta name=\"author\" content=\"admin\" \/>\n<meta name=\"twitter:card\" content=\"summary_large_image\" \/>\n<meta name=\"twitter:label1\" content=\"Written by\" \/>\n\t<meta name=\"twitter:data1\" content=\"admin\" \/>\n\t<meta name=\"twitter:label2\" content=\"Est. reading time\" \/>\n\t<meta name=\"twitter:data2\" content=\"4 minutes\" \/>\n<script type=\"application\/ld+json\" class=\"yoast-schema-graph\">{\"@context\":\"https:\/\/schema.org\",\"@graph\":[{\"@type\":\"Article\",\"@id\":\"https:\/\/www.prijedordanas.com\/?p=244863#article\",\"isPartOf\":{\"@id\":\"https:\/\/www.prijedordanas.com\/?p=244863\"},\"author\":{\"name\":\"admin\",\"@id\":\"https:\/\/www.prijedordanas.com\/#\/schema\/person\/4e08ccf29b506ca916ff86d46bb700e6\"},\"headline\":\"Evo za \u0161ta Rufi tra\u017ei 8 miliona KM! U depou rudnika Bukova Kosa tinja ugalj, koji mje\u0161tane gu\u0161i sumporom &#8211; FOTO\/VIDEO\",\"datePublished\":\"2025-04-06T05:41:20+00:00\",\"dateModified\":\"2025-04-06T05:41:20+00:00\",\"mainEntityOfPage\":{\"@id\":\"https:\/\/www.prijedordanas.com\/?p=244863\"},\"wordCount\":722,\"publisher\":{\"@id\":\"https:\/\/www.prijedordanas.com\/#organization\"},\"articleSection\":[\"Dru\u0161tvo\"],\"inLanguage\":\"en-US\"},{\"@type\":\"WebPage\",\"@id\":\"https:\/\/www.prijedordanas.com\/?p=244863\",\"url\":\"https:\/\/www.prijedordanas.com\/?p=244863\",\"name\":\"Evo za \u0161ta Rufi tra\u017ei 8 miliona KM! U depou rudnika Bukova Kosa tinja ugalj, koji mje\u0161tane gu\u0161i sumporom - FOTO\/VIDEO - PrijedorDanas.com - Prijedorski gradski portal\",\"isPartOf\":{\"@id\":\"https:\/\/www.prijedordanas.com\/#website\"},\"datePublished\":\"2025-04-06T05:41:20+00:00\",\"dateModified\":\"2025-04-06T05:41:20+00:00\",\"breadcrumb\":{\"@id\":\"https:\/\/www.prijedordanas.com\/?p=244863#breadcrumb\"},\"inLanguage\":\"en-US\",\"potentialAction\":[{\"@type\":\"ReadAction\",\"target\":[\"https:\/\/www.prijedordanas.com\/?p=244863\"]}]},{\"@type\":\"BreadcrumbList\",\"@id\":\"https:\/\/www.prijedordanas.com\/?p=244863#breadcrumb\",\"itemListElement\":[{\"@type\":\"ListItem\",\"position\":1,\"name\":\"Home\",\"item\":\"https:\/\/www.prijedordanas.com\/\"},{\"@type\":\"ListItem\",\"position\":2,\"name\":\"Evo za \u0161ta Rufi tra\u017ei 8 miliona KM! U depou rudnika Bukova Kosa tinja ugalj, koji mje\u0161tane gu\u0161i sumporom &#8211; FOTO\/VIDEO\"}]},{\"@type\":\"WebSite\",\"@id\":\"https:\/\/www.prijedordanas.com\/#website\",\"url\":\"https:\/\/www.prijedordanas.com\/\",\"name\":\"PrijedorDanas.com - Prijedorski gradski portal\",\"description\":\"Portal o doga\u0111anjima u gradu Prijedoru\",\"publisher\":{\"@id\":\"https:\/\/www.prijedordanas.com\/#organization\"},\"potentialAction\":[{\"@type\":\"SearchAction\",\"target\":{\"@type\":\"EntryPoint\",\"urlTemplate\":\"https:\/\/www.prijedordanas.com\/?s={search_term_string}\"},\"query-input\":\"required name=search_term_string\"}],\"inLanguage\":\"en-US\"},{\"@type\":\"Organization\",\"@id\":\"https:\/\/www.prijedordanas.com\/#organization\",\"name\":\"PrijedorDanas.com\",\"url\":\"https:\/\/www.prijedordanas.com\/\",\"logo\":{\"@type\":\"ImageObject\",\"inLanguage\":\"en-US\",\"@id\":\"https:\/\/www.prijedordanas.com\/#\/schema\/logo\/image\/\",\"url\":\"http:\/\/www.prijedordanas.com\/wp-content\/uploads\/2021\/12\/logopng.png\",\"contentUrl\":\"http:\/\/www.prijedordanas.com\/wp-content\/uploads\/2021\/12\/logopng.png\",\"width\":1019,\"height\":776,\"caption\":\"PrijedorDanas.com\"},\"image\":{\"@id\":\"https:\/\/www.prijedordanas.com\/#\/schema\/logo\/image\/\"},\"sameAs\":[\"https:\/\/www.facebook.com\/PrijedorDanasCom\/\"]},{\"@type\":\"Person\",\"@id\":\"https:\/\/www.prijedordanas.com\/#\/schema\/person\/4e08ccf29b506ca916ff86d46bb700e6\",\"name\":\"admin\",\"image\":{\"@type\":\"ImageObject\",\"inLanguage\":\"en-US\",\"@id\":\"https:\/\/www.prijedordanas.com\/#\/schema\/person\/image\/\",\"url\":\"https:\/\/secure.gravatar.com\/avatar\/1d3fc949d550f0b53a5f0d51e06dfd79?s=96&d=mm&r=g\",\"contentUrl\":\"https:\/\/secure.gravatar.com\/avatar\/1d3fc949d550f0b53a5f0d51e06dfd79?s=96&d=mm&r=g\",\"caption\":\"admin\"},\"url\":\"https:\/\/www.prijedordanas.com\/?author=1\"}]}<\/script>\n<!-- \/ Yoast SEO plugin. -->","yoast_head_json":{"title":"Evo za \u0161ta Rufi tra\u017ei 8 miliona KM! U depou rudnika Bukova Kosa tinja ugalj, koji mje\u0161tane gu\u0161i sumporom - FOTO\/VIDEO - PrijedorDanas.com - Prijedorski gradski portal","robots":{"index":"index","follow":"follow","max-snippet":"max-snippet:-1","max-image-preview":"max-image-preview:large","max-video-preview":"max-video-preview:-1"},"canonical":"https:\/\/www.prijedordanas.com\/?p=244863","og_locale":"en_US","og_type":"article","og_title":"Evo za \u0161ta Rufi tra\u017ei 8 miliona KM! U depou rudnika Bukova Kosa tinja ugalj, koji mje\u0161tane gu\u0161i sumporom - FOTO\/VIDEO - PrijedorDanas.com - Prijedorski gradski portal","og_description":"Mje\u0161tani Velikog Palan\u010di\u0161ta i susjednih sela i ove subote su, kao i prethodne dvije, protestovali na glavnom gradskom trgu u Prijedoru. Dozlogrdilo im je da ih gu\u0161i i vodu im [&hellip;]","og_url":"https:\/\/www.prijedordanas.com\/?p=244863","og_site_name":"PrijedorDanas.com - Prijedorski gradski portal","article_publisher":"https:\/\/www.facebook.com\/PrijedorDanasCom\/","article_published_time":"2025-04-06T05:41:20+00:00","og_image":[{"url":"https:\/\/www.prijedordanas.com\/wp-content\/uploads\/2025\/04\/srpskainfo-rudnik-bukova-kosa-april2025-1-300x225.jpg"}],"author":"admin","twitter_card":"summary_large_image","twitter_misc":{"Written by":"admin","Est. reading time":"4 minutes"},"schema":{"@context":"https:\/\/schema.org","@graph":[{"@type":"Article","@id":"https:\/\/www.prijedordanas.com\/?p=244863#article","isPartOf":{"@id":"https:\/\/www.prijedordanas.com\/?p=244863"},"author":{"name":"admin","@id":"https:\/\/www.prijedordanas.com\/#\/schema\/person\/4e08ccf29b506ca916ff86d46bb700e6"},"headline":"Evo za \u0161ta Rufi tra\u017ei 8 miliona KM! U depou rudnika Bukova Kosa tinja ugalj, koji mje\u0161tane gu\u0161i sumporom &#8211; FOTO\/VIDEO","datePublished":"2025-04-06T05:41:20+00:00","dateModified":"2025-04-06T05:41:20+00:00","mainEntityOfPage":{"@id":"https:\/\/www.prijedordanas.com\/?p=244863"},"wordCount":722,"publisher":{"@id":"https:\/\/www.prijedordanas.com\/#organization"},"articleSection":["Dru\u0161tvo"],"inLanguage":"en-US"},{"@type":"WebPage","@id":"https:\/\/www.prijedordanas.com\/?p=244863","url":"https:\/\/www.prijedordanas.com\/?p=244863","name":"Evo za \u0161ta Rufi tra\u017ei 8 miliona KM! U depou rudnika Bukova Kosa tinja ugalj, koji mje\u0161tane gu\u0161i sumporom - FOTO\/VIDEO - PrijedorDanas.com - Prijedorski gradski portal","isPartOf":{"@id":"https:\/\/www.prijedordanas.com\/#website"},"datePublished":"2025-04-06T05:41:20+00:00","dateModified":"2025-04-06T05:41:20+00:00","breadcrumb":{"@id":"https:\/\/www.prijedordanas.com\/?p=244863#breadcrumb"},"inLanguage":"en-US","potentialAction":[{"@type":"ReadAction","target":["https:\/\/www.prijedordanas.com\/?p=244863"]}]},{"@type":"BreadcrumbList","@id":"https:\/\/www.prijedordanas.com\/?p=244863#breadcrumb","itemListElement":[{"@type":"ListItem","position":1,"name":"Home","item":"https:\/\/www.prijedordanas.com\/"},{"@type":"ListItem","position":2,"name":"Evo za \u0161ta Rufi tra\u017ei 8 miliona KM! U depou rudnika Bukova Kosa tinja ugalj, koji mje\u0161tane gu\u0161i sumporom &#8211; FOTO\/VIDEO"}]},{"@type":"WebSite","@id":"https:\/\/www.prijedordanas.com\/#website","url":"https:\/\/www.prijedordanas.com\/","name":"PrijedorDanas.com - Prijedorski gradski portal","description":"Portal o doga\u0111anjima u gradu Prijedoru","publisher":{"@id":"https:\/\/www.prijedordanas.com\/#organization"},"potentialAction":[{"@type":"SearchAction","target":{"@type":"EntryPoint","urlTemplate":"https:\/\/www.prijedordanas.com\/?s={search_term_string}"},"query-input":"required name=search_term_string"}],"inLanguage":"en-US"},{"@type":"Organization","@id":"https:\/\/www.prijedordanas.com\/#organization","name":"PrijedorDanas.com","url":"https:\/\/www.prijedordanas.com\/","logo":{"@type":"ImageObject","inLanguage":"en-US","@id":"https:\/\/www.prijedordanas.com\/#\/schema\/logo\/image\/","url":"http:\/\/www.prijedordanas.com\/wp-content\/uploads\/2021\/12\/logopng.png","contentUrl":"http:\/\/www.prijedordanas.com\/wp-content\/uploads\/2021\/12\/logopng.png","width":1019,"height":776,"caption":"PrijedorDanas.com"},"image":{"@id":"https:\/\/www.prijedordanas.com\/#\/schema\/logo\/image\/"},"sameAs":["https:\/\/www.facebook.com\/PrijedorDanasCom\/"]},{"@type":"Person","@id":"https:\/\/www.prijedordanas.com\/#\/schema\/person\/4e08ccf29b506ca916ff86d46bb700e6","name":"admin","image":{"@type":"ImageObject","inLanguage":"en-US","@id":"https:\/\/www.prijedordanas.com\/#\/schema\/person\/image\/","url":"https:\/\/secure.gravatar.com\/avatar\/1d3fc949d550f0b53a5f0d51e06dfd79?s=96&d=mm&r=g","contentUrl":"https:\/\/secure.gravatar.com\/avatar\/1d3fc949d550f0b53a5f0d51e06dfd79?s=96&d=mm&r=g","caption":"admin"},"url":"https:\/\/www.prijedordanas.com\/?author=1"}]}},"_links":{"self":[{"href":"https:\/\/www.prijedordanas.com\/index.php?rest_route=\/wp\/v2\/posts\/244863"}],"collection":[{"href":"https:\/\/www.prijedordanas.com\/index.php?rest_route=\/wp\/v2\/posts"}],"about":[{"href":"https:\/\/www.prijedordanas.com\/index.php?rest_route=\/wp\/v2\/types\/post"}],"author":[{"embeddable":true,"href":"https:\/\/www.prijedordanas.com\/index.php?rest_route=\/wp\/v2\/users\/1"}],"replies":[{"embeddable":true,"href":"https:\/\/www.prijedordanas.com\/index.php?rest_route=%2Fwp%2Fv2%2Fcomments&post=244863"}],"version-history":[{"count":1,"href":"https:\/\/www.prijedordanas.com\/index.php?rest_route=\/wp\/v2\/posts\/244863\/revisions"}],"predecessor-version":[{"id":244869,"href":"https:\/\/www.prijedordanas.com\/index.php?rest_route=\/wp\/v2\/posts\/244863\/revisions\/244869"}],"wp:attachment":[{"href":"https:\/\/www.prijedordanas.com\/index.php?rest_route=%2Fwp%2Fv2%2Fmedia&parent=244863"}],"wp:term":[{"taxonomy":"category","embeddable":true,"href":"https:\/\/www.prijedordanas.com\/index.php?rest_route=%2Fwp%2Fv2%2Fcategories&post=244863"},{"taxonomy":"post_tag","embeddable":true,"href":"https:\/\/www.prijedordanas.com\/index.php?rest_route=%2Fwp%2Fv2%2Ftags&post=244863"}],"curies":[{"name":"wp","href":"https:\/\/api.w.org\/{rel}","templated":true}]}}