{"id":244816,"date":"2025-04-05T09:55:49","date_gmt":"2025-04-05T07:55:49","guid":{"rendered":"https:\/\/www.prijedordanas.com\/?p=244816"},"modified":"2025-04-05T09:55:49","modified_gmt":"2025-04-05T07:55:49","slug":"prijedor-komunalci-i-danas-odvoze-kabasti-otpad-foto","status":"publish","type":"post","link":"https:\/\/www.prijedordanas.com\/?p=244816","title":{"rendered":"Prijedor: Komunalci i danas odvoze kabasti otpad &#8211; FOTO"},"content":{"rendered":"<p><a href=\"https:\/\/www.prijedordanas.com\/wp-content\/uploads\/2025\/04\/komunalne-usluge-odvoz-kabastog-otpada-april2025-1.jpg\"><img loading=\"lazy\" decoding=\"async\" src=\"https:\/\/www.prijedordanas.com\/wp-content\/uploads\/2025\/04\/komunalne-usluge-odvoz-kabastog-otpada-april2025-1-297x300.jpg\" alt=\"\" width=\"297\" height=\"300\" class=\"alignleft size-medium wp-image-244817\" srcset=\"https:\/\/www.prijedordanas.com\/wp-content\/uploads\/2025\/04\/komunalne-usluge-odvoz-kabastog-otpada-april2025-1-297x300.jpg 297w, https:\/\/www.prijedordanas.com\/wp-content\/uploads\/2025\/04\/komunalne-usluge-odvoz-kabastog-otpada-april2025-1-50x50.jpg 50w, https:\/\/www.prijedordanas.com\/wp-content\/uploads\/2025\/04\/komunalne-usluge-odvoz-kabastog-otpada-april2025-1.jpg 594w\" sizes=\"(max-width: 297px) 100vw, 297px\" \/><\/a>Prijedorski komunalci i dalje su na terenu, daju\u0107i sve od sebe kako bi Prijedor ponovo zablistao nakon te\u0161kih dana tokom nedavnih poplava, saop\u0161teno je na Fejsbuku \u201cKomunalnih usluga\u201d. <\/p>\n<p>Akcija odvoza kabastog otpada iz poplavljenih doma\u0107instava nastavlja se i danas, jer su u ovom preduze\u0107u svjesni koliko je va\u017eno \u0161to prije o\u010distiti dvori\u0161ta i ulice.<\/p>\n<p>\u201cNedjelja \u0107e, ipak, biti dan odmora \u2013 zaslu\u017een predah za na\u0161e radnike koji su danima neumorno radili, punili vre\u0107e s pijeskom, postavljali nasipe i sada ve\u0107 peti dan bez prekida odvoze otpad. Hvala vam na razumijevanju, strpljenju i podr\u0161ci. U ponedjeljak nastavljamo jo\u0161 ja\u010de, jer na\u0161i ljudi, doma\u0107instva i naselja zaslu\u017euju da im se vrati red, \u010disto\u0107a i mir nakon svega \u0161to su pro\u0161li!\u201d, objavljeno je na Fejsbuku ovog preduze\u0107a.<\/p>\n<p><strong><a href=\"https:\/\/kozarski.com\/komunalci-i-danas-odvoze-kabasti-otpad\/\" rel=\"noopener\" target=\"_blank\">kozarski.com<\/a><\/strong><\/p>\n<p><a href=\"https:\/\/www.prijedordanas.com\/wp-content\/uploads\/2025\/04\/komunalne-usluge-odvoz-kabastog-otpada-april2025-3.jpg\"><img loading=\"lazy\" decoding=\"async\" src=\"https:\/\/www.prijedordanas.com\/wp-content\/uploads\/2025\/04\/komunalne-usluge-odvoz-kabastog-otpada-april2025-3-225x300.jpg\" alt=\"\" width=\"225\" height=\"300\" class=\"alignleft size-medium wp-image-244818\" srcset=\"https:\/\/www.prijedordanas.com\/wp-content\/uploads\/2025\/04\/komunalne-usluge-odvoz-kabastog-otpada-april2025-3-225x300.jpg 225w, https:\/\/www.prijedordanas.com\/wp-content\/uploads\/2025\/04\/komunalne-usluge-odvoz-kabastog-otpada-april2025-3.jpg 450w\" sizes=\"(max-width: 225px) 100vw, 225px\" \/><\/a> <a href=\"https:\/\/www.prijedordanas.com\/wp-content\/uploads\/2025\/04\/komunalne-usluge-odvoz-kabastog-otpada-april2025-4.jpg\"><img loading=\"lazy\" decoding=\"async\" src=\"https:\/\/www.prijedordanas.com\/wp-content\/uploads\/2025\/04\/komunalne-usluge-odvoz-kabastog-otpada-april2025-4-241x300.jpg\" alt=\"\" width=\"241\" height=\"300\" class=\"alignleft size-medium wp-image-244819\" srcset=\"https:\/\/www.prijedordanas.com\/wp-content\/uploads\/2025\/04\/komunalne-usluge-odvoz-kabastog-otpada-april2025-4-241x300.jpg 241w, https:\/\/www.prijedordanas.com\/wp-content\/uploads\/2025\/04\/komunalne-usluge-odvoz-kabastog-otpada-april2025-4.jpg 482w\" sizes=\"(max-width: 241px) 100vw, 241px\" \/><\/a> <a href=\"https:\/\/www.prijedordanas.com\/wp-content\/uploads\/2025\/04\/komunalne-usluge-odvoz-kabastog-otpada-april2025-2.jpg\"><img loading=\"lazy\" decoding=\"async\" src=\"https:\/\/www.prijedordanas.com\/wp-content\/uploads\/2025\/04\/komunalne-usluge-odvoz-kabastog-otpada-april2025-2-300x225.jpg\" alt=\"\" width=\"300\" height=\"225\" class=\"alignleft size-medium wp-image-244820\" srcset=\"https:\/\/www.prijedordanas.com\/wp-content\/uploads\/2025\/04\/komunalne-usluge-odvoz-kabastog-otpada-april2025-2-300x225.jpg 300w, https:\/\/www.prijedordanas.com\/wp-content\/uploads\/2025\/04\/komunalne-usluge-odvoz-kabastog-otpada-april2025-2-640x480.jpg 640w, https:\/\/www.prijedordanas.com\/wp-content\/uploads\/2025\/04\/komunalne-usluge-odvoz-kabastog-otpada-april2025-2.jpg 667w\" sizes=\"(max-width: 300px) 100vw, 300px\" \/><\/a><\/p>\n","protected":false},"excerpt":{"rendered":"<p>Prijedorski komunalci i dalje su na terenu, daju\u0107i sve od sebe kako bi Prijedor ponovo zablistao nakon te\u0161kih dana tokom nedavnih poplava, saop\u0161teno je na Fejsbuku \u201cKomunalnih usluga\u201d. Akcija odvoza [&hellip;]<\/p>\n","protected":false},"author":1,"featured_media":0,"comment_status":"closed","ping_status":"open","sticky":false,"template":"","format":"standard","meta":{"_monsterinsights_skip_tracking":false,"_monsterinsights_sitenote_active":false,"_monsterinsights_sitenote_note":"","_monsterinsights_sitenote_category":0,"footnotes":""},"categories":[8],"tags":[],"yoast_head":"<!-- This site is optimized with the Yoast SEO plugin v21.6 - https:\/\/yoast.com\/wordpress\/plugins\/seo\/ -->\n<title>Prijedor: Komunalci i danas odvoze kabasti otpad - FOTO - PrijedorDanas.com - Prijedorski gradski portal<\/title>\n<meta name=\"robots\" content=\"index, follow, max-snippet:-1, max-image-preview:large, max-video-preview:-1\" \/>\n<link rel=\"canonical\" href=\"https:\/\/www.prijedordanas.com\/?p=244816\" \/>\n<meta property=\"og:locale\" content=\"en_US\" \/>\n<meta property=\"og:type\" content=\"article\" \/>\n<meta property=\"og:title\" content=\"Prijedor: Komunalci i danas odvoze kabasti otpad - FOTO - PrijedorDanas.com - Prijedorski gradski portal\" \/>\n<meta property=\"og:description\" content=\"Prijedorski komunalci i dalje su na terenu, daju\u0107i sve od sebe kako bi Prijedor ponovo zablistao nakon te\u0161kih dana tokom nedavnih poplava, saop\u0161teno je na Fejsbuku \u201cKomunalnih usluga\u201d. Akcija odvoza [&hellip;]\" \/>\n<meta property=\"og:url\" content=\"https:\/\/www.prijedordanas.com\/?p=244816\" \/>\n<meta property=\"og:site_name\" content=\"PrijedorDanas.com - Prijedorski gradski portal\" \/>\n<meta property=\"article:publisher\" content=\"https:\/\/www.facebook.com\/PrijedorDanasCom\/\" \/>\n<meta property=\"article:published_time\" content=\"2025-04-05T07:55:49+00:00\" \/>\n<meta property=\"og:image\" content=\"https:\/\/www.prijedordanas.com\/wp-content\/uploads\/2025\/04\/komunalne-usluge-odvoz-kabastog-otpada-april2025-1-297x300.jpg\" \/>\n<meta name=\"author\" content=\"admin\" \/>\n<meta name=\"twitter:card\" content=\"summary_large_image\" \/>\n<meta name=\"twitter:label1\" content=\"Written by\" \/>\n\t<meta name=\"twitter:data1\" content=\"admin\" \/>\n<script type=\"application\/ld+json\" class=\"yoast-schema-graph\">{\"@context\":\"https:\/\/schema.org\",\"@graph\":[{\"@type\":\"Article\",\"@id\":\"https:\/\/www.prijedordanas.com\/?p=244816#article\",\"isPartOf\":{\"@id\":\"https:\/\/www.prijedordanas.com\/?p=244816\"},\"author\":{\"name\":\"admin\",\"@id\":\"https:\/\/www.prijedordanas.com\/#\/schema\/person\/4e08ccf29b506ca916ff86d46bb700e6\"},\"headline\":\"Prijedor: Komunalci i danas odvoze kabasti otpad &#8211; FOTO\",\"datePublished\":\"2025-04-05T07:55:49+00:00\",\"dateModified\":\"2025-04-05T07:55:49+00:00\",\"mainEntityOfPage\":{\"@id\":\"https:\/\/www.prijedordanas.com\/?p=244816\"},\"wordCount\":153,\"publisher\":{\"@id\":\"https:\/\/www.prijedordanas.com\/#organization\"},\"articleSection\":[\"Svakodnevno\"],\"inLanguage\":\"en-US\"},{\"@type\":\"WebPage\",\"@id\":\"https:\/\/www.prijedordanas.com\/?p=244816\",\"url\":\"https:\/\/www.prijedordanas.com\/?p=244816\",\"name\":\"Prijedor: Komunalci i danas odvoze kabasti otpad - FOTO - PrijedorDanas.com - Prijedorski gradski portal\",\"isPartOf\":{\"@id\":\"https:\/\/www.prijedordanas.com\/#website\"},\"datePublished\":\"2025-04-05T07:55:49+00:00\",\"dateModified\":\"2025-04-05T07:55:49+00:00\",\"breadcrumb\":{\"@id\":\"https:\/\/www.prijedordanas.com\/?p=244816#breadcrumb\"},\"inLanguage\":\"en-US\",\"potentialAction\":[{\"@type\":\"ReadAction\",\"target\":[\"https:\/\/www.prijedordanas.com\/?p=244816\"]}]},{\"@type\":\"BreadcrumbList\",\"@id\":\"https:\/\/www.prijedordanas.com\/?p=244816#breadcrumb\",\"itemListElement\":[{\"@type\":\"ListItem\",\"position\":1,\"name\":\"Home\",\"item\":\"https:\/\/www.prijedordanas.com\/\"},{\"@type\":\"ListItem\",\"position\":2,\"name\":\"Prijedor: Komunalci i danas odvoze kabasti otpad &#8211; FOTO\"}]},{\"@type\":\"WebSite\",\"@id\":\"https:\/\/www.prijedordanas.com\/#website\",\"url\":\"https:\/\/www.prijedordanas.com\/\",\"name\":\"PrijedorDanas.com - Prijedorski gradski portal\",\"description\":\"Portal o doga\u0111anjima u gradu Prijedoru\",\"publisher\":{\"@id\":\"https:\/\/www.prijedordanas.com\/#organization\"},\"potentialAction\":[{\"@type\":\"SearchAction\",\"target\":{\"@type\":\"EntryPoint\",\"urlTemplate\":\"https:\/\/www.prijedordanas.com\/?s={search_term_string}\"},\"query-input\":\"required name=search_term_string\"}],\"inLanguage\":\"en-US\"},{\"@type\":\"Organization\",\"@id\":\"https:\/\/www.prijedordanas.com\/#organization\",\"name\":\"PrijedorDanas.com\",\"url\":\"https:\/\/www.prijedordanas.com\/\",\"logo\":{\"@type\":\"ImageObject\",\"inLanguage\":\"en-US\",\"@id\":\"https:\/\/www.prijedordanas.com\/#\/schema\/logo\/image\/\",\"url\":\"http:\/\/www.prijedordanas.com\/wp-content\/uploads\/2021\/12\/logopng.png\",\"contentUrl\":\"http:\/\/www.prijedordanas.com\/wp-content\/uploads\/2021\/12\/logopng.png\",\"width\":1019,\"height\":776,\"caption\":\"PrijedorDanas.com\"},\"image\":{\"@id\":\"https:\/\/www.prijedordanas.com\/#\/schema\/logo\/image\/\"},\"sameAs\":[\"https:\/\/www.facebook.com\/PrijedorDanasCom\/\"]},{\"@type\":\"Person\",\"@id\":\"https:\/\/www.prijedordanas.com\/#\/schema\/person\/4e08ccf29b506ca916ff86d46bb700e6\",\"name\":\"admin\",\"image\":{\"@type\":\"ImageObject\",\"inLanguage\":\"en-US\",\"@id\":\"https:\/\/www.prijedordanas.com\/#\/schema\/person\/image\/\",\"url\":\"https:\/\/secure.gravatar.com\/avatar\/1d3fc949d550f0b53a5f0d51e06dfd79?s=96&d=mm&r=g\",\"contentUrl\":\"https:\/\/secure.gravatar.com\/avatar\/1d3fc949d550f0b53a5f0d51e06dfd79?s=96&d=mm&r=g\",\"caption\":\"admin\"},\"url\":\"https:\/\/www.prijedordanas.com\/?author=1\"}]}<\/script>\n<!-- \/ Yoast SEO plugin. -->","yoast_head_json":{"title":"Prijedor: Komunalci i danas odvoze kabasti otpad - FOTO - PrijedorDanas.com - Prijedorski gradski portal","robots":{"index":"index","follow":"follow","max-snippet":"max-snippet:-1","max-image-preview":"max-image-preview:large","max-video-preview":"max-video-preview:-1"},"canonical":"https:\/\/www.prijedordanas.com\/?p=244816","og_locale":"en_US","og_type":"article","og_title":"Prijedor: Komunalci i danas odvoze kabasti otpad - FOTO - PrijedorDanas.com - Prijedorski gradski portal","og_description":"Prijedorski komunalci i dalje su na terenu, daju\u0107i sve od sebe kako bi Prijedor ponovo zablistao nakon te\u0161kih dana tokom nedavnih poplava, saop\u0161teno je na Fejsbuku \u201cKomunalnih usluga\u201d. Akcija odvoza [&hellip;]","og_url":"https:\/\/www.prijedordanas.com\/?p=244816","og_site_name":"PrijedorDanas.com - Prijedorski gradski portal","article_publisher":"https:\/\/www.facebook.com\/PrijedorDanasCom\/","article_published_time":"2025-04-05T07:55:49+00:00","og_image":[{"url":"https:\/\/www.prijedordanas.com\/wp-content\/uploads\/2025\/04\/komunalne-usluge-odvoz-kabastog-otpada-april2025-1-297x300.jpg"}],"author":"admin","twitter_card":"summary_large_image","twitter_misc":{"Written by":"admin"},"schema":{"@context":"https:\/\/schema.org","@graph":[{"@type":"Article","@id":"https:\/\/www.prijedordanas.com\/?p=244816#article","isPartOf":{"@id":"https:\/\/www.prijedordanas.com\/?p=244816"},"author":{"name":"admin","@id":"https:\/\/www.prijedordanas.com\/#\/schema\/person\/4e08ccf29b506ca916ff86d46bb700e6"},"headline":"Prijedor: Komunalci i danas odvoze kabasti otpad &#8211; FOTO","datePublished":"2025-04-05T07:55:49+00:00","dateModified":"2025-04-05T07:55:49+00:00","mainEntityOfPage":{"@id":"https:\/\/www.prijedordanas.com\/?p=244816"},"wordCount":153,"publisher":{"@id":"https:\/\/www.prijedordanas.com\/#organization"},"articleSection":["Svakodnevno"],"inLanguage":"en-US"},{"@type":"WebPage","@id":"https:\/\/www.prijedordanas.com\/?p=244816","url":"https:\/\/www.prijedordanas.com\/?p=244816","name":"Prijedor: Komunalci i danas odvoze kabasti otpad - FOTO - PrijedorDanas.com - Prijedorski gradski portal","isPartOf":{"@id":"https:\/\/www.prijedordanas.com\/#website"},"datePublished":"2025-04-05T07:55:49+00:00","dateModified":"2025-04-05T07:55:49+00:00","breadcrumb":{"@id":"https:\/\/www.prijedordanas.com\/?p=244816#breadcrumb"},"inLanguage":"en-US","potentialAction":[{"@type":"ReadAction","target":["https:\/\/www.prijedordanas.com\/?p=244816"]}]},{"@type":"BreadcrumbList","@id":"https:\/\/www.prijedordanas.com\/?p=244816#breadcrumb","itemListElement":[{"@type":"ListItem","position":1,"name":"Home","item":"https:\/\/www.prijedordanas.com\/"},{"@type":"ListItem","position":2,"name":"Prijedor: Komunalci i danas odvoze kabasti otpad &#8211; FOTO"}]},{"@type":"WebSite","@id":"https:\/\/www.prijedordanas.com\/#website","url":"https:\/\/www.prijedordanas.com\/","name":"PrijedorDanas.com - Prijedorski gradski portal","description":"Portal o doga\u0111anjima u gradu Prijedoru","publisher":{"@id":"https:\/\/www.prijedordanas.com\/#organization"},"potentialAction":[{"@type":"SearchAction","target":{"@type":"EntryPoint","urlTemplate":"https:\/\/www.prijedordanas.com\/?s={search_term_string}"},"query-input":"required name=search_term_string"}],"inLanguage":"en-US"},{"@type":"Organization","@id":"https:\/\/www.prijedordanas.com\/#organization","name":"PrijedorDanas.com","url":"https:\/\/www.prijedordanas.com\/","logo":{"@type":"ImageObject","inLanguage":"en-US","@id":"https:\/\/www.prijedordanas.com\/#\/schema\/logo\/image\/","url":"http:\/\/www.prijedordanas.com\/wp-content\/uploads\/2021\/12\/logopng.png","contentUrl":"http:\/\/www.prijedordanas.com\/wp-content\/uploads\/2021\/12\/logopng.png","width":1019,"height":776,"caption":"PrijedorDanas.com"},"image":{"@id":"https:\/\/www.prijedordanas.com\/#\/schema\/logo\/image\/"},"sameAs":["https:\/\/www.facebook.com\/PrijedorDanasCom\/"]},{"@type":"Person","@id":"https:\/\/www.prijedordanas.com\/#\/schema\/person\/4e08ccf29b506ca916ff86d46bb700e6","name":"admin","image":{"@type":"ImageObject","inLanguage":"en-US","@id":"https:\/\/www.prijedordanas.com\/#\/schema\/person\/image\/","url":"https:\/\/secure.gravatar.com\/avatar\/1d3fc949d550f0b53a5f0d51e06dfd79?s=96&d=mm&r=g","contentUrl":"https:\/\/secure.gravatar.com\/avatar\/1d3fc949d550f0b53a5f0d51e06dfd79?s=96&d=mm&r=g","caption":"admin"},"url":"https:\/\/www.prijedordanas.com\/?author=1"}]}},"_links":{"self":[{"href":"https:\/\/www.prijedordanas.com\/index.php?rest_route=\/wp\/v2\/posts\/244816"}],"collection":[{"href":"https:\/\/www.prijedordanas.com\/index.php?rest_route=\/wp\/v2\/posts"}],"about":[{"href":"https:\/\/www.prijedordanas.com\/index.php?rest_route=\/wp\/v2\/types\/post"}],"author":[{"embeddable":true,"href":"https:\/\/www.prijedordanas.com\/index.php?rest_route=\/wp\/v2\/users\/1"}],"replies":[{"embeddable":true,"href":"https:\/\/www.prijedordanas.com\/index.php?rest_route=%2Fwp%2Fv2%2Fcomments&post=244816"}],"version-history":[{"count":1,"href":"https:\/\/www.prijedordanas.com\/index.php?rest_route=\/wp\/v2\/posts\/244816\/revisions"}],"predecessor-version":[{"id":244821,"href":"https:\/\/www.prijedordanas.com\/index.php?rest_route=\/wp\/v2\/posts\/244816\/revisions\/244821"}],"wp:attachment":[{"href":"https:\/\/www.prijedordanas.com\/index.php?rest_route=%2Fwp%2Fv2%2Fmedia&parent=244816"}],"wp:term":[{"taxonomy":"category","embeddable":true,"href":"https:\/\/www.prijedordanas.com\/index.php?rest_route=%2Fwp%2Fv2%2Fcategories&post=244816"},{"taxonomy":"post_tag","embeddable":true,"href":"https:\/\/www.prijedordanas.com\/index.php?rest_route=%2Fwp%2Fv2%2Ftags&post=244816"}],"curies":[{"name":"wp","href":"https:\/\/api.w.org\/{rel}","templated":true}]}}