{"id":244784,"date":"2025-04-04T18:24:08","date_gmt":"2025-04-04T16:24:08","guid":{"rendered":"https:\/\/www.prijedordanas.com\/?p=244784"},"modified":"2025-04-04T18:24:08","modified_gmt":"2025-04-04T16:24:08","slug":"ovdje-su-pomrle-pcele-oni-koji-su-ostali-na-bukovoj-kosi-nemaju-izbor-oni-nemaju-gdje-da-odu","status":"publish","type":"post","link":"https:\/\/www.prijedordanas.com\/?p=244784","title":{"rendered":"Ovdje su pomrle p\u010dele! Oni koji su ostali na Bukovoj Kosi nemaju izbor, oni nemaju gdje da odu!"},"content":{"rendered":"<p><a href=\"https:\/\/www.prijedordanas.com\/wp-content\/uploads\/2025\/04\/6yka-protest-bukova-kosa.jpg\"><img loading=\"lazy\" decoding=\"async\" src=\"https:\/\/www.prijedordanas.com\/wp-content\/uploads\/2025\/04\/6yka-protest-bukova-kosa-300x225.jpg\" alt=\"\" width=\"300\" height=\"225\" class=\"alignleft size-medium wp-image-244785\" srcset=\"https:\/\/www.prijedordanas.com\/wp-content\/uploads\/2025\/04\/6yka-protest-bukova-kosa-300x225.jpg 300w, https:\/\/www.prijedordanas.com\/wp-content\/uploads\/2025\/04\/6yka-protest-bukova-kosa-640x480.jpg 640w, https:\/\/www.prijedordanas.com\/wp-content\/uploads\/2025\/04\/6yka-protest-bukova-kosa.jpg 667w\" sizes=\"(max-width: 300px) 100vw, 300px\" \/><\/a>Jelena Topi\u0107, umjetnica i aktivistkinja iz Prijedora, zala\u017ee se za zatvaranje rudnika na Bukovoj Kosi u okolini Prijedora. Mje\u0161tani sela Bukova Kosa, na podru\u010dju Prijedora, \u017eale se na dim i neugodne mirise koji su postali neizdr\u017eivi. Ovi mirisi su posljedica iskopavanja uglja lignita, koji sadr\u017ei neuobi\u010dajeno visok procenat sumpora, zbog \u010dega mje\u0161tanima svakim danom postaje sve te\u017ee da \u017eive u takvom okru\u017eenju. Nezadovoljni gra\u0111ani svake subote okupljaju se na glavnom gradskom trgu da bi protestom ukazali na katastrofalno stanje na terenu kada je ovaj rudnik u pitanju.<\/p>\n<p>U Prijedoru se organizuju protesti koji pozivaju na hitno zatvaranje rudnika mrkog uglja na Bukovoj Kosi, sanaciju izazvane \u0161tete i vra\u0107anje pitke vode mje\u0161tanima sela. Kakva je trenutna situacija na terenu?<\/p>\n<p>Sutra u 5 do 12h organizujemo tre\u0107i po redu protest u Prijedoru, povodom, po sve nas \u0161tetnog, iskopavanja lignita na Bukovoj Kosi. Organizovanjem protesta \u017eelimo da normalizujemo izlazak na ulice i kulturu pobune sada kada potpuno prestajemo da vjerujemo sistemu i institucijama i kada vlada sveop\u0161ti utisak da smo prepu\u0161teni sami sebi. Rudnik Bukova Kosa je koncesiju za eksploataciju dobio retroaktivno, a isto tako predali su zahtjev za ekolo\u0161ku dozvolu tek krajem februara 2025. god. dok na terenu uveliko eksploati\u0161u lingit i to na \u0161tetu \u017eivota i zdravlja ljudi koji \u017eive na Bukovoj Kosi i u Prijedoru, Kne\u017eici, Kozarskoj Dubici, jer ovaj ugalj sadr\u017ei nezanemarljivo velike koli\u010dine sumpora i drugih te\u0161kih metala koji se osjete u vazduhu. Firma \u201cDrvo-Export\u201d iz Tesli\u0107a koja izvodi radove zagadila je izvore pitke vode mje\u0161tanima, tako da je situacija vrlo te\u0161ka za njih, napolju se gu\u0161e od sumpora, a u ku\u0107i za stoku i ba\u0161tu nemaju pitku vodu. Oni su zaista primorani na tiho, ali sigurno umiranje.<\/p>\n<p>\u0160ta ka\u017eu mje\u0161tani, koliko im je otvaranje rudnika poremetilo zemlju, okolinu, kao i sam \u017eivot na ovom podru\u010dju?<\/p>\n<p>Ljudi koji su ostali da \u017eive na Bukovoj Kosi nemaju izbora da odu negdje drugdje. Kako im je nesavjesno kopanje uglja uni\u0161tilo njive, oni su bili u prilici da tu zemlju iznajme ili prodaju rudniku, ali to je bilo nedovoljno novca da se premjeste negdje drugdje. Rudnik je i ina\u010de ljude na suptilno agresivan na\u010din primoravao i manipulisao da iznajme ili prodaju svoja imanja tako \u0161to bi im presjecali put, vodu ili potkopavali njive gdje su mje\u0161tani imali izbor ili da uzmu novac koji im se nudi za njihovo uni\u0161teno imanje ili da se sude sa firmom i dr\u017eavom, a povjerenje u zakonodavni sistem su davno izgubili.<\/p>\n<p>Poznato je da je nakon rudnika priroda devastirana. Da li se mje\u0161tani boje ovakvog scenarija koji se vi\u0161e puta ponovio?<\/p>\n<p>Gore su pomrle p\u010dele, tolika je trenutna zaga\u0111enost prirode, a vi znate da kad ne bude p\u010dela, ne\u0107e biti ni ljudskog roda. Odjednom, kao preko no\u0107i, livade, potoke, vo\u0107njake i bre\u017euljke zamijenile su crne duboke rupe i zvuk velikih ma\u0161ina koje neprestano kopaju i prave buku. Destrukcija i ekolo\u0161ka katastrofa koja se ovog trena de\u0161ava ne mo\u017ee se porediti ni sa jednom vojskom koja je ikada pro\u0161la ovim prostorima. Mje\u0161tani su psihi\u010dki potonuli potpuno, jer svi njihovi napori kojima su se bunili protiv ovakvog scenarija zanemareni su i od strane gradske uprave i dr\u017eavnih organa.<\/p>\n<p>Da li ste imali konakt sa nadle\u017enima iz Grada Prijedora, \u0161ta oni ka\u017eu na ovu problematiku?<\/p>\n<p>U Gradsku upravu smo izgubili svako povjerenje i protesti koje odr\u017eavamo svake subote u 5 do 12h jesu izraz nepovjerenja ka njihovim odlukama kojim su odobrili da rudnik radi, a da niko ne vr\u0161i apsolutno nikakve kontrole i ne \u0161titi ni mje\u0161tane Bukove Kose ni gra\u0111ane Prijedora od katastrofalnih posljedica po zdravlje ljudi. Mnogima je nejasno kako su ovo dozvolili, a i njihova djeca udi\u0161u isti vazduh kao i svi mi. Pri tome, do\u0161li smo do podataka da u finansijskom smislu, Gradska uprava ne ubire nikakvu zna\u010dajnu sumu od rada rudnika, tako da se ni tu ne mo\u017ee re\u0107i da su \u017ertvovali \u017eivote i zdravlje svih nas radi nekog budu\u0107eg boljitka i popravljanja privrede Grada. Narod poku\u0161ava da na\u0111e neki smisao ove \u017ertve, ali ovaj put te svrhe nema, samo je u pitanju \u010dista destrukcija, zarad li\u010dnog profita nekih pojedinaca. Protesti jesu na\u010din da uzmemo stvar u svoje ruke i da u\u010dinimo onoliko koliko je u na\u0161oj mo\u0107i da institucije po\u010dnu da rade svoj posao, da se rudnik zatvori, sanira \u0161teta i omogu\u0107e pitki izvori vode, pa kad se zaista stvore uslovi da se lignit kopa, a da to ne ugro\u017eava prirodu, ljude i \u017eivotinje, da se onda i nastavi.<\/p>\n<p>Da li ste mo\u017eda kontaktirali resorno ministarstvo, da li od njih imate neku reakciju?<\/p>\n<p>U saradnji smo sa Centrom za za\u0161titu \u017eivotne sredine (CZZS) i oni su podnijeli krivi\u010dnu prijavu protiv entitetske Vlade RS, jer je Vlada RS dodijelila koncesiju za ovaj rudnik, me\u0111utim, sudski postupak jo\u0161 uvijek nije okon\u010dan. Mogu vam potvrditi i iz CZZS da su lokalna zajednica i priroda u ozbiljnoj opasnosti. Investitor \u201cDrvo-Export\u201d iz Tesli\u0107a neki dan se oglasio saop\u0161tenjem putem medija u kojim nisu uop\u0161te spominjali ono najva\u017enije, a to je zaga\u0111enje vazduha sumporom, ali su demantovali navode da se radi o nelegalnoj eksploataciji uglja. U tekstu koji su objavili na sajtu RTRS-a, mo\u017eete da pro\u010ditate kako ti ljudi ne pokazuju mrvu ljudskosti i brige za druge ljude, te ih zanima isklju\u010divo profit.<\/p>\n<p>Spominje se i izmje\u0161tanje groblja na Bukovoj Kosi, da li je ovo zaista mogu\u0107e?<\/p>\n<p>Na ulazu u groblje postoje ko\u010di\u0107i sa oznakama. Mje\u0161tani koji najbolje poznaju svoje selo ka\u017eu da je investitor \u201cDrvo-Export\u201d ko\u010di\u0107e postavljao uvijek kao granicu do koje su kopali. E, sada, ako pri\u0111u tako blizu, oni \u0107e potkopati groblje, ne\u0107e postojati drugi scenario nego da se groblje u tom slu\u010daju izmjesti. Za trenutak da uporedimo jedan njihov drugi postupak koji su ve\u0107 u\u010dinili. Na Jezerinama se desilo masovno ubistvo na Sr\u0111evdan 1942. god. Stotinu i tri osobe su zaklane, a od toga 80 djece ispod deset godina, ostalo su bile \u017eene i starci. Mje\u0161tani su upozoravali da bi se moglo desiti skrnavljenje ovog stradalnog mjesta, me\u0111utim, oni su u blizini ovog strati\u0161ta odlagali jalovinu i zbog velikog tereta, puknu\u0107a jalovine i pomjeranja klizi\u0161ta do\u0161lo je do skrnavljenja i zatrpavanja te doline na kojoj su prona\u0111eni ostaci ljudi koji su stradali. Investitor \u201cDrvo-Export\u201d nije ulo\u017eio ni najmanje napore da se prije kopanja obezbijedi i za\u0161titi ova lokacija, niti kasnije, kad su ve\u0107 na\u010dinili \u0161tetu, da se pobrine za ovaj spomenik bola i te\u0161ke istorije. Na osnovu ovog primjera mo\u017eemo zajedno da razmislimo i donesemo neke zaklju\u010dke na \u0161ta je investitor spreman i ako se nastavi kopanje, na \u0161ta \u0107e sve biti spreman ubudu\u0107e.<\/p>\n<p>Koji su vam planovi za daljnju akciju?<\/p>\n<p>Mi organizujemo proteste svake subote u 5 do 12h, u Prijedoru, u centru grada. U ovom trenutku, zajedno sa gra\u0111anima, osnivamo radne grupe, gdje \u0107e svako u svojoj oblasti struke davati svoj doprinos u ovoj borbi protiv ilegalnog i \u0161tetnog iskopavanja lignita na Bukovoj Kosi. Nas nekoliko koji smo inicirali proteste se mahom bavimo umjetno\u0161\u0107u i kao takvi u budu\u0107nosti mo\u017eemo re\u0107i da \u0107emo biti nepredvidivi.<\/p>\n<p><a href=\"https:\/\/6yka.com\/bih\/oni-koji-su-ostali-na-bukovoj-kosi-nemaju-izbor-oni-nemaju-gdje-da-odu\/\" rel=\"noopener\" target=\"_blank\">6yka.com<\/a><\/p>\n","protected":false},"excerpt":{"rendered":"<p>Jelena Topi\u0107, umjetnica i aktivistkinja iz Prijedora, zala\u017ee se za zatvaranje rudnika na Bukovoj Kosi u okolini Prijedora. Mje\u0161tani sela Bukova Kosa, na podru\u010dju Prijedora, \u017eale se na dim i [&hellip;]<\/p>\n","protected":false},"author":1,"featured_media":0,"comment_status":"closed","ping_status":"open","sticky":false,"template":"","format":"standard","meta":{"_monsterinsights_skip_tracking":false,"_monsterinsights_sitenote_active":false,"_monsterinsights_sitenote_note":"","_monsterinsights_sitenote_category":0,"footnotes":""},"categories":[4],"tags":[],"yoast_head":"<!-- This site is optimized with the Yoast SEO plugin v21.6 - https:\/\/yoast.com\/wordpress\/plugins\/seo\/ -->\n<title>Ovdje su pomrle p\u010dele! Oni koji su ostali na Bukovoj Kosi nemaju izbor, oni nemaju gdje da odu! - PrijedorDanas.com - Prijedorski gradski portal<\/title>\n<meta name=\"robots\" content=\"index, follow, max-snippet:-1, max-image-preview:large, max-video-preview:-1\" \/>\n<link rel=\"canonical\" href=\"https:\/\/www.prijedordanas.com\/?p=244784\" \/>\n<meta property=\"og:locale\" content=\"en_US\" \/>\n<meta property=\"og:type\" content=\"article\" \/>\n<meta property=\"og:title\" content=\"Ovdje su pomrle p\u010dele! Oni koji su ostali na Bukovoj Kosi nemaju izbor, oni nemaju gdje da odu! - PrijedorDanas.com - Prijedorski gradski portal\" \/>\n<meta property=\"og:description\" content=\"Jelena Topi\u0107, umjetnica i aktivistkinja iz Prijedora, zala\u017ee se za zatvaranje rudnika na Bukovoj Kosi u okolini Prijedora. Mje\u0161tani sela Bukova Kosa, na podru\u010dju Prijedora, \u017eale se na dim i [&hellip;]\" \/>\n<meta property=\"og:url\" content=\"https:\/\/www.prijedordanas.com\/?p=244784\" \/>\n<meta property=\"og:site_name\" content=\"PrijedorDanas.com - Prijedorski gradski portal\" \/>\n<meta property=\"article:publisher\" content=\"https:\/\/www.facebook.com\/PrijedorDanasCom\/\" \/>\n<meta property=\"article:published_time\" content=\"2025-04-04T16:24:08+00:00\" \/>\n<meta property=\"og:image\" content=\"https:\/\/www.prijedordanas.com\/wp-content\/uploads\/2025\/04\/6yka-protest-bukova-kosa-300x225.jpg\" \/>\n<meta name=\"author\" content=\"admin\" \/>\n<meta name=\"twitter:card\" content=\"summary_large_image\" \/>\n<meta name=\"twitter:label1\" content=\"Written by\" \/>\n\t<meta name=\"twitter:data1\" content=\"admin\" \/>\n<script type=\"application\/ld+json\" class=\"yoast-schema-graph\">{\"@context\":\"https:\/\/schema.org\",\"@graph\":[{\"@type\":\"Article\",\"@id\":\"https:\/\/www.prijedordanas.com\/?p=244784#article\",\"isPartOf\":{\"@id\":\"https:\/\/www.prijedordanas.com\/?p=244784\"},\"author\":{\"name\":\"admin\",\"@id\":\"https:\/\/www.prijedordanas.com\/#\/schema\/person\/4e08ccf29b506ca916ff86d46bb700e6\"},\"headline\":\"Ovdje su pomrle p\u010dele! Oni koji su ostali na Bukovoj Kosi nemaju izbor, oni nemaju gdje da odu!\",\"datePublished\":\"2025-04-04T16:24:08+00:00\",\"dateModified\":\"2025-04-04T16:24:08+00:00\",\"mainEntityOfPage\":{\"@id\":\"https:\/\/www.prijedordanas.com\/?p=244784\"},\"wordCount\":1287,\"publisher\":{\"@id\":\"https:\/\/www.prijedordanas.com\/#organization\"},\"articleSection\":[\"Dru\u0161tvo\"],\"inLanguage\":\"en-US\"},{\"@type\":\"WebPage\",\"@id\":\"https:\/\/www.prijedordanas.com\/?p=244784\",\"url\":\"https:\/\/www.prijedordanas.com\/?p=244784\",\"name\":\"Ovdje su pomrle p\u010dele! Oni koji su ostali na Bukovoj Kosi nemaju izbor, oni nemaju gdje da odu! - PrijedorDanas.com - Prijedorski gradski portal\",\"isPartOf\":{\"@id\":\"https:\/\/www.prijedordanas.com\/#website\"},\"datePublished\":\"2025-04-04T16:24:08+00:00\",\"dateModified\":\"2025-04-04T16:24:08+00:00\",\"breadcrumb\":{\"@id\":\"https:\/\/www.prijedordanas.com\/?p=244784#breadcrumb\"},\"inLanguage\":\"en-US\",\"potentialAction\":[{\"@type\":\"ReadAction\",\"target\":[\"https:\/\/www.prijedordanas.com\/?p=244784\"]}]},{\"@type\":\"BreadcrumbList\",\"@id\":\"https:\/\/www.prijedordanas.com\/?p=244784#breadcrumb\",\"itemListElement\":[{\"@type\":\"ListItem\",\"position\":1,\"name\":\"Home\",\"item\":\"https:\/\/www.prijedordanas.com\/\"},{\"@type\":\"ListItem\",\"position\":2,\"name\":\"Ovdje su pomrle p\u010dele! Oni koji su ostali na Bukovoj Kosi nemaju izbor, oni nemaju gdje da odu!\"}]},{\"@type\":\"WebSite\",\"@id\":\"https:\/\/www.prijedordanas.com\/#website\",\"url\":\"https:\/\/www.prijedordanas.com\/\",\"name\":\"PrijedorDanas.com - Prijedorski gradski portal\",\"description\":\"Portal o doga\u0111anjima u gradu Prijedoru\",\"publisher\":{\"@id\":\"https:\/\/www.prijedordanas.com\/#organization\"},\"potentialAction\":[{\"@type\":\"SearchAction\",\"target\":{\"@type\":\"EntryPoint\",\"urlTemplate\":\"https:\/\/www.prijedordanas.com\/?s={search_term_string}\"},\"query-input\":\"required name=search_term_string\"}],\"inLanguage\":\"en-US\"},{\"@type\":\"Organization\",\"@id\":\"https:\/\/www.prijedordanas.com\/#organization\",\"name\":\"PrijedorDanas.com\",\"url\":\"https:\/\/www.prijedordanas.com\/\",\"logo\":{\"@type\":\"ImageObject\",\"inLanguage\":\"en-US\",\"@id\":\"https:\/\/www.prijedordanas.com\/#\/schema\/logo\/image\/\",\"url\":\"http:\/\/www.prijedordanas.com\/wp-content\/uploads\/2021\/12\/logopng.png\",\"contentUrl\":\"http:\/\/www.prijedordanas.com\/wp-content\/uploads\/2021\/12\/logopng.png\",\"width\":1019,\"height\":776,\"caption\":\"PrijedorDanas.com\"},\"image\":{\"@id\":\"https:\/\/www.prijedordanas.com\/#\/schema\/logo\/image\/\"},\"sameAs\":[\"https:\/\/www.facebook.com\/PrijedorDanasCom\/\"]},{\"@type\":\"Person\",\"@id\":\"https:\/\/www.prijedordanas.com\/#\/schema\/person\/4e08ccf29b506ca916ff86d46bb700e6\",\"name\":\"admin\",\"image\":{\"@type\":\"ImageObject\",\"inLanguage\":\"en-US\",\"@id\":\"https:\/\/www.prijedordanas.com\/#\/schema\/person\/image\/\",\"url\":\"https:\/\/secure.gravatar.com\/avatar\/1d3fc949d550f0b53a5f0d51e06dfd79?s=96&d=mm&r=g\",\"contentUrl\":\"https:\/\/secure.gravatar.com\/avatar\/1d3fc949d550f0b53a5f0d51e06dfd79?s=96&d=mm&r=g\",\"caption\":\"admin\"},\"url\":\"https:\/\/www.prijedordanas.com\/?author=1\"}]}<\/script>\n<!-- \/ Yoast SEO plugin. -->","yoast_head_json":{"title":"Ovdje su pomrle p\u010dele! Oni koji su ostali na Bukovoj Kosi nemaju izbor, oni nemaju gdje da odu! - PrijedorDanas.com - Prijedorski gradski portal","robots":{"index":"index","follow":"follow","max-snippet":"max-snippet:-1","max-image-preview":"max-image-preview:large","max-video-preview":"max-video-preview:-1"},"canonical":"https:\/\/www.prijedordanas.com\/?p=244784","og_locale":"en_US","og_type":"article","og_title":"Ovdje su pomrle p\u010dele! Oni koji su ostali na Bukovoj Kosi nemaju izbor, oni nemaju gdje da odu! - PrijedorDanas.com - Prijedorski gradski portal","og_description":"Jelena Topi\u0107, umjetnica i aktivistkinja iz Prijedora, zala\u017ee se za zatvaranje rudnika na Bukovoj Kosi u okolini Prijedora. Mje\u0161tani sela Bukova Kosa, na podru\u010dju Prijedora, \u017eale se na dim i [&hellip;]","og_url":"https:\/\/www.prijedordanas.com\/?p=244784","og_site_name":"PrijedorDanas.com - Prijedorski gradski portal","article_publisher":"https:\/\/www.facebook.com\/PrijedorDanasCom\/","article_published_time":"2025-04-04T16:24:08+00:00","og_image":[{"url":"https:\/\/www.prijedordanas.com\/wp-content\/uploads\/2025\/04\/6yka-protest-bukova-kosa-300x225.jpg"}],"author":"admin","twitter_card":"summary_large_image","twitter_misc":{"Written by":"admin"},"schema":{"@context":"https:\/\/schema.org","@graph":[{"@type":"Article","@id":"https:\/\/www.prijedordanas.com\/?p=244784#article","isPartOf":{"@id":"https:\/\/www.prijedordanas.com\/?p=244784"},"author":{"name":"admin","@id":"https:\/\/www.prijedordanas.com\/#\/schema\/person\/4e08ccf29b506ca916ff86d46bb700e6"},"headline":"Ovdje su pomrle p\u010dele! Oni koji su ostali na Bukovoj Kosi nemaju izbor, oni nemaju gdje da odu!","datePublished":"2025-04-04T16:24:08+00:00","dateModified":"2025-04-04T16:24:08+00:00","mainEntityOfPage":{"@id":"https:\/\/www.prijedordanas.com\/?p=244784"},"wordCount":1287,"publisher":{"@id":"https:\/\/www.prijedordanas.com\/#organization"},"articleSection":["Dru\u0161tvo"],"inLanguage":"en-US"},{"@type":"WebPage","@id":"https:\/\/www.prijedordanas.com\/?p=244784","url":"https:\/\/www.prijedordanas.com\/?p=244784","name":"Ovdje su pomrle p\u010dele! Oni koji su ostali na Bukovoj Kosi nemaju izbor, oni nemaju gdje da odu! - PrijedorDanas.com - Prijedorski gradski portal","isPartOf":{"@id":"https:\/\/www.prijedordanas.com\/#website"},"datePublished":"2025-04-04T16:24:08+00:00","dateModified":"2025-04-04T16:24:08+00:00","breadcrumb":{"@id":"https:\/\/www.prijedordanas.com\/?p=244784#breadcrumb"},"inLanguage":"en-US","potentialAction":[{"@type":"ReadAction","target":["https:\/\/www.prijedordanas.com\/?p=244784"]}]},{"@type":"BreadcrumbList","@id":"https:\/\/www.prijedordanas.com\/?p=244784#breadcrumb","itemListElement":[{"@type":"ListItem","position":1,"name":"Home","item":"https:\/\/www.prijedordanas.com\/"},{"@type":"ListItem","position":2,"name":"Ovdje su pomrle p\u010dele! Oni koji su ostali na Bukovoj Kosi nemaju izbor, oni nemaju gdje da odu!"}]},{"@type":"WebSite","@id":"https:\/\/www.prijedordanas.com\/#website","url":"https:\/\/www.prijedordanas.com\/","name":"PrijedorDanas.com - Prijedorski gradski portal","description":"Portal o doga\u0111anjima u gradu Prijedoru","publisher":{"@id":"https:\/\/www.prijedordanas.com\/#organization"},"potentialAction":[{"@type":"SearchAction","target":{"@type":"EntryPoint","urlTemplate":"https:\/\/www.prijedordanas.com\/?s={search_term_string}"},"query-input":"required name=search_term_string"}],"inLanguage":"en-US"},{"@type":"Organization","@id":"https:\/\/www.prijedordanas.com\/#organization","name":"PrijedorDanas.com","url":"https:\/\/www.prijedordanas.com\/","logo":{"@type":"ImageObject","inLanguage":"en-US","@id":"https:\/\/www.prijedordanas.com\/#\/schema\/logo\/image\/","url":"http:\/\/www.prijedordanas.com\/wp-content\/uploads\/2021\/12\/logopng.png","contentUrl":"http:\/\/www.prijedordanas.com\/wp-content\/uploads\/2021\/12\/logopng.png","width":1019,"height":776,"caption":"PrijedorDanas.com"},"image":{"@id":"https:\/\/www.prijedordanas.com\/#\/schema\/logo\/image\/"},"sameAs":["https:\/\/www.facebook.com\/PrijedorDanasCom\/"]},{"@type":"Person","@id":"https:\/\/www.prijedordanas.com\/#\/schema\/person\/4e08ccf29b506ca916ff86d46bb700e6","name":"admin","image":{"@type":"ImageObject","inLanguage":"en-US","@id":"https:\/\/www.prijedordanas.com\/#\/schema\/person\/image\/","url":"https:\/\/secure.gravatar.com\/avatar\/1d3fc949d550f0b53a5f0d51e06dfd79?s=96&d=mm&r=g","contentUrl":"https:\/\/secure.gravatar.com\/avatar\/1d3fc949d550f0b53a5f0d51e06dfd79?s=96&d=mm&r=g","caption":"admin"},"url":"https:\/\/www.prijedordanas.com\/?author=1"}]}},"_links":{"self":[{"href":"https:\/\/www.prijedordanas.com\/index.php?rest_route=\/wp\/v2\/posts\/244784"}],"collection":[{"href":"https:\/\/www.prijedordanas.com\/index.php?rest_route=\/wp\/v2\/posts"}],"about":[{"href":"https:\/\/www.prijedordanas.com\/index.php?rest_route=\/wp\/v2\/types\/post"}],"author":[{"embeddable":true,"href":"https:\/\/www.prijedordanas.com\/index.php?rest_route=\/wp\/v2\/users\/1"}],"replies":[{"embeddable":true,"href":"https:\/\/www.prijedordanas.com\/index.php?rest_route=%2Fwp%2Fv2%2Fcomments&post=244784"}],"version-history":[{"count":1,"href":"https:\/\/www.prijedordanas.com\/index.php?rest_route=\/wp\/v2\/posts\/244784\/revisions"}],"predecessor-version":[{"id":244786,"href":"https:\/\/www.prijedordanas.com\/index.php?rest_route=\/wp\/v2\/posts\/244784\/revisions\/244786"}],"wp:attachment":[{"href":"https:\/\/www.prijedordanas.com\/index.php?rest_route=%2Fwp%2Fv2%2Fmedia&parent=244784"}],"wp:term":[{"taxonomy":"category","embeddable":true,"href":"https:\/\/www.prijedordanas.com\/index.php?rest_route=%2Fwp%2Fv2%2Fcategories&post=244784"},{"taxonomy":"post_tag","embeddable":true,"href":"https:\/\/www.prijedordanas.com\/index.php?rest_route=%2Fwp%2Fv2%2Ftags&post=244784"}],"curies":[{"name":"wp","href":"https:\/\/api.w.org\/{rel}","templated":true}]}}