{"id":244588,"date":"2025-04-02T16:39:32","date_gmt":"2025-04-02T14:39:32","guid":{"rendered":"https:\/\/www.prijedordanas.com\/?p=244588"},"modified":"2025-04-02T16:39:32","modified_gmt":"2025-04-02T14:39:32","slug":"djeciji-vrtic-radost-uskoro-rjesenje-za-rad-vrticu-u-brezicanima","status":"publish","type":"post","link":"https:\/\/www.prijedordanas.com\/?p=244588","title":{"rendered":"Dje\u010diji vrti\u0107 &#8220;Radost&#8221;: Uskoro rje\u0161enje za rad vrti\u0107u u Brezi\u010danima"},"content":{"rendered":"<p><a href=\"https:\/\/www.prijedordanas.com\/wp-content\/uploads\/2023\/05\/vrtic-radost-mart2023-2.jpg\"><img loading=\"lazy\" decoding=\"async\" src=\"https:\/\/www.prijedordanas.com\/wp-content\/uploads\/2023\/05\/vrtic-radost-mart2023-2-300x225.jpg\" alt=\"\" width=\"300\" height=\"225\" class=\"alignleft size-medium wp-image-206108\" srcset=\"https:\/\/www.prijedordanas.com\/wp-content\/uploads\/2023\/05\/vrtic-radost-mart2023-2-300x225.jpg 300w, https:\/\/www.prijedordanas.com\/wp-content\/uploads\/2023\/05\/vrtic-radost-mart2023-2-640x480.jpg 640w, https:\/\/www.prijedordanas.com\/wp-content\/uploads\/2023\/05\/vrtic-radost-mart2023-2.jpg 667w\" sizes=\"(max-width: 300px) 100vw, 300px\" \/><\/a>Ministarstvo prosvjete i kulture Republike Srpske trebalo bi do kraja ove ili po\u010detkom naredne sedmice da izda rje\u0161enje za rad podru\u010dnom vrti\u0107u &#8220;Simba&#8221; u Brezi\u010danima kod Prijedora, rekla je vr\u0161ilac du\u017enosti direktora prijedorskog javnog vrti\u0107a &#8220;Radost&#8221; Maja Vojnovi\u0107.<\/p>\n<p>Ona je navela da su predstavnici resornog mninistarstva danas obavili pregled nove organizacione jedinice vrti\u0107a &#8220;Radost&#8221; koja se nalazi u zgradi \u0161kole u Brezi\u010danima.<\/p>\n<p>&#8220;Zadovoljili smo sve normative i standarde. Kako su nam danas rekli, rje\u0161enje bi trebalo da bude doneseno do kraja ove ili po\u010detkom naredne sedmice&#8221;, rekla je Vojnovi\u0107eva Srni.<\/p>\n<p>Prema njenim rije\u010dima, kapacitet vrti\u0107a &#8220;Simba&#8221; je ve\u0107 popunjen sa liste \u010dekanja konkursa raspisanog za ovu radnu godinu, a u pitanju su dvije vaspitne grupe sa ukupno 46 djece \u2013 jedna za uzrast od dvije do tri godine, a jedna mje\u0161ovita za uzrast od tri do \u0161est godina.<\/p>\n<p>&#8220;Imamo djecu iz Brezi\u010dana, ali i iz drugih dijelova grada. Isto tako u vrti\u0107e u Kozarcu i Omarskoj roditelji dovoze djecu iz grada&#8221;, dodala je Vojnovi\u0107eva.<\/p>\n<p>Skup\u0161tina grada pro\u0161log mjeseca donijela je dluku da se u Javnoj ustanovi Dje\u010diji vrti\u0107 &#8220;Radost&#8221; Prijedor osnuje nova organizaciona jedinica &#8211; podru\u010dni vrti\u0107 &#8220;Simba&#8221; u naselju Brezi\u010dani.<\/p>\n<p>U teku\u0107oj radnoj godini na konkursu za upis djece u javni vrti\u0107 ispod crte je ostalo 363 djece.<\/p>\n<p>U naselju Pe\u0107ani se gradi vrti\u0107 kapaciteta 220 djece.<\/p>\n<p>Odjeljenje za obrazovanje, zdravstvo, socijalnu za\u0161titu i pronatalitetnu politiku i demografsku politiku u vi\u0161e navrata se zalagalo za prilago\u0111avanje neiskori\u0161tenih prostorija u \u0161kolama potrebama pred\u0161kolskog obrazovanja budu\u0107i da kapaciteti vrti\u0107a nisu dovoljni. <\/p>\n<p>SRNA<br \/>\nFoto &#8211; ilustracija<\/p>\n","protected":false},"excerpt":{"rendered":"<p>Ministarstvo prosvjete i kulture Republike Srpske trebalo bi do kraja ove ili po\u010detkom naredne sedmice da izda rje\u0161enje za rad podru\u010dnom vrti\u0107u &#8220;Simba&#8221; u Brezi\u010danima kod Prijedora, rekla je vr\u0161ilac [&hellip;]<\/p>\n","protected":false},"author":1,"featured_media":0,"comment_status":"closed","ping_status":"open","sticky":false,"template":"","format":"standard","meta":{"_monsterinsights_skip_tracking":false,"_monsterinsights_sitenote_active":false,"_monsterinsights_sitenote_note":"","_monsterinsights_sitenote_category":0,"footnotes":""},"categories":[4],"tags":[],"yoast_head":"<!-- This site is optimized with the Yoast SEO plugin v21.6 - https:\/\/yoast.com\/wordpress\/plugins\/seo\/ -->\n<title>Dje\u010diji vrti\u0107 &quot;Radost&quot;: Uskoro rje\u0161enje za rad vrti\u0107u u Brezi\u010danima - PrijedorDanas.com - Prijedorski gradski portal<\/title>\n<meta name=\"robots\" content=\"index, follow, max-snippet:-1, max-image-preview:large, max-video-preview:-1\" \/>\n<link rel=\"canonical\" href=\"https:\/\/www.prijedordanas.com\/?p=244588\" \/>\n<meta property=\"og:locale\" content=\"en_US\" \/>\n<meta property=\"og:type\" content=\"article\" \/>\n<meta property=\"og:title\" content=\"Dje\u010diji vrti\u0107 &quot;Radost&quot;: Uskoro rje\u0161enje za rad vrti\u0107u u Brezi\u010danima - PrijedorDanas.com - Prijedorski gradski portal\" \/>\n<meta property=\"og:description\" content=\"Ministarstvo prosvjete i kulture Republike Srpske trebalo bi do kraja ove ili po\u010detkom naredne sedmice da izda rje\u0161enje za rad podru\u010dnom vrti\u0107u &#8220;Simba&#8221; u Brezi\u010danima kod Prijedora, rekla je vr\u0161ilac [&hellip;]\" \/>\n<meta property=\"og:url\" content=\"https:\/\/www.prijedordanas.com\/?p=244588\" \/>\n<meta property=\"og:site_name\" content=\"PrijedorDanas.com - Prijedorski gradski portal\" \/>\n<meta property=\"article:publisher\" content=\"https:\/\/www.facebook.com\/PrijedorDanasCom\/\" \/>\n<meta property=\"article:published_time\" content=\"2025-04-02T14:39:32+00:00\" \/>\n<meta property=\"og:image\" content=\"https:\/\/www.prijedordanas.com\/wp-content\/uploads\/2023\/05\/vrtic-radost-mart2023-2-300x225.jpg\" \/>\n<meta name=\"author\" content=\"admin\" \/>\n<meta name=\"twitter:card\" content=\"summary_large_image\" \/>\n<meta name=\"twitter:label1\" content=\"Written by\" \/>\n\t<meta name=\"twitter:data1\" content=\"admin\" \/>\n<script type=\"application\/ld+json\" class=\"yoast-schema-graph\">{\"@context\":\"https:\/\/schema.org\",\"@graph\":[{\"@type\":\"Article\",\"@id\":\"https:\/\/www.prijedordanas.com\/?p=244588#article\",\"isPartOf\":{\"@id\":\"https:\/\/www.prijedordanas.com\/?p=244588\"},\"author\":{\"name\":\"admin\",\"@id\":\"https:\/\/www.prijedordanas.com\/#\/schema\/person\/4e08ccf29b506ca916ff86d46bb700e6\"},\"headline\":\"Dje\u010diji vrti\u0107 &#8220;Radost&#8221;: Uskoro rje\u0161enje za rad vrti\u0107u u Brezi\u010danima\",\"datePublished\":\"2025-04-02T14:39:32+00:00\",\"dateModified\":\"2025-04-02T14:39:32+00:00\",\"mainEntityOfPage\":{\"@id\":\"https:\/\/www.prijedordanas.com\/?p=244588\"},\"wordCount\":297,\"publisher\":{\"@id\":\"https:\/\/www.prijedordanas.com\/#organization\"},\"articleSection\":[\"Dru\u0161tvo\"],\"inLanguage\":\"en-US\"},{\"@type\":\"WebPage\",\"@id\":\"https:\/\/www.prijedordanas.com\/?p=244588\",\"url\":\"https:\/\/www.prijedordanas.com\/?p=244588\",\"name\":\"Dje\u010diji vrti\u0107 \\\"Radost\\\": Uskoro rje\u0161enje za rad vrti\u0107u u Brezi\u010danima - PrijedorDanas.com - Prijedorski gradski portal\",\"isPartOf\":{\"@id\":\"https:\/\/www.prijedordanas.com\/#website\"},\"datePublished\":\"2025-04-02T14:39:32+00:00\",\"dateModified\":\"2025-04-02T14:39:32+00:00\",\"breadcrumb\":{\"@id\":\"https:\/\/www.prijedordanas.com\/?p=244588#breadcrumb\"},\"inLanguage\":\"en-US\",\"potentialAction\":[{\"@type\":\"ReadAction\",\"target\":[\"https:\/\/www.prijedordanas.com\/?p=244588\"]}]},{\"@type\":\"BreadcrumbList\",\"@id\":\"https:\/\/www.prijedordanas.com\/?p=244588#breadcrumb\",\"itemListElement\":[{\"@type\":\"ListItem\",\"position\":1,\"name\":\"Home\",\"item\":\"https:\/\/www.prijedordanas.com\/\"},{\"@type\":\"ListItem\",\"position\":2,\"name\":\"Dje\u010diji vrti\u0107 &#8220;Radost&#8221;: Uskoro rje\u0161enje za rad vrti\u0107u u Brezi\u010danima\"}]},{\"@type\":\"WebSite\",\"@id\":\"https:\/\/www.prijedordanas.com\/#website\",\"url\":\"https:\/\/www.prijedordanas.com\/\",\"name\":\"PrijedorDanas.com - Prijedorski gradski portal\",\"description\":\"Portal o doga\u0111anjima u gradu Prijedoru\",\"publisher\":{\"@id\":\"https:\/\/www.prijedordanas.com\/#organization\"},\"potentialAction\":[{\"@type\":\"SearchAction\",\"target\":{\"@type\":\"EntryPoint\",\"urlTemplate\":\"https:\/\/www.prijedordanas.com\/?s={search_term_string}\"},\"query-input\":\"required name=search_term_string\"}],\"inLanguage\":\"en-US\"},{\"@type\":\"Organization\",\"@id\":\"https:\/\/www.prijedordanas.com\/#organization\",\"name\":\"PrijedorDanas.com\",\"url\":\"https:\/\/www.prijedordanas.com\/\",\"logo\":{\"@type\":\"ImageObject\",\"inLanguage\":\"en-US\",\"@id\":\"https:\/\/www.prijedordanas.com\/#\/schema\/logo\/image\/\",\"url\":\"http:\/\/www.prijedordanas.com\/wp-content\/uploads\/2021\/12\/logopng.png\",\"contentUrl\":\"http:\/\/www.prijedordanas.com\/wp-content\/uploads\/2021\/12\/logopng.png\",\"width\":1019,\"height\":776,\"caption\":\"PrijedorDanas.com\"},\"image\":{\"@id\":\"https:\/\/www.prijedordanas.com\/#\/schema\/logo\/image\/\"},\"sameAs\":[\"https:\/\/www.facebook.com\/PrijedorDanasCom\/\"]},{\"@type\":\"Person\",\"@id\":\"https:\/\/www.prijedordanas.com\/#\/schema\/person\/4e08ccf29b506ca916ff86d46bb700e6\",\"name\":\"admin\",\"image\":{\"@type\":\"ImageObject\",\"inLanguage\":\"en-US\",\"@id\":\"https:\/\/www.prijedordanas.com\/#\/schema\/person\/image\/\",\"url\":\"https:\/\/secure.gravatar.com\/avatar\/1d3fc949d550f0b53a5f0d51e06dfd79?s=96&d=mm&r=g\",\"contentUrl\":\"https:\/\/secure.gravatar.com\/avatar\/1d3fc949d550f0b53a5f0d51e06dfd79?s=96&d=mm&r=g\",\"caption\":\"admin\"},\"url\":\"https:\/\/www.prijedordanas.com\/?author=1\"}]}<\/script>\n<!-- \/ Yoast SEO plugin. -->","yoast_head_json":{"title":"Dje\u010diji vrti\u0107 \"Radost\": Uskoro rje\u0161enje za rad vrti\u0107u u Brezi\u010danima - PrijedorDanas.com - Prijedorski gradski portal","robots":{"index":"index","follow":"follow","max-snippet":"max-snippet:-1","max-image-preview":"max-image-preview:large","max-video-preview":"max-video-preview:-1"},"canonical":"https:\/\/www.prijedordanas.com\/?p=244588","og_locale":"en_US","og_type":"article","og_title":"Dje\u010diji vrti\u0107 \"Radost\": Uskoro rje\u0161enje za rad vrti\u0107u u Brezi\u010danima - PrijedorDanas.com - Prijedorski gradski portal","og_description":"Ministarstvo prosvjete i kulture Republike Srpske trebalo bi do kraja ove ili po\u010detkom naredne sedmice da izda rje\u0161enje za rad podru\u010dnom vrti\u0107u &#8220;Simba&#8221; u Brezi\u010danima kod Prijedora, rekla je vr\u0161ilac [&hellip;]","og_url":"https:\/\/www.prijedordanas.com\/?p=244588","og_site_name":"PrijedorDanas.com - Prijedorski gradski portal","article_publisher":"https:\/\/www.facebook.com\/PrijedorDanasCom\/","article_published_time":"2025-04-02T14:39:32+00:00","og_image":[{"url":"https:\/\/www.prijedordanas.com\/wp-content\/uploads\/2023\/05\/vrtic-radost-mart2023-2-300x225.jpg"}],"author":"admin","twitter_card":"summary_large_image","twitter_misc":{"Written by":"admin"},"schema":{"@context":"https:\/\/schema.org","@graph":[{"@type":"Article","@id":"https:\/\/www.prijedordanas.com\/?p=244588#article","isPartOf":{"@id":"https:\/\/www.prijedordanas.com\/?p=244588"},"author":{"name":"admin","@id":"https:\/\/www.prijedordanas.com\/#\/schema\/person\/4e08ccf29b506ca916ff86d46bb700e6"},"headline":"Dje\u010diji vrti\u0107 &#8220;Radost&#8221;: Uskoro rje\u0161enje za rad vrti\u0107u u Brezi\u010danima","datePublished":"2025-04-02T14:39:32+00:00","dateModified":"2025-04-02T14:39:32+00:00","mainEntityOfPage":{"@id":"https:\/\/www.prijedordanas.com\/?p=244588"},"wordCount":297,"publisher":{"@id":"https:\/\/www.prijedordanas.com\/#organization"},"articleSection":["Dru\u0161tvo"],"inLanguage":"en-US"},{"@type":"WebPage","@id":"https:\/\/www.prijedordanas.com\/?p=244588","url":"https:\/\/www.prijedordanas.com\/?p=244588","name":"Dje\u010diji vrti\u0107 \"Radost\": Uskoro rje\u0161enje za rad vrti\u0107u u Brezi\u010danima - PrijedorDanas.com - Prijedorski gradski portal","isPartOf":{"@id":"https:\/\/www.prijedordanas.com\/#website"},"datePublished":"2025-04-02T14:39:32+00:00","dateModified":"2025-04-02T14:39:32+00:00","breadcrumb":{"@id":"https:\/\/www.prijedordanas.com\/?p=244588#breadcrumb"},"inLanguage":"en-US","potentialAction":[{"@type":"ReadAction","target":["https:\/\/www.prijedordanas.com\/?p=244588"]}]},{"@type":"BreadcrumbList","@id":"https:\/\/www.prijedordanas.com\/?p=244588#breadcrumb","itemListElement":[{"@type":"ListItem","position":1,"name":"Home","item":"https:\/\/www.prijedordanas.com\/"},{"@type":"ListItem","position":2,"name":"Dje\u010diji vrti\u0107 &#8220;Radost&#8221;: Uskoro rje\u0161enje za rad vrti\u0107u u Brezi\u010danima"}]},{"@type":"WebSite","@id":"https:\/\/www.prijedordanas.com\/#website","url":"https:\/\/www.prijedordanas.com\/","name":"PrijedorDanas.com - Prijedorski gradski portal","description":"Portal o doga\u0111anjima u gradu Prijedoru","publisher":{"@id":"https:\/\/www.prijedordanas.com\/#organization"},"potentialAction":[{"@type":"SearchAction","target":{"@type":"EntryPoint","urlTemplate":"https:\/\/www.prijedordanas.com\/?s={search_term_string}"},"query-input":"required name=search_term_string"}],"inLanguage":"en-US"},{"@type":"Organization","@id":"https:\/\/www.prijedordanas.com\/#organization","name":"PrijedorDanas.com","url":"https:\/\/www.prijedordanas.com\/","logo":{"@type":"ImageObject","inLanguage":"en-US","@id":"https:\/\/www.prijedordanas.com\/#\/schema\/logo\/image\/","url":"http:\/\/www.prijedordanas.com\/wp-content\/uploads\/2021\/12\/logopng.png","contentUrl":"http:\/\/www.prijedordanas.com\/wp-content\/uploads\/2021\/12\/logopng.png","width":1019,"height":776,"caption":"PrijedorDanas.com"},"image":{"@id":"https:\/\/www.prijedordanas.com\/#\/schema\/logo\/image\/"},"sameAs":["https:\/\/www.facebook.com\/PrijedorDanasCom\/"]},{"@type":"Person","@id":"https:\/\/www.prijedordanas.com\/#\/schema\/person\/4e08ccf29b506ca916ff86d46bb700e6","name":"admin","image":{"@type":"ImageObject","inLanguage":"en-US","@id":"https:\/\/www.prijedordanas.com\/#\/schema\/person\/image\/","url":"https:\/\/secure.gravatar.com\/avatar\/1d3fc949d550f0b53a5f0d51e06dfd79?s=96&d=mm&r=g","contentUrl":"https:\/\/secure.gravatar.com\/avatar\/1d3fc949d550f0b53a5f0d51e06dfd79?s=96&d=mm&r=g","caption":"admin"},"url":"https:\/\/www.prijedordanas.com\/?author=1"}]}},"_links":{"self":[{"href":"https:\/\/www.prijedordanas.com\/index.php?rest_route=\/wp\/v2\/posts\/244588"}],"collection":[{"href":"https:\/\/www.prijedordanas.com\/index.php?rest_route=\/wp\/v2\/posts"}],"about":[{"href":"https:\/\/www.prijedordanas.com\/index.php?rest_route=\/wp\/v2\/types\/post"}],"author":[{"embeddable":true,"href":"https:\/\/www.prijedordanas.com\/index.php?rest_route=\/wp\/v2\/users\/1"}],"replies":[{"embeddable":true,"href":"https:\/\/www.prijedordanas.com\/index.php?rest_route=%2Fwp%2Fv2%2Fcomments&post=244588"}],"version-history":[{"count":1,"href":"https:\/\/www.prijedordanas.com\/index.php?rest_route=\/wp\/v2\/posts\/244588\/revisions"}],"predecessor-version":[{"id":244589,"href":"https:\/\/www.prijedordanas.com\/index.php?rest_route=\/wp\/v2\/posts\/244588\/revisions\/244589"}],"wp:attachment":[{"href":"https:\/\/www.prijedordanas.com\/index.php?rest_route=%2Fwp%2Fv2%2Fmedia&parent=244588"}],"wp:term":[{"taxonomy":"category","embeddable":true,"href":"https:\/\/www.prijedordanas.com\/index.php?rest_route=%2Fwp%2Fv2%2Fcategories&post=244588"},{"taxonomy":"post_tag","embeddable":true,"href":"https:\/\/www.prijedordanas.com\/index.php?rest_route=%2Fwp%2Fv2%2Ftags&post=244588"}],"curies":[{"name":"wp","href":"https:\/\/api.w.org\/{rel}","templated":true}]}}