{"id":244497,"date":"2025-04-01T19:20:35","date_gmt":"2025-04-01T17:20:35","guid":{"rendered":"https:\/\/www.prijedordanas.com\/?p=244497"},"modified":"2025-04-01T19:20:35","modified_gmt":"2025-04-01T17:20:35","slug":"prijedor-obiljezena-godisnjica-smrti-doktora-mladena-stojanovica-foto-video","status":"publish","type":"post","link":"https:\/\/www.prijedordanas.com\/?p=244497","title":{"rendered":"Prijedor: Obilje\u017eena godi\u0161njica smrti doktora Mladena Stojanovi\u0107a &#8211; FOTO\/VIDEO"},"content":{"rendered":"<p><a href=\"https:\/\/www.prijedordanas.com\/wp-content\/uploads\/2025\/04\/kozarski-godisnjica-smrti-dr-mladena-2025-1.jpg\"><img loading=\"lazy\" decoding=\"async\" class=\"alignleft size-medium wp-image-244498\" src=\"https:\/\/www.prijedordanas.com\/wp-content\/uploads\/2025\/04\/kozarski-godisnjica-smrti-dr-mladena-2025-1-300x225.jpg\" alt=\"\" width=\"300\" height=\"225\" srcset=\"https:\/\/www.prijedordanas.com\/wp-content\/uploads\/2025\/04\/kozarski-godisnjica-smrti-dr-mladena-2025-1-300x225.jpg 300w, https:\/\/www.prijedordanas.com\/wp-content\/uploads\/2025\/04\/kozarski-godisnjica-smrti-dr-mladena-2025-1-640x480.jpg 640w, https:\/\/www.prijedordanas.com\/wp-content\/uploads\/2025\/04\/kozarski-godisnjica-smrti-dr-mladena-2025-1.jpg 667w\" sizes=\"(max-width: 300px) 100vw, 300px\" \/><\/a>Polaganjem vijenaca brojnih delegacija kod spomen biste, obilje\u017eeno je 83 godine od smrti i 129 godina od ro\u0111enja legendarnog doktora Mladena Stojanovi\u0107a.<\/p>\n<p>Na istorijskom \u010dasu bili su i u\u010denici Osnovne \u0161kole \u201cDesanka Maksimovi\u0107\u201d.<\/p>\n<p>Ka\u017eu da im je to velika \u010dast.<\/p>\n<p>\u201cNa \u010dasovima nam dosta pri\u010daju o Mladenu Stojanovi\u0107u. Mislim da je velika zainteresovanost u\u010denika za ono \u0161to je on uradio i ostavio pe\u010dat na ovim na\u0161im prostorima. Ja ve\u0107 drugu godinu u\u010destvujem na obilje\u017eavanju ro\u0111enja i smrti doktora Mladena Stojanovi\u0107a i to mi je velika \u010dast\u201d, ka\u017ee Andrija Karlica, u\u010denik 9. razreda ove \u0161kole.<\/p>\n<p><a href=\"https:\/\/www.prijedordanas.com\/wp-content\/uploads\/2025\/04\/prijedorgradorg-godisnjica-smrti-dr-mladena-2025-3.jpg\"><img loading=\"lazy\" decoding=\"async\" class=\"alignleft size-medium wp-image-244499\" src=\"https:\/\/www.prijedordanas.com\/wp-content\/uploads\/2025\/04\/prijedorgradorg-godisnjica-smrti-dr-mladena-2025-3-300x168.jpg\" alt=\"\" width=\"300\" height=\"168\" srcset=\"https:\/\/www.prijedordanas.com\/wp-content\/uploads\/2025\/04\/prijedorgradorg-godisnjica-smrti-dr-mladena-2025-3-300x168.jpg 300w, https:\/\/www.prijedordanas.com\/wp-content\/uploads\/2025\/04\/prijedorgradorg-godisnjica-smrti-dr-mladena-2025-3.jpg 600w\" sizes=\"(max-width: 300px) 100vw, 300px\" \/><\/a>U Osnovnoj \u0161koli \u201cDesanka Maksimovi\u0107\u201d ka\u017eu da se o doktoru Mladenu u\u010denicima znanje prenosi na \u010dasovima istorije, ali i na \u010dasovima srpskog jezika i knji\u017eedvnm djelima koja govore o njemu.<\/p>\n<p>\u201cMladen je, svi znamo, legendarna li\u010dnost, ne samo za Prijedor\u010dane i Kraji\u0161nike nego i mnogo \u0161ire. Svojom humano\u0161\u0107u i dobrotom on je pokazao kakav treba biti \u010dovjek u pravom smislu te rije\u010di. Nama je drago \u0161to na\u0161i u\u010denici ve\u0107 godinama u\u010destvuju u obilje\u017eavanju ovog zna\u010dajnog datuma\u201d, istakla je nastavnica Tatjana Dr\u010da.<\/p>\n<p>Predsjednik prijedorskog SUBNOR-a Veljko Rodi\u0107 je naglasio da je doktor Mladen ubijen zbog nesretnog ideolo\u0161kog razila\u017eenja u srpskom narodu.<\/p>\n<p><a href=\"https:\/\/www.prijedordanas.com\/wp-content\/uploads\/2025\/04\/prijedorgradorg-godisnjica-smrti-dr-mladena-2025-1.jpg\"><img loading=\"lazy\" decoding=\"async\" class=\"alignleft size-medium wp-image-244500\" src=\"https:\/\/www.prijedordanas.com\/wp-content\/uploads\/2025\/04\/prijedorgradorg-godisnjica-smrti-dr-mladena-2025-1-300x168.jpg\" alt=\"\" width=\"300\" height=\"168\" srcset=\"https:\/\/www.prijedordanas.com\/wp-content\/uploads\/2025\/04\/prijedorgradorg-godisnjica-smrti-dr-mladena-2025-1-300x168.jpg 300w, https:\/\/www.prijedordanas.com\/wp-content\/uploads\/2025\/04\/prijedorgradorg-godisnjica-smrti-dr-mladena-2025-1.jpg 600w\" sizes=\"(max-width: 300px) 100vw, 300px\" \/><\/a>Naveo je jedan u nizu primjera humanosti doktora Mladena.<\/p>\n<p>\u201cMladen Stojanovi\u0107 je bio prije svega ljekar, humanista, komunista, organizator ustanka na Kozari. Jedna velika li\u010dnost, evo samo jedan detalj da navedem. Kad je predavao higijenu u prijedorskoj gimnaziji tada je vidio jednog u\u010denika koji dolazi bos u \u0161kolu, ni dijete, ni momak, a to je bio Rade Ba\u0161i\u0107. I ka\u017ee mu \u2013 selja\u010di\u0107u, za\u0161to si ti bos? U\u010denik mu odgovori \u2013 moji su roditelji sa sela, nemaju mi za\u0161to kupiti obo\u0107u. Doktor ga je poslao u prodavnicu i kupio mu obu\u0107u. To je samo jedan primjer. Mladen je humanista, pomogao je svakome kome je god pomo\u0107 bila potrebna. I zato je moja poruka da i mi kao gra\u0111ani Republike Srpske budemo onakvi kakav je bio doktor Mladen Stojanovi\u0107\u201d, rekao je Rodi\u0107.<\/p>\n<p><a href=\"https:\/\/www.prijedordanas.com\/wp-content\/uploads\/2025\/04\/kozarski-godisnjica-smrti-dr-mladena-2025-2.jpg\"><img loading=\"lazy\" decoding=\"async\" src=\"https:\/\/www.prijedordanas.com\/wp-content\/uploads\/2025\/04\/kozarski-godisnjica-smrti-dr-mladena-2025-2-300x169.jpg\" alt=\"\" width=\"300\" height=\"169\" class=\"alignleft size-medium wp-image-244501\" srcset=\"https:\/\/www.prijedordanas.com\/wp-content\/uploads\/2025\/04\/kozarski-godisnjica-smrti-dr-mladena-2025-2-300x169.jpg 300w, https:\/\/www.prijedordanas.com\/wp-content\/uploads\/2025\/04\/kozarski-godisnjica-smrti-dr-mladena-2025-2.jpg 600w\" sizes=\"(max-width: 300px) 100vw, 300px\" \/><\/a>Iz lokalne uprave su poru\u010dili da je grad ponosan na doktora Mladena, njegov humanizam i antifa\u0161izam.<\/p>\n<p>\u201cGrad Prijedro je ponosan \u0161to je iznjedrio takvog velikana, humanistu i antfa\u0161istu. Ponosni smo na lik i dijelo doktora Mladena Stojanovi\u0107a i grad Prijedro je po njemu dao nazive ulicama, \u0161kolama i drugim ustanovama. Mladen Stojanovi\u0107 nije gledao ljude ni po vjeri, ni po nacijii, ni po imovinskom statusu. Lije\u010dio je ljude prije rata, u ratu je poveo borbu za slobodu i zato smo svi gra\u0111ani grada Prijedora ponosni to\u201d, rekao je Nenad Mejaki\u0107, zamjenik gradona\u010delnika Prijedora.<\/p>\n<p>Doktor Mladen Stojanovi\u0107 je nakon ranjavanja, strijeljan 2. aprila 1942. godine u selu Jo\u0161avka kod Kotor Varo\u0161i.<\/p>\n<p>Nakon toga, me\u0111u srpskim narodom u ovim krajevima do\u0161lo je do jo\u0161 ve\u0107ih i tragi\u010dnijih ideolo\u0161kih podjela i krvoproli\u0107a.<\/p>\n<p><strong><a href=\"https:\/\/kozarski.com\/obiljezena-godisnjica-smrti-doktora-mladena\/\" target=\"_blank\" rel=\"noopener\">kozarski.com<\/a><\/strong><\/p>\n<p><a href=\"https:\/\/www.prijedordanas.com\/wp-content\/uploads\/2025\/04\/prijedorgradorg-godisnjica-smrti-dr-mladena-2025-2.jpg\"><img loading=\"lazy\" decoding=\"async\" src=\"https:\/\/www.prijedordanas.com\/wp-content\/uploads\/2025\/04\/prijedorgradorg-godisnjica-smrti-dr-mladena-2025-2-300x168.jpg\" alt=\"\" width=\"300\" height=\"168\" class=\"alignleft size-medium wp-image-244502\" srcset=\"https:\/\/www.prijedordanas.com\/wp-content\/uploads\/2025\/04\/prijedorgradorg-godisnjica-smrti-dr-mladena-2025-2-300x168.jpg 300w, https:\/\/www.prijedordanas.com\/wp-content\/uploads\/2025\/04\/prijedorgradorg-godisnjica-smrti-dr-mladena-2025-2.jpg 600w\" sizes=\"(max-width: 300px) 100vw, 300px\" \/><\/a><\/p>\n<p><iframe loading=\"lazy\" title=\"OBILJE\u017dENA  GODI\u0160NJICA SMRTI DOKTORA MLADENA\" width=\"500\" height=\"281\" src=\"https:\/\/www.youtube.com\/embed\/w7FTGoeC1_4?feature=oembed\" frameborder=\"0\" allow=\"accelerometer; autoplay; clipboard-write; encrypted-media; gyroscope; picture-in-picture; web-share\" referrerpolicy=\"strict-origin-when-cross-origin\" allowfullscreen><\/iframe><\/p>\n","protected":false},"excerpt":{"rendered":"<p>Polaganjem vijenaca brojnih delegacija kod spomen biste, obilje\u017eeno je 83 godine od smrti i 129 godina od ro\u0111enja legendarnog doktora Mladena Stojanovi\u0107a. Na istorijskom \u010dasu bili su i u\u010denici Osnovne [&hellip;]<\/p>\n","protected":false},"author":1,"featured_media":0,"comment_status":"closed","ping_status":"open","sticky":false,"template":"","format":"standard","meta":{"_monsterinsights_skip_tracking":false,"_monsterinsights_sitenote_active":false,"_monsterinsights_sitenote_note":"","_monsterinsights_sitenote_category":0,"footnotes":""},"categories":[8],"tags":[],"yoast_head":"<!-- This site is optimized with the Yoast SEO plugin v21.6 - https:\/\/yoast.com\/wordpress\/plugins\/seo\/ -->\n<title>Prijedor: Obilje\u017eena godi\u0161njica smrti doktora Mladena Stojanovi\u0107a - FOTO\/VIDEO - PrijedorDanas.com - Prijedorski gradski portal<\/title>\n<meta name=\"robots\" content=\"index, follow, max-snippet:-1, max-image-preview:large, max-video-preview:-1\" \/>\n<link rel=\"canonical\" href=\"https:\/\/www.prijedordanas.com\/?p=244497\" \/>\n<meta property=\"og:locale\" content=\"en_US\" \/>\n<meta property=\"og:type\" content=\"article\" \/>\n<meta property=\"og:title\" content=\"Prijedor: Obilje\u017eena godi\u0161njica smrti doktora Mladena Stojanovi\u0107a - FOTO\/VIDEO - PrijedorDanas.com - Prijedorski gradski portal\" \/>\n<meta property=\"og:description\" content=\"Polaganjem vijenaca brojnih delegacija kod spomen biste, obilje\u017eeno je 83 godine od smrti i 129 godina od ro\u0111enja legendarnog doktora Mladena Stojanovi\u0107a. Na istorijskom \u010dasu bili su i u\u010denici Osnovne [&hellip;]\" \/>\n<meta property=\"og:url\" content=\"https:\/\/www.prijedordanas.com\/?p=244497\" \/>\n<meta property=\"og:site_name\" content=\"PrijedorDanas.com - Prijedorski gradski portal\" \/>\n<meta property=\"article:publisher\" content=\"https:\/\/www.facebook.com\/PrijedorDanasCom\/\" \/>\n<meta property=\"article:published_time\" content=\"2025-04-01T17:20:35+00:00\" \/>\n<meta property=\"og:image\" content=\"https:\/\/www.prijedordanas.com\/wp-content\/uploads\/2025\/04\/kozarski-godisnjica-smrti-dr-mladena-2025-1-300x225.jpg\" \/>\n<meta name=\"author\" content=\"admin\" \/>\n<meta name=\"twitter:card\" content=\"summary_large_image\" \/>\n<meta name=\"twitter:label1\" content=\"Written by\" \/>\n\t<meta name=\"twitter:data1\" content=\"admin\" \/>\n\t<meta name=\"twitter:label2\" content=\"Est. reading time\" \/>\n\t<meta name=\"twitter:data2\" content=\"3 minutes\" \/>\n<script type=\"application\/ld+json\" class=\"yoast-schema-graph\">{\"@context\":\"https:\/\/schema.org\",\"@graph\":[{\"@type\":\"Article\",\"@id\":\"https:\/\/www.prijedordanas.com\/?p=244497#article\",\"isPartOf\":{\"@id\":\"https:\/\/www.prijedordanas.com\/?p=244497\"},\"author\":{\"name\":\"admin\",\"@id\":\"https:\/\/www.prijedordanas.com\/#\/schema\/person\/4e08ccf29b506ca916ff86d46bb700e6\"},\"headline\":\"Prijedor: Obilje\u017eena godi\u0161njica smrti doktora Mladena Stojanovi\u0107a &#8211; FOTO\/VIDEO\",\"datePublished\":\"2025-04-01T17:20:35+00:00\",\"dateModified\":\"2025-04-01T17:20:35+00:00\",\"mainEntityOfPage\":{\"@id\":\"https:\/\/www.prijedordanas.com\/?p=244497\"},\"wordCount\":530,\"publisher\":{\"@id\":\"https:\/\/www.prijedordanas.com\/#organization\"},\"articleSection\":[\"Svakodnevno\"],\"inLanguage\":\"en-US\"},{\"@type\":\"WebPage\",\"@id\":\"https:\/\/www.prijedordanas.com\/?p=244497\",\"url\":\"https:\/\/www.prijedordanas.com\/?p=244497\",\"name\":\"Prijedor: Obilje\u017eena godi\u0161njica smrti doktora Mladena Stojanovi\u0107a - FOTO\/VIDEO - PrijedorDanas.com - Prijedorski gradski portal\",\"isPartOf\":{\"@id\":\"https:\/\/www.prijedordanas.com\/#website\"},\"datePublished\":\"2025-04-01T17:20:35+00:00\",\"dateModified\":\"2025-04-01T17:20:35+00:00\",\"breadcrumb\":{\"@id\":\"https:\/\/www.prijedordanas.com\/?p=244497#breadcrumb\"},\"inLanguage\":\"en-US\",\"potentialAction\":[{\"@type\":\"ReadAction\",\"target\":[\"https:\/\/www.prijedordanas.com\/?p=244497\"]}]},{\"@type\":\"BreadcrumbList\",\"@id\":\"https:\/\/www.prijedordanas.com\/?p=244497#breadcrumb\",\"itemListElement\":[{\"@type\":\"ListItem\",\"position\":1,\"name\":\"Home\",\"item\":\"https:\/\/www.prijedordanas.com\/\"},{\"@type\":\"ListItem\",\"position\":2,\"name\":\"Prijedor: Obilje\u017eena godi\u0161njica smrti doktora Mladena Stojanovi\u0107a &#8211; FOTO\/VIDEO\"}]},{\"@type\":\"WebSite\",\"@id\":\"https:\/\/www.prijedordanas.com\/#website\",\"url\":\"https:\/\/www.prijedordanas.com\/\",\"name\":\"PrijedorDanas.com - Prijedorski gradski portal\",\"description\":\"Portal o doga\u0111anjima u gradu Prijedoru\",\"publisher\":{\"@id\":\"https:\/\/www.prijedordanas.com\/#organization\"},\"potentialAction\":[{\"@type\":\"SearchAction\",\"target\":{\"@type\":\"EntryPoint\",\"urlTemplate\":\"https:\/\/www.prijedordanas.com\/?s={search_term_string}\"},\"query-input\":\"required name=search_term_string\"}],\"inLanguage\":\"en-US\"},{\"@type\":\"Organization\",\"@id\":\"https:\/\/www.prijedordanas.com\/#organization\",\"name\":\"PrijedorDanas.com\",\"url\":\"https:\/\/www.prijedordanas.com\/\",\"logo\":{\"@type\":\"ImageObject\",\"inLanguage\":\"en-US\",\"@id\":\"https:\/\/www.prijedordanas.com\/#\/schema\/logo\/image\/\",\"url\":\"http:\/\/www.prijedordanas.com\/wp-content\/uploads\/2021\/12\/logopng.png\",\"contentUrl\":\"http:\/\/www.prijedordanas.com\/wp-content\/uploads\/2021\/12\/logopng.png\",\"width\":1019,\"height\":776,\"caption\":\"PrijedorDanas.com\"},\"image\":{\"@id\":\"https:\/\/www.prijedordanas.com\/#\/schema\/logo\/image\/\"},\"sameAs\":[\"https:\/\/www.facebook.com\/PrijedorDanasCom\/\"]},{\"@type\":\"Person\",\"@id\":\"https:\/\/www.prijedordanas.com\/#\/schema\/person\/4e08ccf29b506ca916ff86d46bb700e6\",\"name\":\"admin\",\"image\":{\"@type\":\"ImageObject\",\"inLanguage\":\"en-US\",\"@id\":\"https:\/\/www.prijedordanas.com\/#\/schema\/person\/image\/\",\"url\":\"https:\/\/secure.gravatar.com\/avatar\/1d3fc949d550f0b53a5f0d51e06dfd79?s=96&d=mm&r=g\",\"contentUrl\":\"https:\/\/secure.gravatar.com\/avatar\/1d3fc949d550f0b53a5f0d51e06dfd79?s=96&d=mm&r=g\",\"caption\":\"admin\"},\"url\":\"https:\/\/www.prijedordanas.com\/?author=1\"}]}<\/script>\n<!-- \/ Yoast SEO plugin. -->","yoast_head_json":{"title":"Prijedor: Obilje\u017eena godi\u0161njica smrti doktora Mladena Stojanovi\u0107a - FOTO\/VIDEO - PrijedorDanas.com - Prijedorski gradski portal","robots":{"index":"index","follow":"follow","max-snippet":"max-snippet:-1","max-image-preview":"max-image-preview:large","max-video-preview":"max-video-preview:-1"},"canonical":"https:\/\/www.prijedordanas.com\/?p=244497","og_locale":"en_US","og_type":"article","og_title":"Prijedor: Obilje\u017eena godi\u0161njica smrti doktora Mladena Stojanovi\u0107a - FOTO\/VIDEO - PrijedorDanas.com - Prijedorski gradski portal","og_description":"Polaganjem vijenaca brojnih delegacija kod spomen biste, obilje\u017eeno je 83 godine od smrti i 129 godina od ro\u0111enja legendarnog doktora Mladena Stojanovi\u0107a. Na istorijskom \u010dasu bili su i u\u010denici Osnovne [&hellip;]","og_url":"https:\/\/www.prijedordanas.com\/?p=244497","og_site_name":"PrijedorDanas.com - Prijedorski gradski portal","article_publisher":"https:\/\/www.facebook.com\/PrijedorDanasCom\/","article_published_time":"2025-04-01T17:20:35+00:00","og_image":[{"url":"https:\/\/www.prijedordanas.com\/wp-content\/uploads\/2025\/04\/kozarski-godisnjica-smrti-dr-mladena-2025-1-300x225.jpg"}],"author":"admin","twitter_card":"summary_large_image","twitter_misc":{"Written by":"admin","Est. reading time":"3 minutes"},"schema":{"@context":"https:\/\/schema.org","@graph":[{"@type":"Article","@id":"https:\/\/www.prijedordanas.com\/?p=244497#article","isPartOf":{"@id":"https:\/\/www.prijedordanas.com\/?p=244497"},"author":{"name":"admin","@id":"https:\/\/www.prijedordanas.com\/#\/schema\/person\/4e08ccf29b506ca916ff86d46bb700e6"},"headline":"Prijedor: Obilje\u017eena godi\u0161njica smrti doktora Mladena Stojanovi\u0107a &#8211; FOTO\/VIDEO","datePublished":"2025-04-01T17:20:35+00:00","dateModified":"2025-04-01T17:20:35+00:00","mainEntityOfPage":{"@id":"https:\/\/www.prijedordanas.com\/?p=244497"},"wordCount":530,"publisher":{"@id":"https:\/\/www.prijedordanas.com\/#organization"},"articleSection":["Svakodnevno"],"inLanguage":"en-US"},{"@type":"WebPage","@id":"https:\/\/www.prijedordanas.com\/?p=244497","url":"https:\/\/www.prijedordanas.com\/?p=244497","name":"Prijedor: Obilje\u017eena godi\u0161njica smrti doktora Mladena Stojanovi\u0107a - FOTO\/VIDEO - PrijedorDanas.com - Prijedorski gradski portal","isPartOf":{"@id":"https:\/\/www.prijedordanas.com\/#website"},"datePublished":"2025-04-01T17:20:35+00:00","dateModified":"2025-04-01T17:20:35+00:00","breadcrumb":{"@id":"https:\/\/www.prijedordanas.com\/?p=244497#breadcrumb"},"inLanguage":"en-US","potentialAction":[{"@type":"ReadAction","target":["https:\/\/www.prijedordanas.com\/?p=244497"]}]},{"@type":"BreadcrumbList","@id":"https:\/\/www.prijedordanas.com\/?p=244497#breadcrumb","itemListElement":[{"@type":"ListItem","position":1,"name":"Home","item":"https:\/\/www.prijedordanas.com\/"},{"@type":"ListItem","position":2,"name":"Prijedor: Obilje\u017eena godi\u0161njica smrti doktora Mladena Stojanovi\u0107a &#8211; FOTO\/VIDEO"}]},{"@type":"WebSite","@id":"https:\/\/www.prijedordanas.com\/#website","url":"https:\/\/www.prijedordanas.com\/","name":"PrijedorDanas.com - Prijedorski gradski portal","description":"Portal o doga\u0111anjima u gradu Prijedoru","publisher":{"@id":"https:\/\/www.prijedordanas.com\/#organization"},"potentialAction":[{"@type":"SearchAction","target":{"@type":"EntryPoint","urlTemplate":"https:\/\/www.prijedordanas.com\/?s={search_term_string}"},"query-input":"required name=search_term_string"}],"inLanguage":"en-US"},{"@type":"Organization","@id":"https:\/\/www.prijedordanas.com\/#organization","name":"PrijedorDanas.com","url":"https:\/\/www.prijedordanas.com\/","logo":{"@type":"ImageObject","inLanguage":"en-US","@id":"https:\/\/www.prijedordanas.com\/#\/schema\/logo\/image\/","url":"http:\/\/www.prijedordanas.com\/wp-content\/uploads\/2021\/12\/logopng.png","contentUrl":"http:\/\/www.prijedordanas.com\/wp-content\/uploads\/2021\/12\/logopng.png","width":1019,"height":776,"caption":"PrijedorDanas.com"},"image":{"@id":"https:\/\/www.prijedordanas.com\/#\/schema\/logo\/image\/"},"sameAs":["https:\/\/www.facebook.com\/PrijedorDanasCom\/"]},{"@type":"Person","@id":"https:\/\/www.prijedordanas.com\/#\/schema\/person\/4e08ccf29b506ca916ff86d46bb700e6","name":"admin","image":{"@type":"ImageObject","inLanguage":"en-US","@id":"https:\/\/www.prijedordanas.com\/#\/schema\/person\/image\/","url":"https:\/\/secure.gravatar.com\/avatar\/1d3fc949d550f0b53a5f0d51e06dfd79?s=96&d=mm&r=g","contentUrl":"https:\/\/secure.gravatar.com\/avatar\/1d3fc949d550f0b53a5f0d51e06dfd79?s=96&d=mm&r=g","caption":"admin"},"url":"https:\/\/www.prijedordanas.com\/?author=1"}]}},"_links":{"self":[{"href":"https:\/\/www.prijedordanas.com\/index.php?rest_route=\/wp\/v2\/posts\/244497"}],"collection":[{"href":"https:\/\/www.prijedordanas.com\/index.php?rest_route=\/wp\/v2\/posts"}],"about":[{"href":"https:\/\/www.prijedordanas.com\/index.php?rest_route=\/wp\/v2\/types\/post"}],"author":[{"embeddable":true,"href":"https:\/\/www.prijedordanas.com\/index.php?rest_route=\/wp\/v2\/users\/1"}],"replies":[{"embeddable":true,"href":"https:\/\/www.prijedordanas.com\/index.php?rest_route=%2Fwp%2Fv2%2Fcomments&post=244497"}],"version-history":[{"count":1,"href":"https:\/\/www.prijedordanas.com\/index.php?rest_route=\/wp\/v2\/posts\/244497\/revisions"}],"predecessor-version":[{"id":244503,"href":"https:\/\/www.prijedordanas.com\/index.php?rest_route=\/wp\/v2\/posts\/244497\/revisions\/244503"}],"wp:attachment":[{"href":"https:\/\/www.prijedordanas.com\/index.php?rest_route=%2Fwp%2Fv2%2Fmedia&parent=244497"}],"wp:term":[{"taxonomy":"category","embeddable":true,"href":"https:\/\/www.prijedordanas.com\/index.php?rest_route=%2Fwp%2Fv2%2Fcategories&post=244497"},{"taxonomy":"post_tag","embeddable":true,"href":"https:\/\/www.prijedordanas.com\/index.php?rest_route=%2Fwp%2Fv2%2Ftags&post=244497"}],"curies":[{"name":"wp","href":"https:\/\/api.w.org\/{rel}","templated":true}]}}