{"id":244402,"date":"2025-03-31T13:31:19","date_gmt":"2025-03-31T11:31:19","guid":{"rendered":"https:\/\/www.prijedordanas.com\/?p=244402"},"modified":"2025-03-31T13:31:19","modified_gmt":"2025-03-31T11:31:19","slug":"poljoprivredno-prehrambena-skola-prijedor-pocela-prodaju-rasada-povrca-foto-video","status":"publish","type":"post","link":"https:\/\/www.prijedordanas.com\/?p=244402","title":{"rendered":"Poljoprivredno-prehrambena \u0161kola Prijedor po\u010dela prodaju rasada povr\u0107a &#8211; FOTO\/VIDEO"},"content":{"rendered":"<p><a href=\"https:\/\/www.prijedordanas.com\/wp-content\/uploads\/2025\/03\/kozarski-poljoprivredno-prehrambena-skola-rasad-1.jpg\"><img loading=\"lazy\" decoding=\"async\" class=\"alignleft size-medium wp-image-244403\" src=\"https:\/\/www.prijedordanas.com\/wp-content\/uploads\/2025\/03\/kozarski-poljoprivredno-prehrambena-skola-rasad-1-300x225.jpg\" alt=\"\" width=\"300\" height=\"225\" srcset=\"https:\/\/www.prijedordanas.com\/wp-content\/uploads\/2025\/03\/kozarski-poljoprivredno-prehrambena-skola-rasad-1-300x225.jpg 300w, https:\/\/www.prijedordanas.com\/wp-content\/uploads\/2025\/03\/kozarski-poljoprivredno-prehrambena-skola-rasad-1-640x480.jpg 640w, https:\/\/www.prijedordanas.com\/wp-content\/uploads\/2025\/03\/kozarski-poljoprivredno-prehrambena-skola-rasad-1.jpg 667w\" sizes=\"(max-width: 300px) 100vw, 300px\" \/><\/a>Prije 20 godina Poljoprivredno-prehrambena \u0161kola je u okviru prakti\u010dne nastave pokrenula plasteni\u010dku proizvodnju povr\u0107a.<\/p>\n<p>Upornim radom ova obrazovna ustanova svojim u\u010denicima je omogu\u0107ila kvalitetnu praksu a proizvo\u0111a\u010dima povr\u0107a kvalitetan rasad.<\/p>\n<p>U \u0161koli isti\u010du da je u pitanju rasad ranog povr\u0107a i da je prodaja po\u010dela.<\/p>\n<p>\u201cTo su prije svega paprika, paradajz, krastavac, patli\u0111an, kupus, dinja, lubenica. Po\u010dinjemo prvo sa plasteni\u010dkom proizvodnjom, evo sad ovih dana ve\u0107 prodaja kre\u0107e, a kasnije tamo od polovine aprila ide prodaja za otvoreno. Ovo su visokorodni hibridi, vrlo ukusni, stoni, za doma\u0107instvo i njih karakteri\u0161e rodnost, otpornost na bolesti, otpornost na su\u0161u, izuzetno visok prinos i ranostaznost\u201d, ka\u017ee Jovanka Dra\u017ei\u0107, profesor prakti\u010dne nastave i stru\u010dnih predmeta.<\/p>\n<p><a href=\"https:\/\/www.prijedordanas.com\/wp-content\/uploads\/2025\/03\/kozarski-poljoprivredno-prehrambena-skola-rasad-2.jpg\"><img loading=\"lazy\" decoding=\"async\" class=\"alignleft size-medium wp-image-244404\" src=\"https:\/\/www.prijedordanas.com\/wp-content\/uploads\/2025\/03\/kozarski-poljoprivredno-prehrambena-skola-rasad-2-300x225.jpg\" alt=\"\" width=\"300\" height=\"225\" srcset=\"https:\/\/www.prijedordanas.com\/wp-content\/uploads\/2025\/03\/kozarski-poljoprivredno-prehrambena-skola-rasad-2-300x225.jpg 300w, https:\/\/www.prijedordanas.com\/wp-content\/uploads\/2025\/03\/kozarski-poljoprivredno-prehrambena-skola-rasad-2-640x480.jpg 640w, https:\/\/www.prijedordanas.com\/wp-content\/uploads\/2025\/03\/kozarski-poljoprivredno-prehrambena-skola-rasad-2.jpg 667w\" sizes=\"(max-width: 300px) 100vw, 300px\" \/><\/a>U\u010denici agrotehni\u010dkog smjera ka\u017eu da im je plasteni\u010dka proizvodnja u okviru \u0161kole najkvalitetniji vid prakti\u010dne nastave.<\/p>\n<p>Sara Brezi\u010danin iz Busnova je prvi razred i ka\u017ee da je prona\u0161la sebe u ovom zanimanju.<\/p>\n<p>\u201cOdlu\u010dila sam se za ovu \u0161kolu zato \u0161to se moji roditelji bave poljoprivredom. Ja im poma\u017eem, a kroz \u0161kolovanje \u0107u mnogo vi\u0161e nau\u010diti. Planiram na fakultet kako bih usavr\u0161ila znanje za ovaj posao\u201d, ka\u017ee Sara.<\/p>\n<p>I Danijel Kesi\u0107 je iz porodice koja se bavi plastei\u010dkom proizvodnjom povr\u0107a. Isti\u010de da voli taj posao i da u svemu poma\u017ee roditeljima.<\/p>\n<p><a href=\"https:\/\/www.prijedordanas.com\/wp-content\/uploads\/2025\/03\/kozarski-poljoprivredno-prehrambena-skola-rasad-4.jpg\"><img loading=\"lazy\" decoding=\"async\" class=\"alignleft size-medium wp-image-244405\" src=\"https:\/\/www.prijedordanas.com\/wp-content\/uploads\/2025\/03\/kozarski-poljoprivredno-prehrambena-skola-rasad-4-300x169.jpg\" alt=\"\" width=\"300\" height=\"169\" srcset=\"https:\/\/www.prijedordanas.com\/wp-content\/uploads\/2025\/03\/kozarski-poljoprivredno-prehrambena-skola-rasad-4-300x169.jpg 300w, https:\/\/www.prijedordanas.com\/wp-content\/uploads\/2025\/03\/kozarski-poljoprivredno-prehrambena-skola-rasad-4.jpg 600w\" sizes=\"(max-width: 300px) 100vw, 300px\" \/><\/a>U maju \u0107e zavr\u0161iti \u010detvorogodi\u0161nje srednjo\u0161kolsko obrazovanje i sa diplomom agrotehni\u010dara, kako ka\u017ee, krenuti na dalje usavr\u0161avanje.<\/p>\n<p>\u201cDosta toga sam nau\u010dio u \u0161koli. Imamo odli\u010dnu praksu, odli\u010dne profesore, dosta \u0107e mi pomo\u0107i u daljem radu i u daljem \u0161kolovanju. Planiram da se dalje \u0161kolujem i da nastavim da se bavim poljoprivredom kod ku\u0107e\u201d, kategori\u010dan je Danijel.<\/p>\n<p>S obzirom da Poljoprivredno-prehrambena \u0161kola prakti\u010dnu nastavu u plastenicima organizuje za sve razrede agroproizvo\u0111a\u010da i agrotehni\u010dara, ukoliko su dovoljno zainteresovani u\u010denici mogu mnogo toga nau\u010diti i kasnije primjenjivati ako odlu\u010de da im plasteni\u010dka proizvodnja bude biznis i egzistencija.<\/p>\n<p><a href=\"https:\/\/www.prijedordanas.com\/wp-content\/uploads\/2025\/03\/kozarski-poljoprivredno-prehrambena-skola-rasad-3.jpg\"><img loading=\"lazy\" decoding=\"async\" src=\"https:\/\/www.prijedordanas.com\/wp-content\/uploads\/2025\/03\/kozarski-poljoprivredno-prehrambena-skola-rasad-3-300x225.jpg\" alt=\"\" width=\"300\" height=\"225\" class=\"alignleft size-medium wp-image-244406\" srcset=\"https:\/\/www.prijedordanas.com\/wp-content\/uploads\/2025\/03\/kozarski-poljoprivredno-prehrambena-skola-rasad-3-300x225.jpg 300w, https:\/\/www.prijedordanas.com\/wp-content\/uploads\/2025\/03\/kozarski-poljoprivredno-prehrambena-skola-rasad-3-640x480.jpg 640w, https:\/\/www.prijedordanas.com\/wp-content\/uploads\/2025\/03\/kozarski-poljoprivredno-prehrambena-skola-rasad-3.jpg 667w\" sizes=\"(max-width: 300px) 100vw, 300px\" \/><\/a>\u201cNama je osnovni cilj ovdje obuka na\u0161ih u\u010denika za proizvodnju rasada, jer je proizvodnja rasada da ka\u017eemo biznis. I mnogi od njih kad zavr\u0161e \u0161kolu, samostalno nastavljaju ili neki ve\u0107 rade proizvodnju rasada. Ovdje su u\u010denici od prvog do \u010detvrtog razreda, \u010detvorogodi\u0161nji agrotehni\u010dar i trogodi\u0161nji agroproizvo\u0111a\u010d. To je negdje oko 100 u\u010denika na praksi svih pet dana. I sve \u0161to vidite ovdje oni su uradili, od pripreme plastenika, sjetve povr\u0107a, pikiranja, mjera njege, pa sad po\u010dinjemo i s prodajom. sve radi na\u0161i \u0111aci\u201d, isti\u010de Dra\u017ei\u0107eva.<\/p>\n<p>U Poljoprivredno-prehrambenoj \u0161koli ka\u017eu da \u0107e cijene rasada ostati nepromijenjene, nagla\u0161avaju\u0107i da cilj nije velika zarada ve\u0107 kvalitetna obuka u\u010denika i omogu\u0107avanje proizvo\u0111a\u010dima da povljno kupe kvalitetan rasad povr\u0107a.<\/p>\n<p>U \u0161koli isti\u010du da se najve\u0107i dio zarade od prodaje rasada vra\u0107a u proizvodni lanac i obuku u\u010denika, a jedan dio se usmjerava za izlete, elkskurzije i pomo\u0107 u\u010denicima slabijeg materijalnog stanja.<\/p>\n<p><strong><a href=\"https:\/\/kozarski.com\/poljoprivredno-prehrambena-skola-pocela-prodaju-rasada-povrca\/\" target=\"_blank\" rel=\"noopener\">kozarski.com<\/a><\/strong><\/p>\n<p><iframe loading=\"lazy\" title=\"POLJOPRIVREDNO PREHRAMBENA \u0160KOLA PO\u010cELA PRODAJU RASADA POVR\u0106A\" width=\"500\" height=\"281\" src=\"https:\/\/www.youtube.com\/embed\/fJFSMkAKtL4?feature=oembed\" frameborder=\"0\" allow=\"accelerometer; autoplay; clipboard-write; encrypted-media; gyroscope; picture-in-picture; web-share\" referrerpolicy=\"strict-origin-when-cross-origin\" allowfullscreen><\/iframe><\/p>\n","protected":false},"excerpt":{"rendered":"<p>Prije 20 godina Poljoprivredno-prehrambena \u0161kola je u okviru prakti\u010dne nastave pokrenula plasteni\u010dku proizvodnju povr\u0107a. Upornim radom ova obrazovna ustanova svojim u\u010denicima je omogu\u0107ila kvalitetnu praksu a proizvo\u0111a\u010dima povr\u0107a kvalitetan rasad. [&hellip;]<\/p>\n","protected":false},"author":1,"featured_media":0,"comment_status":"closed","ping_status":"open","sticky":false,"template":"","format":"standard","meta":{"_monsterinsights_skip_tracking":false,"_monsterinsights_sitenote_active":false,"_monsterinsights_sitenote_note":"","_monsterinsights_sitenote_category":0,"footnotes":""},"categories":[8],"tags":[],"yoast_head":"<!-- This site is optimized with the Yoast SEO plugin v21.6 - https:\/\/yoast.com\/wordpress\/plugins\/seo\/ -->\n<title>Poljoprivredno-prehrambena \u0161kola Prijedor po\u010dela prodaju rasada povr\u0107a - FOTO\/VIDEO - PrijedorDanas.com - Prijedorski gradski portal<\/title>\n<meta name=\"robots\" content=\"index, follow, max-snippet:-1, max-image-preview:large, max-video-preview:-1\" \/>\n<link rel=\"canonical\" href=\"https:\/\/www.prijedordanas.com\/?p=244402\" \/>\n<meta property=\"og:locale\" content=\"en_US\" \/>\n<meta property=\"og:type\" content=\"article\" \/>\n<meta property=\"og:title\" content=\"Poljoprivredno-prehrambena \u0161kola Prijedor po\u010dela prodaju rasada povr\u0107a - FOTO\/VIDEO - PrijedorDanas.com - Prijedorski gradski portal\" \/>\n<meta property=\"og:description\" content=\"Prije 20 godina Poljoprivredno-prehrambena \u0161kola je u okviru prakti\u010dne nastave pokrenula plasteni\u010dku proizvodnju povr\u0107a. Upornim radom ova obrazovna ustanova svojim u\u010denicima je omogu\u0107ila kvalitetnu praksu a proizvo\u0111a\u010dima povr\u0107a kvalitetan rasad. [&hellip;]\" \/>\n<meta property=\"og:url\" content=\"https:\/\/www.prijedordanas.com\/?p=244402\" \/>\n<meta property=\"og:site_name\" content=\"PrijedorDanas.com - Prijedorski gradski portal\" \/>\n<meta property=\"article:publisher\" content=\"https:\/\/www.facebook.com\/PrijedorDanasCom\/\" \/>\n<meta property=\"article:published_time\" content=\"2025-03-31T11:31:19+00:00\" \/>\n<meta property=\"og:image\" content=\"https:\/\/www.prijedordanas.com\/wp-content\/uploads\/2025\/03\/kozarski-poljoprivredno-prehrambena-skola-rasad-1-300x225.jpg\" \/>\n<meta name=\"author\" content=\"admin\" \/>\n<meta name=\"twitter:card\" content=\"summary_large_image\" \/>\n<meta name=\"twitter:label1\" content=\"Written by\" \/>\n\t<meta name=\"twitter:data1\" content=\"admin\" \/>\n\t<meta name=\"twitter:label2\" content=\"Est. reading time\" \/>\n\t<meta name=\"twitter:data2\" content=\"3 minutes\" \/>\n<script type=\"application\/ld+json\" class=\"yoast-schema-graph\">{\"@context\":\"https:\/\/schema.org\",\"@graph\":[{\"@type\":\"Article\",\"@id\":\"https:\/\/www.prijedordanas.com\/?p=244402#article\",\"isPartOf\":{\"@id\":\"https:\/\/www.prijedordanas.com\/?p=244402\"},\"author\":{\"name\":\"admin\",\"@id\":\"https:\/\/www.prijedordanas.com\/#\/schema\/person\/4e08ccf29b506ca916ff86d46bb700e6\"},\"headline\":\"Poljoprivredno-prehrambena \u0161kola Prijedor po\u010dela prodaju rasada povr\u0107a &#8211; FOTO\/VIDEO\",\"datePublished\":\"2025-03-31T11:31:19+00:00\",\"dateModified\":\"2025-03-31T11:31:19+00:00\",\"mainEntityOfPage\":{\"@id\":\"https:\/\/www.prijedordanas.com\/?p=244402\"},\"wordCount\":549,\"publisher\":{\"@id\":\"https:\/\/www.prijedordanas.com\/#organization\"},\"articleSection\":[\"Svakodnevno\"],\"inLanguage\":\"en-US\"},{\"@type\":\"WebPage\",\"@id\":\"https:\/\/www.prijedordanas.com\/?p=244402\",\"url\":\"https:\/\/www.prijedordanas.com\/?p=244402\",\"name\":\"Poljoprivredno-prehrambena \u0161kola Prijedor po\u010dela prodaju rasada povr\u0107a - FOTO\/VIDEO - PrijedorDanas.com - Prijedorski gradski portal\",\"isPartOf\":{\"@id\":\"https:\/\/www.prijedordanas.com\/#website\"},\"datePublished\":\"2025-03-31T11:31:19+00:00\",\"dateModified\":\"2025-03-31T11:31:19+00:00\",\"breadcrumb\":{\"@id\":\"https:\/\/www.prijedordanas.com\/?p=244402#breadcrumb\"},\"inLanguage\":\"en-US\",\"potentialAction\":[{\"@type\":\"ReadAction\",\"target\":[\"https:\/\/www.prijedordanas.com\/?p=244402\"]}]},{\"@type\":\"BreadcrumbList\",\"@id\":\"https:\/\/www.prijedordanas.com\/?p=244402#breadcrumb\",\"itemListElement\":[{\"@type\":\"ListItem\",\"position\":1,\"name\":\"Home\",\"item\":\"https:\/\/www.prijedordanas.com\/\"},{\"@type\":\"ListItem\",\"position\":2,\"name\":\"Poljoprivredno-prehrambena \u0161kola Prijedor po\u010dela prodaju rasada povr\u0107a &#8211; FOTO\/VIDEO\"}]},{\"@type\":\"WebSite\",\"@id\":\"https:\/\/www.prijedordanas.com\/#website\",\"url\":\"https:\/\/www.prijedordanas.com\/\",\"name\":\"PrijedorDanas.com - Prijedorski gradski portal\",\"description\":\"Portal o doga\u0111anjima u gradu Prijedoru\",\"publisher\":{\"@id\":\"https:\/\/www.prijedordanas.com\/#organization\"},\"potentialAction\":[{\"@type\":\"SearchAction\",\"target\":{\"@type\":\"EntryPoint\",\"urlTemplate\":\"https:\/\/www.prijedordanas.com\/?s={search_term_string}\"},\"query-input\":\"required name=search_term_string\"}],\"inLanguage\":\"en-US\"},{\"@type\":\"Organization\",\"@id\":\"https:\/\/www.prijedordanas.com\/#organization\",\"name\":\"PrijedorDanas.com\",\"url\":\"https:\/\/www.prijedordanas.com\/\",\"logo\":{\"@type\":\"ImageObject\",\"inLanguage\":\"en-US\",\"@id\":\"https:\/\/www.prijedordanas.com\/#\/schema\/logo\/image\/\",\"url\":\"http:\/\/www.prijedordanas.com\/wp-content\/uploads\/2021\/12\/logopng.png\",\"contentUrl\":\"http:\/\/www.prijedordanas.com\/wp-content\/uploads\/2021\/12\/logopng.png\",\"width\":1019,\"height\":776,\"caption\":\"PrijedorDanas.com\"},\"image\":{\"@id\":\"https:\/\/www.prijedordanas.com\/#\/schema\/logo\/image\/\"},\"sameAs\":[\"https:\/\/www.facebook.com\/PrijedorDanasCom\/\"]},{\"@type\":\"Person\",\"@id\":\"https:\/\/www.prijedordanas.com\/#\/schema\/person\/4e08ccf29b506ca916ff86d46bb700e6\",\"name\":\"admin\",\"image\":{\"@type\":\"ImageObject\",\"inLanguage\":\"en-US\",\"@id\":\"https:\/\/www.prijedordanas.com\/#\/schema\/person\/image\/\",\"url\":\"https:\/\/secure.gravatar.com\/avatar\/1d3fc949d550f0b53a5f0d51e06dfd79?s=96&d=mm&r=g\",\"contentUrl\":\"https:\/\/secure.gravatar.com\/avatar\/1d3fc949d550f0b53a5f0d51e06dfd79?s=96&d=mm&r=g\",\"caption\":\"admin\"},\"url\":\"https:\/\/www.prijedordanas.com\/?author=1\"}]}<\/script>\n<!-- \/ Yoast SEO plugin. -->","yoast_head_json":{"title":"Poljoprivredno-prehrambena \u0161kola Prijedor po\u010dela prodaju rasada povr\u0107a - FOTO\/VIDEO - PrijedorDanas.com - Prijedorski gradski portal","robots":{"index":"index","follow":"follow","max-snippet":"max-snippet:-1","max-image-preview":"max-image-preview:large","max-video-preview":"max-video-preview:-1"},"canonical":"https:\/\/www.prijedordanas.com\/?p=244402","og_locale":"en_US","og_type":"article","og_title":"Poljoprivredno-prehrambena \u0161kola Prijedor po\u010dela prodaju rasada povr\u0107a - FOTO\/VIDEO - PrijedorDanas.com - Prijedorski gradski portal","og_description":"Prije 20 godina Poljoprivredno-prehrambena \u0161kola je u okviru prakti\u010dne nastave pokrenula plasteni\u010dku proizvodnju povr\u0107a. Upornim radom ova obrazovna ustanova svojim u\u010denicima je omogu\u0107ila kvalitetnu praksu a proizvo\u0111a\u010dima povr\u0107a kvalitetan rasad. [&hellip;]","og_url":"https:\/\/www.prijedordanas.com\/?p=244402","og_site_name":"PrijedorDanas.com - Prijedorski gradski portal","article_publisher":"https:\/\/www.facebook.com\/PrijedorDanasCom\/","article_published_time":"2025-03-31T11:31:19+00:00","og_image":[{"url":"https:\/\/www.prijedordanas.com\/wp-content\/uploads\/2025\/03\/kozarski-poljoprivredno-prehrambena-skola-rasad-1-300x225.jpg"}],"author":"admin","twitter_card":"summary_large_image","twitter_misc":{"Written by":"admin","Est. reading time":"3 minutes"},"schema":{"@context":"https:\/\/schema.org","@graph":[{"@type":"Article","@id":"https:\/\/www.prijedordanas.com\/?p=244402#article","isPartOf":{"@id":"https:\/\/www.prijedordanas.com\/?p=244402"},"author":{"name":"admin","@id":"https:\/\/www.prijedordanas.com\/#\/schema\/person\/4e08ccf29b506ca916ff86d46bb700e6"},"headline":"Poljoprivredno-prehrambena \u0161kola Prijedor po\u010dela prodaju rasada povr\u0107a &#8211; FOTO\/VIDEO","datePublished":"2025-03-31T11:31:19+00:00","dateModified":"2025-03-31T11:31:19+00:00","mainEntityOfPage":{"@id":"https:\/\/www.prijedordanas.com\/?p=244402"},"wordCount":549,"publisher":{"@id":"https:\/\/www.prijedordanas.com\/#organization"},"articleSection":["Svakodnevno"],"inLanguage":"en-US"},{"@type":"WebPage","@id":"https:\/\/www.prijedordanas.com\/?p=244402","url":"https:\/\/www.prijedordanas.com\/?p=244402","name":"Poljoprivredno-prehrambena \u0161kola Prijedor po\u010dela prodaju rasada povr\u0107a - FOTO\/VIDEO - PrijedorDanas.com - Prijedorski gradski portal","isPartOf":{"@id":"https:\/\/www.prijedordanas.com\/#website"},"datePublished":"2025-03-31T11:31:19+00:00","dateModified":"2025-03-31T11:31:19+00:00","breadcrumb":{"@id":"https:\/\/www.prijedordanas.com\/?p=244402#breadcrumb"},"inLanguage":"en-US","potentialAction":[{"@type":"ReadAction","target":["https:\/\/www.prijedordanas.com\/?p=244402"]}]},{"@type":"BreadcrumbList","@id":"https:\/\/www.prijedordanas.com\/?p=244402#breadcrumb","itemListElement":[{"@type":"ListItem","position":1,"name":"Home","item":"https:\/\/www.prijedordanas.com\/"},{"@type":"ListItem","position":2,"name":"Poljoprivredno-prehrambena \u0161kola Prijedor po\u010dela prodaju rasada povr\u0107a &#8211; FOTO\/VIDEO"}]},{"@type":"WebSite","@id":"https:\/\/www.prijedordanas.com\/#website","url":"https:\/\/www.prijedordanas.com\/","name":"PrijedorDanas.com - Prijedorski gradski portal","description":"Portal o doga\u0111anjima u gradu Prijedoru","publisher":{"@id":"https:\/\/www.prijedordanas.com\/#organization"},"potentialAction":[{"@type":"SearchAction","target":{"@type":"EntryPoint","urlTemplate":"https:\/\/www.prijedordanas.com\/?s={search_term_string}"},"query-input":"required name=search_term_string"}],"inLanguage":"en-US"},{"@type":"Organization","@id":"https:\/\/www.prijedordanas.com\/#organization","name":"PrijedorDanas.com","url":"https:\/\/www.prijedordanas.com\/","logo":{"@type":"ImageObject","inLanguage":"en-US","@id":"https:\/\/www.prijedordanas.com\/#\/schema\/logo\/image\/","url":"http:\/\/www.prijedordanas.com\/wp-content\/uploads\/2021\/12\/logopng.png","contentUrl":"http:\/\/www.prijedordanas.com\/wp-content\/uploads\/2021\/12\/logopng.png","width":1019,"height":776,"caption":"PrijedorDanas.com"},"image":{"@id":"https:\/\/www.prijedordanas.com\/#\/schema\/logo\/image\/"},"sameAs":["https:\/\/www.facebook.com\/PrijedorDanasCom\/"]},{"@type":"Person","@id":"https:\/\/www.prijedordanas.com\/#\/schema\/person\/4e08ccf29b506ca916ff86d46bb700e6","name":"admin","image":{"@type":"ImageObject","inLanguage":"en-US","@id":"https:\/\/www.prijedordanas.com\/#\/schema\/person\/image\/","url":"https:\/\/secure.gravatar.com\/avatar\/1d3fc949d550f0b53a5f0d51e06dfd79?s=96&d=mm&r=g","contentUrl":"https:\/\/secure.gravatar.com\/avatar\/1d3fc949d550f0b53a5f0d51e06dfd79?s=96&d=mm&r=g","caption":"admin"},"url":"https:\/\/www.prijedordanas.com\/?author=1"}]}},"_links":{"self":[{"href":"https:\/\/www.prijedordanas.com\/index.php?rest_route=\/wp\/v2\/posts\/244402"}],"collection":[{"href":"https:\/\/www.prijedordanas.com\/index.php?rest_route=\/wp\/v2\/posts"}],"about":[{"href":"https:\/\/www.prijedordanas.com\/index.php?rest_route=\/wp\/v2\/types\/post"}],"author":[{"embeddable":true,"href":"https:\/\/www.prijedordanas.com\/index.php?rest_route=\/wp\/v2\/users\/1"}],"replies":[{"embeddable":true,"href":"https:\/\/www.prijedordanas.com\/index.php?rest_route=%2Fwp%2Fv2%2Fcomments&post=244402"}],"version-history":[{"count":1,"href":"https:\/\/www.prijedordanas.com\/index.php?rest_route=\/wp\/v2\/posts\/244402\/revisions"}],"predecessor-version":[{"id":244407,"href":"https:\/\/www.prijedordanas.com\/index.php?rest_route=\/wp\/v2\/posts\/244402\/revisions\/244407"}],"wp:attachment":[{"href":"https:\/\/www.prijedordanas.com\/index.php?rest_route=%2Fwp%2Fv2%2Fmedia&parent=244402"}],"wp:term":[{"taxonomy":"category","embeddable":true,"href":"https:\/\/www.prijedordanas.com\/index.php?rest_route=%2Fwp%2Fv2%2Fcategories&post=244402"},{"taxonomy":"post_tag","embeddable":true,"href":"https:\/\/www.prijedordanas.com\/index.php?rest_route=%2Fwp%2Fv2%2Ftags&post=244402"}],"curies":[{"name":"wp","href":"https:\/\/api.w.org\/{rel}","templated":true}]}}