{"id":243528,"date":"2025-03-20T09:51:01","date_gmt":"2025-03-20T08:51:01","guid":{"rendered":"https:\/\/www.prijedordanas.com\/?p=243528"},"modified":"2025-03-20T09:51:01","modified_gmt":"2025-03-20T08:51:01","slug":"osnovni-sud-centar-za-socijalni-rad-prijedor-visestruko-prekrsio-prava-radnice","status":"publish","type":"post","link":"https:\/\/www.prijedordanas.com\/?p=243528","title":{"rendered":"Osnovni sud: Centar za socijalni rad Prijedor vi\u0161estruko prekr\u0161io prava radnice"},"content":{"rendered":"<p><a href=\"https:\/\/www.prijedordanas.com\/wp-content\/uploads\/2025\/03\/osnovni-sud-pd-mart2025-4.jpg\"><img loading=\"lazy\" decoding=\"async\" src=\"https:\/\/www.prijedordanas.com\/wp-content\/uploads\/2025\/03\/osnovni-sud-pd-mart2025-4-300x225.jpg\" alt=\"\" width=\"300\" height=\"225\" class=\"alignleft size-medium wp-image-243530\" srcset=\"https:\/\/www.prijedordanas.com\/wp-content\/uploads\/2025\/03\/osnovni-sud-pd-mart2025-4-300x225.jpg 300w, https:\/\/www.prijedordanas.com\/wp-content\/uploads\/2025\/03\/osnovni-sud-pd-mart2025-4-640x480.jpg 640w, https:\/\/www.prijedordanas.com\/wp-content\/uploads\/2025\/03\/osnovni-sud-pd-mart2025-4.jpg 667w\" sizes=\"(max-width: 300px) 100vw, 300px\" \/><\/a>Osnovni sud u Prijedoru u radnom sporu izme\u0111u biv\u0161e radnice Centra za socijalni rad Prijedor i poslodavca ustanovio je niz nezakonitosti i vi\u0161estruko kr\u0161enje triju zakona \u2013 o radu, o za\u0161titi od uznemiravanja na radu i o zabrani diskriminacije, navedeno je u prvostepenoj presudi. Sud je utvrdio je da je radnica B.P. trpila kontinuirano uznemiravanje na radu od strane direktora Centra za socijalni rad Prijedor, \u010dime su joj povrije\u0111ena prava iz radnog odnosa, te je sud zabranio ustanovi da sa radnjama uznemiravanja nastavi i da ih ponovi. <\/p>\n<p>\u201eUtvr\u0111uje se da je Centar za socijalni rad Prijedor izvr\u0161io neposrednu i ponovljenu diskriminaciju \u010dime je povrijedio pravo B.P. na jednako postupanje, a \u0161to je dovelo do onemoguc\u0301avanja i ostvarivanja radnopravnog statusa tu\u017eiteljice na ravnopravnoj osnovi, te se zabranjuje tu\u017eenom da diskriminatorno pona\u0161anje nastavi\u201c, stoji u presudi. <\/p>\n<p>Sud je poni\u0161tio rje\u0161enje o otkazu ugovora o radu radnici B.P. kao nezakonito i obavezao Centar za socijalni rad da je vrati na radno mjesto rukovodilac slu\u017ebe op\u0161tih poslova, te da joj omoguc\u0301i pristup radnom mjestu i aktivno u\u010de\u0161c\u0301e u radnim procesima. <\/p>\n<p>Dalje, Centar je u obavezi da radnici na ime materijalne \u0161tete zbog u\u010dinjene diskriminacije i nezakonitog otkaza ugovora o radu isplati 29.703,36 KM za sve obra\u010dunate a neisplac\u0301ene neto plate za period 1. januara 2022. godine do 30. novembra 2023. godine i 2.971,04 KM zatezne kamate, kao i sve nedospjele plate do vrac\u0301anja radnice na rad sa zakonskom zateznom kamatom po\u010dev od dospjelosti svake pojedina\u010dne obaveze pa do kona\u010dne isplate. <\/p>\n<p>Centar je du\u017ean radnici isplatiti 1.550 KM regresa za 2022 i 2023. godinu i 157,08 KM zatezne kamate, kao i sve dospjele regrese do vrac\u0301anja ranice na rad sa zakonskom zateznom kamatom po\u010dev od dospjelosti svake pojedina\u010dne obaveze pa do kona\u010dne isplate. Sud je obavezao Centar da radnici isplati 7.920 KM na ime naknade nematerijalne \u0161tete koju je trpila zbog zbog diskriminatornog pona\u0161anja odnosno radnji uznemiravanja na radu, sa zakonskom zateznom kamatom po\u010dev od 4. aprila 2022. godine kao dana podno\u0161enja tu\u017ebe pa do isplate. <\/p>\n<p>Tako\u0111e joj je Centar du\u017ean nadoknaditi 7.850 KM tro\u0161kova sudskog postupka. <\/p>\n<p>Radnica B.P. zaposlena je u Centar za socijalni rad Prijedor 2015. godine, od 1. juna 2018. raspore\u0111ena je na radno mjesto rukovodilac slu\u017ebe op\u0161tih poslova, a po povratku sa porodiljskog odsustva 11. oktobra 2021. godine re\u010deno joj je da ne mo\u017ee pristupiti na svoje radno mjesto iz razloga \u0161to novi direktor \u017eeli da na tom mjestu bude radnica koja ju je mijenjala za vrijeme porodiljskog odsustva. <\/p>\n<p>\u201ePo povratku sa porodiljskog odsustva, tu\u017eiteljica je do\u017eivjela vi\u0161e neprimjerenih, neo\u010dekivanih i neugodnih situacija od strane direktora koje je sud ocijenio kao uznemiravanje na radu. Konkretno, tu\u017eiteljici je verbalno saop\u0161teno da ne mo\u017ee zadr\u017eati svoje radno mesto zbog `nepovjerenja` direktora, posredno joj je odbijen pristup radnim prostorijama i opremi, onemoguc\u0301eno preuzimanje radnih zadataka, ponu\u0111en aneks ugovora sa ni\u017eim radnim mestom i platom, uz prijetnju otkazom ukoliko ga ne potpi\u0161e\u201c, dodaje se u presudi. <\/p>\n<p>Navodi se da je sve to negativno uticalo na mentalno zdravlje radnice i da je sudsko vje\u0161ta\u010denje pokazalo da je nesporno da je radnica u kriti\u010dnom periodu do\u017eivjela psihi\u010dku traumu i stres izazvan spolja odnosno od strane neposrednog rukovodioca na radnom mjestu. <\/p>\n<p>\u201eSud je zaklju\u010dio da je direktor favorizovao drugu radnicu na \u0161tetu tu\u017eiteljice. \/&#8230;\/ Direktor je u\u010dinio diskriminaciju prema tu\u017eiteljici stavljajuc\u0301i je nezakonito u nepovoljniji radni polo\u017eaj u odnosu na radnicu koja je mijenjala tu\u017eiteljicu za vrijeme trajanja porodiljskog odsustva, na koji na\u010din je povrije\u0111en \u010dlan 116. Zakona o radu\u201c, isti\u010de se u presudi. <\/p>\n<p>Protiv radnice B.P. Centar nije vodio zakonom predvi\u0111eni disciplinski postupak niti postoje promjene u procesu rada niti bilo koji drugi objektivni razlog zbog \u010dega je tu\u017eiteljici ponu\u0111en aneks ugovora. <\/p>\n<p>\u201eSama ponuda za aneks ugovora o radu ne smije biti diskriminatorna niti rezultat mobinga. Poslodavac ima moguc\u0301nost da aneks nudi isklju\u010divo iz objektivnih razloga kako bi ispo\u0161tovao procese rada i efektivnost u radu, a ne na li\u010dnom osnovu i favorizovanju radnika, jer ukoliko bi se aneksi nudili po osnovu &#8216;ne poznajem te&#8217; ili &#8216;dopada\u0161 mi se&#8217; onda bi se kompletno poglavlje zabrane diskriminacije iz Zakona o radu moglo izbrisati\u201c, stav je suda. <\/p>\n<p>Radnici je potom uru\u010den otkaz o radu, a dva mjeseca nakon pokretanja ovog radnog spora, Centar je protiv nje podnio krivi\u010dnu prijavu. <\/p>\n<p>\u201eAneks ne mo\u017ee slu\u017eiti kao zamjena za disciplinski postupak, kao \u0161to je poku\u0161ano u ovom slu\u010daju. Ponu\u0111eni aneks, a potom doneseno rje\u0161enje o otkazu ugovora o radu, \u010dak ni na prvu ne \u010dine neutralnu odluku, vec\u0301 otvoreno diskriminatorsko pona\u0161anje, zbog \u010dega je sud morao primijeniti obrnuti teret dokazivanja od onog kako to propisuje \u010dlan 25. stav 2 Zakona o radu\u201c, zaklju\u010duje se u presudi. <\/p>\n<p>U toku je \u017ealbeni postupak. <\/p>\n<p>Tekst i foto ilustracija &#8211; Katarina Pani\u0107 \u2013 <a href=\"https:\/\/www.prijedordanas.com\" target=\"_blank\" rel=\"noopener noreferrer\">www.prijedordanas.com<\/a><\/p>\n","protected":false},"excerpt":{"rendered":"<p>Osnovni sud u Prijedoru u radnom sporu izme\u0111u biv\u0161e radnice Centra za socijalni rad Prijedor i poslodavca ustanovio je niz nezakonitosti i vi\u0161estruko kr\u0161enje triju zakona \u2013 o radu, o [&hellip;]<\/p>\n","protected":false},"author":1,"featured_media":0,"comment_status":"closed","ping_status":"open","sticky":false,"template":"","format":"standard","meta":{"_monsterinsights_skip_tracking":false,"_monsterinsights_sitenote_active":false,"_monsterinsights_sitenote_note":"","_monsterinsights_sitenote_category":0,"footnotes":""},"categories":[5],"tags":[],"yoast_head":"<!-- This site is optimized with the Yoast SEO plugin v21.6 - https:\/\/yoast.com\/wordpress\/plugins\/seo\/ -->\n<title>Osnovni sud: Centar za socijalni rad Prijedor vi\u0161estruko prekr\u0161io prava radnice - PrijedorDanas.com - Prijedorski gradski portal<\/title>\n<meta name=\"robots\" content=\"index, follow, max-snippet:-1, max-image-preview:large, max-video-preview:-1\" \/>\n<link rel=\"canonical\" href=\"https:\/\/www.prijedordanas.com\/?p=243528\" \/>\n<meta property=\"og:locale\" content=\"en_US\" \/>\n<meta property=\"og:type\" content=\"article\" \/>\n<meta property=\"og:title\" content=\"Osnovni sud: Centar za socijalni rad Prijedor vi\u0161estruko prekr\u0161io prava radnice - PrijedorDanas.com - Prijedorski gradski portal\" \/>\n<meta property=\"og:description\" content=\"Osnovni sud u Prijedoru u radnom sporu izme\u0111u biv\u0161e radnice Centra za socijalni rad Prijedor i poslodavca ustanovio je niz nezakonitosti i vi\u0161estruko kr\u0161enje triju zakona \u2013 o radu, o [&hellip;]\" \/>\n<meta property=\"og:url\" content=\"https:\/\/www.prijedordanas.com\/?p=243528\" \/>\n<meta property=\"og:site_name\" content=\"PrijedorDanas.com - Prijedorski gradski portal\" \/>\n<meta property=\"article:publisher\" content=\"https:\/\/www.facebook.com\/PrijedorDanasCom\/\" \/>\n<meta property=\"article:published_time\" content=\"2025-03-20T08:51:01+00:00\" \/>\n<meta property=\"og:image\" content=\"https:\/\/www.prijedordanas.com\/wp-content\/uploads\/2025\/03\/osnovni-sud-pd-mart2025-4-300x225.jpg\" \/>\n<meta name=\"author\" content=\"admin\" \/>\n<meta name=\"twitter:card\" content=\"summary_large_image\" \/>\n<meta name=\"twitter:label1\" content=\"Written by\" \/>\n\t<meta name=\"twitter:data1\" content=\"admin\" \/>\n\t<meta name=\"twitter:label2\" content=\"Est. reading time\" \/>\n\t<meta name=\"twitter:data2\" content=\"4 minutes\" \/>\n<script type=\"application\/ld+json\" class=\"yoast-schema-graph\">{\"@context\":\"https:\/\/schema.org\",\"@graph\":[{\"@type\":\"Article\",\"@id\":\"https:\/\/www.prijedordanas.com\/?p=243528#article\",\"isPartOf\":{\"@id\":\"https:\/\/www.prijedordanas.com\/?p=243528\"},\"author\":{\"name\":\"admin\",\"@id\":\"https:\/\/www.prijedordanas.com\/#\/schema\/person\/4e08ccf29b506ca916ff86d46bb700e6\"},\"headline\":\"Osnovni sud: Centar za socijalni rad Prijedor vi\u0161estruko prekr\u0161io prava radnice\",\"datePublished\":\"2025-03-20T08:51:01+00:00\",\"dateModified\":\"2025-03-20T08:51:01+00:00\",\"mainEntityOfPage\":{\"@id\":\"https:\/\/www.prijedordanas.com\/?p=243528\"},\"wordCount\":860,\"publisher\":{\"@id\":\"https:\/\/www.prijedordanas.com\/#organization\"},\"articleSection\":[\"Hronika\"],\"inLanguage\":\"en-US\"},{\"@type\":\"WebPage\",\"@id\":\"https:\/\/www.prijedordanas.com\/?p=243528\",\"url\":\"https:\/\/www.prijedordanas.com\/?p=243528\",\"name\":\"Osnovni sud: Centar za socijalni rad Prijedor vi\u0161estruko prekr\u0161io prava radnice - PrijedorDanas.com - Prijedorski gradski portal\",\"isPartOf\":{\"@id\":\"https:\/\/www.prijedordanas.com\/#website\"},\"datePublished\":\"2025-03-20T08:51:01+00:00\",\"dateModified\":\"2025-03-20T08:51:01+00:00\",\"breadcrumb\":{\"@id\":\"https:\/\/www.prijedordanas.com\/?p=243528#breadcrumb\"},\"inLanguage\":\"en-US\",\"potentialAction\":[{\"@type\":\"ReadAction\",\"target\":[\"https:\/\/www.prijedordanas.com\/?p=243528\"]}]},{\"@type\":\"BreadcrumbList\",\"@id\":\"https:\/\/www.prijedordanas.com\/?p=243528#breadcrumb\",\"itemListElement\":[{\"@type\":\"ListItem\",\"position\":1,\"name\":\"Home\",\"item\":\"https:\/\/www.prijedordanas.com\/\"},{\"@type\":\"ListItem\",\"position\":2,\"name\":\"Osnovni sud: Centar za socijalni rad Prijedor vi\u0161estruko prekr\u0161io prava radnice\"}]},{\"@type\":\"WebSite\",\"@id\":\"https:\/\/www.prijedordanas.com\/#website\",\"url\":\"https:\/\/www.prijedordanas.com\/\",\"name\":\"PrijedorDanas.com - Prijedorski gradski portal\",\"description\":\"Portal o doga\u0111anjima u gradu Prijedoru\",\"publisher\":{\"@id\":\"https:\/\/www.prijedordanas.com\/#organization\"},\"potentialAction\":[{\"@type\":\"SearchAction\",\"target\":{\"@type\":\"EntryPoint\",\"urlTemplate\":\"https:\/\/www.prijedordanas.com\/?s={search_term_string}\"},\"query-input\":\"required name=search_term_string\"}],\"inLanguage\":\"en-US\"},{\"@type\":\"Organization\",\"@id\":\"https:\/\/www.prijedordanas.com\/#organization\",\"name\":\"PrijedorDanas.com\",\"url\":\"https:\/\/www.prijedordanas.com\/\",\"logo\":{\"@type\":\"ImageObject\",\"inLanguage\":\"en-US\",\"@id\":\"https:\/\/www.prijedordanas.com\/#\/schema\/logo\/image\/\",\"url\":\"http:\/\/www.prijedordanas.com\/wp-content\/uploads\/2021\/12\/logopng.png\",\"contentUrl\":\"http:\/\/www.prijedordanas.com\/wp-content\/uploads\/2021\/12\/logopng.png\",\"width\":1019,\"height\":776,\"caption\":\"PrijedorDanas.com\"},\"image\":{\"@id\":\"https:\/\/www.prijedordanas.com\/#\/schema\/logo\/image\/\"},\"sameAs\":[\"https:\/\/www.facebook.com\/PrijedorDanasCom\/\"]},{\"@type\":\"Person\",\"@id\":\"https:\/\/www.prijedordanas.com\/#\/schema\/person\/4e08ccf29b506ca916ff86d46bb700e6\",\"name\":\"admin\",\"image\":{\"@type\":\"ImageObject\",\"inLanguage\":\"en-US\",\"@id\":\"https:\/\/www.prijedordanas.com\/#\/schema\/person\/image\/\",\"url\":\"https:\/\/secure.gravatar.com\/avatar\/1d3fc949d550f0b53a5f0d51e06dfd79?s=96&d=mm&r=g\",\"contentUrl\":\"https:\/\/secure.gravatar.com\/avatar\/1d3fc949d550f0b53a5f0d51e06dfd79?s=96&d=mm&r=g\",\"caption\":\"admin\"},\"url\":\"https:\/\/www.prijedordanas.com\/?author=1\"}]}<\/script>\n<!-- \/ Yoast SEO plugin. -->","yoast_head_json":{"title":"Osnovni sud: Centar za socijalni rad Prijedor vi\u0161estruko prekr\u0161io prava radnice - PrijedorDanas.com - Prijedorski gradski portal","robots":{"index":"index","follow":"follow","max-snippet":"max-snippet:-1","max-image-preview":"max-image-preview:large","max-video-preview":"max-video-preview:-1"},"canonical":"https:\/\/www.prijedordanas.com\/?p=243528","og_locale":"en_US","og_type":"article","og_title":"Osnovni sud: Centar za socijalni rad Prijedor vi\u0161estruko prekr\u0161io prava radnice - PrijedorDanas.com - Prijedorski gradski portal","og_description":"Osnovni sud u Prijedoru u radnom sporu izme\u0111u biv\u0161e radnice Centra za socijalni rad Prijedor i poslodavca ustanovio je niz nezakonitosti i vi\u0161estruko kr\u0161enje triju zakona \u2013 o radu, o [&hellip;]","og_url":"https:\/\/www.prijedordanas.com\/?p=243528","og_site_name":"PrijedorDanas.com - Prijedorski gradski portal","article_publisher":"https:\/\/www.facebook.com\/PrijedorDanasCom\/","article_published_time":"2025-03-20T08:51:01+00:00","og_image":[{"url":"https:\/\/www.prijedordanas.com\/wp-content\/uploads\/2025\/03\/osnovni-sud-pd-mart2025-4-300x225.jpg"}],"author":"admin","twitter_card":"summary_large_image","twitter_misc":{"Written by":"admin","Est. reading time":"4 minutes"},"schema":{"@context":"https:\/\/schema.org","@graph":[{"@type":"Article","@id":"https:\/\/www.prijedordanas.com\/?p=243528#article","isPartOf":{"@id":"https:\/\/www.prijedordanas.com\/?p=243528"},"author":{"name":"admin","@id":"https:\/\/www.prijedordanas.com\/#\/schema\/person\/4e08ccf29b506ca916ff86d46bb700e6"},"headline":"Osnovni sud: Centar za socijalni rad Prijedor vi\u0161estruko prekr\u0161io prava radnice","datePublished":"2025-03-20T08:51:01+00:00","dateModified":"2025-03-20T08:51:01+00:00","mainEntityOfPage":{"@id":"https:\/\/www.prijedordanas.com\/?p=243528"},"wordCount":860,"publisher":{"@id":"https:\/\/www.prijedordanas.com\/#organization"},"articleSection":["Hronika"],"inLanguage":"en-US"},{"@type":"WebPage","@id":"https:\/\/www.prijedordanas.com\/?p=243528","url":"https:\/\/www.prijedordanas.com\/?p=243528","name":"Osnovni sud: Centar za socijalni rad Prijedor vi\u0161estruko prekr\u0161io prava radnice - PrijedorDanas.com - Prijedorski gradski portal","isPartOf":{"@id":"https:\/\/www.prijedordanas.com\/#website"},"datePublished":"2025-03-20T08:51:01+00:00","dateModified":"2025-03-20T08:51:01+00:00","breadcrumb":{"@id":"https:\/\/www.prijedordanas.com\/?p=243528#breadcrumb"},"inLanguage":"en-US","potentialAction":[{"@type":"ReadAction","target":["https:\/\/www.prijedordanas.com\/?p=243528"]}]},{"@type":"BreadcrumbList","@id":"https:\/\/www.prijedordanas.com\/?p=243528#breadcrumb","itemListElement":[{"@type":"ListItem","position":1,"name":"Home","item":"https:\/\/www.prijedordanas.com\/"},{"@type":"ListItem","position":2,"name":"Osnovni sud: Centar za socijalni rad Prijedor vi\u0161estruko prekr\u0161io prava radnice"}]},{"@type":"WebSite","@id":"https:\/\/www.prijedordanas.com\/#website","url":"https:\/\/www.prijedordanas.com\/","name":"PrijedorDanas.com - Prijedorski gradski portal","description":"Portal o doga\u0111anjima u gradu Prijedoru","publisher":{"@id":"https:\/\/www.prijedordanas.com\/#organization"},"potentialAction":[{"@type":"SearchAction","target":{"@type":"EntryPoint","urlTemplate":"https:\/\/www.prijedordanas.com\/?s={search_term_string}"},"query-input":"required name=search_term_string"}],"inLanguage":"en-US"},{"@type":"Organization","@id":"https:\/\/www.prijedordanas.com\/#organization","name":"PrijedorDanas.com","url":"https:\/\/www.prijedordanas.com\/","logo":{"@type":"ImageObject","inLanguage":"en-US","@id":"https:\/\/www.prijedordanas.com\/#\/schema\/logo\/image\/","url":"http:\/\/www.prijedordanas.com\/wp-content\/uploads\/2021\/12\/logopng.png","contentUrl":"http:\/\/www.prijedordanas.com\/wp-content\/uploads\/2021\/12\/logopng.png","width":1019,"height":776,"caption":"PrijedorDanas.com"},"image":{"@id":"https:\/\/www.prijedordanas.com\/#\/schema\/logo\/image\/"},"sameAs":["https:\/\/www.facebook.com\/PrijedorDanasCom\/"]},{"@type":"Person","@id":"https:\/\/www.prijedordanas.com\/#\/schema\/person\/4e08ccf29b506ca916ff86d46bb700e6","name":"admin","image":{"@type":"ImageObject","inLanguage":"en-US","@id":"https:\/\/www.prijedordanas.com\/#\/schema\/person\/image\/","url":"https:\/\/secure.gravatar.com\/avatar\/1d3fc949d550f0b53a5f0d51e06dfd79?s=96&d=mm&r=g","contentUrl":"https:\/\/secure.gravatar.com\/avatar\/1d3fc949d550f0b53a5f0d51e06dfd79?s=96&d=mm&r=g","caption":"admin"},"url":"https:\/\/www.prijedordanas.com\/?author=1"}]}},"_links":{"self":[{"href":"https:\/\/www.prijedordanas.com\/index.php?rest_route=\/wp\/v2\/posts\/243528"}],"collection":[{"href":"https:\/\/www.prijedordanas.com\/index.php?rest_route=\/wp\/v2\/posts"}],"about":[{"href":"https:\/\/www.prijedordanas.com\/index.php?rest_route=\/wp\/v2\/types\/post"}],"author":[{"embeddable":true,"href":"https:\/\/www.prijedordanas.com\/index.php?rest_route=\/wp\/v2\/users\/1"}],"replies":[{"embeddable":true,"href":"https:\/\/www.prijedordanas.com\/index.php?rest_route=%2Fwp%2Fv2%2Fcomments&post=243528"}],"version-history":[{"count":2,"href":"https:\/\/www.prijedordanas.com\/index.php?rest_route=\/wp\/v2\/posts\/243528\/revisions"}],"predecessor-version":[{"id":243531,"href":"https:\/\/www.prijedordanas.com\/index.php?rest_route=\/wp\/v2\/posts\/243528\/revisions\/243531"}],"wp:attachment":[{"href":"https:\/\/www.prijedordanas.com\/index.php?rest_route=%2Fwp%2Fv2%2Fmedia&parent=243528"}],"wp:term":[{"taxonomy":"category","embeddable":true,"href":"https:\/\/www.prijedordanas.com\/index.php?rest_route=%2Fwp%2Fv2%2Fcategories&post=243528"},{"taxonomy":"post_tag","embeddable":true,"href":"https:\/\/www.prijedordanas.com\/index.php?rest_route=%2Fwp%2Fv2%2Ftags&post=243528"}],"curies":[{"name":"wp","href":"https:\/\/api.w.org\/{rel}","templated":true}]}}